{"id":83074,"date":"2024-05-11T09:15:33","date_gmt":"2024-05-11T13:15:33","guid":{"rendered":"https:\/\/lasprimeras.com.do\/?p=83074"},"modified":"2024-05-11T09:15:34","modified_gmt":"2024-05-11T13:15:34","slug":"marileidy-paulino-gana-oro-en-los-juegos-olimpicos-con-metas-claras","status":"publish","type":"post","link":"https:\/\/lasprimeras.com.do\/index.php\/2024\/05\/11\/marileidy-paulino-gana-oro-en-los-juegos-olimpicos-con-metas-claras\/","title":{"rendered":"Marileidy Paulino gana oro en los Juegos Ol\u00edmpicos con metas claras"},"content":{"rendered":"\n<p>Santo Domingo.- La campeona mundial y medallista ol\u00edmpica en los 400 metros, Marileidy Paulino, tiene entre sus metas ganar oro en los Juegos Ol\u00edmpicos.<\/p>\n\n\n\n<p>Este viernes, el ministro de Deportes y Recreaci\u00f3n, Francisco Camacho, recibi\u00f3 la visita de Paulino quien le asegur\u00f3 que dar\u00e1 el m\u00e1ximo en los Juegos Ol\u00edmpicos de Par\u00eds.<\/p>\n\n\n\n<p>Paulino expres\u00f3 al funcionario el agradecimiento a la cartera que dirige por el apoyo que le ha brindado en sus recientes compromisos internacionales y el respaldo en su trayectoria que le ha permitido lograr importantes triunfos.<\/p>\n\n\n\n<p>La campeona mundial de los 400 metros planos estuvo acompa\u00f1ada de su entrenador, el cubano Yaseen P\u00e9rez, quien ha trabajado duro con la atleta para llevarla a la cima.<\/p>\n\n\n\n<p>Marileidy, la \u00fanica mujer multimedallista ol\u00edmpica y mundial de Rep\u00fablica Dominicana, tiene los ojos de los seguidores del atletismo puestos en ella porque se espera que tenga una destacada participaci\u00f3n como cabeza de la delegaci\u00f3n que viajar\u00e1 a la capital francesa del 26 de julio al 11 de agosto pr\u00f3ximo.<\/p>\n\n\n\n<p>Recientemente, la velocista dominicana tuvo una destacada participaci\u00f3n en la Liga Diamante, donde obtuvo el triunfo en Shangh\u00e1i con tiempo de 50.89 segundos y en Xiamen con 50.08. Dominando esas dos primeras pruebas celebradas en China.<\/p>\n","protected":false},"excerpt":{"rendered":"<p>Santo Domingo.- La campeona mundial y medallista ol\u00edmpica en los 400 metros, Marileidy Paulino, tiene entre sus metas ganar oro en los Juegos Ol\u00edmpicos. Este viernes, el ministro de Deportes&hellip;<\/p>\n","protected":false},"author":3,"featured_media":83075,"comment_status":"open","ping_status":"open","sticky":false,"template":"","format":"standard","meta":{"content-type":"","jetpack_post_was_ever_published":false,"_jetpack_newsletter_access":"","_jetpack_dont_email_post_to_subs":false,"_jetpack_newsletter_tier_id":0,"_jetpack_memberships_contains_paywalled_content":false,"_jetpack_memberships_contains_paid_content":false,"footnotes":""},"categories":[1],"tags":[3317],"class_list":["post-83074","post","type-post","status-publish","format-standard","has-post-thumbnail","hentry","category-sin-categoria","tag-marileidy-paulino"],"jetpack_featured_media_url":"https:\/\/lasprimeras.com.do\/wp-content\/uploads\/2024\/05\/Diseno-sin-titulo-1.webp","jetpack-related-posts":[{"id":87200,"url":"https:\/\/lasprimeras.com.do\/index.php\/2024\/08\/08\/la-favorita-paulino-va-por-el-oro-y-nuevo-record-en-final-400-metros-de-juegos-olimpicos\/","url_meta":{"origin":83074,"position":0},"title":"La favorita Paulino va por el oro y \u00bfnuevo r\u00e9cord? en final 400 metros de Juegos Ol\u00edmpicos","author":"Nelson Feliz","date":"8 de agosto de 2024","format":false,"excerpt":"PAR\u00cdS (AP) \u2014 Tras sus primeras presentaciones en la pista de Par\u00eds, bien vale preguntarse si para la velocista dominicana Marileidy Paulino la medalla de oro en los 400 metros es un medio para un objetivo mayor: tirar abajo las marcas de vieja data en esta especialidad. Sin exigir la\u2026","rel":"","context":"En \u00abSin categor\u00eda\u00bb","block_context":{"text":"Sin categor\u00eda","link":"https:\/\/lasprimeras.com.do\/index.php\/category\/sin-categoria\/"},"img":{"alt_text":"","src":"https:\/\/i0.wp.com\/lasprimeras.com.do\/wp-content\/uploads\/2024\/08\/Marileidy-Paulino-1.jpg?resize=350%2C200&ssl=1","width":350,"height":200,"srcset":"https:\/\/i0.wp.com\/lasprimeras.com.do\/wp-content\/uploads\/2024\/08\/Marileidy-Paulino-1.jpg?resize=350%2C200&ssl=1 1x, https:\/\/i0.wp.com\/lasprimeras.com.do\/wp-content\/uploads\/2024\/08\/Marileidy-Paulino-1.jpg?resize=525%2C300&ssl=1 1.5x, https:\/\/i0.wp.com\/lasprimeras.com.do\/wp-content\/uploads\/2024\/08\/Marileidy-Paulino-1.jpg?resize=700%2C400&ssl=1 2x"},"classes":[]},{"id":107653,"url":"https:\/\/lasprimeras.com.do\/index.php\/2025\/08\/28\/salwa-eid-naser-destrona-a-marileidy-paulino-en-los-400-metros-de-la-liga-diamante\/","url_meta":{"origin":83074,"position":1},"title":"Salwa Eid Naser destrona a Marileidy Paulino en los 400 metros de la Liga Diamante","author":"Nelson Feliz","date":"28 de agosto de 2025","format":false,"excerpt":"La velocista impuso su nivel en la gran final del circuito en Zurich. Salwa Eid Naser se convirti\u00f3 hoy en la campeona de la gran final de la Liga Diamante de los 400 metros al destronar la seguidilla de tres coronas obtenidas por la velocista Marileidy Paulino en este circuito.\u2026","rel":"","context":"En \u00abDEPORTES\u00bb","block_context":{"text":"DEPORTES","link":"https:\/\/lasprimeras.com.do\/index.php\/category\/deportes\/"},"img":{"alt_text":"","src":"https:\/\/i0.wp.com\/lasprimeras.com.do\/wp-content\/uploads\/2025\/08\/Salwa-Eid-Naser.jpg?resize=350%2C200&ssl=1","width":350,"height":200,"srcset":"https:\/\/i0.wp.com\/lasprimeras.com.do\/wp-content\/uploads\/2025\/08\/Salwa-Eid-Naser.jpg?resize=350%2C200&ssl=1 1x, https:\/\/i0.wp.com\/lasprimeras.com.do\/wp-content\/uploads\/2025\/08\/Salwa-Eid-Naser.jpg?resize=525%2C300&ssl=1 1.5x, https:\/\/i0.wp.com\/lasprimeras.com.do\/wp-content\/uploads\/2025\/08\/Salwa-Eid-Naser.jpg?resize=700%2C400&ssl=1 2x"},"classes":[]},{"id":87278,"url":"https:\/\/lasprimeras.com.do\/index.php\/2024\/08\/10\/marileidy-paulino-no-me-creo-poder-ser-campeona-olimpica\/","url_meta":{"origin":83074,"position":2},"title":"Marileidy Paulino: \u00abNo me creo poder ser campeona ol\u00edmpica\u00bb","author":"Nelson Feliz","date":"10 de agosto de 2024","format":false,"excerpt":"Par\u00eds, EFE.- Marileidy Paulino, que se proclam\u00f3 este viernes campeona de los 400 metros con r\u00e9cord ol\u00edmpico, se mostr\u00f3 \u00abfeliz\u00bb de lograr la \u00fanica medalla que le faltaba para completar el ciclo desde Tokio 2020 y dijo que no se cree que haya podido conquistar el oro en los Juegos\u2026","rel":"","context":"En \u00abSin categor\u00eda\u00bb","block_context":{"text":"Sin categor\u00eda","link":"https:\/\/lasprimeras.com.do\/index.php\/category\/sin-categoria\/"},"img":{"alt_text":"Marileidy Paulino","src":"https:\/\/i0.wp.com\/lasprimeras.com.do\/wp-content\/uploads\/2024\/08\/Marileidy-Paulino.jpeg?resize=350%2C200&ssl=1","width":350,"height":200,"srcset":"https:\/\/i0.wp.com\/lasprimeras.com.do\/wp-content\/uploads\/2024\/08\/Marileidy-Paulino.jpeg?resize=350%2C200&ssl=1 1x, https:\/\/i0.wp.com\/lasprimeras.com.do\/wp-content\/uploads\/2024\/08\/Marileidy-Paulino.jpeg?resize=525%2C300&ssl=1 1.5x, https:\/\/i0.wp.com\/lasprimeras.com.do\/wp-content\/uploads\/2024\/08\/Marileidy-Paulino.jpeg?resize=700%2C400&ssl=1 2x"},"classes":[]},{"id":101423,"url":"https:\/\/lasprimeras.com.do\/index.php\/2025\/06\/20\/marileidy-paulino-gana-los-400-metros-de-paris-en-la-liga-diamante\/","url_meta":{"origin":83074,"position":3},"title":"Marileidy Paulino gana los 400 metros de Par\u00eds en la Liga Diamante","author":"Nelson Feliz","date":"20 de junio de 2025","format":false,"excerpt":"Con el triunfo, la atleta quisqueyana extiende a cuatro sus victorias consecutivas su racha de \u00e9xitos cuando el circuito se corre en la capital francesa. La velocista dominicana Marileidy Paulino registr\u00f3 un tiempo de 48.81 para llevarse el primer lugar del encuentro atl\u00e9tico de Par\u00eds, en su primera presentaci\u00f3n del\u2026","rel":"","context":"En \u00abDEPORTES\u00bb","block_context":{"text":"DEPORTES","link":"https:\/\/lasprimeras.com.do\/index.php\/category\/deportes\/"},"img":{"alt_text":"","src":"https:\/\/i0.wp.com\/lasprimeras.com.do\/wp-content\/uploads\/2025\/06\/Marileydy-Paulino.jpg?resize=350%2C200&ssl=1","width":350,"height":200,"srcset":"https:\/\/i0.wp.com\/lasprimeras.com.do\/wp-content\/uploads\/2025\/06\/Marileydy-Paulino.jpg?resize=350%2C200&ssl=1 1x, https:\/\/i0.wp.com\/lasprimeras.com.do\/wp-content\/uploads\/2025\/06\/Marileydy-Paulino.jpg?resize=525%2C300&ssl=1 1.5x, https:\/\/i0.wp.com\/lasprimeras.com.do\/wp-content\/uploads\/2025\/06\/Marileydy-Paulino.jpg?resize=700%2C400&ssl=1 2x"},"classes":[]},{"id":52323,"url":"https:\/\/lasprimeras.com.do\/index.php\/2023\/06\/09\/marileidy-paulino-va-sin-miedo-ante-mclaughlin-levrone-en-paris\/","url_meta":{"origin":83074,"position":4},"title":"Marileidy Paulino va sin miedo ante McLaughlin-Levrone en Paris","author":"prenxa100","date":"9 de junio de 2023","format":false,"excerpt":"El Meeting de Par\u00eds este viernes 9 de junio promete puro espect\u00e1culo, con los mejores atletas del mundo participando en el Stade Charl\u00e9ty y la dominicana Marileidy Paulino es la primera a seguir en la gala. N\u00famero 1 en el ranking mundial de World Athletics en 400 metros desde hace\u2026","rel":"","context":"En \u00abSin categor\u00eda\u00bb","block_context":{"text":"Sin categor\u00eda","link":"https:\/\/lasprimeras.com.do\/index.php\/category\/sin-categoria\/"},"img":{"alt_text":"","src":"","width":0,"height":0},"classes":[]},{"id":109458,"url":"https:\/\/lasprimeras.com.do\/index.php\/2025\/09\/18\/marileidy-paulino-logra-plata-en-los-400-metros-del-mundial-con-record-nacional\/","url_meta":{"origin":83074,"position":5},"title":"Marileidy Paulino logra plata en los 400 metros del Mundial con r\u00e9cord nacional","author":"Nelson Feliz","date":"18 de septiembre de 2025","format":false,"excerpt":"Marileidy Paulino va por medalla en el Mundial de Atletismo de Jap\u00f3n. La velocista dominicana Marileidy Paulino conquist\u00f3 este jueves la medalla de plata en la final de los 400 metros planos del Mundial de Atletismo celebrado en Jap\u00f3n, al detener el cron\u00f3metro en 47.98 segundos, nuevo r\u00e9cord nacional para\u2026","rel":"","context":"En \u00abDEPORTES\u00bb","block_context":{"text":"DEPORTES","link":"https:\/\/lasprimeras.com.do\/index.php\/category\/deportes\/"},"img":{"alt_text":"","src":"https:\/\/i0.wp.com\/lasprimeras.com.do\/wp-content\/uploads\/2025\/09\/Marileidy-Paulino-1.jpg?resize=350%2C200&ssl=1","width":350,"height":200,"srcset":"https:\/\/i0.wp.com\/lasprimeras.com.do\/wp-content\/uploads\/2025\/09\/Marileidy-Paulino-1.jpg?resize=350%2C200&ssl=1 1x, https:\/\/i0.wp.com\/lasprimeras.com.do\/wp-content\/uploads\/2025\/09\/Marileidy-Paulino-1.jpg?resize=525%2C300&ssl=1 1.5x, https:\/\/i0.wp.com\/lasprimeras.com.do\/wp-content\/uploads\/2025\/09\/Marileidy-Paulino-1.jpg?resize=700%2C400&ssl=1 2x"},"classes":[]}],"jetpack_sharing_enabled":true,"_links":{"self":[{"href":"https:\/\/lasprimeras.com.do\/index.php\/wp-json\/wp\/v2\/posts\/83074","targetHints":{"allow":["GET"]}}],"collection":[{"href":"https:\/\/lasprimeras.com.do\/index.php\/wp-json\/wp\/v2\/posts"}],"about":[{"href":"https:\/\/lasprimeras.com.do\/index.php\/wp-json\/wp\/v2\/types\/post"}],"author":[{"embeddable":true,"href":"https:\/\/lasprimeras.com.do\/index.php\/wp-json\/wp\/v2\/users\/3"}],"replies":[{"embeddable":true,"href":"https:\/\/lasprimeras.com.do\/index.php\/wp-json\/wp\/v2\/comments?post=83074"}],"version-history":[{"count":1,"href":"https:\/\/lasprimeras.com.do\/index.php\/wp-json\/wp\/v2\/posts\/83074\/revisions"}],"predecessor-version":[{"id":83076,"href":"https:\/\/lasprimeras.com.do\/index.php\/wp-json\/wp\/v2\/posts\/83074\/revisions\/83076"}],"wp:featuredmedia":[{"embeddable":true,"href":"https:\/\/lasprimeras.com.do\/index.php\/wp-json\/wp\/v2\/media\/83075"}],"wp:attachment":[{"href":"https:\/\/lasprimeras.com.do\/index.php\/wp-json\/wp\/v2\/media?parent=83074"}],"wp:term":[{"taxonomy":"category","embeddable":true,"href":"https:\/\/lasprimeras.com.do\/index.php\/wp-json\/wp\/v2\/categories?post=83074"},{"taxonomy":"post_tag","embeddable":true,"href":"https:\/\/lasprimeras.com.do\/index.php\/wp-json\/wp\/v2\/tags?post=83074"}],"curies":[{"name":"wp","href":"https:\/\/api.w.org\/{rel}","templated":true}]}}