{"id":83078,"date":"2024-05-11T09:16:40","date_gmt":"2024-05-11T13:16:40","guid":{"rendered":"https:\/\/lasprimeras.com.do\/?p=83078"},"modified":"2024-05-11T09:16:40","modified_gmt":"2024-05-11T13:16:40","slug":"consejo-presidencial-de-transicion-de-haiti-adopta-una-presidencia-rotatoria","status":"publish","type":"post","link":"https:\/\/lasprimeras.com.do\/index.php\/2024\/05\/11\/consejo-presidencial-de-transicion-de-haiti-adopta-una-presidencia-rotatoria\/","title":{"rendered":"Consejo Presidencial de Transici\u00f3n de Hait\u00ed adopta una presidencia rotatoria"},"content":{"rendered":"\n<p>Puerto Pr\u00edncipe.- El Consejo Presidencial de Transici\u00f3n de Hait\u00ed, instalado el 26 de abril, anunci\u00f3 este viernes que la presidencia del ente ser\u00e1 rotativa y sus grandes decisiones se tomar\u00e1n por mayor\u00eda cualificada de sus miembros, de cinco sobre siete.<\/p>\n\n\n\n<p>Esta decisi\u00f3n se tom\u00f3 a la vista de la crisis que estall\u00f3 en el seno del Consejo el 30 de abril, entre el grupo mayoritario y el minoritario, tras el nombramiento del presidente del Consejo, Edgard Leblanc Fils; y el primer ministro Fritz B\u00e9lizaire, en sustituci\u00f3n de Ariel Henry, quien dimiti\u00f3 despu\u00e9s de que estallara la m\u00e1s reciente crisis en la naci\u00f3n caribe\u00f1a.<\/p>\n\n\n\n<p>La medida se adopt\u00f3 para evitar cualquier mal funcionamiento del Consejo, de acuerdo con una resoluci\u00f3n dada a conocer este viernes.<\/p>\n\n\n\n<p>Seg\u00fan el documento, el primer presidente del Consejo ser\u00e1 Edgard Leblanc Fils para el per\u00edodo comprendido entre el 7 de mayo y el 7 de octubre, mientras que el segundo ser\u00e1 Smith Augustin, quien ejercer\u00e1 del 7 de octubre pr\u00f3ximo al 7 de marzo de 2025.<\/p>\n\n\n\n<p>Seguir\u00e1 Leslie Voltaire, hasta el 7 de agosto de 2025, y el cuarto y \u00faltimo ser\u00e1 Louis Gerald Gilles, del 7 de agosto de ese mismo a\u00f1o al 7 de febrero de 2026.<\/p>\n\n\n\n<p>\u00abLa urgencia de actuar con rapidez y eficacia dentro de las limitaciones del periodo de transici\u00f3n de 21 meses\u00bb es \u00abun factor decisivo para el \u00e9xito de la misi\u00f3n confiada a cada consejero que asume colectivamente la funci\u00f3n presidencial de la Rep\u00fablica asignada al Consejo Presidencial de Transici\u00f3n\u00bb, reza el documento.<\/p>\n\n\n\n<p>Las grandes decisiones a las que se refiere esta resoluci\u00f3n son, entre otras, la elecci\u00f3n del primer ministro, la elecci\u00f3n de los miembros del Gobierno, los miembros del Consejo Electoral Provisional, los directores generales, los embajadores, los c\u00f3nsules y los comandantes de las fuerzas p\u00fablicas como la Polic\u00eda y el Ej\u00e9rcito.<\/p>\n\n\n\n<p>Esta instituci\u00f3n, que se enfrenta a importantes retos en un pa\u00eds sumido en una aguda crisis y en medio de la violencia de las poderosas bandas armadas, tiene que preparar el camino para la celebraci\u00f3n de comicios para el nombramiento de un nuevo presidente, a m\u00e1s tardar el 7 de febrero de 2026.<\/p>\n\n\n\n<p>Est\u00e1 previsto que el pr\u00f3ximo 26 de mayo empiece el despliegue de la fuerza multinacional para restaurar la seguridad de Hait\u00ed, liderada por Kenia.<\/p>\n","protected":false},"excerpt":{"rendered":"<p>Puerto Pr\u00edncipe.- El Consejo Presidencial de Transici\u00f3n de Hait\u00ed, instalado el 26 de abril, anunci\u00f3 este viernes que la presidencia del ente ser\u00e1 rotativa y sus grandes decisiones se tomar\u00e1n&hellip;<\/p>\n","protected":false},"author":3,"featured_media":83079,"comment_status":"open","ping_status":"open","sticky":false,"template":"","format":"standard","meta":{"content-type":"","jetpack_post_was_ever_published":false,"_jetpack_newsletter_access":"","_jetpack_dont_email_post_to_subs":false,"_jetpack_newsletter_tier_id":0,"_jetpack_memberships_contains_paywalled_content":false,"_jetpack_memberships_contains_paid_content":false,"footnotes":""},"categories":[1],"tags":[7448],"class_list":["post-83078","post","type-post","status-publish","format-standard","has-post-thumbnail","hentry","category-sin-categoria","tag-haiti-2"],"jetpack_featured_media_url":"https:\/\/lasprimeras.com.do\/wp-content\/uploads\/2024\/05\/Diseno-sin-titulo-3-1.webp","jetpack-related-posts":[{"id":82305,"url":"https:\/\/lasprimeras.com.do\/index.php\/2024\/05\/01\/consejo-de-transicion-de-haiti-trabajara-para-celebrar-elecciones-en-2026\/","url_meta":{"origin":83078,"position":0},"title":"Consejo de Transici\u00f3n de Hait\u00ed trabajar\u00e1 para celebrar elecciones en 2026","author":"BIMARY DE JES\u00daS Matos","date":"1 de mayo de 2024","format":false,"excerpt":"Hait\u00ed.-El presidente del Consejo Presidencial de Transici\u00f3n, Edgard Leblanc Fils, elegido este martes por la mayor\u00eda de los miembros, dijo en su primer discurso que ese \u00f3rgano trabajar\u00e1 para celebrar elecciones en el plazo previsto, a fin de que el pa\u00eds tenga un nuevo presidente el 7 de febrero de\u2026","rel":"","context":"En \u00abNACIONALES\u00bb","block_context":{"text":"NACIONALES","link":"https:\/\/lasprimeras.com.do\/index.php\/category\/nacionales\/"},"img":{"alt_text":"","src":"https:\/\/i0.wp.com\/lasprimeras.com.do\/wp-content\/uploads\/2024\/04\/6a0c8a05-4f4b-48f5-a1d9-1ad180753c4a-58.jpg?resize=350%2C200&ssl=1","width":350,"height":200},"classes":[]},{"id":80927,"url":"https:\/\/lasprimeras.com.do\/index.php\/2024\/04\/14\/el-consejo-presidencial-de-transicion-de-haiti-denuncia-mala-fe-del-gobierno\/","url_meta":{"origin":83078,"position":1},"title":"El Consejo Presidencial de Transici\u00f3n de Hait\u00ed denuncia &#8220;mala fe&#8221; del Gobierno","author":"Nelson Feliz","date":"14 de abril de 2024","format":false,"excerpt":"Puerto Pr\u00edncipe,EFE- Las estructuras, partidos y alianzas pol\u00edticas que cuentan con representantes en el Consejo Presidencial de Transici\u00f3n de Hait\u00ed denunciaron las presuntas maniobras del Gobierno del primer ministro, Ariel Henry, que pone obst\u00e1culos al Consejo para permanecer m\u00e1s tiempo en el poder. Estas organizaciones expresaron, a trav\u00e9s de un\u2026","rel":"","context":"En \u00abSin categor\u00eda\u00bb","block_context":{"text":"Sin categor\u00eda","link":"https:\/\/lasprimeras.com.do\/index.php\/category\/sin-categoria\/"},"img":{"alt_text":"Consejo Presidencial de Transici\u00f3n en Hait\u00ed","src":"https:\/\/i0.wp.com\/lasprimeras.com.do\/wp-content\/uploads\/2024\/04\/Consejo-Presidencial-de-Transicion-en-Haiti.jpg?resize=350%2C200&ssl=1","width":350,"height":200,"srcset":"https:\/\/i0.wp.com\/lasprimeras.com.do\/wp-content\/uploads\/2024\/04\/Consejo-Presidencial-de-Transicion-en-Haiti.jpg?resize=350%2C200&ssl=1 1x, https:\/\/i0.wp.com\/lasprimeras.com.do\/wp-content\/uploads\/2024\/04\/Consejo-Presidencial-de-Transicion-en-Haiti.jpg?resize=525%2C300&ssl=1 1.5x, https:\/\/i0.wp.com\/lasprimeras.com.do\/wp-content\/uploads\/2024\/04\/Consejo-Presidencial-de-Transicion-en-Haiti.jpg?resize=700%2C400&ssl=1 2x"},"classes":[]},{"id":120563,"url":"https:\/\/lasprimeras.com.do\/index.php\/2026\/01\/25\/ee-uu-revoca-visados-a-miembros-de-consejo-de-transicion-de-haiti-por-vinculos-criminales\/","url_meta":{"origin":83078,"position":2},"title":"EE. UU. revoca visados a miembros de Consejo de Transici\u00f3n de Hait\u00ed por v\u00ednculos criminales","author":"Nelson Feliz","date":"25 de enero de 2026","format":false,"excerpt":"Los afectados, seg\u00fan el Departamento de Estado, son dos miembros del CPT y sus familiares directos, c\u00f3nyuge e hijos Nueva York,EFE - El Departamento de Estado de Estados Unidos anunci\u00f3 este domingo la revocaci\u00f3n de visados a dos miembros del Consejo Presidencial de Transici\u00f3n (CPT) de Hait\u00ed, as\u00ed como a\u2026","rel":"","context":"En \u00abINTERNACIONALES\u00bb","block_context":{"text":"INTERNACIONALES","link":"https:\/\/lasprimeras.com.do\/index.php\/category\/sin-categoria\/internacionales\/"},"img":{"alt_text":"","src":"https:\/\/i0.wp.com\/lasprimeras.com.do\/wp-content\/uploads\/2026\/01\/Tommy-Pigott.jpg?resize=350%2C200&ssl=1","width":350,"height":200,"srcset":"https:\/\/i0.wp.com\/lasprimeras.com.do\/wp-content\/uploads\/2026\/01\/Tommy-Pigott.jpg?resize=350%2C200&ssl=1 1x, https:\/\/i0.wp.com\/lasprimeras.com.do\/wp-content\/uploads\/2026\/01\/Tommy-Pigott.jpg?resize=525%2C300&ssl=1 1.5x, https:\/\/i0.wp.com\/lasprimeras.com.do\/wp-content\/uploads\/2026\/01\/Tommy-Pigott.jpg?resize=700%2C400&ssl=1 2x"},"classes":[]},{"id":116710,"url":"https:\/\/lasprimeras.com.do\/index.php\/2025\/12\/03\/haiti-aprueba-ley-electoral-para-celebrar-comicios-generales-tras-casi-una-decada\/","url_meta":{"origin":83078,"position":3},"title":"Hait\u00ed aprueba ley electoral para celebrar comicios generales tras casi una d\u00e9cada","author":"Nelson Feliz","date":"3 de diciembre de 2025","format":false,"excerpt":"SAN JUAN, Puerto Rico (AP) \u2014 El consejo presidencial de transici\u00f3n de Hait\u00ed respald\u00f3 una ley electoral en el \u00faltimo paso hacia la celebraci\u00f3n de elecciones generales por primera vez en casi una d\u00e9cada. La aprobaci\u00f3n a finales del lunes significa que el gobierno finalmente puede publicar un calendario electoral\u2026","rel":"","context":"En \u00abINTERNACIONALES\u00bb","block_context":{"text":"INTERNACIONALES","link":"https:\/\/lasprimeras.com.do\/index.php\/category\/sin-categoria\/internacionales\/"},"img":{"alt_text":"","src":"https:\/\/i0.wp.com\/lasprimeras.com.do\/wp-content\/uploads\/2025\/12\/Marc-Marie-Yves-Mazile-y-Fritz-Alphonse-Jean.jpg?resize=350%2C200&ssl=1","width":350,"height":200,"srcset":"https:\/\/i0.wp.com\/lasprimeras.com.do\/wp-content\/uploads\/2025\/12\/Marc-Marie-Yves-Mazile-y-Fritz-Alphonse-Jean.jpg?resize=350%2C200&ssl=1 1x, https:\/\/i0.wp.com\/lasprimeras.com.do\/wp-content\/uploads\/2025\/12\/Marc-Marie-Yves-Mazile-y-Fritz-Alphonse-Jean.jpg?resize=525%2C300&ssl=1 1.5x, https:\/\/i0.wp.com\/lasprimeras.com.do\/wp-content\/uploads\/2025\/12\/Marc-Marie-Yves-Mazile-y-Fritz-Alphonse-Jean.jpg?resize=700%2C400&ssl=1 2x"},"classes":[]},{"id":78641,"url":"https:\/\/lasprimeras.com.do\/index.php\/2024\/03\/18\/consejo-presidencial-de-transicion-caricom-tiene-oficialmente-seis-nombres\/","url_meta":{"origin":83078,"position":4},"title":"Consejo Presidencial de Transici\u00f3n: Caricom tiene oficialmente seis nombres","author":"Nelson Feliz","date":"18 de marzo de 2024","format":false,"excerpt":"El sexto miembro es el exsenador Louis G\u00e9rald Gilles. Despu\u00e9s de varios d\u00edas de negociaciones, las diferentes ramas del Acuerdo del 21 de diciembre finalmente acordaron nombrar al exsenador Louis G\u00e9rald Gilles para el Consejo Presidencial de Transici\u00f3n de Hait\u00ed, inform\u00f3 el diario Le Nouvelliste. Seg\u00fan Le Nouvelliste, el nombre\u2026","rel":"","context":"En \u00abNACIONALES\u00bb","block_context":{"text":"NACIONALES","link":"https:\/\/lasprimeras.com.do\/index.php\/category\/nacionales\/"},"img":{"alt_text":"Caricom","src":"https:\/\/i0.wp.com\/lasprimeras.com.do\/wp-content\/uploads\/2024\/03\/Caricom.jpg?resize=350%2C200&ssl=1","width":350,"height":200,"srcset":"https:\/\/i0.wp.com\/lasprimeras.com.do\/wp-content\/uploads\/2024\/03\/Caricom.jpg?resize=350%2C200&ssl=1 1x, https:\/\/i0.wp.com\/lasprimeras.com.do\/wp-content\/uploads\/2024\/03\/Caricom.jpg?resize=525%2C300&ssl=1 1.5x, https:\/\/i0.wp.com\/lasprimeras.com.do\/wp-content\/uploads\/2024\/03\/Caricom.jpg?resize=700%2C400&ssl=1 2x"},"classes":[]},{"id":82073,"url":"https:\/\/lasprimeras.com.do\/index.php\/2024\/04\/28\/el-papa-anima-a-nueva-presidencia-de-haiti-a-trabajar-por-la-paz-y-la-estabilidad\/","url_meta":{"origin":83078,"position":5},"title":"El papa anima a nueva presidencia de Hait\u00ed a trabajar por la paz y la estabilidad","author":"Nelson Feliz","date":"28 de abril de 2024","format":false,"excerpt":"El nuevo Consejo Presidencial de Transici\u00f3n se instal\u00f3 el pasado jueves en el Palacio Nacional de Puerto Pr\u00edncipe en secreto. Ciudad del Vaticano, Roma, EFE.-.El papa Francisco anim\u00f3 este domingo al nuevo Consejo Presidencial de Transici\u00f3n de Hait\u00ed a trabajar para lograr la paz y la estabilidad en el pa\u00eds,\u2026","rel":"","context":"En \u00abSin categor\u00eda\u00bb","block_context":{"text":"Sin categor\u00eda","link":"https:\/\/lasprimeras.com.do\/index.php\/category\/sin-categoria\/"},"img":{"alt_text":"Papa Francisco","src":"https:\/\/i0.wp.com\/lasprimeras.com.do\/wp-content\/uploads\/2024\/04\/Papa-Francisco.jpeg?resize=350%2C200&ssl=1","width":350,"height":200,"srcset":"https:\/\/i0.wp.com\/lasprimeras.com.do\/wp-content\/uploads\/2024\/04\/Papa-Francisco.jpeg?resize=350%2C200&ssl=1 1x, https:\/\/i0.wp.com\/lasprimeras.com.do\/wp-content\/uploads\/2024\/04\/Papa-Francisco.jpeg?resize=525%2C300&ssl=1 1.5x, https:\/\/i0.wp.com\/lasprimeras.com.do\/wp-content\/uploads\/2024\/04\/Papa-Francisco.jpeg?resize=700%2C400&ssl=1 2x"},"classes":[]}],"jetpack_sharing_enabled":true,"_links":{"self":[{"href":"https:\/\/lasprimeras.com.do\/index.php\/wp-json\/wp\/v2\/posts\/83078","targetHints":{"allow":["GET"]}}],"collection":[{"href":"https:\/\/lasprimeras.com.do\/index.php\/wp-json\/wp\/v2\/posts"}],"about":[{"href":"https:\/\/lasprimeras.com.do\/index.php\/wp-json\/wp\/v2\/types\/post"}],"author":[{"embeddable":true,"href":"https:\/\/lasprimeras.com.do\/index.php\/wp-json\/wp\/v2\/users\/3"}],"replies":[{"embeddable":true,"href":"https:\/\/lasprimeras.com.do\/index.php\/wp-json\/wp\/v2\/comments?post=83078"}],"version-history":[{"count":1,"href":"https:\/\/lasprimeras.com.do\/index.php\/wp-json\/wp\/v2\/posts\/83078\/revisions"}],"predecessor-version":[{"id":83080,"href":"https:\/\/lasprimeras.com.do\/index.php\/wp-json\/wp\/v2\/posts\/83078\/revisions\/83080"}],"wp:featuredmedia":[{"embeddable":true,"href":"https:\/\/lasprimeras.com.do\/index.php\/wp-json\/wp\/v2\/media\/83079"}],"wp:attachment":[{"href":"https:\/\/lasprimeras.com.do\/index.php\/wp-json\/wp\/v2\/media?parent=83078"}],"wp:term":[{"taxonomy":"category","embeddable":true,"href":"https:\/\/lasprimeras.com.do\/index.php\/wp-json\/wp\/v2\/categories?post=83078"},{"taxonomy":"post_tag","embeddable":true,"href":"https:\/\/lasprimeras.com.do\/index.php\/wp-json\/wp\/v2\/tags?post=83078"}],"curies":[{"name":"wp","href":"https:\/\/api.w.org\/{rel}","templated":true}]}}