{"id":83081,"date":"2024-05-11T09:18:48","date_gmt":"2024-05-11T13:18:48","guid":{"rendered":"https:\/\/lasprimeras.com.do\/?p=83081"},"modified":"2024-05-11T09:18:50","modified_gmt":"2024-05-11T13:18:50","slug":"jce-avanza-detalles-finales-montaje-de-los-comicios-del-19","status":"publish","type":"post","link":"https:\/\/lasprimeras.com.do\/index.php\/2024\/05\/11\/jce-avanza-detalles-finales-montaje-de-los-comicios-del-19\/","title":{"rendered":"JCE avanza detalles finales montaje de los comicios del 19"},"content":{"rendered":"\n<p>Santo Domingo La .-Junta Central Electoral (JCE) concluy\u00f3 ayer la impresi\u00f3n de m\u00e1s de 24 millones de boletas que se utilizar\u00e1n en las votaciones del domingo 19 de mayo para la elecci\u00f3n de 264 cargos, incluidos la presidencia y vicepresidencia de la Rep\u00fablica.<\/p>\n\n\n\n<p>El \u00f3rgano electoral emiti\u00f3 tambi\u00e9n la resoluci\u00f3n 27\/2024 que autoriza a los partidos pol\u00edticos que presentaron candidatura presidencial para que acrediten un delegado de recinto electoral. La medida es aplicable a los locales que tengan uno y hasta dos colegios de votaci\u00f3n.<\/p>\n\n\n\n<p>Dicha medida establece que el proceso de acreditaci\u00f3n de esos delegados se har\u00e1 a trav\u00e9s de la JCE.<br>\u201cDispone que en los recintos electorales donde funcionar\u00e1n hasta un m\u00e1ximo de dos colegios electorales, el facilitador ejercer\u00e1 las funciones de coordinador de dichos recintos\u201d, puntualiza.<\/p>\n\n\n\n<p>Igualmente, instruy\u00f3 a la Direcci\u00f3n Nacional de Elecciones para que le d\u00e9 la capacitaci\u00f3n requerida a ese personal.<\/p>\n\n\n\n<p>El \u00f3rgano electoral instruy\u00f3 para que esa disposici\u00f3n reciba una amplia difusi\u00f3n en los organismos competentes, en los partidos pol\u00edticos y en la Polic\u00eda Militar Electoral para que tengan conocimiento de la medida.<\/p>\n\n\n\n<p>Igualmente, el pasado jueves la JCE aprob\u00f3 la resoluci\u00f3n 36\/2024 que establece un protocolo especial para la cadena de custodia de los materiales y equipos de votaci\u00f3n que se usar\u00e1n en las elecciones del 19 de este mes.<\/p>\n\n\n\n<p>En ese proceso, el pleno de la JCE responsabiliza a 12 departamentos del \u00f3rgano para que garanticen el cumplimiento de las medidas y establece que podr\u00e1 disponer de otras \u00e1reas en caso de lo que considere necesario.<\/p>\n\n\n\n<p>La resoluci\u00f3n tambi\u00e9n instituye que los partidos pol\u00edticos debidamente reconocidos pueden participar en la observaci\u00f3n de todo el proceso, pero que previamente deben acreditar a los delegados por los niveles de seguridad e integridad que amerita resguardar los materiales y equipos de las votaciones presidenciales y congresuales.<\/p>\n\n\n\n<p>La JCE tambi\u00e9n emiti\u00f3 la resoluci\u00f3n sobre el horario de votaci\u00f3n en el exterior. Las votaciones se iniciar\u00e1n a las 7:00 de la ma\u00f1ana y concluir\u00e1n a las 5:00 de la tarde en los pa\u00edses que conforman la circunscripci\u00f3n n\u00famero uno del exterior, estos son: Canad\u00e1, Puerto Rico, Chile, Curazao, San Mart\u00edn, Venezuela, Aruba, Bonaire, Islas V\u00edrgenes (USA y Brit\u00e1nicas), islas Turcas y Caicos, Antigua y Barbuda, Guadalupe, Anguila, Martinica, y Estados Unidos. En los \u00c1ngeles California y Las Vegas, el proceso se inicia a las 7:00 am y culmina las 4:00 pm, hora local de esos lugares.<\/p>\n\n\n\n<p>En los pa\u00edses de Europa que conforman la circunscripci\u00f3n 3 del exterior, el proceso de votaci\u00f3n debe comenzar a las 8:00 de la ma\u00f1ana, hora local de esas naciones, y cerrar\u00e1 las 6:00 pm.<\/p>\n\n\n\n<p>El horario de votaci\u00f3n que regir\u00e1 en los pa\u00edses de la circunscripci\u00f3n n\u00famero 2, que tienen una diferencia de una y dos horas con respecto a la Rep\u00fablica Dominicana, el proceso ser\u00e1 de 8:00 am a 6:00 pm. Estos son Uruguay, Argentina, Costa Rica, Panam\u00e1, Per\u00fa, Ciudad de M\u00e9xico, los colegios electorales est\u00e1n ubicados en las capitales de esos pa\u00edses.<\/p>\n","protected":false},"excerpt":{"rendered":"<p>Santo Domingo La .-Junta Central Electoral (JCE) concluy\u00f3 ayer la impresi\u00f3n de m\u00e1s de 24 millones de boletas que se utilizar\u00e1n en las votaciones del domingo 19 de mayo para&hellip;<\/p>\n","protected":false},"author":3,"featured_media":82225,"comment_status":"open","ping_status":"open","sticky":false,"template":"","format":"standard","meta":{"content-type":"","jetpack_post_was_ever_published":false,"_jetpack_newsletter_access":"","_jetpack_dont_email_post_to_subs":false,"_jetpack_newsletter_tier_id":0,"_jetpack_memberships_contains_paywalled_content":false,"_jetpack_memberships_contains_paid_content":false,"footnotes":""},"categories":[1],"tags":[183],"class_list":["post-83081","post","type-post","status-publish","format-standard","has-post-thumbnail","hentry","category-sin-categoria","tag-jce"],"jetpack_featured_media_url":"https:\/\/lasprimeras.com.do\/wp-content\/uploads\/2024\/04\/6a0c8a05-4f4b-48f5-a1d9-1ad180753c4a-19.webp","jetpack-related-posts":[{"id":80920,"url":"https:\/\/lasprimeras.com.do\/index.php\/2024\/04\/14\/jce-realiza-prueba-de-computo-electoral-en-compania-de-delegados-de-partidos\/","url_meta":{"origin":83081,"position":0},"title":"JCE realiza prueba de c\u00f3mputo electoral en compa\u00f1\u00eda de delegados de partidos\u00a0","author":"Nelson Feliz","date":"14 de abril de 2024","format":false,"excerpt":"Comprueban buen funcionamiento de los equipos EDET. La Junta Central Electoral (JCE) realiz\u00f3 este s\u00e1bado la primera prueba regional del c\u00f3mputo electoral de cara a las elecciones presidenciales y congresuales del pr\u00f3ximo 19 de mayo de 2024. En esta jornada se lograron instalar en el tiempo programado los equipos de\u2026","rel":"","context":"En \u00abNACIONALES\u00bb","block_context":{"text":"NACIONALES","link":"https:\/\/lasprimeras.com.do\/index.php\/category\/nacionales\/"},"img":{"alt_text":"JCE","src":"https:\/\/i0.wp.com\/lasprimeras.com.do\/wp-content\/uploads\/2024\/04\/Prueba-7-3.jpg?resize=350%2C200&ssl=1","width":350,"height":200,"srcset":"https:\/\/i0.wp.com\/lasprimeras.com.do\/wp-content\/uploads\/2024\/04\/Prueba-7-3.jpg?resize=350%2C200&ssl=1 1x, https:\/\/i0.wp.com\/lasprimeras.com.do\/wp-content\/uploads\/2024\/04\/Prueba-7-3.jpg?resize=525%2C300&ssl=1 1.5x, https:\/\/i0.wp.com\/lasprimeras.com.do\/wp-content\/uploads\/2024\/04\/Prueba-7-3.jpg?resize=700%2C400&ssl=1 2x"},"classes":[]},{"id":81051,"url":"https:\/\/lasprimeras.com.do\/index.php\/2024\/04\/16\/jce-realiza-primera-prueba-regional-del-computo-electoral-de-cara-a-elecciones-presidenciales-y-congresuales\/","url_meta":{"origin":83081,"position":1},"title":"JCE realiza primera prueba regional del c\u00f3mputo electoral de cara a elecciones presidenciales","author":"BIMARY DE JES\u00daS Matos","date":"16 de abril de 2024","format":false,"excerpt":"Santo Domingo, RD. - La Junta Central Electoral (JCE) realiz\u00f3 este s\u00e1bado la primera prueba regional del c\u00f3mputo electoral de cara a las elecciones presidenciales y congresuales del pr\u00f3ximo 19 de mayo de 2024. En esta jornada se lograron instalar en el tiempo programado los equipos de escaneo, digitaci\u00f3n, impresi\u00f3n\u2026","rel":"","context":"En \u00abSin categor\u00eda\u00bb","block_context":{"text":"Sin categor\u00eda","link":"https:\/\/lasprimeras.com.do\/index.php\/category\/sin-categoria\/"},"img":{"alt_text":"","src":"https:\/\/i0.wp.com\/lasprimeras.com.do\/wp-content\/uploads\/2024\/04\/IMG-20240416-WA0046.jpg?resize=350%2C200&ssl=1","width":350,"height":200,"srcset":"https:\/\/i0.wp.com\/lasprimeras.com.do\/wp-content\/uploads\/2024\/04\/IMG-20240416-WA0046.jpg?resize=350%2C200&ssl=1 1x, https:\/\/i0.wp.com\/lasprimeras.com.do\/wp-content\/uploads\/2024\/04\/IMG-20240416-WA0046.jpg?resize=525%2C300&ssl=1 1.5x, https:\/\/i0.wp.com\/lasprimeras.com.do\/wp-content\/uploads\/2024\/04\/IMG-20240416-WA0046.jpg?resize=700%2C400&ssl=1 2x, https:\/\/i0.wp.com\/lasprimeras.com.do\/wp-content\/uploads\/2024\/04\/IMG-20240416-WA0046.jpg?resize=1050%2C600&ssl=1 3x"},"classes":[]},{"id":83017,"url":"https:\/\/lasprimeras.com.do\/index.php\/2024\/05\/10\/pld-tiene-ya-preparada-documentacion-que-usaran-delegados-en-elecciones\/","url_meta":{"origin":83081,"position":2},"title":"PLD tiene ya preparada documentaci\u00f3n que usar\u00e1n delegados en elecciones","author":"BIMARY DE JES\u00daS Matos","date":"10 de mayo de 2024","format":false,"excerpt":"El Partido de la Liberaci\u00f3n Dominicana ultima la preparaci\u00f3n de materiales que usar\u00e1n sus delegados y suplentes en los Colegios Electorales. El Partido de la Liberaci\u00f3n Dominicana (PLD) est\u00e1 preparado para concluir el pr\u00f3ximo jueves 16 la entrega de los materiales que ser\u00e1n utilizados por los delegados y delegadas de\u2026","rel":"","context":"En \u00abSin categor\u00eda\u00bb","block_context":{"text":"Sin categor\u00eda","link":"https:\/\/lasprimeras.com.do\/index.php\/category\/sin-categoria\/"},"img":{"alt_text":"","src":"https:\/\/i0.wp.com\/lasprimeras.com.do\/wp-content\/uploads\/2024\/05\/6a0c8a05-4f4b-48f5-a1d9-1ad180753c4a-23.jpg?resize=350%2C200&ssl=1","width":350,"height":200,"srcset":"https:\/\/i0.wp.com\/lasprimeras.com.do\/wp-content\/uploads\/2024\/05\/6a0c8a05-4f4b-48f5-a1d9-1ad180753c4a-23.jpg?resize=350%2C200&ssl=1 1x, https:\/\/i0.wp.com\/lasprimeras.com.do\/wp-content\/uploads\/2024\/05\/6a0c8a05-4f4b-48f5-a1d9-1ad180753c4a-23.jpg?resize=525%2C300&ssl=1 1.5x, https:\/\/i0.wp.com\/lasprimeras.com.do\/wp-content\/uploads\/2024\/05\/6a0c8a05-4f4b-48f5-a1d9-1ad180753c4a-23.jpg?resize=700%2C400&ssl=1 2x, https:\/\/i0.wp.com\/lasprimeras.com.do\/wp-content\/uploads\/2024\/05\/6a0c8a05-4f4b-48f5-a1d9-1ad180753c4a-23.jpg?resize=1050%2C600&ssl=1 3x"},"classes":[]},{"id":77115,"url":"https:\/\/lasprimeras.com.do\/index.php\/2024\/02\/18\/jce-informa-cierre-oficial-para-las-votaciones-de-las-elecciones-municipales-es-a-las-500-p-m\/","url_meta":{"origin":83081,"position":3},"title":"JCE informa cierre oficial para las votaciones de las elecciones municipales es a las 5:00 p. m.","author":"Nelson Feliz","date":"18 de febrero de 2024","format":false,"excerpt":"La Junta Central Electoral (JCE) inform\u00f3 de manera oficial que el cierre de las votaciones de las elecciones municipales que se celebran este domingo es a las 05:00 de la tarde, tal como se hab\u00eda anunciado. El presidente de la JCE, Rom\u00e1n Andr\u00e9s J\u00e1quez Liranzo, en compa\u00f1\u00eda de los miembros\u2026","rel":"","context":"En \u00abNACIONALES\u00bb","block_context":{"text":"NACIONALES","link":"https:\/\/lasprimeras.com.do\/index.php\/category\/nacionales\/"},"img":{"alt_text":"Rom\u00e1n Andr\u00e9s J\u00e1quez Liranzo","src":"https:\/\/i0.wp.com\/lasprimeras.com.do\/wp-content\/uploads\/2024\/02\/Roman-Andres-Jaquez-Liranzo-3.jpg?resize=350%2C200&ssl=1","width":350,"height":200,"srcset":"https:\/\/i0.wp.com\/lasprimeras.com.do\/wp-content\/uploads\/2024\/02\/Roman-Andres-Jaquez-Liranzo-3.jpg?resize=350%2C200&ssl=1 1x, https:\/\/i0.wp.com\/lasprimeras.com.do\/wp-content\/uploads\/2024\/02\/Roman-Andres-Jaquez-Liranzo-3.jpg?resize=525%2C300&ssl=1 1.5x, https:\/\/i0.wp.com\/lasprimeras.com.do\/wp-content\/uploads\/2024\/02\/Roman-Andres-Jaquez-Liranzo-3.jpg?resize=700%2C400&ssl=1 2x"},"classes":[]},{"id":77105,"url":"https:\/\/lasprimeras.com.do\/index.php\/2024\/02\/18\/jce-deja-abierto-proceso-de-votacion-para-las-elecciones-municipales\/","url_meta":{"origin":83081,"position":4},"title":"JCE deja abierto proceso de votaci\u00f3n para las elecciones municipales","author":"Nelson Feliz","date":"18 de febrero de 2024","format":false,"excerpt":"Rom\u00e1n J\u00e1quez invita a ciudadan\u00eda a ejercer temprano el sagrado derecho de elegir. La Junta Central Electoral (JCE) dej\u00f3 abierto de manera oficial el proceso de votaci\u00f3n para las elecciones municipales de hoy domingo 18 de febrero, jornada en la que los dominicanos y dominicanas elegir\u00e1n desde las 07:00 de\u2026","rel":"","context":"En \u00abNACIONALES\u00bb","block_context":{"text":"NACIONALES","link":"https:\/\/lasprimeras.com.do\/index.php\/category\/nacionales\/"},"img":{"alt_text":"Rom\u00e1n Andr\u00e9s J\u00e1quez Liranzo","src":"https:\/\/i0.wp.com\/lasprimeras.com.do\/wp-content\/uploads\/2024\/02\/Roman-Andres-Jaquez-Liranzo-1-1.jpg?resize=350%2C200&ssl=1","width":350,"height":200,"srcset":"https:\/\/i0.wp.com\/lasprimeras.com.do\/wp-content\/uploads\/2024\/02\/Roman-Andres-Jaquez-Liranzo-1-1.jpg?resize=350%2C200&ssl=1 1x, https:\/\/i0.wp.com\/lasprimeras.com.do\/wp-content\/uploads\/2024\/02\/Roman-Andres-Jaquez-Liranzo-1-1.jpg?resize=525%2C300&ssl=1 1.5x, https:\/\/i0.wp.com\/lasprimeras.com.do\/wp-content\/uploads\/2024\/02\/Roman-Andres-Jaquez-Liranzo-1-1.jpg?resize=700%2C400&ssl=1 2x"},"classes":[]},{"id":74299,"url":"https:\/\/lasprimeras.com.do\/index.php\/2024\/01\/22\/jce-dice-realizo-con-exito-segunda-prueba-regional-de-computo-de-cara-a-las-municipales\/","url_meta":{"origin":83081,"position":5},"title":"JCE dice realiz\u00f3 con \u00e9xito segunda prueba regional de c\u00f3mputo de cara a las municipales","author":"BIMARY DE JES\u00daS Matos","date":"22 de enero de 2024","format":false,"excerpt":"Santo Domingo.-La Junta Central Electoral (JCE) realiz\u00f3 el s\u00e1bado de manera exitosa la segunda prueba regional al c\u00f3mputo electoral de cara a las pr\u00f3ximas elecciones municipales, constatando el buen funcionamiento de los dispositivos de escaneo, digitaci\u00f3n, impresi\u00f3n y transmisi\u00f3n de datos (EDET). La segunda prueba del c\u00f3mputo electoral comenz\u00f3 a\u2026","rel":"","context":"En \u00abSin categor\u00eda\u00bb","block_context":{"text":"Sin categor\u00eda","link":"https:\/\/lasprimeras.com.do\/index.php\/category\/sin-categoria\/"},"img":{"alt_text":"","src":"https:\/\/i0.wp.com\/lasprimeras.com.do\/wp-content\/uploads\/2024\/01\/Demostenes-Martinez-Al-PRM-le-queda-poco-tiempo-en-el-poder-2-2.jpg?resize=350%2C200&ssl=1","width":350,"height":200,"srcset":"https:\/\/i0.wp.com\/lasprimeras.com.do\/wp-content\/uploads\/2024\/01\/Demostenes-Martinez-Al-PRM-le-queda-poco-tiempo-en-el-poder-2-2.jpg?resize=350%2C200&ssl=1 1x, https:\/\/i0.wp.com\/lasprimeras.com.do\/wp-content\/uploads\/2024\/01\/Demostenes-Martinez-Al-PRM-le-queda-poco-tiempo-en-el-poder-2-2.jpg?resize=525%2C300&ssl=1 1.5x, https:\/\/i0.wp.com\/lasprimeras.com.do\/wp-content\/uploads\/2024\/01\/Demostenes-Martinez-Al-PRM-le-queda-poco-tiempo-en-el-poder-2-2.jpg?resize=700%2C400&ssl=1 2x"},"classes":[]}],"jetpack_sharing_enabled":true,"_links":{"self":[{"href":"https:\/\/lasprimeras.com.do\/index.php\/wp-json\/wp\/v2\/posts\/83081","targetHints":{"allow":["GET"]}}],"collection":[{"href":"https:\/\/lasprimeras.com.do\/index.php\/wp-json\/wp\/v2\/posts"}],"about":[{"href":"https:\/\/lasprimeras.com.do\/index.php\/wp-json\/wp\/v2\/types\/post"}],"author":[{"embeddable":true,"href":"https:\/\/lasprimeras.com.do\/index.php\/wp-json\/wp\/v2\/users\/3"}],"replies":[{"embeddable":true,"href":"https:\/\/lasprimeras.com.do\/index.php\/wp-json\/wp\/v2\/comments?post=83081"}],"version-history":[{"count":1,"href":"https:\/\/lasprimeras.com.do\/index.php\/wp-json\/wp\/v2\/posts\/83081\/revisions"}],"predecessor-version":[{"id":83082,"href":"https:\/\/lasprimeras.com.do\/index.php\/wp-json\/wp\/v2\/posts\/83081\/revisions\/83082"}],"wp:featuredmedia":[{"embeddable":true,"href":"https:\/\/lasprimeras.com.do\/index.php\/wp-json\/wp\/v2\/media\/82225"}],"wp:attachment":[{"href":"https:\/\/lasprimeras.com.do\/index.php\/wp-json\/wp\/v2\/media?parent=83081"}],"wp:term":[{"taxonomy":"category","embeddable":true,"href":"https:\/\/lasprimeras.com.do\/index.php\/wp-json\/wp\/v2\/categories?post=83081"},{"taxonomy":"post_tag","embeddable":true,"href":"https:\/\/lasprimeras.com.do\/index.php\/wp-json\/wp\/v2\/tags?post=83081"}],"curies":[{"name":"wp","href":"https:\/\/api.w.org\/{rel}","templated":true}]}}