{"id":83083,"date":"2024-05-11T09:21:21","date_gmt":"2024-05-11T13:21:21","guid":{"rendered":"https:\/\/lasprimeras.com.do\/?p=83083"},"modified":"2024-05-11T09:21:22","modified_gmt":"2024-05-11T13:21:22","slug":"gobierno-lleva-ayudas-a-familias-afectadas-por-lluvias","status":"publish","type":"post","link":"https:\/\/lasprimeras.com.do\/index.php\/2024\/05\/11\/gobierno-lleva-ayudas-a-familias-afectadas-por-lluvias\/","title":{"rendered":"Gobierno lleva ayudas a familias afectadas por lluvias"},"content":{"rendered":"\n<p>Saman\u00e1.- Las familias que resultaron afectas por las lluvias acaecidas el pasado fin de semana recibieron este viernes ayudas otorgadas por instituciones gubernamentales.<\/p>\n\n\n\n<p>El ministro administrativo de la Presidencia, Igor Rodr\u00edguez Dur\u00e1n, viaj\u00f3 este viernes a los municipios de Nagua e Imbert, y los distritos municipales Las Galeras y Veragua.<\/p>\n\n\n\n<p>Rodr\u00edguez dijo que el Plan de Asistencia Social de la Presidencia, Los Comedores Econ\u00f3micos y el Instituto de Estabilizaci\u00f3n de Precios (INESPRE) contin\u00faan distribuyendo raciones de alimentos a trav\u00e9s de los l\u00edderes comunitarios y religiosos quienes han encabezado los levantamientos.<\/p>\n\n\n\n<p>Tambi\u00e9n se han entregado camas, estufas, neveras a cientos de familias que lo perdieron todo a ra\u00edz de las inundaciones.<\/p>\n\n\n\n<p>\u201cNo vamos a parar de trabajar hasta ver la recuperaci\u00f3n total de las familias y otros sectores que han sufrido alg\u00fan da\u00f1o, el presidente Luis Abinader desea que los afectados puedan estar tranquilos porque tienen un gobierno que no les dejar\u00e1 solo\u201d, dijo Igor.<\/p>\n\n\n\n<p>\u201cEs importante resaltar el trabajo arduo de los miembros de la Defensa Civil, La Cruz Roja, Los Bomberos, Rescate \u00c1mbar en Puerto Plata, por ese primer acercamiento con la gente, y como manejan sus levantamientos, son meritorios de nuestro reconocimiento constante\u201d, agreg\u00f3.<\/p>\n\n\n\n<p>En el recorrido tambi\u00e9n estuvieron las gobernadoras Teodora Mullix Geraldino (Saman\u00e1), Juana Rosario de Candelier (Espaillat), Claritza Rochtte (Puerto Plata), y el director de proyectos del MAPRE, Johnny Gonz\u00e1lez.<\/p>\n","protected":false},"excerpt":{"rendered":"<p>Saman\u00e1.- Las familias que resultaron afectas por las lluvias acaecidas el pasado fin de semana recibieron este viernes ayudas otorgadas por instituciones gubernamentales. El ministro administrativo de la Presidencia, Igor&hellip;<\/p>\n","protected":false},"author":3,"featured_media":83084,"comment_status":"open","ping_status":"open","sticky":false,"template":"","format":"standard","meta":{"content-type":"","jetpack_post_was_ever_published":false,"_jetpack_newsletter_access":"","_jetpack_dont_email_post_to_subs":false,"_jetpack_newsletter_tier_id":0,"_jetpack_memberships_contains_paywalled_content":false,"_jetpack_memberships_contains_paid_content":false,"footnotes":""},"categories":[25],"tags":[171],"class_list":["post-83083","post","type-post","status-publish","format-standard","has-post-thumbnail","hentry","category-portada","tag-gobierno"],"jetpack_featured_media_url":"https:\/\/lasprimeras.com.do\/wp-content\/uploads\/2024\/05\/homicidio-exdirector-de-pn-impactado-por-muerte-a-tiros-de-su-tio-focus-min0.43-0.39-608-342.webp","jetpack-related-posts":[{"id":74478,"url":"https:\/\/lasprimeras.com.do\/index.php\/2024\/01\/23\/gobierno-entrega-raciones-y-enseres-a-familias-afectadas-por-lluvias-en-montecristi\/","url_meta":{"origin":83083,"position":0},"title":"Gobierno entrega raciones y enseres a familias afectadas por lluvias en Montecristi","author":"Nelson Feliz","date":"23 de enero de 2024","format":false,"excerpt":"472 casas fueron afectadas y m\u00e1s de 2,300 personas desplazadas en San Fernando de Montecristi. El ministro Administrativo de la Presidencia (interino), Igor Rodr\u00edguez Dur\u00e1n, visit\u00f3 la provincia de Montecristi para continuar con las ayudas a las familias afectadas por las presipitaciones del domingo y el lunes. El proceso se\u2026","rel":"","context":"En \u00abNACIONALES\u00bb","block_context":{"text":"NACIONALES","link":"https:\/\/lasprimeras.com.do\/index.php\/category\/nacionales\/"},"img":{"alt_text":"Igor Rodr\u00edguez","src":"https:\/\/i0.wp.com\/lasprimeras.com.do\/wp-content\/uploads\/2024\/01\/Igor-Rodriguez.jpg?resize=350%2C200&ssl=1","width":350,"height":200,"srcset":"https:\/\/i0.wp.com\/lasprimeras.com.do\/wp-content\/uploads\/2024\/01\/Igor-Rodriguez.jpg?resize=350%2C200&ssl=1 1x, https:\/\/i0.wp.com\/lasprimeras.com.do\/wp-content\/uploads\/2024\/01\/Igor-Rodriguez.jpg?resize=525%2C300&ssl=1 1.5x, https:\/\/i0.wp.com\/lasprimeras.com.do\/wp-content\/uploads\/2024\/01\/Igor-Rodriguez.jpg?resize=700%2C400&ssl=1 2x"},"classes":[]},{"id":81176,"url":"https:\/\/lasprimeras.com.do\/index.php\/2024\/04\/17\/gobierno-inicia-distribucion-de-ayudas-a-familias-afectadas-por-las-lluvias-en-samana-y-puerto-plata\/","url_meta":{"origin":83083,"position":1},"title":"Gobierno inicia distribuci\u00f3n de ayudas a familias afectadas por las lluvias en Saman\u00e1 y Puerto Plata","author":"BIMARY DE JES\u00daS Matos","date":"17 de abril de 2024","format":false,"excerpt":"Puerto Plata. - El Ministro Administrativo de la Presidencia, Igor Rodr\u00edguez Dur\u00e1n, visit\u00f3 este mi\u00e9rcoles las zonas afectadas en las provincias de Saman\u00e1 y Puerto Plata para iniciar a distribuir las ayudas a las familias afectadas por la vaguada que desde el pasado lunes ha generado cantidades extraordinarias de lluvia.\u2026","rel":"","context":"En \u00abNACIONALES\u00bb","block_context":{"text":"NACIONALES","link":"https:\/\/lasprimeras.com.do\/index.php\/category\/nacionales\/"},"img":{"alt_text":"","src":"https:\/\/i0.wp.com\/lasprimeras.com.do\/wp-content\/uploads\/2024\/04\/IMG-20240417-WA0029.jpg?resize=350%2C200&ssl=1","width":350,"height":200,"srcset":"https:\/\/i0.wp.com\/lasprimeras.com.do\/wp-content\/uploads\/2024\/04\/IMG-20240417-WA0029.jpg?resize=350%2C200&ssl=1 1x, https:\/\/i0.wp.com\/lasprimeras.com.do\/wp-content\/uploads\/2024\/04\/IMG-20240417-WA0029.jpg?resize=525%2C300&ssl=1 1.5x, https:\/\/i0.wp.com\/lasprimeras.com.do\/wp-content\/uploads\/2024\/04\/IMG-20240417-WA0029.jpg?resize=700%2C400&ssl=1 2x, https:\/\/i0.wp.com\/lasprimeras.com.do\/wp-content\/uploads\/2024\/04\/IMG-20240417-WA0029.jpg?resize=1050%2C600&ssl=1 3x, https:\/\/i0.wp.com\/lasprimeras.com.do\/wp-content\/uploads\/2024\/04\/IMG-20240417-WA0029.jpg?resize=1400%2C800&ssl=1 4x"},"classes":[]},{"id":82172,"url":"https:\/\/lasprimeras.com.do\/index.php\/2024\/04\/29\/gobierno-entrega-ayudas-a-afectados-por-las-lluvias-en-puerto-plata\/","url_meta":{"origin":83083,"position":2},"title":"Gobierno entrega ayudas a afectados por las lluvias en Puerto Plata","author":"Nelson Feliz","date":"29 de abril de 2024","format":false,"excerpt":"Junto a las autoridades locales visitaron los municipios Villa Montellano, Imbert y el distrito municipal Y\u00e1sica Arriba. El ministro administrativo de la Presidencia, Igor Rodr\u00edguez Dur\u00e1n, se encuentra en Puerto Plata desde ayer para hacer entrega de m\u00e1s ayudas a las familias afectadas por el paso de una vaguada sobre\u2026","rel":"","context":"En \u00abNACIONALES\u00bb","block_context":{"text":"NACIONALES","link":"https:\/\/lasprimeras.com.do\/index.php\/category\/nacionales\/"},"img":{"alt_text":"Igor Rodr\u00edguez Dur\u00e1n","src":"https:\/\/i0.wp.com\/lasprimeras.com.do\/wp-content\/uploads\/2024\/04\/ayudas.jpg?resize=350%2C200&ssl=1","width":350,"height":200,"srcset":"https:\/\/i0.wp.com\/lasprimeras.com.do\/wp-content\/uploads\/2024\/04\/ayudas.jpg?resize=350%2C200&ssl=1 1x, https:\/\/i0.wp.com\/lasprimeras.com.do\/wp-content\/uploads\/2024\/04\/ayudas.jpg?resize=525%2C300&ssl=1 1.5x"},"classes":[]},{"id":82893,"url":"https:\/\/lasprimeras.com.do\/index.php\/2024\/05\/08\/autoridades-visitaran-familias-afectadas-por-lluvias-en-varias-provincias-del-pais\/","url_meta":{"origin":83083,"position":3},"title":"Autoridades visitar\u00e1n familias afectadas por lluvias en varias provincias del pa\u00eds","author":"BIMARY DE JES\u00daS Matos","date":"8 de mayo de 2024","format":false,"excerpt":"Santo Domingo-. El ministro administrativo de la Presidencia, Igor Rodr\u00edguez, visitar\u00e1 en horas de la tarde de este mi\u00e9rcoles el Bajo Yuna, La Vega y Puerto Plata. El Plan de Asistencia Social de la Presidencia estar\u00e1 entregando raciones de alimentos, ser\u00e1n instaladas cocinas m\u00f3viles de los Comedores Econ\u00f3micos para los\u2026","rel":"","context":"En \u00abPORTADA\u00bb","block_context":{"text":"PORTADA","link":"https:\/\/lasprimeras.com.do\/index.php\/category\/portada\/"},"img":{"alt_text":"","src":"https:\/\/i0.wp.com\/lasprimeras.com.do\/wp-content\/uploads\/2024\/05\/Diseno-sin-titulo-3.webp?resize=350%2C200&ssl=1","width":350,"height":200,"srcset":"https:\/\/i0.wp.com\/lasprimeras.com.do\/wp-content\/uploads\/2024\/05\/Diseno-sin-titulo-3.webp?resize=350%2C200&ssl=1 1x, https:\/\/i0.wp.com\/lasprimeras.com.do\/wp-content\/uploads\/2024\/05\/Diseno-sin-titulo-3.webp?resize=525%2C300&ssl=1 1.5x, https:\/\/i0.wp.com\/lasprimeras.com.do\/wp-content\/uploads\/2024\/05\/Diseno-sin-titulo-3.webp?resize=700%2C400&ssl=1 2x"},"classes":[]},{"id":51832,"url":"https:\/\/lasprimeras.com.do\/index.php\/2023\/06\/04\/gobierno-acude-en-ayuda-de-familias-de-azua-neiba-y-jimani-afectadas-por-las-lluvias\/","url_meta":{"origin":83083,"position":4},"title":"Gobierno acude en ayuda de familias de Azua, Neiba y Jiman\u00ed afectadas por las lluvias","author":"prenxa100","date":"4 de junio de 2023","format":false,"excerpt":"Plan de Asistencia Social de la Presidencia y Comedores Econ\u00f3micos inician distribuci\u00f3n en diversas localidades. Por Wilson P\u00e9rez El ministro Administrativo de la Presidencia, Jos\u00e9 Ignacio Paliza, encabeza comisi\u00f3n enviada por el presidente Luis Abinader a las zonas afectadas por las lluvias en Azua, Neiba y Jiman\u00ed. Los aguaceros han\u2026","rel":"","context":"En \u00abNACIONALES\u00bb","block_context":{"text":"NACIONALES","link":"https:\/\/lasprimeras.com.do\/index.php\/category\/nacionales\/"},"img":{"alt_text":"","src":"","width":0,"height":0},"classes":[]},{"id":83892,"url":"https:\/\/lasprimeras.com.do\/index.php\/2024\/05\/27\/propeep-coordina-acciones-sociales-en-la-provincia-espaillat-tras-danos-por-fuertes-lluvias\/","url_meta":{"origin":83083,"position":5},"title":"Propeep coordina acciones sociales en la provincia Espaillat tras da\u00f1os por fuertes lluvias","author":"Nelson Feliz","date":"27 de mayo de 2024","format":false,"excerpt":"En la iniciativa participan el Ministerio de Agricultura, la oficina Senatorial, el Plan Social de la Presidencia, Sup\u00e9rate, Gobernaci\u00f3n Provincial, y las Alcald\u00edas. La Direcci\u00f3n General de Proyectos Estrat\u00e9gicos y Especiales de la Presidencia (Propeep) hizo un levantamiento preliminar, en la provincia Espaillat, a fin de identificar los da\u00f1os provocados\u2026","rel":"","context":"En \u00abNACIONALES\u00bb","block_context":{"text":"NACIONALES","link":"https:\/\/lasprimeras.com.do\/index.php\/category\/nacionales\/"},"img":{"alt_text":"Roberto \u00c1ngel Salcedo","src":"https:\/\/i0.wp.com\/lasprimeras.com.do\/wp-content\/uploads\/2024\/05\/Roberto-Angel-Salcedo-20.jpg?resize=350%2C200&ssl=1","width":350,"height":200,"srcset":"https:\/\/i0.wp.com\/lasprimeras.com.do\/wp-content\/uploads\/2024\/05\/Roberto-Angel-Salcedo-20.jpg?resize=350%2C200&ssl=1 1x, https:\/\/i0.wp.com\/lasprimeras.com.do\/wp-content\/uploads\/2024\/05\/Roberto-Angel-Salcedo-20.jpg?resize=525%2C300&ssl=1 1.5x, https:\/\/i0.wp.com\/lasprimeras.com.do\/wp-content\/uploads\/2024\/05\/Roberto-Angel-Salcedo-20.jpg?resize=700%2C400&ssl=1 2x"},"classes":[]}],"jetpack_sharing_enabled":true,"_links":{"self":[{"href":"https:\/\/lasprimeras.com.do\/index.php\/wp-json\/wp\/v2\/posts\/83083","targetHints":{"allow":["GET"]}}],"collection":[{"href":"https:\/\/lasprimeras.com.do\/index.php\/wp-json\/wp\/v2\/posts"}],"about":[{"href":"https:\/\/lasprimeras.com.do\/index.php\/wp-json\/wp\/v2\/types\/post"}],"author":[{"embeddable":true,"href":"https:\/\/lasprimeras.com.do\/index.php\/wp-json\/wp\/v2\/users\/3"}],"replies":[{"embeddable":true,"href":"https:\/\/lasprimeras.com.do\/index.php\/wp-json\/wp\/v2\/comments?post=83083"}],"version-history":[{"count":1,"href":"https:\/\/lasprimeras.com.do\/index.php\/wp-json\/wp\/v2\/posts\/83083\/revisions"}],"predecessor-version":[{"id":83085,"href":"https:\/\/lasprimeras.com.do\/index.php\/wp-json\/wp\/v2\/posts\/83083\/revisions\/83085"}],"wp:featuredmedia":[{"embeddable":true,"href":"https:\/\/lasprimeras.com.do\/index.php\/wp-json\/wp\/v2\/media\/83084"}],"wp:attachment":[{"href":"https:\/\/lasprimeras.com.do\/index.php\/wp-json\/wp\/v2\/media?parent=83083"}],"wp:term":[{"taxonomy":"category","embeddable":true,"href":"https:\/\/lasprimeras.com.do\/index.php\/wp-json\/wp\/v2\/categories?post=83083"},{"taxonomy":"post_tag","embeddable":true,"href":"https:\/\/lasprimeras.com.do\/index.php\/wp-json\/wp\/v2\/tags?post=83083"}],"curies":[{"name":"wp","href":"https:\/\/api.w.org\/{rel}","templated":true}]}}