{"id":83090,"date":"2024-05-11T14:44:19","date_gmt":"2024-05-11T18:44:19","guid":{"rendered":"https:\/\/lasprimeras.com.do\/?p=83090"},"modified":"2024-05-11T14:44:20","modified_gmt":"2024-05-11T18:44:20","slug":"codobio-insta-al-presidente-luis-abinader-a-solucionar-sus-demandas","status":"publish","type":"post","link":"https:\/\/lasprimeras.com.do\/index.php\/2024\/05\/11\/codobio-insta-al-presidente-luis-abinader-a-solucionar-sus-demandas\/","title":{"rendered":"CODOBIO insta al presidente Luis Abinader a solucionar sus demandas"},"content":{"rendered":"\n<p><strong>Dentro de sus reclamos se incluye un aumento salarial del 100% en el sector p\u00fablico, provisi\u00f3n de seguros m\u00e9dicos para las pensionadas, as\u00ed como garantizar pensiones dignas con incentivos y un incremento salarial en el sector privado, entre otras reivindicaciones.<\/strong><\/p>\n\n\n\n<p>La presidenta del Colegio Dominicano de Bioanalistas (CODOBIO) solicit\u00f3 la intervenci\u00f3n del presidente de la Rep\u00fablica con el prop\u00f3sito de atender un conjunto de pretensiones destinadas a mejorar las condiciones de su gremio.<\/p>\n\n\n\n<p>Mar\u00eda Esther Santos indic\u00f3 que &#8220;nuevamente llamamos la al &nbsp;presidente de la Rep\u00fablica, Lic. Luis Abinader, para que nos reciba y preste atenci\u00f3n a las justas reivindicaciones que solicitamos y merecemos, con el fin de que nos responda con soluciones que beneficien a nuestra clase profesional&#8221;, durante un encuentro realizado en la sede de la entidad, con la participaci\u00f3n de su Consejo Directivo.<\/p>\n\n\n\n<p>En su discurso, Santos resalt\u00f3 una serie de demandas cruciales para el gremio de bioanalistas. Entre estas, destac\u00f3 la solicitud de un aumento salarial del 100% en el sector p\u00fablico y la provisi\u00f3n de seguros m\u00e9dicos para las pensionadas. Adem\u00e1s, hizo \u00e9nfasis en la necesidad de garantizar pensiones dignas con incentivos y un incremento salarial en el sector privado.<\/p>\n\n\n\n<p>Tambi\u00e9n subray\u00f3 la importancia de medidas como la implementaci\u00f3n autom\u00e1tica de incentivos, la creaci\u00f3n de nuevas plazas laborales y la reclasificaci\u00f3n de puestos.<\/p>\n\n\n\n<p>Asimismo, abog\u00f3 por la aplicaci\u00f3n del salario 14, el reconocimiento de maestr\u00edas y especialidades, as\u00ed como el acceso a viviendas dignas para los profesionales del sector.<\/p>\n\n\n\n<p>Finalmente, calific\u00f3 como relevante cada una de las labores desempe\u00f1adas por los profesionales de los laboratorios cl\u00ednicos dentro del equipo de salud, tanto en entornos p\u00fablicos como privados, y conf\u00eda en que sus demandas sean consideradas con la debida atenci\u00f3n y diligencia.<\/p>\n\n\n\n<p>A continuaci\u00f3n, se detallan las reivindicaciones completas solicitadas por el gremio al presidente Luis Abinader:<\/p>\n\n\n\n<p>1. Un incremento salarial del 100% para las bioanalistas que trabajan en el sector p\u00fablico, descentralizado, patronatos y ONG.<\/p>\n\n\n\n<p>2. Ajuste salarial y revisi\u00f3n del apartado correspondiente para las bioanalistas pensionadas, cuyos salarios oscilan entre 8,000 y 15,000 pesos mensuales, adem\u00e1s de un seguro m\u00e9dico adecuado.<\/p>\n\n\n\n<p>3. Garantizar pensiones dignas al 100%, con incentivos por antig\u00fcedad y unificaci\u00f3n de categor\u00edas laborales.<\/p>\n\n\n\n<p>4. Establecer aumentos y ajustes salariales para las bioanalistas que laboran en el sector privado.<\/p>\n\n\n\n<p>5. Automatizar la aplicaci\u00f3n de incentivos por tiempo de servicio, distancia y frontera, derechos adquiridos que a\u00fan no se implementan de manera autom\u00e1tica.<\/p>\n\n\n\n<p>6. Realizar nuevos nombramientos para bioanalistas.&nbsp;&nbsp;&nbsp;&nbsp;<\/p>\n\n\n\n<p>7. Continuar con los procesos de reclasificaci\u00f3n de puestos y cambios de designaci\u00f3n.<\/p>\n\n\n\n<p>8. Implementar el salario 14.<\/p>\n\n\n\n<p>9. Reconocer maestr\u00edas y especialidades para las bioanalistas.<\/p>\n\n\n\n<p>10. Incluir a las bioanalistas en los proyectos habitacionales.<\/p>\n","protected":false},"excerpt":{"rendered":"<p>Dentro de sus reclamos se incluye un aumento salarial del 100% en el sector p\u00fablico, provisi\u00f3n de seguros m\u00e9dicos para las pensionadas, as\u00ed como garantizar pensiones dignas con incentivos y&hellip;<\/p>\n","protected":false},"author":2,"featured_media":83091,"comment_status":"open","ping_status":"open","sticky":false,"template":"","format":"standard","meta":{"content-type":"","jetpack_post_was_ever_published":false,"_jetpack_newsletter_access":"","_jetpack_dont_email_post_to_subs":false,"_jetpack_newsletter_tier_id":0,"_jetpack_memberships_contains_paywalled_content":false,"_jetpack_memberships_contains_paid_content":false,"footnotes":""},"categories":[1],"tags":[12884,12882,1305,1914,364,67,12883],"class_list":["post-83090","post","type-post","status-publish","format-standard","has-post-thumbnail","hentry","category-sin-categoria","tag-bioanalistas","tag-codobio","tag-colegio","tag-demandas","tag-dominicano","tag-luis-abinader","tag-solucionar"],"jetpack_featured_media_url":"https:\/\/lasprimeras.com.do\/wp-content\/uploads\/2024\/05\/Maria-Esther-Santos.jpg","jetpack-related-posts":[{"id":87488,"url":"https:\/\/lasprimeras.com.do\/index.php\/2024\/08\/12\/enfermeras-y-bioanalistas-protestan-por-mejores-condiciones-laborales-en-cabral\/","url_meta":{"origin":83090,"position":0},"title":"Enfermeras y bioanalistas protestan por mejores condiciones laborales en Cabral","author":"Nelson Feliz","date":"12 de agosto de 2024","format":false,"excerpt":"Enfermeras y bioanalistas del hospital municipal de Cabral se manifestaron frente a las instalaciones del centro de salud para exigir mejoras en sus condiciones laborales y garantizar una atenci\u00f3n de calidad a la poblaci\u00f3n. La protesta, convocada por la Uni\u00f3n Nacional de Servicios de Enfermer\u00eda (UNASE-CASC) y el Colegio Dominicano\u2026","rel":"","context":"En \u00abPORTADA\u00bb","block_context":{"text":"PORTADA","link":"https:\/\/lasprimeras.com.do\/index.php\/category\/portada\/"},"img":{"alt_text":"Enfermeras y bioanalistas","src":"https:\/\/i0.wp.com\/lasprimeras.com.do\/wp-content\/uploads\/2024\/08\/Enfermeras-y-bioanalistas-1.jpg?resize=350%2C200&ssl=1","width":350,"height":200,"srcset":"https:\/\/i0.wp.com\/lasprimeras.com.do\/wp-content\/uploads\/2024\/08\/Enfermeras-y-bioanalistas-1.jpg?resize=350%2C200&ssl=1 1x, https:\/\/i0.wp.com\/lasprimeras.com.do\/wp-content\/uploads\/2024\/08\/Enfermeras-y-bioanalistas-1.jpg?resize=525%2C300&ssl=1 1.5x, https:\/\/i0.wp.com\/lasprimeras.com.do\/wp-content\/uploads\/2024\/08\/Enfermeras-y-bioanalistas-1.jpg?resize=700%2C400&ssl=1 2x"},"classes":[]},{"id":79357,"url":"https:\/\/lasprimeras.com.do\/index.php\/2024\/03\/26\/gremios-de-enfermeria-demandan-al-gobierno-por-incumplimiento-de-promesas\/","url_meta":{"origin":83090,"position":1},"title":"Gremios de enfermer\u00eda demandan al gobierno por incumplimiento de promesas","author":"BIMARY DE JES\u00daS Matos","date":"26 de marzo de 2024","format":false,"excerpt":"Martin Restituyo Santo Domingo.- Los principales gremios de enfermer\u00eda del pa\u00eds han levantado su voz exigiendo al presidente de la Rep\u00fablica, Luis Abinader, el cumplimiento de una serie de reivindicaciones, que van desde un aumento salarial hasta facilidades para la adquisici\u00f3n de viviendas. Las entidades que agrupan a enfermeras y\u2026","rel":"","context":"En \u00abPORTADA\u00bb","block_context":{"text":"PORTADA","link":"https:\/\/lasprimeras.com.do\/index.php\/category\/portada\/"},"img":{"alt_text":"","src":"https:\/\/i0.wp.com\/lasprimeras.com.do\/wp-content\/uploads\/2024\/03\/IMG-20240326-WA0012.jpg?resize=350%2C200&ssl=1","width":350,"height":200,"srcset":"https:\/\/i0.wp.com\/lasprimeras.com.do\/wp-content\/uploads\/2024\/03\/IMG-20240326-WA0012.jpg?resize=350%2C200&ssl=1 1x, https:\/\/i0.wp.com\/lasprimeras.com.do\/wp-content\/uploads\/2024\/03\/IMG-20240326-WA0012.jpg?resize=525%2C300&ssl=1 1.5x, https:\/\/i0.wp.com\/lasprimeras.com.do\/wp-content\/uploads\/2024\/03\/IMG-20240326-WA0012.jpg?resize=700%2C400&ssl=1 2x, https:\/\/i0.wp.com\/lasprimeras.com.do\/wp-content\/uploads\/2024\/03\/IMG-20240326-WA0012.jpg?resize=1050%2C600&ssl=1 3x, https:\/\/i0.wp.com\/lasprimeras.com.do\/wp-content\/uploads\/2024\/03\/IMG-20240326-WA0012.jpg?resize=1400%2C800&ssl=1 4x"},"classes":[]},{"id":120591,"url":"https:\/\/lasprimeras.com.do\/index.php\/2026\/01\/26\/cmd-preocupado-por-falta-del-aumento-salarial-para-la-mayoria-de-los-medicos-pensionados\/","url_meta":{"origin":83090,"position":2},"title":"CMD preocupado por falta del aumento salarial para la mayor\u00eda de los m\u00e9dicos pensionados","author":"Nelson Feliz","date":"26 de enero de 2026","format":false,"excerpt":"Dr. Luis Pe\u00f1a N\u00fa\u00f1ez","rel":"","context":"En \u00abECONOM\u00cdA\u00bb","block_context":{"text":"ECONOM\u00cdA","link":"https:\/\/lasprimeras.com.do\/index.php\/category\/economia\/"},"img":{"alt_text":"Dr. Luis Pe\u00f1a N\u00fa\u00f1ez","src":"https:\/\/i0.wp.com\/lasprimeras.com.do\/wp-content\/uploads\/2026\/01\/Dr.-Luis-Pena-Nunez.jpg?resize=350%2C200&ssl=1","width":350,"height":200,"srcset":"https:\/\/i0.wp.com\/lasprimeras.com.do\/wp-content\/uploads\/2026\/01\/Dr.-Luis-Pena-Nunez.jpg?resize=350%2C200&ssl=1 1x, https:\/\/i0.wp.com\/lasprimeras.com.do\/wp-content\/uploads\/2026\/01\/Dr.-Luis-Pena-Nunez.jpg?resize=525%2C300&ssl=1 1.5x, https:\/\/i0.wp.com\/lasprimeras.com.do\/wp-content\/uploads\/2026\/01\/Dr.-Luis-Pena-Nunez.jpg?resize=700%2C400&ssl=1 2x"},"classes":[]},{"id":111876,"url":"https:\/\/lasprimeras.com.do\/index.php\/2025\/10\/14\/anpa-pospone-paro-de-labores-tras-intervencion-del-expresidente-hipolito-mejia\/","url_meta":{"origin":83090,"position":3},"title":"ANPA pospone paro de labores tras intervenci\u00f3n del expresidente Hip\u00f3lito Mej\u00eda","author":"Nelson Feliz","date":"14 de octubre de 2025","format":false,"excerpt":"La Asociaci\u00f3n Nacional de Profesionales Agropecuarios (ANPA) inform\u00f3 hoy que ten\u00eda previsto anunciar un paro nacional de labores por 48 horas en todo el sector agropecuario, sin embargo, el anuncio ha sido pospuesto luego de que el expresidente de la Rep\u00fablica, ingeniero Hip\u00f3lito Mej\u00eda, aceptara la solicitud de la ANPA\u2026","rel":"","context":"En \u00abNACIONALES\u00bb","block_context":{"text":"NACIONALES","link":"https:\/\/lasprimeras.com.do\/index.php\/category\/nacionales\/"},"img":{"alt_text":"","src":"https:\/\/i0.wp.com\/lasprimeras.com.do\/wp-content\/uploads\/2025\/10\/Victor-Hugo-Tito-Hernandez.jpg?resize=350%2C200&ssl=1","width":350,"height":200,"srcset":"https:\/\/i0.wp.com\/lasprimeras.com.do\/wp-content\/uploads\/2025\/10\/Victor-Hugo-Tito-Hernandez.jpg?resize=350%2C200&ssl=1 1x, https:\/\/i0.wp.com\/lasprimeras.com.do\/wp-content\/uploads\/2025\/10\/Victor-Hugo-Tito-Hernandez.jpg?resize=525%2C300&ssl=1 1.5x, https:\/\/i0.wp.com\/lasprimeras.com.do\/wp-content\/uploads\/2025\/10\/Victor-Hugo-Tito-Hernandez.jpg?resize=700%2C400&ssl=1 2x"},"classes":[]},{"id":91195,"url":"https:\/\/lasprimeras.com.do\/index.php\/2024\/11\/13\/cmd-no-logra-acuerdo-con-abinader-no-descartan-llamado-a-paro\/","url_meta":{"origin":83090,"position":4},"title":"CMD no logra acuerdo con Abinader; no descartan llamado a paro","author":"Nelson Feliz","date":"13 de noviembre de 2024","format":false,"excerpt":"El presidente del Colegio M\u00e9dico Dominicano (CMD) Waldo Ariel Suero, inform\u00f3 que ese entidad y el Gobierno no llegaron a un acuerdo con relaci\u00f3n a su propuesta de aumento salarial de un 70 % a los m\u00e9dicos pensionados del SNS, MSP, Conape, Hospitales de Autogesti\u00f3n, 911, Legistas, Administrativos, entre otros.\u2026","rel":"","context":"En \u00abNACIONALES\u00bb","block_context":{"text":"NACIONALES","link":"https:\/\/lasprimeras.com.do\/index.php\/category\/nacionales\/"},"img":{"alt_text":"Waldo Ariel Suero","src":"https:\/\/i0.wp.com\/lasprimeras.com.do\/wp-content\/uploads\/2024\/06\/Waldo-Ariel-Suero-1-1.jpg?resize=350%2C200&ssl=1","width":350,"height":200,"srcset":"https:\/\/i0.wp.com\/lasprimeras.com.do\/wp-content\/uploads\/2024\/06\/Waldo-Ariel-Suero-1-1.jpg?resize=350%2C200&ssl=1 1x, https:\/\/i0.wp.com\/lasprimeras.com.do\/wp-content\/uploads\/2024\/06\/Waldo-Ariel-Suero-1-1.jpg?resize=525%2C300&ssl=1 1.5x"},"classes":[]},{"id":91149,"url":"https:\/\/lasprimeras.com.do\/index.php\/2024\/11\/10\/gremios-de-enfermeria-convocan-paro-de-48-horas-para-demandar-reivindicaciones-laborales\/","url_meta":{"origin":83090,"position":5},"title":"Gremios de enfermer\u00eda convocan paro de 48 horas para demandar reivindicaciones laborales","author":"Nelson Feliz","date":"10 de noviembre de 2024","format":false,"excerpt":"Los principales gremios de enfermer\u00eda del pa\u00eds iniciaron este martes un paro de labores por 48 horas, con el objetivo de exigir respuestas satisfactorias por parte de las autoridades, luego de m\u00e1s de tres a\u00f1os de di\u00e1logo sin avances concretos en sus principales demandas. Afirman que, pese a los esfuerzos\u2026","rel":"","context":"En \u00abSin categor\u00eda\u00bb","block_context":{"text":"Sin categor\u00eda","link":"https:\/\/lasprimeras.com.do\/index.php\/category\/sin-categoria\/"},"img":{"alt_text":"","src":"https:\/\/i0.wp.com\/lasprimeras.com.do\/wp-content\/uploads\/2024\/11\/LOGO-NUEVO-DE-LA-UNASED-jpg-514x525-1.jpg?resize=350%2C200&ssl=1","width":350,"height":200},"classes":[]}],"jetpack_sharing_enabled":true,"_links":{"self":[{"href":"https:\/\/lasprimeras.com.do\/index.php\/wp-json\/wp\/v2\/posts\/83090","targetHints":{"allow":["GET"]}}],"collection":[{"href":"https:\/\/lasprimeras.com.do\/index.php\/wp-json\/wp\/v2\/posts"}],"about":[{"href":"https:\/\/lasprimeras.com.do\/index.php\/wp-json\/wp\/v2\/types\/post"}],"author":[{"embeddable":true,"href":"https:\/\/lasprimeras.com.do\/index.php\/wp-json\/wp\/v2\/users\/2"}],"replies":[{"embeddable":true,"href":"https:\/\/lasprimeras.com.do\/index.php\/wp-json\/wp\/v2\/comments?post=83090"}],"version-history":[{"count":1,"href":"https:\/\/lasprimeras.com.do\/index.php\/wp-json\/wp\/v2\/posts\/83090\/revisions"}],"predecessor-version":[{"id":83092,"href":"https:\/\/lasprimeras.com.do\/index.php\/wp-json\/wp\/v2\/posts\/83090\/revisions\/83092"}],"wp:featuredmedia":[{"embeddable":true,"href":"https:\/\/lasprimeras.com.do\/index.php\/wp-json\/wp\/v2\/media\/83091"}],"wp:attachment":[{"href":"https:\/\/lasprimeras.com.do\/index.php\/wp-json\/wp\/v2\/media?parent=83090"}],"wp:term":[{"taxonomy":"category","embeddable":true,"href":"https:\/\/lasprimeras.com.do\/index.php\/wp-json\/wp\/v2\/categories?post=83090"},{"taxonomy":"post_tag","embeddable":true,"href":"https:\/\/lasprimeras.com.do\/index.php\/wp-json\/wp\/v2\/tags?post=83090"}],"curies":[{"name":"wp","href":"https:\/\/api.w.org\/{rel}","templated":true}]}}