{"id":83093,"date":"2024-05-11T15:10:42","date_gmt":"2024-05-11T19:10:42","guid":{"rendered":"https:\/\/lasprimeras.com.do\/?p=83093"},"modified":"2024-05-11T15:10:44","modified_gmt":"2024-05-11T19:10:44","slug":"nelson-gutierrezcon-el-gobierno-de-abinader-llego-el-progreso-al-sector-moto-concho-del-pais","status":"publish","type":"post","link":"https:\/\/lasprimeras.com.do\/index.php\/2024\/05\/11\/nelson-gutierrezcon-el-gobierno-de-abinader-llego-el-progreso-al-sector-moto-concho-del-pais\/","title":{"rendered":"Nelson Guti\u00e9rrez:\u201dCon el gobierno de Abinader lleg\u00f3 el progreso al sector moto-concho del pa\u00eds\u201d"},"content":{"rendered":"\n<p>El coordinador nacional del Movimiento Comunicadores 8.0 Luis Abinader Presidente, Nelson Guti\u00e9rrez, asegur\u00f3 que ning\u00fan gobierno hab\u00eda&nbsp; tomado tan en serio para el progreso del sector motoconchista, como lo ha hecho la actual gesti\u00f3n.<\/p>\n\n\n\n<p>Sostuvo que ante el malestar generado en torno a los motoristas, provocado por la oposici\u00f3n al distorsionar el t\u00e9rmino &#8220;Placa&#8221; por &#8220;plaga&#8221; para confundir a la poblaci\u00f3n de estos humildes trabajadores.<\/p>\n\n\n\n<p>Guti\u00e9rrez, precis\u00f3 que el gobierno del presidente Abinader, ha impulsado pol\u00edticas p\u00fablicas para dignificar la vida de esos trabajadores incansables, a quienes&nbsp; entreg\u00f3 licencias de conducir, cascos protectores para preservar sus vidas, seguro m\u00e9dico y otros beneficios.<\/p>\n\n\n\n<p>As\u00ed mismo, dijo que &#8220;ya los polic\u00edas y agentes de la DIGESETT &nbsp;no asesinan a motoristas como en gobiernos pasados, ahora tenemos un gobierno honesto, decente y transparente&#8221; asegur\u00f3 Guti\u00e9rrez.<\/p>\n\n\n\n<p>Indico que en el gobierno de Abinader se le ha dado categor\u00eda al sector motoconcho, quienes producen m\u00e1s dinero en el d\u00eda a d\u00eda, adem\u00e1s la mayor\u00eda tiene casa propia, apartamentos y otros bienes, en consonancia con el crecimiento econ\u00f3mico que registra el pa\u00eds.<\/p>\n\n\n\n<p>El coordinador del Movimiento Comunicadores 8.0, asegur\u00f3 que actualmente estos hombres y mujeres est\u00e1n estudiando y profesionaliz\u00e1ndose en las universidades, sus hijos van a la escuela bien montados, entre otras facilidades que ha sido posible gracias a la inversi\u00f3n del gobierno en la Educaci\u00f3n.<\/p>\n","protected":false},"excerpt":{"rendered":"<p>El coordinador nacional del Movimiento Comunicadores 8.0 Luis Abinader Presidente, Nelson Guti\u00e9rrez, asegur\u00f3 que ning\u00fan gobierno hab\u00eda&nbsp; tomado tan en serio para el progreso del sector motoconchista, como lo ha&hellip;<\/p>\n","protected":false},"author":2,"featured_media":83094,"comment_status":"open","ping_status":"open","sticky":false,"template":"","format":"standard","meta":{"content-type":"","jetpack_post_was_ever_published":false,"_jetpack_newsletter_access":"","_jetpack_dont_email_post_to_subs":false,"_jetpack_newsletter_tier_id":0,"_jetpack_memberships_contains_paywalled_content":false,"_jetpack_memberships_contains_paid_content":false,"footnotes":""},"categories":[25],"tags":[171,67,12885,6674,4126],"class_list":["post-83093","post","type-post","status-publish","format-standard","has-post-thumbnail","hentry","category-portada","tag-gobierno","tag-luis-abinader","tag-motoconcho","tag-nelson-gutierrez","tag-progreso"],"jetpack_featured_media_url":"https:\/\/lasprimeras.com.do\/wp-content\/uploads\/2024\/05\/Luis-Abinader-cambio.jpg","jetpack-related-posts":[{"id":78130,"url":"https:\/\/lasprimeras.com.do\/index.php\/2024\/02\/28\/comunicadores-8-0-destaca-avances-y-logros-gobierno-de-abinader-senalado-en-discurso-rendicion-cuentas\/","url_meta":{"origin":83093,"position":0},"title":"Comunicadores 8.0 destaca avances y logros gobierno de Abinader se\u00f1alado en discurso rendici\u00f3n cuentas","author":"BIMARY DE JES\u00daS Matos","date":"28 de febrero de 2024","format":false,"excerpt":"Martin Restituyo Santo Domingo, RD.- Como positivo y esperanzador calific\u00f3 el Movimiento Comunicadores 8.0 de apoyo a la reelecci\u00f3n del presidente Luis Abinader, el discurso de rendici\u00f3n de cuentas emitido este martes por el mandatario, en ocasi\u00f3n a conmemorarse el 180 Aniversario de la Independencia Nacional. En tal sentido, el\u2026","rel":"","context":"En \u00abPORTADA\u00bb","block_context":{"text":"PORTADA","link":"https:\/\/lasprimeras.com.do\/index.php\/category\/portada\/"},"img":{"alt_text":"","src":"https:\/\/i0.wp.com\/lasprimeras.com.do\/wp-content\/uploads\/2024\/02\/IMG-20240228-WA0060.jpg?resize=350%2C200&ssl=1","width":350,"height":200,"srcset":"https:\/\/i0.wp.com\/lasprimeras.com.do\/wp-content\/uploads\/2024\/02\/IMG-20240228-WA0060.jpg?resize=350%2C200&ssl=1 1x, https:\/\/i0.wp.com\/lasprimeras.com.do\/wp-content\/uploads\/2024\/02\/IMG-20240228-WA0060.jpg?resize=525%2C300&ssl=1 1.5x, https:\/\/i0.wp.com\/lasprimeras.com.do\/wp-content\/uploads\/2024\/02\/IMG-20240228-WA0060.jpg?resize=700%2C400&ssl=1 2x"},"classes":[]},{"id":80291,"url":"https:\/\/lasprimeras.com.do\/index.php\/2024\/04\/06\/comunicadores-8-0-luis-abinader-presidente-juramenta-decenas-de-nuevos-miembros-en-san-juan-y-elias-pina\/","url_meta":{"origin":83093,"position":1},"title":"Comunicadores 8.0 Luis Abinader Presidente juramenta decenas de nuevos miembros en San Juan y El\u00edas Pi\u00f1a","author":"BIMARY DE JES\u00daS Matos","date":"6 de abril de 2024","format":false,"excerpt":"Comunicadores 8.0 Luis Abinader Presidente juramenta decenas de nuevos miembros en San Juan y El\u00edas Pi\u00f1a Santo Domingo, RD.- El coordinador nacional del Movimiento 8.0 de apoyo a la reelecci\u00f3n del presidente Luis Abinader, Nelson Guti\u00e9rrez, junto a una comisi\u00f3n de trabajo, jurament\u00f3 hoy a decenas de nuevos miembros de\u2026","rel":"","context":"En \u00abSin categor\u00eda\u00bb","block_context":{"text":"Sin categor\u00eda","link":"https:\/\/lasprimeras.com.do\/index.php\/category\/sin-categoria\/"},"img":{"alt_text":"","src":"https:\/\/i0.wp.com\/lasprimeras.com.do\/wp-content\/uploads\/2024\/04\/IMG-20240406-WA0039.jpg?resize=350%2C200&ssl=1","width":350,"height":200,"srcset":"https:\/\/i0.wp.com\/lasprimeras.com.do\/wp-content\/uploads\/2024\/04\/IMG-20240406-WA0039.jpg?resize=350%2C200&ssl=1 1x, https:\/\/i0.wp.com\/lasprimeras.com.do\/wp-content\/uploads\/2024\/04\/IMG-20240406-WA0039.jpg?resize=525%2C300&ssl=1 1.5x, https:\/\/i0.wp.com\/lasprimeras.com.do\/wp-content\/uploads\/2024\/04\/IMG-20240406-WA0039.jpg?resize=700%2C400&ssl=1 2x, https:\/\/i0.wp.com\/lasprimeras.com.do\/wp-content\/uploads\/2024\/04\/IMG-20240406-WA0039.jpg?resize=1050%2C600&ssl=1 3x"},"classes":[]},{"id":81539,"url":"https:\/\/lasprimeras.com.do\/index.php\/2024\/04\/22\/movimiento-comunicadores-8-0-luis-abinader-continua-jornada-de-crecimiento-para-el-triunfo-de-luis-abinader\/","url_meta":{"origin":83093,"position":2},"title":"Movimiento Comunicadores 8.0 Luis Abinader  contin\u00faa jornada de crecimiento para el triunfo","author":"BIMARY DE JES\u00daS Matos","date":"22 de abril de 2024","format":false,"excerpt":"Santo Domingo, RD.- El Movimiento Comunicadores 8.0 Lu\u00eds Abinader presidente, contin\u00faa su jornada de afiliaci\u00f3n y crecimiento, con el prop\u00f3sito de aportar al triunfo en primera vuelta del mandatario, en las elecciones del 19 de mayo pr\u00f3ximo. Nelson Guti\u00e9rrez, coordinador nacional de la organizaci\u00f3n, asegur\u00f3 que un grupo de periodistas,\u2026","rel":"","context":"En \u00abSin categor\u00eda\u00bb","block_context":{"text":"Sin categor\u00eda","link":"https:\/\/lasprimeras.com.do\/index.php\/category\/sin-categoria\/"},"img":{"alt_text":"","src":"https:\/\/i0.wp.com\/lasprimeras.com.do\/wp-content\/uploads\/2024\/04\/IMG-20240422-WA0019.jpg?resize=350%2C200&ssl=1","width":350,"height":200,"srcset":"https:\/\/i0.wp.com\/lasprimeras.com.do\/wp-content\/uploads\/2024\/04\/IMG-20240422-WA0019.jpg?resize=350%2C200&ssl=1 1x, https:\/\/i0.wp.com\/lasprimeras.com.do\/wp-content\/uploads\/2024\/04\/IMG-20240422-WA0019.jpg?resize=525%2C300&ssl=1 1.5x, https:\/\/i0.wp.com\/lasprimeras.com.do\/wp-content\/uploads\/2024\/04\/IMG-20240422-WA0019.jpg?resize=700%2C400&ssl=1 2x, https:\/\/i0.wp.com\/lasprimeras.com.do\/wp-content\/uploads\/2024\/04\/IMG-20240422-WA0019.jpg?resize=1050%2C600&ssl=1 3x"},"classes":[]},{"id":73730,"url":"https:\/\/lasprimeras.com.do\/index.php\/2024\/01\/15\/comunicadores-8-0-se-suman-a-la-reeleccion-de-luis-abinader\/","url_meta":{"origin":83093,"position":3},"title":"Comunicadores 8.0 se suman a la reelecci\u00f3n de Luis Abinader","author":"Nelson Feliz","date":"15 de enero de 2024","format":false,"excerpt":"El Movimiento Comunicadores 8.0 continu\u00f3 su jornada de crecimiento, sumando periodistas, periodistas del \u00e1rea digital, comunicadores, locutores, reporteros gr\u00e1ficos, fot\u00f3grafos, productores de radio y televisi\u00f3n, editores, Disc Jockey y otros profesionales del \u00e1rea a nivel nacional, al proyecto de reelecci\u00f3n del presidente Luis Abinader 2024-2028. El Coordinador Nacional del proyecto,\u2026","rel":"","context":"En \u00abSin categor\u00eda\u00bb","block_context":{"text":"Sin categor\u00eda","link":"https:\/\/lasprimeras.com.do\/index.php\/category\/sin-categoria\/"},"img":{"alt_text":"Nelson Guti\u00e9rrez","src":"https:\/\/i0.wp.com\/lasprimeras.com.do\/wp-content\/uploads\/2024\/01\/Nelson-Gutierrez.jpg?resize=350%2C200&ssl=1","width":350,"height":200,"srcset":"https:\/\/i0.wp.com\/lasprimeras.com.do\/wp-content\/uploads\/2024\/01\/Nelson-Gutierrez.jpg?resize=350%2C200&ssl=1 1x, https:\/\/i0.wp.com\/lasprimeras.com.do\/wp-content\/uploads\/2024\/01\/Nelson-Gutierrez.jpg?resize=525%2C300&ssl=1 1.5x"},"classes":[]},{"id":83417,"url":"https:\/\/lasprimeras.com.do\/index.php\/2024\/05\/16\/comunicadores-8-0-llama-a-la-poblacion-no-distraerse-con-campanas-falsas\/","url_meta":{"origin":83093,"position":4},"title":"Comunicadores 8.0 llama a la poblaci\u00f3n no distraerse con campa\u00f1as falsas","author":"Nelson Feliz","date":"16 de mayo de 2024","format":false,"excerpt":"Nelson Guti\u00e9rrez, hace llamado a los electores a acudir masivamente a votar este domingo, por el presidente Luis Abinader y los candidatos del P.R.M. El coordinador nacional de Comunicadores 8.0 Luis Abinader Presidente, Nelson Guti\u00e9rrez, inst\u00f3 a la poblaci\u00f3n dominicana a no dejarse confundir con infamias y mentiras inventadas por\u2026","rel":"","context":"En \u00abPORTADA\u00bb","block_context":{"text":"PORTADA","link":"https:\/\/lasprimeras.com.do\/index.php\/category\/portada\/"},"img":{"alt_text":"Nelson Guti\u00e9rrez","src":"https:\/\/i0.wp.com\/lasprimeras.com.do\/wp-content\/uploads\/2024\/05\/Nelson-Gutierrez-2.jpg?resize=350%2C200&ssl=1","width":350,"height":200,"srcset":"https:\/\/i0.wp.com\/lasprimeras.com.do\/wp-content\/uploads\/2024\/05\/Nelson-Gutierrez-2.jpg?resize=350%2C200&ssl=1 1x, https:\/\/i0.wp.com\/lasprimeras.com.do\/wp-content\/uploads\/2024\/05\/Nelson-Gutierrez-2.jpg?resize=525%2C300&ssl=1 1.5x, https:\/\/i0.wp.com\/lasprimeras.com.do\/wp-content\/uploads\/2024\/05\/Nelson-Gutierrez-2.jpg?resize=700%2C400&ssl=1 2x"},"classes":[]},{"id":97736,"url":"https:\/\/lasprimeras.com.do\/index.php\/2025\/04\/27\/comunicadores-8-0-denuncia-cancelaciones-y-persecuciones-contra-sus-miembros-por-parte-de-funcionarios-del-gobierno\/","url_meta":{"origin":83093,"position":5},"title":"Comunicadores 8.0 denuncia cancelaciones y persecuciones contra sus miembros por parte de funcionarios del gobierno","author":"Nelson Feliz","date":"27 de abril de 2025","format":false,"excerpt":"El coordinador nacional del Movimiento Comunicadores 8.0, Luis Abinader Presidente, denunci\u00f3 las cancelaciones abusivas de 13 profesionales que integran esa entidad de instituciones p\u00fablicas. Nelson Guti\u00e9rrez, responsabiliz\u00f3 a un funcionario y a un ex funcionario, los cuales, dijo, que est\u00e1n llamando a instituciones del gobierno, uno y el otro est\u00e1\u2026","rel":"","context":"En \u00abNACIONALES\u00bb","block_context":{"text":"NACIONALES","link":"https:\/\/lasprimeras.com.do\/index.php\/category\/nacionales\/"},"img":{"alt_text":"Nelson Guti\u00e9rrez","src":"https:\/\/i0.wp.com\/lasprimeras.com.do\/wp-content\/uploads\/2023\/08\/Nelson-Gutierrez.jpg?resize=350%2C200&ssl=1","width":350,"height":200,"srcset":"https:\/\/i0.wp.com\/lasprimeras.com.do\/wp-content\/uploads\/2023\/08\/Nelson-Gutierrez.jpg?resize=350%2C200&ssl=1 1x, https:\/\/i0.wp.com\/lasprimeras.com.do\/wp-content\/uploads\/2023\/08\/Nelson-Gutierrez.jpg?resize=525%2C300&ssl=1 1.5x, https:\/\/i0.wp.com\/lasprimeras.com.do\/wp-content\/uploads\/2023\/08\/Nelson-Gutierrez.jpg?resize=700%2C400&ssl=1 2x"},"classes":[]}],"jetpack_sharing_enabled":true,"_links":{"self":[{"href":"https:\/\/lasprimeras.com.do\/index.php\/wp-json\/wp\/v2\/posts\/83093","targetHints":{"allow":["GET"]}}],"collection":[{"href":"https:\/\/lasprimeras.com.do\/index.php\/wp-json\/wp\/v2\/posts"}],"about":[{"href":"https:\/\/lasprimeras.com.do\/index.php\/wp-json\/wp\/v2\/types\/post"}],"author":[{"embeddable":true,"href":"https:\/\/lasprimeras.com.do\/index.php\/wp-json\/wp\/v2\/users\/2"}],"replies":[{"embeddable":true,"href":"https:\/\/lasprimeras.com.do\/index.php\/wp-json\/wp\/v2\/comments?post=83093"}],"version-history":[{"count":1,"href":"https:\/\/lasprimeras.com.do\/index.php\/wp-json\/wp\/v2\/posts\/83093\/revisions"}],"predecessor-version":[{"id":83095,"href":"https:\/\/lasprimeras.com.do\/index.php\/wp-json\/wp\/v2\/posts\/83093\/revisions\/83095"}],"wp:featuredmedia":[{"embeddable":true,"href":"https:\/\/lasprimeras.com.do\/index.php\/wp-json\/wp\/v2\/media\/83094"}],"wp:attachment":[{"href":"https:\/\/lasprimeras.com.do\/index.php\/wp-json\/wp\/v2\/media?parent=83093"}],"wp:term":[{"taxonomy":"category","embeddable":true,"href":"https:\/\/lasprimeras.com.do\/index.php\/wp-json\/wp\/v2\/categories?post=83093"},{"taxonomy":"post_tag","embeddable":true,"href":"https:\/\/lasprimeras.com.do\/index.php\/wp-json\/wp\/v2\/tags?post=83093"}],"curies":[{"name":"wp","href":"https:\/\/api.w.org\/{rel}","templated":true}]}}