{"id":83096,"date":"2024-05-11T15:17:31","date_gmt":"2024-05-11T19:17:31","guid":{"rendered":"https:\/\/lasprimeras.com.do\/?p=83096"},"modified":"2024-05-11T15:17:33","modified_gmt":"2024-05-11T19:17:33","slug":"abel-anuncia-facilitara-seguro-medico-a-motoconchistas","status":"publish","type":"post","link":"https:\/\/lasprimeras.com.do\/index.php\/2024\/05\/11\/abel-anuncia-facilitara-seguro-medico-a-motoconchistas\/","title":{"rendered":"Abel anuncia facilitar\u00e1 seguro m\u00e9dico a motoconchistas"},"content":{"rendered":"\n<p>El candidato presidencial Abel Mart\u00ednez encabez\u00f3 una movilizaci\u00f3n del Partido de la Liberaci\u00f3n Dominicana (PLD) por las principales calles de Santiago Oeste, junto al candidato a senador, Marino Collante.<\/p>\n\n\n\n<p>En una concentraci\u00f3n, previo a iniciar la caravana, Abel Mart\u00ednez habl\u00f3 con amas de casa, motoconchistas, j\u00f3venes y personas de diferentes oficios.<\/p>\n\n\n\n<p>A ellos les coment\u00f3 sus programas de desarrollo social \u00abDeuda Cero\u00bb, para renegociar compromisos financieros de personas sobreendeudadas, y \u00abChich\u00ed Seguro\u00bb, mediante el cual se construir\u00e1 por lo menos una Estancia Infantil en cada municipio del pa\u00eds.<\/p>\n\n\n\n<p>De igual modo, anunci\u00f3 que para los motoconchistas, despreciados por el PRM, su Gobierno trabajar\u00e1 para dotarlos de seguro m\u00e9dico y pensiones.<\/p>\n\n\n\n<p>\u00abHoy vine a que recorramos las calles de Cienfuegos, para demostrarle a este Gobierno que con el voto de ustedes: enfermeras, j\u00f3venes, motoconchistas, \u00a1e\u2019 pa\u2019 fuera que van!\u00bb, declar\u00f3.<\/p>\n\n\n\n<p>\u00abCuenten con Abel Mart\u00ednez y el PLD, porque a partir del 16 de agosto se va a comer barato y tres veces al d\u00eda\u00bb, indic\u00f3 el l\u00edder pol\u00edtico.<\/p>\n\n\n\n<p>El PLD y su candidato presidencial arrecian la campa\u00f1a electoral, a poco m\u00e1s de una semana de las elecciones presidenciales, que se celebrar\u00e1n el domingo 19 de mayo.<\/p>\n\n\n\n<p>Las actividades de Abel Mart\u00ednez previo a los comicios, incluyen encuentros con agropecuarios y caravana en el Cibao Central, as\u00ed como en el Gran Santo Domingo.<\/p>\n\n\n\n<p>Los \u00faltimos d\u00edas, el candidato presidencial ha realizado concurridas caravanas en el Sur Profundo y provincias del Este del pa\u00eds.<\/p>\n","protected":false},"excerpt":{"rendered":"<p>El candidato presidencial Abel Mart\u00ednez encabez\u00f3 una movilizaci\u00f3n del Partido de la Liberaci\u00f3n Dominicana (PLD) por las principales calles de Santiago Oeste, junto al candidato a senador, Marino Collante. En&hellip;<\/p>\n","protected":false},"author":2,"featured_media":83097,"comment_status":"open","ping_status":"open","sticky":false,"template":"","format":"standard","meta":{"content-type":"","jetpack_post_was_ever_published":false,"_jetpack_newsletter_access":"","_jetpack_dont_email_post_to_subs":false,"_jetpack_newsletter_tier_id":0,"_jetpack_memberships_contains_paywalled_content":false,"_jetpack_memberships_contains_paid_content":false,"footnotes":""},"categories":[25],"tags":[822,10579,269,8148],"class_list":["post-83096","post","type-post","status-publish","format-standard","has-post-thumbnail","hentry","category-portada","tag-abel-martinez","tag-motoconchistas","tag-pld","tag-seguro-medico"],"jetpack_featured_media_url":"https:\/\/lasprimeras.com.do\/wp-content\/uploads\/2024\/05\/Abel-Martinez-5.jpg","jetpack-related-posts":[{"id":104762,"url":"https:\/\/lasprimeras.com.do\/index.php\/2025\/07\/27\/abel-martinez-dice-sera-proclamado-candidato-presidencial-en-2027\/","url_meta":{"origin":83096,"position":0},"title":"Abel Mart\u00ednez dice ser\u00e1 proclamado candidato presidencial en 2027","author":"Nelson Feliz","date":"27 de julio de 2025","format":false,"excerpt":"En un encuentro con l\u00edderes del Partido de la Liberaci\u00f3n Dominicana (PLD), dirigentes comunitarios y ciudadanos comprometidos, Abel Mart\u00ednez reafirm\u00f3 su determinaci\u00f3n de trabajar por un \u00abnuevo comienzo\u00bb para la Rep\u00fablica Dominicana. El exalcalde de Santiago estuvo acompa\u00f1ado por su esposa, la comunicadora Nahiony Reyes. Anunci\u00f3 que en 2027 ser\u00e1\u2026","rel":"","context":"En \u00abPOLITICA\u00bb","block_context":{"text":"POLITICA","link":"https:\/\/lasprimeras.com.do\/index.php\/category\/politica\/"},"img":{"alt_text":"Abel Mart\u00ednez","src":"https:\/\/i0.wp.com\/lasprimeras.com.do\/wp-content\/uploads\/2024\/05\/Abel-Martinez-4.jpg?resize=350%2C200&ssl=1","width":350,"height":200,"srcset":"https:\/\/i0.wp.com\/lasprimeras.com.do\/wp-content\/uploads\/2024\/05\/Abel-Martinez-4.jpg?resize=350%2C200&ssl=1 1x, https:\/\/i0.wp.com\/lasprimeras.com.do\/wp-content\/uploads\/2024\/05\/Abel-Martinez-4.jpg?resize=525%2C300&ssl=1 1.5x, https:\/\/i0.wp.com\/lasprimeras.com.do\/wp-content\/uploads\/2024\/05\/Abel-Martinez-4.jpg?resize=700%2C400&ssl=1 2x"},"classes":[]},{"id":51126,"url":"https:\/\/lasprimeras.com.do\/index.php\/2023\/05\/27\/leonel-responde-a-abel-martinez-fuerza-del-pueblo-no-ha-solicitado-alianza-al-pld\/","url_meta":{"origin":83096,"position":1},"title":"Leonel responde a Abel Mart\u00ednez: \u201cFuerza del Pueblo no ha solicitado alianza al PLD&#8221;","author":"prenxa100","date":"27 de mayo de 2023","format":false,"excerpt":"Cotu\u00ed-S\u00e1nchez Ram\u00edrez.-. El expresidente de la Rep\u00fablica y candidato presidencial de la Fuerza del Pueblo, doctor Leonel Fern\u00e1ndez, afirm\u00f3 que su organizaci\u00f3n pol\u00edtica no ha solicitado alianza al Partido de la Liberaci\u00f3n Dominicana (PLD) por lo que los pronunciamientos del candidato presidencial de esa organizaci\u00f3n, Abel Mart\u00ednez, en los que\u2026","rel":"","context":"En \u00abSin categor\u00eda\u00bb","block_context":{"text":"Sin categor\u00eda","link":"https:\/\/lasprimeras.com.do\/index.php\/category\/sin-categoria\/"},"img":{"alt_text":"","src":"https:\/\/i0.wp.com\/img.youtube.com\/vi\/_Cg5LgR-zt8\/0.jpg?resize=350%2C200","width":350,"height":200},"classes":[]},{"id":104644,"url":"https:\/\/lasprimeras.com.do\/index.php\/2025\/07\/25\/abel-martinez-asegura-que-la-mejor-coyuntura-para-el-regreso-del-pld-al-poder-es-ahora\/","url_meta":{"origin":83096,"position":2},"title":"Abel Mart\u00ednez asegura que la mejor coyuntura para el regreso del PLD al poder es ahora","author":"Nelson Feliz","date":"25 de julio de 2025","format":false,"excerpt":"El miembro del Comit\u00e9 Pol\u00edtico del PLD , Abel Mart\u00ednez, considera que, con el reencuentro en 2028 entre el PLD y el pueblo dominicano, se cerrar\u00e1 el paso de las actuales promesas incumplidas, regresando las soluciones reales a los problemas que enfrenta RD.,\u00abLa historia nos da una nueva oportunidad, y\u2026","rel":"","context":"En \u00abPOLITICA\u00bb","block_context":{"text":"POLITICA","link":"https:\/\/lasprimeras.com.do\/index.php\/category\/politica\/"},"img":{"alt_text":"","src":"https:\/\/i0.wp.com\/lasprimeras.com.do\/wp-content\/uploads\/2024\/09\/ABEL-MARTINEZ.jpg?resize=350%2C200&ssl=1","width":350,"height":200,"srcset":"https:\/\/i0.wp.com\/lasprimeras.com.do\/wp-content\/uploads\/2024\/09\/ABEL-MARTINEZ.jpg?resize=350%2C200&ssl=1 1x, https:\/\/i0.wp.com\/lasprimeras.com.do\/wp-content\/uploads\/2024\/09\/ABEL-MARTINEZ.jpg?resize=525%2C300&ssl=1 1.5x, https:\/\/i0.wp.com\/lasprimeras.com.do\/wp-content\/uploads\/2024\/09\/ABEL-MARTINEZ.jpg?resize=700%2C400&ssl=1 2x"},"classes":[]},{"id":113297,"url":"https:\/\/lasprimeras.com.do\/index.php\/2025\/10\/31\/comision-del-pld-se-reune-con-abel-martinez\/","url_meta":{"origin":83096,"position":3},"title":"Comision del PLD se reune con Abel Martinez","author":"Nelson Feliz","date":"31 de octubre de 2025","format":false,"excerpt":"La Comisi\u00f3n del PLD conformada para trabajar el Protocolo de Aspirantes Presidenciales se re\u00fane con Abel Mart\u00ednez. La comisi\u00f3n encargada de trabajar el Protocolo de Aspirantes Presidenciales del Partido de la Liberaci\u00f3n Dominicana (PLD) sostuvo un encuentro con Abel Mart\u00ednez, pasado candidato presidencial pelede\u00edsta en el que se intercambiaron ideas\u2026","rel":"","context":"En \u00abPOLITICA\u00bb","block_context":{"text":"POLITICA","link":"https:\/\/lasprimeras.com.do\/index.php\/category\/politica\/"},"img":{"alt_text":"","src":"https:\/\/i0.wp.com\/lasprimeras.com.do\/wp-content\/uploads\/2025\/10\/COMISION-CON-ABEL-2.jpg?resize=350%2C200&ssl=1","width":350,"height":200,"srcset":"https:\/\/i0.wp.com\/lasprimeras.com.do\/wp-content\/uploads\/2025\/10\/COMISION-CON-ABEL-2.jpg?resize=350%2C200&ssl=1 1x, https:\/\/i0.wp.com\/lasprimeras.com.do\/wp-content\/uploads\/2025\/10\/COMISION-CON-ABEL-2.jpg?resize=525%2C300&ssl=1 1.5x, https:\/\/i0.wp.com\/lasprimeras.com.do\/wp-content\/uploads\/2025\/10\/COMISION-CON-ABEL-2.jpg?resize=700%2C400&ssl=1 2x"},"classes":[]},{"id":51124,"url":"https:\/\/lasprimeras.com.do\/index.php\/2023\/05\/27\/abel-martinez-aclara-pld-no-hara-alianza-para-las-elecciones-municipales\/","url_meta":{"origin":83096,"position":4},"title":"Abel Mart\u00ednez aclara PLD no har\u00e1 alianza para las elecciones municipales","author":"prenxa100","date":"27 de mayo de 2023","format":false,"excerpt":"SANTO DOMINGO.-El aspirante presidencial por el Partido de la Liberaci\u00f3n Dominicana (PLD), Abel Mart\u00ednez arremeti\u00f3 contra algunos de sus contrincantes y les advirti\u00f3 que en las pr\u00f3ximas elecciones \u201cperder\u00e1n perder\u00e1n\u201d. Mart\u00ednez asegur\u00f3 que \u201cen el Partido de la Liberaci\u00f3n Dominicana estamos tan claros con las elecciones municipales de febrero, que\u2026","rel":"","context":"En \u00abSin categor\u00eda\u00bb","block_context":{"text":"Sin categor\u00eda","link":"https:\/\/lasprimeras.com.do\/index.php\/category\/sin-categoria\/"},"img":{"alt_text":"","src":"","width":0,"height":0},"classes":[]},{"id":62117,"url":"https:\/\/lasprimeras.com.do\/index.php\/2023\/10\/03\/abel-martinez-promete-a-la-diaspora-pension-seguro-medico-y-viviendas\/","url_meta":{"origin":83096,"position":5},"title":"Abel Mart\u00ednez promete a la di\u00e1spora: pensi\u00f3n, seguro m\u00e9dico y viviendas","author":"Nelson Feliz","date":"3 de octubre de 2023","format":false,"excerpt":"El candidato presidencial pelede\u00edsta habl\u00f3 durante su visita a la ciudad de Nueva York, donde se concentra la mayor cantidad de dominicanos en el exterior. El candidato presidencial del Partido de la Liberaci\u00f3n Dominicana (PLD), Abel Mart\u00ednez, anunci\u00f3 en Manhattan, Nueva York, una serie de pol\u00edticas p\u00fablicas que en un\u2026","rel":"","context":"En \u00abSin categor\u00eda\u00bb","block_context":{"text":"Sin categor\u00eda","link":"https:\/\/lasprimeras.com.do\/index.php\/category\/sin-categoria\/"},"img":{"alt_text":"","src":"https:\/\/i0.wp.com\/lasprimeras.com.do\/wp-content\/uploads\/2023\/10\/Abel-Martinez-1.jpg?resize=350%2C200&ssl=1","width":350,"height":200,"srcset":"https:\/\/i0.wp.com\/lasprimeras.com.do\/wp-content\/uploads\/2023\/10\/Abel-Martinez-1.jpg?resize=350%2C200&ssl=1 1x, https:\/\/i0.wp.com\/lasprimeras.com.do\/wp-content\/uploads\/2023\/10\/Abel-Martinez-1.jpg?resize=525%2C300&ssl=1 1.5x, https:\/\/i0.wp.com\/lasprimeras.com.do\/wp-content\/uploads\/2023\/10\/Abel-Martinez-1.jpg?resize=700%2C400&ssl=1 2x"},"classes":[]}],"jetpack_sharing_enabled":true,"_links":{"self":[{"href":"https:\/\/lasprimeras.com.do\/index.php\/wp-json\/wp\/v2\/posts\/83096","targetHints":{"allow":["GET"]}}],"collection":[{"href":"https:\/\/lasprimeras.com.do\/index.php\/wp-json\/wp\/v2\/posts"}],"about":[{"href":"https:\/\/lasprimeras.com.do\/index.php\/wp-json\/wp\/v2\/types\/post"}],"author":[{"embeddable":true,"href":"https:\/\/lasprimeras.com.do\/index.php\/wp-json\/wp\/v2\/users\/2"}],"replies":[{"embeddable":true,"href":"https:\/\/lasprimeras.com.do\/index.php\/wp-json\/wp\/v2\/comments?post=83096"}],"version-history":[{"count":1,"href":"https:\/\/lasprimeras.com.do\/index.php\/wp-json\/wp\/v2\/posts\/83096\/revisions"}],"predecessor-version":[{"id":83098,"href":"https:\/\/lasprimeras.com.do\/index.php\/wp-json\/wp\/v2\/posts\/83096\/revisions\/83098"}],"wp:featuredmedia":[{"embeddable":true,"href":"https:\/\/lasprimeras.com.do\/index.php\/wp-json\/wp\/v2\/media\/83097"}],"wp:attachment":[{"href":"https:\/\/lasprimeras.com.do\/index.php\/wp-json\/wp\/v2\/media?parent=83096"}],"wp:term":[{"taxonomy":"category","embeddable":true,"href":"https:\/\/lasprimeras.com.do\/index.php\/wp-json\/wp\/v2\/categories?post=83096"},{"taxonomy":"post_tag","embeddable":true,"href":"https:\/\/lasprimeras.com.do\/index.php\/wp-json\/wp\/v2\/tags?post=83096"}],"curies":[{"name":"wp","href":"https:\/\/api.w.org\/{rel}","templated":true}]}}