{"id":83099,"date":"2024-05-11T15:55:21","date_gmt":"2024-05-11T19:55:21","guid":{"rendered":"https:\/\/lasprimeras.com.do\/?p=83099"},"modified":"2024-05-11T15:55:23","modified_gmt":"2024-05-11T19:55:23","slug":"abinader-recibe-apoyo-de-movimiento-de-taxistas-turisticos","status":"publish","type":"post","link":"https:\/\/lasprimeras.com.do\/index.php\/2024\/05\/11\/abinader-recibe-apoyo-de-movimiento-de-taxistas-turisticos\/","title":{"rendered":"Abinader recibe apoyo de Movimiento de Taxistas Tur\u00edsticos"},"content":{"rendered":"\n<p>Santo Domingo. \u2013 Luis Abinader, candidato presidencial por el Partido Revolucionario Moderno (PRM), asisti\u00f3 este s\u00e1bado al acto de juramentaci\u00f3n y apoyo a su candidatura del Movimiento de Taxistas Tur\u00edsticos.<\/p>\n\n\n\n<p>El evento, realizado en el Instituto Nacional de Formaci\u00f3n Agraria Sindical (INFAS), el l\u00edder del PRM, expres\u00f3 que desea que los taxistas de la Rep\u00fablica Dominicana sean los m\u00e1s modernos del mundo y para ello dijo, junto al Ministerio de Turismo, buscar\u00e1n la mejor compa\u00f1\u00eda para la creaci\u00f3n de un software en beneficio del sector.<\/p>\n\n\n\n<p>Adem\u00e1s, inform\u00f3 que junto al Ministerio de Turismo, el Banco de Reservas y Bandex, ayudar\u00e1n al financiamiento de los veh\u00edculos m\u00e1s modernos a los taxistas tur\u00edsticos.<\/p>\n\n\n\n<p>En la actividad donde estuvo acompa\u00f1ado de su esposa Raquel Arbaje, record\u00f3 a los presentes la situaci\u00f3n que se encontraba el pa\u00eds y lo afectado que se encontraba el principal sector productivo del pa\u00eds, el turismo.<\/p>\n\n\n\n<p>Por las dificultades que se encontraba este sector, expres\u00f3, siempre estuvo atento analizarndo las diferentes medidas que se pod\u00edan adoptar para la reapertura del turismo.<\/p>\n\n\n\n<p>Dentro de la medidas que puso en marcha Abinader cit\u00f3 el seguro COVID para los turistas, creado por seguros Banreservas. Tambi\u00e9n la creaci\u00f3n de promoci\u00f3n del pa\u00eds en Rusia para la captaci\u00f3n de turistas rusos, ante el cierre del pa\u00eds de Canad\u00e1.<\/p>\n\n\n\n<p>\u00abHa sido una lucha contra dificultades y situaciones, pero cada vez que surg\u00eda un problema ah\u00ed, inmediatamente nosotros busc\u00e1bamos la soluci\u00f3n\u00bb, subray\u00f3 Abinader.<\/p>\n\n\n\n<p>Resalt\u00f3 que el primer pa\u00eds del mundo en la recuperaci\u00f3n del turismo fue la Rep\u00fablica Dominicana y adem\u00e1s, dijo que se sinti\u00f3 alegre al ver la felicidad de los empleados de los hoteles y los taxistas tur\u00edsticos al ver la apertura de los hoteles, los cuales ten\u00edan casi nueve meses sin laborar.<\/p>\n\n\n\n<p>Asimismo, el dirigente de los taxistas tur\u00edsticos, Confesor Espinal, calific\u00f3 el d\u00eda memorable por tener al mandatario en su juramentaci\u00f3n.<\/p>\n\n\n\n<p>Eddy Olivares, vicepresidente del PRM, junto al coordinador general de los Movimientos de Apoyo a Luis Abinader, Juan Rosa, realizaron en la actividad la juramentaci\u00f3n del movimiento.<\/p>\n\n\n\n<p>Tambi\u00e9n estuvieron presentes en el acto, el presidente de FEDATRATUR, Cirilo Mota Medrano; el presidente de la Federaci\u00f3n de Taxistas Tur\u00edsticos, Manolo Eger; el presidente de FETATURNO, Domingo Ortiz; el presidente de FETUDE, Juan Pablo Hern\u00e1ndez; el presidente de la Confederaci\u00f3n Aut\u00f3noma Sindical Clasista (CASC), Gabriel Del Rio y el presidente de CNTU, William P\u00e9rez Figuereo.<\/p>\n","protected":false},"excerpt":{"rendered":"<p>Santo Domingo. \u2013 Luis Abinader, candidato presidencial por el Partido Revolucionario Moderno (PRM), asisti\u00f3 este s\u00e1bado al acto de juramentaci\u00f3n y apoyo a su candidatura del Movimiento de Taxistas Tur\u00edsticos.&hellip;<\/p>\n","protected":false},"author":3,"featured_media":83100,"comment_status":"open","ping_status":"open","sticky":false,"template":"","format":"standard","meta":{"content-type":"","jetpack_post_was_ever_published":false,"_jetpack_newsletter_access":"","_jetpack_dont_email_post_to_subs":false,"_jetpack_newsletter_tier_id":0,"_jetpack_memberships_contains_paywalled_content":false,"_jetpack_memberships_contains_paid_content":false,"footnotes":""},"categories":[25],"tags":[67],"class_list":["post-83099","post","type-post","status-publish","format-standard","has-post-thumbnail","hentry","category-portada","tag-luis-abinader"],"jetpack_featured_media_url":"https:\/\/lasprimeras.com.do\/wp-content\/uploads\/2024\/05\/Diseno-sin-titulo-3-2.webp","jetpack-related-posts":[{"id":125789,"url":"https:\/\/lasprimeras.com.do\/index.php\/2026\/03\/26\/transportistas-anuncian-que-mantendran-tarifas-pese-al-alza-de-combustibles-en-respaldo-a-estabilidad-economica\/","url_meta":{"origin":83099,"position":0},"title":"Transportistas anuncian que mantendr\u00e1n tarifas pese al alza de combustibles en respaldo a estabilidad econ\u00f3mica","author":"Nelson Feliz","date":"26 de marzo de 2026","format":false,"excerpt":"Gremios del transporte urbano, interurbano y tur\u00edstico adoptan la medida para proteger a los sectores m\u00e1s vulnerables y acogen llamado del Gobierno ante el escenario internacional y el incremento del petr\u00f3leo. Organizaciones sindicales del sector transporte anunciaron que mantendr\u00e1n sin variaci\u00f3n los precios de los pasajes, a pesar del incremento\u2026","rel":"","context":"En \u00abECONOM\u00cdA\u00bb","block_context":{"text":"ECONOM\u00cdA","link":"https:\/\/lasprimeras.com.do\/index.php\/category\/economia\/"},"img":{"alt_text":"","src":"https:\/\/i0.wp.com\/lasprimeras.com.do\/wp-content\/uploads\/2026\/03\/IMG-20260326-WA0211.jpg?resize=350%2C200&ssl=1","width":350,"height":200,"srcset":"https:\/\/i0.wp.com\/lasprimeras.com.do\/wp-content\/uploads\/2026\/03\/IMG-20260326-WA0211.jpg?resize=350%2C200&ssl=1 1x, https:\/\/i0.wp.com\/lasprimeras.com.do\/wp-content\/uploads\/2026\/03\/IMG-20260326-WA0211.jpg?resize=525%2C300&ssl=1 1.5x, https:\/\/i0.wp.com\/lasprimeras.com.do\/wp-content\/uploads\/2026\/03\/IMG-20260326-WA0211.jpg?resize=700%2C400&ssl=1 2x, https:\/\/i0.wp.com\/lasprimeras.com.do\/wp-content\/uploads\/2026\/03\/IMG-20260326-WA0211.jpg?resize=1050%2C600&ssl=1 3x, https:\/\/i0.wp.com\/lasprimeras.com.do\/wp-content\/uploads\/2026\/03\/IMG-20260326-WA0211.jpg?resize=1400%2C800&ssl=1 4x"},"classes":[]},{"id":94618,"url":"https:\/\/lasprimeras.com.do\/index.php\/2025\/03\/03\/encuentran-sin-vida-a-taxista-desaparecido-en-moca-cuerpo-hallado-en-caimito-la-rosario\/","url_meta":{"origin":83099,"position":1},"title":"Encuentran sin vida a taxista desaparecido en Moca; cuerpo hallado en Caimito La Rosario","author":"Nelson Feliz","date":"3 de marzo de 2025","format":false,"excerpt":"Este lunes fue encontrado sin vida en la comunidad de Caimito La Rosario el taxista Alfred Joel Fern\u00e1ndez, desaparecido desde el 22 de enero. Fern\u00e1ndez fue visto por \u00faltima vez al salir de su casa para atender un servicio solicitado por Clara In\u00e9s S\u00e1nchez, quien junto a otros dos sospechosos,\u2026","rel":"","context":"En \u00abNACIONALES\u00bb","block_context":{"text":"NACIONALES","link":"https:\/\/lasprimeras.com.do\/index.php\/category\/nacionales\/"},"img":{"alt_text":"","src":"https:\/\/i0.wp.com\/lasprimeras.com.do\/wp-content\/uploads\/2025\/03\/Alfred-Joel-Fernandez.jpg?resize=350%2C200&ssl=1","width":350,"height":200,"srcset":"https:\/\/i0.wp.com\/lasprimeras.com.do\/wp-content\/uploads\/2025\/03\/Alfred-Joel-Fernandez.jpg?resize=350%2C200&ssl=1 1x, https:\/\/i0.wp.com\/lasprimeras.com.do\/wp-content\/uploads\/2025\/03\/Alfred-Joel-Fernandez.jpg?resize=525%2C300&ssl=1 1.5x, https:\/\/i0.wp.com\/lasprimeras.com.do\/wp-content\/uploads\/2025\/03\/Alfred-Joel-Fernandez.jpg?resize=700%2C400&ssl=1 2x"},"classes":[]},{"id":121527,"url":"https:\/\/lasprimeras.com.do\/index.php\/2026\/02\/06\/combatira-taxistas-piratas-en-aeropuerto-jfk-90-de-ellos-son-dominicanos\/","url_meta":{"origin":83099,"position":2},"title":"Combatir\u00e1 taxistas piratas en aeropuerto JFK; 90% de ellos son dominicanos","author":"Nelson Feliz","date":"6 de febrero de 2026","format":false,"excerpt":"Por Ram\u00f3n Mercedes NUEVA YORK.-La nueva jefa de la Autoridad Portuaria de Nueva York y Nueva Jersey (PANYNJ) se comprometi\u00f3 este jueves en aumentar la vigilancia sobre los taxistas ilegales (piratas) en los aeropuertos en ambos estados, principalmente en el John F. Kennedy, donde el 90% son de origenes dominicanos.\u2026","rel":"","context":"En \u00abINTERNACIONALES\u00bb","block_context":{"text":"INTERNACIONALES","link":"https:\/\/lasprimeras.com.do\/index.php\/category\/sin-categoria\/internacionales\/"},"img":{"alt_text":"","src":"https:\/\/i0.wp.com\/lasprimeras.com.do\/wp-content\/uploads\/2026\/02\/Combatira-taxistas-piratas-en-aeropuerto-JFK-90-de-ellos-son-dominicanos.jpg?resize=350%2C200&ssl=1","width":350,"height":200,"srcset":"https:\/\/i0.wp.com\/lasprimeras.com.do\/wp-content\/uploads\/2026\/02\/Combatira-taxistas-piratas-en-aeropuerto-JFK-90-de-ellos-son-dominicanos.jpg?resize=350%2C200&ssl=1 1x, https:\/\/i0.wp.com\/lasprimeras.com.do\/wp-content\/uploads\/2026\/02\/Combatira-taxistas-piratas-en-aeropuerto-JFK-90-de-ellos-son-dominicanos.jpg?resize=525%2C300&ssl=1 1.5x, https:\/\/i0.wp.com\/lasprimeras.com.do\/wp-content\/uploads\/2026\/02\/Combatira-taxistas-piratas-en-aeropuerto-JFK-90-de-ellos-son-dominicanos.jpg?resize=700%2C400&ssl=1 2x"},"classes":[]},{"id":98317,"url":"https:\/\/lasprimeras.com.do\/index.php\/2025\/05\/06\/reitera-peticion-de-doble-parqueo-para-taxistas-recoger-y-dejar-pasajeros-con-discapacidades-en-nyc\/","url_meta":{"origin":83099,"position":3},"title":"Reitera petici\u00f3n de doble parqueo para taxistas recoger y dejar pasajeros con discapacidades en NYC","author":"Nelson Feliz","date":"6 de mayo de 2025","format":false,"excerpt":"Por Ram\u00f3n Mercedes NUEVA YORK.- El presidente del Consorcio High Class en esta ciudad, Antonio Cabrera (Tuly), que aglutina cientos de taxistas, reiter\u00f3 a las autoridades neoyorkinas permitirles a todos conductores de este tipo en los cinco condados estacionarse en doble l\u00ednea o utilizar moment\u00e1neamente los carriles de autobuses para\u2026","rel":"","context":"En \u00abINTERNACIONALES\u00bb","block_context":{"text":"INTERNACIONALES","link":"https:\/\/lasprimeras.com.do\/index.php\/category\/sin-categoria\/internacionales\/"},"img":{"alt_text":"","src":"https:\/\/i0.wp.com\/lasprimeras.com.do\/wp-content\/uploads\/2025\/05\/WhatsApp-Image-2025-05-06-at-5.22.38-AM-2.jpeg?resize=350%2C200&ssl=1","width":350,"height":200,"srcset":"https:\/\/i0.wp.com\/lasprimeras.com.do\/wp-content\/uploads\/2025\/05\/WhatsApp-Image-2025-05-06-at-5.22.38-AM-2.jpeg?resize=350%2C200&ssl=1 1x, https:\/\/i0.wp.com\/lasprimeras.com.do\/wp-content\/uploads\/2025\/05\/WhatsApp-Image-2025-05-06-at-5.22.38-AM-2.jpeg?resize=525%2C300&ssl=1 1.5x, https:\/\/i0.wp.com\/lasprimeras.com.do\/wp-content\/uploads\/2025\/05\/WhatsApp-Image-2025-05-06-at-5.22.38-AM-2.jpeg?resize=700%2C400&ssl=1 2x"},"classes":[]},{"id":115496,"url":"https:\/\/lasprimeras.com.do\/index.php\/2025\/11\/23\/tres-meses-de-prision-preventiva-a-taxista-por-muerte-de-pasajero-en-el-dn\/","url_meta":{"origin":83099,"position":4},"title":"Tres meses de prisi\u00f3n preventiva a taxista por muerte de pasajero en el DN","author":"Nelson Feliz","date":"23 de noviembre de 2025","format":false,"excerpt":"A solicitud del Ministerio P\u00fablico, la Oficina Judicial de Servicios de Atenci\u00f3n Permanente del Distrito Nacional impuso tres meses de prisi\u00f3n preventiva, como medida de coerci\u00f3n, a un taxista imputado de provocar la muerte de un hombre en el sector Evaristo Morales, el pasado 14 de noviembre. La medida de\u2026","rel":"","context":"En \u00abJUSTICIA\u00bb","block_context":{"text":"JUSTICIA","link":"https:\/\/lasprimeras.com.do\/index.php\/category\/justicia\/"},"img":{"alt_text":"","src":"","width":0,"height":0},"classes":[]},{"id":50211,"url":"https:\/\/lasprimeras.com.do\/index.php\/2023\/05\/17\/taxista-de-el-dotolcito-da-su-version-sobre-el-caso-joshua-fernandez\/","url_meta":{"origin":83099,"position":5},"title":"Taxista de &#8220;El Dotolcito&#8221; da su versi\u00f3n sobre el caso Joshua Fern\u00e1ndez","author":"prenxa100","date":"17 de mayo de 2023","format":false,"excerpt":"Caso Joshua Fern\u00e1ndez: El taxista dijo desconocer a los involucrados en el atraco y muerte del joven. Santo Domingo, RD.-.El taxista involucrado en el caso que involucra a Wesly Vicent Carmona \"El Dotolcito\", asegur\u00f3 que este es un cliente fijo, pero que no conoce las personas que cometieron el hecho\u2026","rel":"","context":"En \u00abJUSTICIA\u00bb","block_context":{"text":"JUSTICIA","link":"https:\/\/lasprimeras.com.do\/index.php\/category\/justicia\/"},"img":{"alt_text":"","src":"","width":0,"height":0},"classes":[]}],"jetpack_sharing_enabled":true,"_links":{"self":[{"href":"https:\/\/lasprimeras.com.do\/index.php\/wp-json\/wp\/v2\/posts\/83099","targetHints":{"allow":["GET"]}}],"collection":[{"href":"https:\/\/lasprimeras.com.do\/index.php\/wp-json\/wp\/v2\/posts"}],"about":[{"href":"https:\/\/lasprimeras.com.do\/index.php\/wp-json\/wp\/v2\/types\/post"}],"author":[{"embeddable":true,"href":"https:\/\/lasprimeras.com.do\/index.php\/wp-json\/wp\/v2\/users\/3"}],"replies":[{"embeddable":true,"href":"https:\/\/lasprimeras.com.do\/index.php\/wp-json\/wp\/v2\/comments?post=83099"}],"version-history":[{"count":1,"href":"https:\/\/lasprimeras.com.do\/index.php\/wp-json\/wp\/v2\/posts\/83099\/revisions"}],"predecessor-version":[{"id":83101,"href":"https:\/\/lasprimeras.com.do\/index.php\/wp-json\/wp\/v2\/posts\/83099\/revisions\/83101"}],"wp:featuredmedia":[{"embeddable":true,"href":"https:\/\/lasprimeras.com.do\/index.php\/wp-json\/wp\/v2\/media\/83100"}],"wp:attachment":[{"href":"https:\/\/lasprimeras.com.do\/index.php\/wp-json\/wp\/v2\/media?parent=83099"}],"wp:term":[{"taxonomy":"category","embeddable":true,"href":"https:\/\/lasprimeras.com.do\/index.php\/wp-json\/wp\/v2\/categories?post=83099"},{"taxonomy":"post_tag","embeddable":true,"href":"https:\/\/lasprimeras.com.do\/index.php\/wp-json\/wp\/v2\/tags?post=83099"}],"curies":[{"name":"wp","href":"https:\/\/api.w.org\/{rel}","templated":true}]}}