{"id":83102,"date":"2024-05-11T15:56:10","date_gmt":"2024-05-11T19:56:10","guid":{"rendered":"https:\/\/lasprimeras.com.do\/?p=83102"},"modified":"2024-05-11T15:56:11","modified_gmt":"2024-05-11T19:56:11","slug":"abinader-llama-a-votar-por-el-prm-en-todas-las-boletas-este-19-de-mayo","status":"publish","type":"post","link":"https:\/\/lasprimeras.com.do\/index.php\/2024\/05\/11\/abinader-llama-a-votar-por-el-prm-en-todas-las-boletas-este-19-de-mayo\/","title":{"rendered":"Abinader llama a votar por el PRM en todas las boletas este 19 de mayo"},"content":{"rendered":"\n<p>SANTO DOMINGO.- El candidato presidencial del Partido Revolucionario Moderno (PRM) y la coalici\u00f3n RD Avanza, Luis Abinader, motiv\u00f3 a los capitale\u00f1os y dominicanos a votar completo por el PRM y sus aliados para la candidatura presidencial, la de diputados y senadores.<\/p>\n\n\n\n<p>El l\u00edder del PRM cerr\u00f3 la campa\u00f1a en el Distrito Nacional con un acto en el Pabell\u00f3n de Voleibol, donde llam\u00f3 a los capitale\u00f1os a no mirar pa\u2019tras y proclam\u00f3 a Guillermo Moreno como seguro ganador de la senadur\u00eda del Distrito Nacional.<\/p>\n\n\n\n<p>Abinader llam\u00f3 a votar por Guillermo Moreno para llevar al Senado a un hombre de trayectoria honesta y de compromiso con las mejores causas de la sociedad.<\/p>\n\n\n\n<p>\u201cGuillermo Moreno nos llena de orgullo por su trayectoria, por su honestidad por su servicio p\u00fablico a favor de los mejores intereses del pa\u00eds\u201d, puntualiz\u00f3.<\/p>\n\n\n\n<p>\u201cLa consigna es, votar en las dos boletas el PRM completo con los partidos aliados, presidente, senador y diputados\u201d, indic\u00f3.<\/p>\n\n\n\n<p>Prometi\u00f3 construir un hospital general en la circunscripci\u00f3n uno, el Tren Urbano de Santo Domingo, que ir\u00e1 desde la avenida 27 de Febrero hasta Boca Chica.<\/p>\n\n\n\n<p>Para la circunscripci\u00f3n 3, prometi\u00f3 entregar t\u00edtulos de propiedad al 90% en el pr\u00f3ximo a\u00f1o.<\/p>\n","protected":false},"excerpt":{"rendered":"<p>SANTO DOMINGO.- El candidato presidencial del Partido Revolucionario Moderno (PRM) y la coalici\u00f3n RD Avanza, Luis Abinader, motiv\u00f3 a los capitale\u00f1os y dominicanos a votar completo por el PRM y&hellip;<\/p>\n","protected":false},"author":3,"featured_media":83103,"comment_status":"open","ping_status":"open","sticky":false,"template":"","format":"standard","meta":{"content-type":"","jetpack_post_was_ever_published":false,"_jetpack_newsletter_access":"","_jetpack_dont_email_post_to_subs":false,"_jetpack_newsletter_tier_id":0,"_jetpack_memberships_contains_paywalled_content":false,"_jetpack_memberships_contains_paid_content":false,"footnotes":""},"categories":[1],"tags":[67],"class_list":["post-83102","post","type-post","status-publish","format-standard","has-post-thumbnail","hentry","category-sin-categoria","tag-luis-abinader"],"jetpack_featured_media_url":"https:\/\/lasprimeras.com.do\/wp-content\/uploads\/2024\/05\/Diseno-sin-titulo-2-1.webp","jetpack-related-posts":[{"id":83105,"url":"https:\/\/lasprimeras.com.do\/index.php\/2024\/05\/11\/luis-el-gallo-respalda-candidaturas-de-abinader-guillermo-moreno-y-candidatos-a-diputados-del-dn\/","url_meta":{"origin":83102,"position":0},"title":"Luis &#8220;El Gallo&#8221; respalda candidaturas de Abinader, Guillermo Moreno y candidatos a diputados del DN","author":"Nelson Feliz","date":"11 de mayo de 2024","format":false,"excerpt":"El Presidente del Partido Uni\u00f3n Dem\u00f3crata Cristiana (UDC), Luis\u00a0 Acosta Moreta, Luis \"El Gallo\" encabez\u00f3 una importante reuni\u00f3n en Villas Agr\u00edcolas para expresar su apoyo contundente al gobernante Luis Abinader, al candidato a\u00a0 senador de la Alianza RD Avanza Guillermo Moreno, y a los candidatos a diputados de la Circunscripci\u00f3n\u2026","rel":"","context":"En \u00abPORTADA\u00bb","block_context":{"text":"PORTADA","link":"https:\/\/lasprimeras.com.do\/index.php\/category\/portada\/"},"img":{"alt_text":"Luis Acosta Moreta","src":"https:\/\/i0.wp.com\/lasprimeras.com.do\/wp-content\/uploads\/2024\/05\/Luis-Acosta-Moreta-1.jpg?resize=350%2C200&ssl=1","width":350,"height":200,"srcset":"https:\/\/i0.wp.com\/lasprimeras.com.do\/wp-content\/uploads\/2024\/05\/Luis-Acosta-Moreta-1.jpg?resize=350%2C200&ssl=1 1x, https:\/\/i0.wp.com\/lasprimeras.com.do\/wp-content\/uploads\/2024\/05\/Luis-Acosta-Moreta-1.jpg?resize=525%2C300&ssl=1 1.5x, https:\/\/i0.wp.com\/lasprimeras.com.do\/wp-content\/uploads\/2024\/05\/Luis-Acosta-Moreta-1.jpg?resize=700%2C400&ssl=1 2x"},"classes":[]},{"id":83111,"url":"https:\/\/lasprimeras.com.do\/index.php\/2024\/05\/10\/roberto-angel-encabeza-recorrido-junto-a-guillermo-moreno-por-barrios-de-la-capital\/","url_meta":{"origin":83102,"position":1},"title":"Roberto \u00c1ngel encabeza recorrido junto a Guillermo Moreno por barrios de la capital","author":"Nelson Feliz","date":"10 de mayo de 2024","format":false,"excerpt":"Estuvieron acompa\u00f1ados de Alberto Atallah, coordinador y enlace de campa\u00f1a del PRM en el Distrito Nacional, y de Starling Alc\u00e1ntara, presidente de esta organizaci\u00f3n en la Circunscripci\u00f3n Uno, entre otros dirigentes. El miembro de la Direcci\u00f3n Ejecutiva del Partido Revolucionario Moderno (PRM), Roberto \u00c1ngel Salcedo, dio un espaldarazo al candidato\u2026","rel":"","context":"En \u00abPORTADA\u00bb","block_context":{"text":"PORTADA","link":"https:\/\/lasprimeras.com.do\/index.php\/category\/portada\/"},"img":{"alt_text":"Roberto \u00c1ngel Salcedo y Guillermo Moreno","src":"https:\/\/i0.wp.com\/lasprimeras.com.do\/wp-content\/uploads\/2024\/05\/Roberto-Angel-Salcedo-y-Guillermo-Moreno-1.jpg?resize=350%2C200&ssl=1","width":350,"height":200,"srcset":"https:\/\/i0.wp.com\/lasprimeras.com.do\/wp-content\/uploads\/2024\/05\/Roberto-Angel-Salcedo-y-Guillermo-Moreno-1.jpg?resize=350%2C200&ssl=1 1x, https:\/\/i0.wp.com\/lasprimeras.com.do\/wp-content\/uploads\/2024\/05\/Roberto-Angel-Salcedo-y-Guillermo-Moreno-1.jpg?resize=525%2C300&ssl=1 1.5x"},"classes":[]},{"id":73396,"url":"https:\/\/lasprimeras.com.do\/index.php\/2024\/01\/10\/prm-anuncia-candidatura-de-guillermo-moreno-a-senaduria-del-distrito-nacional\/","url_meta":{"origin":83102,"position":2},"title":"PRM anuncia candidatura de Guillermo Moreno a senadur\u00eda del Distrito Nacional","author":"BIMARY DE JES\u00daS Matos","date":"10 de enero de 2024","format":false,"excerpt":"Santo Domingo.-El Partido Revolucionario Moderno (PRM) ha hecho oficial el anuncio de Guillermo Moreno como su candidato para senador por el Distrito Nacional. El presidente del Partido Alianza Pa\u00eds ocupar\u00e1 el lugar de la actual senadora Faride Raful en la boleta electoral. Raful anunci\u00f3 que, debido a una \u00abdecisi\u00f3n estrat\u00e9gica\u00bb\u2026","rel":"","context":"En \u00abSin categor\u00eda\u00bb","block_context":{"text":"Sin categor\u00eda","link":"https:\/\/lasprimeras.com.do\/index.php\/category\/sin-categoria\/"},"img":{"alt_text":"","src":"https:\/\/i0.wp.com\/lasprimeras.com.do\/wp-content\/uploads\/2024\/01\/En-Ecuador-encapuchados-armados-tomaron-canal-de-television-mientras-transmitia-en-vivo-3-3.jpg?resize=350%2C200&ssl=1","width":350,"height":200,"srcset":"https:\/\/i0.wp.com\/lasprimeras.com.do\/wp-content\/uploads\/2024\/01\/En-Ecuador-encapuchados-armados-tomaron-canal-de-television-mientras-transmitia-en-vivo-3-3.jpg?resize=350%2C200&ssl=1 1x, https:\/\/i0.wp.com\/lasprimeras.com.do\/wp-content\/uploads\/2024\/01\/En-Ecuador-encapuchados-armados-tomaron-canal-de-television-mientras-transmitia-en-vivo-3-3.jpg?resize=525%2C300&ssl=1 1.5x"},"classes":[]},{"id":82147,"url":"https:\/\/lasprimeras.com.do\/index.php\/2024\/04\/29\/partidos-llaman-poblacion-a-ejercer-derecho-al-voto\/","url_meta":{"origin":83102,"position":3},"title":"Partidos llaman poblaci\u00f3n a ejercer derecho al voto","author":"BIMARY DE JES\u00daS Matos","date":"29 de abril de 2024","format":false,"excerpt":"Santo Domingo.- A tres semanas para las elecciones, los candidatos presidenciales y congresuales intensifican la campa\u00f1a y contin\u00faa la disputa por la primera vuelta. Pese a que el presidente Luis Abinader, se siente seguro, llama a los perremeistas a no descuidarse y contactar los posibles votantes del PRM. Adem\u00e1s, asegurarse\u2026","rel":"","context":"En \u00abSin categor\u00eda\u00bb","block_context":{"text":"Sin categor\u00eda","link":"https:\/\/lasprimeras.com.do\/index.php\/category\/sin-categoria\/"},"img":{"alt_text":"","src":"https:\/\/i0.wp.com\/lasprimeras.com.do\/wp-content\/uploads\/2024\/04\/%C2%BFa-que-hora-votan-los-candidatos-a-alcalde-en-elecciones-municipales-focus-0-0-608-342.webp?resize=350%2C200&ssl=1","width":350,"height":200,"srcset":"https:\/\/i0.wp.com\/lasprimeras.com.do\/wp-content\/uploads\/2024\/04\/%C2%BFa-que-hora-votan-los-candidatos-a-alcalde-en-elecciones-municipales-focus-0-0-608-342.webp?resize=350%2C200&ssl=1 1x, https:\/\/i0.wp.com\/lasprimeras.com.do\/wp-content\/uploads\/2024\/04\/%C2%BFa-que-hora-votan-los-candidatos-a-alcalde-en-elecciones-municipales-focus-0-0-608-342.webp?resize=525%2C300&ssl=1 1.5x"},"classes":[]},{"id":81769,"url":"https:\/\/lasprimeras.com.do\/index.php\/2024\/04\/24\/comerciantes-respaldan-candidatura-de-luis-abinader-y-guillermo-moreno\/","url_meta":{"origin":83102,"position":4},"title":"Comerciantes respaldan candidatura de Luis Abinader y Guillermo Moreno","author":"Nelson Feliz","date":"24 de abril de 2024","format":false,"excerpt":"Comerciantes dominicanos de Avanzada con Abinader (CODA) dio su respaldo a\u00a0 la reelecci\u00f3n del presidente Luis Abinader y a la candidatura senatorial por el Distrito Nacional de Guillermo Moreno, en un acto multitudinario realizado este martes. Durante el acto de apoyo, el presidente Abinader asegur\u00f3 que de ser favorecido con\u2026","rel":"","context":"En \u00abPORTADA\u00bb","block_context":{"text":"PORTADA","link":"https:\/\/lasprimeras.com.do\/index.php\/category\/portada\/"},"img":{"alt_text":"CODA","src":"https:\/\/i0.wp.com\/lasprimeras.com.do\/wp-content\/uploads\/2024\/04\/CODA-1.jpg?resize=350%2C200&ssl=1","width":350,"height":200,"srcset":"https:\/\/i0.wp.com\/lasprimeras.com.do\/wp-content\/uploads\/2024\/04\/CODA-1.jpg?resize=350%2C200&ssl=1 1x, https:\/\/i0.wp.com\/lasprimeras.com.do\/wp-content\/uploads\/2024\/04\/CODA-1.jpg?resize=525%2C300&ssl=1 1.5x"},"classes":[]},{"id":82761,"url":"https:\/\/lasprimeras.com.do\/index.php\/2024\/05\/07\/luis-el-gallo-visita-la-circunscripcion-3-del-distrito-nacional-en-apoyo-al-presidente-luis-abinader\/","url_meta":{"origin":83102,"position":5},"title":"Luis &#8220;El Gallo&#8221; visita la Circunscripci\u00f3n 3 del Distrito Nacional en apoyo al presidente Luis Abinader","author":"BIMARY DE JES\u00daS Matos","date":"7 de mayo de 2024","format":false,"excerpt":"RD.-El presidente del Partido Uni\u00f3n Dem\u00f3crata Cristiana (UDC), Luis \"El Gallo\", realiz\u00f3 una visita a diversos barrios de la Circunscripci\u00f3n 3 del Distrito Nacional con el prop\u00f3sito de respaldar al presidente Luis Abinader, Guillermo Moreno y a los candidatos a diputados de la zona. Durante su recorrido, \"El Gallo\" hizo\u2026","rel":"","context":"En \u00abNACIONALES\u00bb","block_context":{"text":"NACIONALES","link":"https:\/\/lasprimeras.com.do\/index.php\/category\/nacionales\/"},"img":{"alt_text":"","src":"https:\/\/i0.wp.com\/lasprimeras.com.do\/wp-content\/uploads\/2024\/05\/IMG-20240507-WA0029.jpg?resize=350%2C200&ssl=1","width":350,"height":200,"srcset":"https:\/\/i0.wp.com\/lasprimeras.com.do\/wp-content\/uploads\/2024\/05\/IMG-20240507-WA0029.jpg?resize=350%2C200&ssl=1 1x, https:\/\/i0.wp.com\/lasprimeras.com.do\/wp-content\/uploads\/2024\/05\/IMG-20240507-WA0029.jpg?resize=525%2C300&ssl=1 1.5x, https:\/\/i0.wp.com\/lasprimeras.com.do\/wp-content\/uploads\/2024\/05\/IMG-20240507-WA0029.jpg?resize=700%2C400&ssl=1 2x, https:\/\/i0.wp.com\/lasprimeras.com.do\/wp-content\/uploads\/2024\/05\/IMG-20240507-WA0029.jpg?resize=1050%2C600&ssl=1 3x"},"classes":[]}],"jetpack_sharing_enabled":true,"_links":{"self":[{"href":"https:\/\/lasprimeras.com.do\/index.php\/wp-json\/wp\/v2\/posts\/83102","targetHints":{"allow":["GET"]}}],"collection":[{"href":"https:\/\/lasprimeras.com.do\/index.php\/wp-json\/wp\/v2\/posts"}],"about":[{"href":"https:\/\/lasprimeras.com.do\/index.php\/wp-json\/wp\/v2\/types\/post"}],"author":[{"embeddable":true,"href":"https:\/\/lasprimeras.com.do\/index.php\/wp-json\/wp\/v2\/users\/3"}],"replies":[{"embeddable":true,"href":"https:\/\/lasprimeras.com.do\/index.php\/wp-json\/wp\/v2\/comments?post=83102"}],"version-history":[{"count":1,"href":"https:\/\/lasprimeras.com.do\/index.php\/wp-json\/wp\/v2\/posts\/83102\/revisions"}],"predecessor-version":[{"id":83104,"href":"https:\/\/lasprimeras.com.do\/index.php\/wp-json\/wp\/v2\/posts\/83102\/revisions\/83104"}],"wp:featuredmedia":[{"embeddable":true,"href":"https:\/\/lasprimeras.com.do\/index.php\/wp-json\/wp\/v2\/media\/83103"}],"wp:attachment":[{"href":"https:\/\/lasprimeras.com.do\/index.php\/wp-json\/wp\/v2\/media?parent=83102"}],"wp:term":[{"taxonomy":"category","embeddable":true,"href":"https:\/\/lasprimeras.com.do\/index.php\/wp-json\/wp\/v2\/categories?post=83102"},{"taxonomy":"post_tag","embeddable":true,"href":"https:\/\/lasprimeras.com.do\/index.php\/wp-json\/wp\/v2\/tags?post=83102"}],"curies":[{"name":"wp","href":"https:\/\/api.w.org\/{rel}","templated":true}]}}