{"id":83111,"date":"2024-05-10T16:36:00","date_gmt":"2024-05-10T20:36:00","guid":{"rendered":"https:\/\/lasprimeras.com.do\/?p=83111"},"modified":"2024-05-11T17:17:20","modified_gmt":"2024-05-11T21:17:20","slug":"roberto-angel-encabeza-recorrido-junto-a-guillermo-moreno-por-barrios-de-la-capital","status":"publish","type":"post","link":"https:\/\/lasprimeras.com.do\/index.php\/2024\/05\/10\/roberto-angel-encabeza-recorrido-junto-a-guillermo-moreno-por-barrios-de-la-capital\/","title":{"rendered":"Roberto \u00c1ngel encabeza recorrido junto a Guillermo Moreno por barrios de la capital"},"content":{"rendered":"\n<p><strong>Estuvieron acompa\u00f1ados de Alberto Atallah, coordinador y enlace de campa\u00f1a del PRM en el Distrito Nacional, y de Starling Alc\u00e1ntara, presidente de esta organizaci\u00f3n en la Circunscripci\u00f3n Uno, entre otros dirigentes.<\/strong><\/p>\n\n\n\n<p>El miembro de la Direcci\u00f3n Ejecutiva del Partido Revolucionario Moderno (PRM), Roberto \u00c1ngel Salcedo, dio un espaldarazo al candidato a senador por esta organizaci\u00f3n y aliados en el Distrito Nacional, Guillermo Moreno, a quien acompa\u00f1\u00f3 en un fervoroso recorrido y mano a mano en el sector Manganagua de Santo Domingo.<\/p>\n\n\n\n<p>Previo a esta actividad, Roberto \u00c1ngel y Moreno, acompa\u00f1ados de Alberto Atallah, tambi\u00e9n miembro de la Direcci\u00f3n Ejecutiva del PRM y coordinador general de campa\u00f1a en el Distrito Nacional, inauguraron el local de la Zona I-1, de esta demarcaci\u00f3n electoral.<\/p>\n\n\n\n<p>Al hablar en la inauguraci\u00f3n del local,&nbsp; Roberto \u00c1ngel dijo que la apertura de \u00e9ste y el mano a mano en Manganagua son un directo y efectivo contacto con la militancia perremeista y los&nbsp; electores de este sector, que habr\u00e1n de unificar los trabajos y los esfuerzos para ratificar el pr\u00f3ximo 19 de mayo a Luis Abinader en la Presidencia de la Rep\u00fablica, llevar a Guillermo Moreno al Senado y ganar cinco de las seis diputaciones de la Circunscripci\u00f3n Uno.<\/p>\n\n\n\n<p>&#8220;Estoy convencido que con la voluntad de Dios y el trabajo de todos ustedes, el domingo 19 de mayo volveremos a ganar, porque el cambio sigue y para la Rep\u00fablica Dominicana lo mejor est\u00e1 por venir&#8221;, expres\u00f3 el alto dirigente perremeista.<\/p>\n\n\n\n<p>Despu\u00e9s de su breve discurso habl\u00f3 Guillermo Moreno, quien record\u00f3 a los dirigentes perremeistas y aliados que faltan solo 9 d\u00edas para las elecciones presidenciales y congresuales, por lo cual los exhort\u00f3 a concentrarse en la b\u00fasqueda del voto casa a casa, calle a calle, por los callejones y todos los rincones del pa\u00eds para reelegir por cuatro a\u00f1os m\u00e1s a Luis Abinader y obtener la mayor\u00eda en el Congreso para que los cambios y transformaciones sigan.<\/p>\n\n\n\n<p>Concluida la inauguraci\u00f3n, Roberto \u00c1ngel, Moreno, Atallah y el presidente del PRM en la Circunscripci\u00f3n Uno, Starlin Alc\u00e1ntara, Giancarlos Vega y otros dirigentes encabezaron el mano a mano, que inici\u00f3 en la intersecci\u00f3n de las calles Guacanagarix con Hig\u00fcey, desplaz\u00e1ndose por callejuelas y callejones de La Chorrera.<\/p>\n\n\n\n<p>Durante el trayecto, recibieron efusivos saludos de los ciudadanos, amas de casa, comerciantes y transe\u00fantes, que les manifestaban su apoyo, mientras exhibir\u00e1n cartelones y banderas del PRM y de partidos aliados.<\/p>\n","protected":false},"excerpt":{"rendered":"<p>Estuvieron acompa\u00f1ados de Alberto Atallah, coordinador y enlace de campa\u00f1a del PRM en el Distrito Nacional, y de Starling Alc\u00e1ntara, presidente de esta organizaci\u00f3n en la Circunscripci\u00f3n Uno, entre otros&hellip;<\/p>\n","protected":false},"author":2,"featured_media":83112,"comment_status":"open","ping_status":"open","sticky":false,"template":"","format":"standard","meta":{"content-type":"","jetpack_post_was_ever_published":false,"_jetpack_newsletter_access":"","_jetpack_dont_email_post_to_subs":false,"_jetpack_newsletter_tier_id":0,"_jetpack_memberships_contains_paywalled_content":false,"_jetpack_memberships_contains_paid_content":false,"footnotes":""},"categories":[25],"tags":[5202,2492,2160,120,646],"class_list":["post-83111","post","type-post","status-publish","format-standard","has-post-thumbnail","hentry","category-portada","tag-barrios","tag-distrito-nacional","tag-guillermo-moreno","tag-recorrido","tag-roberto-angel-salcedo"],"jetpack_featured_media_url":"https:\/\/lasprimeras.com.do\/wp-content\/uploads\/2024\/05\/Roberto-Angel-Salcedo-y-Guillermo-Moreno-1.jpg","jetpack-related-posts":[{"id":76295,"url":"https:\/\/lasprimeras.com.do\/index.php\/2024\/02\/08\/roberto-angel-el-cambio-iniciado-por-abinader-es-irreversible-en-la-victoria-y-el-pais\/","url_meta":{"origin":83111,"position":0},"title":"Roberto \u00c1ngel: El cambio iniciado por Abinader es irreversible en La Victoria y el pais","author":"Nelson Feliz","date":"8 de febrero de 2024","format":false,"excerpt":"Recorre barrios y sectores del distrito municipal La Victoria, junto al dirigente nacional Francisco Guillermo Garc\u00eda, en apoyo al candidato alcalde Miguel Savi\u00f1\u00f3n (El Gringo). El miembro de la Direcci\u00f3n Ejecutiva del Partido Revolucionario Moderno (PRM), Roberto \u00c1ngel Salcedo, afirm\u00f3 que el proceso de cambio iniciado por el presidente Luis\u2026","rel":"","context":"En \u00abPORTADA\u00bb","block_context":{"text":"PORTADA","link":"https:\/\/lasprimeras.com.do\/index.php\/category\/portada\/"},"img":{"alt_text":"Roberto \u00c1ngel Salcedo","src":"https:\/\/i0.wp.com\/lasprimeras.com.do\/wp-content\/uploads\/2024\/02\/Roberto-Angel-Salcedo-1.jpg?resize=350%2C200&ssl=1","width":350,"height":200,"srcset":"https:\/\/i0.wp.com\/lasprimeras.com.do\/wp-content\/uploads\/2024\/02\/Roberto-Angel-Salcedo-1.jpg?resize=350%2C200&ssl=1 1x, https:\/\/i0.wp.com\/lasprimeras.com.do\/wp-content\/uploads\/2024\/02\/Roberto-Angel-Salcedo-1.jpg?resize=525%2C300&ssl=1 1.5x, https:\/\/i0.wp.com\/lasprimeras.com.do\/wp-content\/uploads\/2024\/02\/Roberto-Angel-Salcedo-1.jpg?resize=700%2C400&ssl=1 2x"},"classes":[]},{"id":61856,"url":"https:\/\/lasprimeras.com.do\/index.php\/2023\/10\/01\/roberto-angel-destaca-entusiasmo-y-orden-en-las-votaciones-primarias-del-prm\/","url_meta":{"origin":83111,"position":1},"title":"Roberto \u00c1ngel destaca entusiasmo y orden en las votaciones primarias del PRM","author":"Nelson Feliz","date":"1 de octubre de 2023","format":false,"excerpt":"Como enlace del partido recorre y supervisa los centros de votaci\u00f3n en Boca Chica y sus distritos municipales. El miembro de la Direcci\u00f3n Ejecutiva del Partido Revolucionario Moderno (PRM), Roberto \u00c1ngel Salcedo, destac\u00f3 el entusiasmo y el orden en las votaciones primarias del partido este domingo en Boca Chica. Defini\u00f3\u2026","rel":"","context":"En \u00abPORTADA\u00bb","block_context":{"text":"PORTADA","link":"https:\/\/lasprimeras.com.do\/index.php\/category\/portada\/"},"img":{"alt_text":"Roberto \u00c1ngel Salcedo","src":"https:\/\/i0.wp.com\/lasprimeras.com.do\/wp-content\/uploads\/2023\/10\/Roberto-Angel-Salcedo-4.jpg?resize=350%2C200&ssl=1","width":350,"height":200,"srcset":"https:\/\/i0.wp.com\/lasprimeras.com.do\/wp-content\/uploads\/2023\/10\/Roberto-Angel-Salcedo-4.jpg?resize=350%2C200&ssl=1 1x, https:\/\/i0.wp.com\/lasprimeras.com.do\/wp-content\/uploads\/2023\/10\/Roberto-Angel-Salcedo-4.jpg?resize=525%2C300&ssl=1 1.5x, https:\/\/i0.wp.com\/lasprimeras.com.do\/wp-content\/uploads\/2023\/10\/Roberto-Angel-Salcedo-4.jpg?resize=700%2C400&ssl=1 2x"},"classes":[]},{"id":73513,"url":"https:\/\/lasprimeras.com.do\/index.php\/2024\/01\/12\/roberto-angel-asegura-prm-ganara-arrolladoramente-mayoria-de-alcaldias-y-distritos-municipales-en-febrero-2\/","url_meta":{"origin":83111,"position":2},"title":"Roberto \u00c1ngel asegura PRM ganar\u00e1 arrolladoramente mayor\u00eda de alcald\u00edas y distritos municipales en febrero","author":"BIMARY DE JES\u00daS Matos","date":"12 de enero de 2024","format":false,"excerpt":"San Luis -El miembro de la Direcci\u00f3n Ejecutiva del Partido Revolucionario Moderno (PRM) Roberto \u00c1ngel Salcedo realiz\u00f3 este jueves un recorrido de apoyo a Wendy Cepeda, candidata a alcaldesa del distrito municipal San Luis, provincia Santo Domingo, donde asegur\u00f3 que esa organizaci\u00f3n pol\u00edtica ganar\u00e1 arrolladoramente la inmensa mayor\u00eda de alcald\u00edas\u2026","rel":"","context":"En \u00abSin categor\u00eda\u00bb","block_context":{"text":"Sin categor\u00eda","link":"https:\/\/lasprimeras.com.do\/index.php\/category\/sin-categoria\/"},"img":{"alt_text":"","src":"https:\/\/i0.wp.com\/lasprimeras.com.do\/wp-content\/uploads\/2024\/01\/WhatsApp-Image-2024-01-12-at-10.09.00-AM.jpeg?resize=350%2C200&ssl=1","width":350,"height":200,"srcset":"https:\/\/i0.wp.com\/lasprimeras.com.do\/wp-content\/uploads\/2024\/01\/WhatsApp-Image-2024-01-12-at-10.09.00-AM.jpeg?resize=350%2C200&ssl=1 1x, https:\/\/i0.wp.com\/lasprimeras.com.do\/wp-content\/uploads\/2024\/01\/WhatsApp-Image-2024-01-12-at-10.09.00-AM.jpeg?resize=525%2C300&ssl=1 1.5x, https:\/\/i0.wp.com\/lasprimeras.com.do\/wp-content\/uploads\/2024\/01\/WhatsApp-Image-2024-01-12-at-10.09.00-AM.jpeg?resize=700%2C400&ssl=1 2x, https:\/\/i0.wp.com\/lasprimeras.com.do\/wp-content\/uploads\/2024\/01\/WhatsApp-Image-2024-01-12-at-10.09.00-AM.jpeg?resize=1050%2C600&ssl=1 3x"},"classes":[]},{"id":73492,"url":"https:\/\/lasprimeras.com.do\/index.php\/2024\/01\/11\/roberto-angel-asegura-prm-ganara-arrolladoramente-mayoria-de-alcaldias-y-distritos-municipales-en-febrero\/","url_meta":{"origin":83111,"position":3},"title":"Roberto \u00c1ngel asegura PRM ganar\u00e1 arrolladoramente mayor\u00eda de alcald\u00edas y distritos municipales en febrero","author":"BIMARY DE JES\u00daS Matos","date":"11 de enero de 2024","format":false,"excerpt":"San Luis -El miembro de la Direcci\u00f3n Ejecutiva del Partido Revolucionario Moderno (PRM) Roberto \u00c1ngel Salcedo realiz\u00f3 este jueves un recorrido de apoyo a Wendy Cepeda, candidata a alcaldesa del distrito municipal San Luis, provincia Santo Domingo, donde asegur\u00f3 que esa organizaci\u00f3n pol\u00edtica ganar\u00e1 arrolladoramente la inmensa mayor\u00eda de alcald\u00edas\u2026","rel":"","context":"En \u00abSin categor\u00eda\u00bb","block_context":{"text":"Sin categor\u00eda","link":"https:\/\/lasprimeras.com.do\/index.php\/category\/sin-categoria\/"},"img":{"alt_text":"","src":"https:\/\/i0.wp.com\/lasprimeras.com.do\/wp-content\/uploads\/2024\/01\/WhatsApp-Image-2024-01-11-at-9.04.36-PM-3.jpeg?resize=350%2C200&ssl=1","width":350,"height":200,"srcset":"https:\/\/i0.wp.com\/lasprimeras.com.do\/wp-content\/uploads\/2024\/01\/WhatsApp-Image-2024-01-11-at-9.04.36-PM-3.jpeg?resize=350%2C200&ssl=1 1x, https:\/\/i0.wp.com\/lasprimeras.com.do\/wp-content\/uploads\/2024\/01\/WhatsApp-Image-2024-01-11-at-9.04.36-PM-3.jpeg?resize=525%2C300&ssl=1 1.5x, https:\/\/i0.wp.com\/lasprimeras.com.do\/wp-content\/uploads\/2024\/01\/WhatsApp-Image-2024-01-11-at-9.04.36-PM-3.jpeg?resize=700%2C400&ssl=1 2x, https:\/\/i0.wp.com\/lasprimeras.com.do\/wp-content\/uploads\/2024\/01\/WhatsApp-Image-2024-01-11-at-9.04.36-PM-3.jpeg?resize=1050%2C600&ssl=1 3x"},"classes":[]},{"id":67046,"url":"https:\/\/lasprimeras.com.do\/index.php\/2023\/11\/12\/roberto-angel-vaticina-contundente-victoria-de-candidatos-del-prm-en-santiago\/","url_meta":{"origin":83111,"position":4},"title":"Roberto \u00c1ngel vaticina contundente victoria de candidatos del PRM en Santiago","author":"Nelson Feliz","date":"12 de noviembre de 2023","format":false,"excerpt":"Participa este domingo junto a dirigentes del PRM en actos masivos de apoyo a los aspirantes a dirigir los municipios de Santiago y Santiago Oeste (Cienfuegos) El miembro de la Direcci\u00f3n Ejecutiva del Partido Revolucionario Moderno (PRM), Roberto \u00c1ngel Salcedo, dio un total respaldo a las candidaturas de Ulises Rodr\u00edguez,\u2026","rel":"","context":"En \u00abPORTADA\u00bb","block_context":{"text":"PORTADA","link":"https:\/\/lasprimeras.com.do\/index.php\/category\/portada\/"},"img":{"alt_text":"Roberto \u00c1ngel Salcedo","src":"https:\/\/i0.wp.com\/lasprimeras.com.do\/wp-content\/uploads\/2023\/11\/Roberto-Angel-Salcedo-1-1.jpg?resize=350%2C200&ssl=1","width":350,"height":200,"srcset":"https:\/\/i0.wp.com\/lasprimeras.com.do\/wp-content\/uploads\/2023\/11\/Roberto-Angel-Salcedo-1-1.jpg?resize=350%2C200&ssl=1 1x, https:\/\/i0.wp.com\/lasprimeras.com.do\/wp-content\/uploads\/2023\/11\/Roberto-Angel-Salcedo-1-1.jpg?resize=525%2C300&ssl=1 1.5x, https:\/\/i0.wp.com\/lasprimeras.com.do\/wp-content\/uploads\/2023\/11\/Roberto-Angel-Salcedo-1-1.jpg?resize=700%2C400&ssl=1 2x"},"classes":[]},{"id":74095,"url":"https:\/\/lasprimeras.com.do\/index.php\/2024\/01\/18\/roberto-angella-gente-de-pantoja-y-la-guayiga-garantiza-contundente-victoria-al-prm\/","url_meta":{"origin":83111,"position":5},"title":"Roberto \u00c1ngel:&#8221;La gente de Pantoja y La Gu\u00e1yiga garantiza contundente victoria al PRM&#8221;","author":"Nelson Feliz","date":"18 de enero de 2024","format":false,"excerpt":"El miembro de la Direcci\u00f3n Ejecutiva del Partido Revolucionario Moderno (PRM), Roberto \u00c1ngel Salcedo, asegur\u00f3 que esta organizaci\u00f3n pol\u00edtica conservar\u00e1 m\u00e1s all\u00e1 del 2024 la direcci\u00f3n de las alcald\u00edas de Pantoja y La Gu\u00e1yiga, de Santo Domingo, debido al gran apoyo que recibe de la gente de esas demarcaciones electorales.\u2026","rel":"","context":"En \u00abPORTADA\u00bb","block_context":{"text":"PORTADA","link":"https:\/\/lasprimeras.com.do\/index.php\/category\/portada\/"},"img":{"alt_text":"robertico","src":"https:\/\/i0.wp.com\/lasprimeras.com.do\/wp-content\/uploads\/2024\/01\/robertico-1.jpg?resize=350%2C200&ssl=1","width":350,"height":200,"srcset":"https:\/\/i0.wp.com\/lasprimeras.com.do\/wp-content\/uploads\/2024\/01\/robertico-1.jpg?resize=350%2C200&ssl=1 1x, https:\/\/i0.wp.com\/lasprimeras.com.do\/wp-content\/uploads\/2024\/01\/robertico-1.jpg?resize=525%2C300&ssl=1 1.5x, https:\/\/i0.wp.com\/lasprimeras.com.do\/wp-content\/uploads\/2024\/01\/robertico-1.jpg?resize=700%2C400&ssl=1 2x"},"classes":[]}],"jetpack_sharing_enabled":true,"_links":{"self":[{"href":"https:\/\/lasprimeras.com.do\/index.php\/wp-json\/wp\/v2\/posts\/83111","targetHints":{"allow":["GET"]}}],"collection":[{"href":"https:\/\/lasprimeras.com.do\/index.php\/wp-json\/wp\/v2\/posts"}],"about":[{"href":"https:\/\/lasprimeras.com.do\/index.php\/wp-json\/wp\/v2\/types\/post"}],"author":[{"embeddable":true,"href":"https:\/\/lasprimeras.com.do\/index.php\/wp-json\/wp\/v2\/users\/2"}],"replies":[{"embeddable":true,"href":"https:\/\/lasprimeras.com.do\/index.php\/wp-json\/wp\/v2\/comments?post=83111"}],"version-history":[{"count":1,"href":"https:\/\/lasprimeras.com.do\/index.php\/wp-json\/wp\/v2\/posts\/83111\/revisions"}],"predecessor-version":[{"id":83113,"href":"https:\/\/lasprimeras.com.do\/index.php\/wp-json\/wp\/v2\/posts\/83111\/revisions\/83113"}],"wp:featuredmedia":[{"embeddable":true,"href":"https:\/\/lasprimeras.com.do\/index.php\/wp-json\/wp\/v2\/media\/83112"}],"wp:attachment":[{"href":"https:\/\/lasprimeras.com.do\/index.php\/wp-json\/wp\/v2\/media?parent=83111"}],"wp:term":[{"taxonomy":"category","embeddable":true,"href":"https:\/\/lasprimeras.com.do\/index.php\/wp-json\/wp\/v2\/categories?post=83111"},{"taxonomy":"post_tag","embeddable":true,"href":"https:\/\/lasprimeras.com.do\/index.php\/wp-json\/wp\/v2\/tags?post=83111"}],"curies":[{"name":"wp","href":"https:\/\/api.w.org\/{rel}","templated":true}]}}