{"id":83114,"date":"2024-05-11T16:46:27","date_gmt":"2024-05-11T20:46:27","guid":{"rendered":"https:\/\/lasprimeras.com.do\/?p=83114"},"modified":"2024-05-11T16:46:29","modified_gmt":"2024-05-11T20:46:29","slug":"anadegas-recibe-visita-del-director-de-indocal","status":"publish","type":"post","link":"https:\/\/lasprimeras.com.do\/index.php\/2024\/05\/11\/anadegas-recibe-visita-del-director-de-indocal\/","title":{"rendered":"Anadegas recibe visita del director de INDOCAL"},"content":{"rendered":"\n<p class=\"wp-block-paragraph\"><strong>Solicitan pr\u00f3rroga para re-certificaci\u00f3n de t\u00e9cnicos.<\/strong><\/p>\n\n\n\n<p class=\"wp-block-paragraph\">La Asociaci\u00f3n Nacional de Detallistas de Gasolina (ANADEGAS) recibi\u00f3 en sus instalaciones la visita del director del Instituto Dominicano para la Calidad (INDOCAL), ingeniero Lorenzo Ram\u00edrez.<\/p>\n\n\n\n<p class=\"wp-block-paragraph\">Miembros de esa entidad, expresaron sus preocupaciones sobre algunas irregularidades que han afectado a varias estaciones de combustibles afiliadas a la asociaci\u00f3n, como muestra injusta de las pol\u00edticas de control de caridad y el cierre de mangueras por reparaciones sin una justificaci\u00f3n clara ante los hechos.<\/p>\n\n\n\n<p class=\"wp-block-paragraph\">As\u00ed como la desautorizaci\u00f3n de certificaciones emitidas tras entrenamientos realizados por las compa\u00f1\u00edas, lo cual ha generado demoras en la prestaci\u00f3n de servicios continuos a los consumidores.<\/p>\n\n\n\n<p class=\"wp-block-paragraph\">ANADEGAS demanda explicaciones y soluciones por parte de (INDOCAL) para abordar estas anormalidades injustas por parte de las autoridades correspondientes y garantizar un ambiente de trabajo equitativo y transparente para todas las estaciones de combustibles en el pa\u00eds.<\/p>\n\n\n\n<p class=\"wp-block-paragraph\">Afirmo que la asociaci\u00f3n est\u00e1 comprometida con la calidad y la seguridad en el sector de los combustibles como es su tradici\u00f3n por m\u00e1s de 64 a\u00f1os esperando una pronta respuesta por parte de las autoridades competentes, seg\u00fan informo.<\/p>\n\n\n\n<p class=\"wp-block-paragraph\">Anadegas solicit\u00f3 una pr\u00f3rroga de 90 d\u00edas para la re-certificaci\u00f3n de sus t\u00e9cnicos.<\/p>\n\n\n\n<p class=\"wp-block-paragraph\">De su lado, Juan El\u00edas P\u00e9rez, presidente de ANADEGAS, expres\u00f3 su compromiso con la excelencia en el servicio de los combustibles ofrecidos por la instituci\u00f3n.<\/p>\n\n\n\n<p class=\"wp-block-paragraph\">Destac\u00f3 la importancia de mantener una relaci\u00f3n de colaboraci\u00f3n con INDOCAL para garantizar la confianza de los consumidores y el crecimiento continuo de la empresa en lo que se refiere a los est\u00e1ndares que rigen bajo las normas ISO.<\/p>\n","protected":false},"excerpt":{"rendered":"<p>Solicitan pr\u00f3rroga para re-certificaci\u00f3n de t\u00e9cnicos. La Asociaci\u00f3n Nacional de Detallistas de Gasolina (ANADEGAS) recibi\u00f3 en sus instalaciones la visita del director del Instituto Dominicano para la Calidad (INDOCAL), ingeniero&hellip;<\/p>\n","protected":false},"author":2,"featured_media":83115,"comment_status":"open","ping_status":"open","sticky":false,"template":"","format":"standard","meta":{"content-type":"","_jetpack_newsletter_access":"","_jetpack_dont_email_post_to_subs":false,"_jetpack_newsletter_tier_id":0,"_jetpack_memberships_contains_paywalled_content":false,"_jetpack_feature_clip_id":0,"_jetpack_memberships_contains_paid_content":false,"footnotes":"","jetpack_post_was_ever_published":false},"categories":[39],"tags":[506],"class_list":["post-83114","post","type-post","status-publish","format-standard","has-post-thumbnail","hentry","category-economia","tag-anadegas"],"jetpack-related-posts":[{"id":124390,"url":"https:\/\/lasprimeras.com.do\/index.php\/2026\/03\/11\/anadegas-denuncia-persecucion-provocadora-del-director-del-ceccom-contra-detallistas-de-combustibles\/","url_meta":{"origin":83114,"position":0},"title":"Anadegas denuncia persecuci\u00f3n &#8220;provocadora&#8221; del director del Ceccom contra detallistas de combustibles","author":"Nelson Feliz","date":"11 de marzo de 2026","format":false,"excerpt":"El presidente de la Asociaci\u00f3n Nacional de Detallistas de Gasolina (Anadegas), Juan El\u00edas P\u00e9rez, denunci\u00f3 hoy una campa\u00f1a de persecuci\u00f3n y hostigamiento dirigida por el director del Cuerpo Especializado de Control de Combustibles (Ceccom), el general de brigada Orlando Jerez, la cual tild\u00f3 de \"perturbadora\" para el sector. P\u00e9rez afirm\u00f3\u2026","rel":"","context":"En \u00abECONOM\u00cdA\u00bb","block_context":{"text":"ECONOM\u00cdA","link":"https:\/\/lasprimeras.com.do\/index.php\/category\/economia\/"},"img":{"alt_text":"","src":"https:\/\/i0.wp.com\/lasprimeras.com.do\/wp-content\/uploads\/2026\/03\/Anadegas-en-reunion.jpg?resize=350%2C200&ssl=1","width":350,"height":200,"srcset":"https:\/\/i0.wp.com\/lasprimeras.com.do\/wp-content\/uploads\/2026\/03\/Anadegas-en-reunion.jpg?resize=350%2C200&ssl=1 1x, https:\/\/i0.wp.com\/lasprimeras.com.do\/wp-content\/uploads\/2026\/03\/Anadegas-en-reunion.jpg?resize=525%2C300&ssl=1 1.5x, https:\/\/i0.wp.com\/lasprimeras.com.do\/wp-content\/uploads\/2026\/03\/Anadegas-en-reunion.jpg?resize=700%2C400&ssl=1 2x"},"classes":[]},{"id":127908,"url":"https:\/\/lasprimeras.com.do\/index.php\/2026\/04\/17\/anadegas-participa-en-la-66-convencion-del-claec-en-honduras\/","url_meta":{"origin":83114,"position":1},"title":"ANADEGAS participa en la 66 convenci\u00f3n del CLAEC en Honduras","author":"Nelson Feliz","date":"17 de abril de 2026","format":false,"excerpt":"La Asociaci\u00f3n Nacional de Detallistas de Combustibles ANADEGAS particip\u00f3 de manera destacada en la 66\u00aa Convenci\u00f3n del CLAEC, un evento clave para el sector. Este se celebr\u00f3 del 15 al 17 de abril en Tela, Atl\u00e1ntida, Honduras. La delegaci\u00f3n dominicana estuvo compuesta por el presidente de ANADEGAS, Juan El\u00edas P\u00e9rez,\u2026","rel":"","context":"En \u00abNACIONALES\u00bb","block_context":{"text":"NACIONALES","link":"https:\/\/lasprimeras.com.do\/index.php\/category\/nacionales\/"},"img":{"alt_text":"","src":"https:\/\/i0.wp.com\/lasprimeras.com.do\/wp-content\/uploads\/2026\/04\/IMG-20260417-WA0381.jpg?resize=350%2C200&ssl=1","width":350,"height":200,"srcset":"https:\/\/i0.wp.com\/lasprimeras.com.do\/wp-content\/uploads\/2026\/04\/IMG-20260417-WA0381.jpg?resize=350%2C200&ssl=1 1x, https:\/\/i0.wp.com\/lasprimeras.com.do\/wp-content\/uploads\/2026\/04\/IMG-20260417-WA0381.jpg?resize=525%2C300&ssl=1 1.5x, https:\/\/i0.wp.com\/lasprimeras.com.do\/wp-content\/uploads\/2026\/04\/IMG-20260417-WA0381.jpg?resize=700%2C400&ssl=1 2x"},"classes":[]},{"id":134034,"url":"https:\/\/lasprimeras.com.do\/index.php\/2026\/07\/05\/anadegas-acepta-mediacion-del-gobierno-para-solucionar-conflicto-sobre-uso-verifone\/","url_meta":{"origin":83114,"position":2},"title":"ANADEGAS acepta mediaci\u00f3n del Gobierno para solucionar conflicto sobre uso Verifone","author":"Nelson Feliz","date":"5 de julio de 2026","format":false,"excerpt":"Santo Domingo. La Asociaci\u00f3n Nacional de Detallistas de Gasolinas ANADEGAS inform\u00f3 que acept\u00f3 la propuesta de mediaci\u00f3n impulsada por el Ministerio de Industria, Comercio y Mipymes y Pro Consumidor para buscar una soluci\u00f3n al conflicto generado por los costos del uso de los equipos Verifone en las estaciones de combustibles.\u2026","rel":"","context":"En \u00abECONOM\u00cdA\u00bb","block_context":{"text":"ECONOM\u00cdA","link":"https:\/\/lasprimeras.com.do\/index.php\/category\/economia\/"},"img":{"alt_text":"ANADEGAS","src":"https:\/\/i0.wp.com\/lasprimeras.com.do\/wp-content\/uploads\/2023\/12\/ANADEGAS.jpg?resize=350%2C200&ssl=1","width":350,"height":200,"srcset":"https:\/\/i0.wp.com\/lasprimeras.com.do\/wp-content\/uploads\/2023\/12\/ANADEGAS.jpg?resize=350%2C200&ssl=1 1x, https:\/\/i0.wp.com\/lasprimeras.com.do\/wp-content\/uploads\/2023\/12\/ANADEGAS.jpg?resize=525%2C300&ssl=1 1.5x, https:\/\/i0.wp.com\/lasprimeras.com.do\/wp-content\/uploads\/2023\/12\/ANADEGAS.jpg?resize=700%2C400&ssl=1 2x"},"classes":[]},{"id":133600,"url":"https:\/\/lasprimeras.com.do\/index.php\/2026\/06\/29\/anadegas-retirara-verifones-de-780-estaciones-de-combustibles-del-pais\/","url_meta":{"origin":83114,"position":3},"title":"ANADEGAS retirar\u00e1 verifones de 780 estaciones de combustibles del pais","author":"Nelson Feliz","date":"29 de junio de 2026","format":false,"excerpt":"Santo Domingo.\u2013 La Asociaci\u00f3n Nacional de Detallistas de Gasolinas ANADEGAS advirti\u00f3 que podr\u00eda retirar de manera masiva los terminales de pago electr\u00f3nico Verifone de sus aproximadamente 780 estaciones de combustibles en todo el pa\u00eds, debido a lo que califica como cobros excesivos por parte de las empresas financieras que administran\u2026","rel":"","context":"En \u00abECONOM\u00cdA\u00bb","block_context":{"text":"ECONOM\u00cdA","link":"https:\/\/lasprimeras.com.do\/index.php\/category\/economia\/"},"img":{"alt_text":"","src":"https:\/\/i0.wp.com\/lasprimeras.com.do\/wp-content\/uploads\/2026\/06\/IMG-20260629-WA0039.jpg?resize=350%2C200&ssl=1","width":350,"height":200,"srcset":"https:\/\/i0.wp.com\/lasprimeras.com.do\/wp-content\/uploads\/2026\/06\/IMG-20260629-WA0039.jpg?resize=350%2C200&ssl=1 1x, https:\/\/i0.wp.com\/lasprimeras.com.do\/wp-content\/uploads\/2026\/06\/IMG-20260629-WA0039.jpg?resize=525%2C300&ssl=1 1.5x"},"classes":[]},{"id":136945,"url":"https:\/\/lasprimeras.com.do\/index.php\/2026\/08\/10\/anadegas-dice-descuido-en-la-dgii-provoca-problemas-en-las-estaciones-de-combustibles\/","url_meta":{"origin":83114,"position":4},"title":"ANADEGAS dice descuido en la DGII provoca problemas en las estaciones de combustibles","author":"Nelson Feliz","date":"10 de agosto de 2026","format":false,"excerpt":"Santo Domingo, RD. El vicepresidente de la Asociaci\u00f3n Nacional de Detallistas de Gasolinas ANADEGAS, Juan Carlos M\u00e1ta, afirm\u00f3 que la falta de aplicaci\u00f3n de disposiciones establecidas en la Ley General de Gesti\u00f3n Integral y Coprocesamiento de Residuos S\u00f3lidos est\u00e1 generando serias dificultades e incertidumbre en las estaciones de combustibles de\u2026","rel":"","context":"En \u00abPORTADA\u00bb","block_context":{"text":"PORTADA","link":"https:\/\/lasprimeras.com.do\/index.php\/category\/portada\/"},"img":{"alt_text":"","src":"https:\/\/i0.wp.com\/lasprimeras.com.do\/wp-content\/uploads\/2026\/08\/IMG-20260810-WA0028.jpg?resize=350%2C200&ssl=1","width":350,"height":200,"srcset":"https:\/\/i0.wp.com\/lasprimeras.com.do\/wp-content\/uploads\/2026\/08\/IMG-20260810-WA0028.jpg?resize=350%2C200&ssl=1 1x, https:\/\/i0.wp.com\/lasprimeras.com.do\/wp-content\/uploads\/2026\/08\/IMG-20260810-WA0028.jpg?resize=525%2C300&ssl=1 1.5x, https:\/\/i0.wp.com\/lasprimeras.com.do\/wp-content\/uploads\/2026\/08\/IMG-20260810-WA0028.jpg?resize=700%2C400&ssl=1 2x, https:\/\/i0.wp.com\/lasprimeras.com.do\/wp-content\/uploads\/2026\/08\/IMG-20260810-WA0028.jpg?resize=1050%2C600&ssl=1 3x"},"classes":[]},{"id":48850,"url":"https:\/\/lasprimeras.com.do\/index.php\/2023\/05\/04\/asesor-de-anadegas-denuncia-irregularidades-en-el-subcidio-de-combustible\/","url_meta":{"origin":83114,"position":5},"title":"Asesor de Anadegas denuncia irregularidades en el subcidio de combustible","author":"prenxa100","date":"4 de mayo de 2023","format":false,"excerpt":"Santo Domingo.-. El asesor de la Asociaci\u00f3n Nacional de Detallistas de Gasolina (ANADEGAS), Juan Ignacio Espalliat, declar\u00f3 que no hay transparencia en el manejo del subsidio al combustible. El ex presidente de ANADEGAS, manifest\u00f3 que el ministerio de Industria y Comercio se ha coaligado con los operadores de terminales y\u2026","rel":"","context":"En \u00abECONOM\u00cdA\u00bb","block_context":{"text":"ECONOM\u00cdA","link":"https:\/\/lasprimeras.com.do\/index.php\/category\/economia\/"},"img":{"alt_text":"","src":"","width":0,"height":0},"classes":[]}],"jetpack_sharing_enabled":true,"jetpack_featured_media_url":"https:\/\/lasprimeras.com.do\/wp-content\/uploads\/2024\/05\/ANADEGAS.jpg","_links":{"self":[{"href":"https:\/\/lasprimeras.com.do\/index.php\/wp-json\/wp\/v2\/posts\/83114","targetHints":{"allow":["GET"]}}],"collection":[{"href":"https:\/\/lasprimeras.com.do\/index.php\/wp-json\/wp\/v2\/posts"}],"about":[{"href":"https:\/\/lasprimeras.com.do\/index.php\/wp-json\/wp\/v2\/types\/post"}],"author":[{"embeddable":true,"href":"https:\/\/lasprimeras.com.do\/index.php\/wp-json\/wp\/v2\/users\/2"}],"replies":[{"embeddable":true,"href":"https:\/\/lasprimeras.com.do\/index.php\/wp-json\/wp\/v2\/comments?post=83114"}],"version-history":[{"count":1,"href":"https:\/\/lasprimeras.com.do\/index.php\/wp-json\/wp\/v2\/posts\/83114\/revisions"}],"predecessor-version":[{"id":83116,"href":"https:\/\/lasprimeras.com.do\/index.php\/wp-json\/wp\/v2\/posts\/83114\/revisions\/83116"}],"wp:featuredmedia":[{"embeddable":true,"href":"https:\/\/lasprimeras.com.do\/index.php\/wp-json\/wp\/v2\/media\/83115"}],"wp:attachment":[{"href":"https:\/\/lasprimeras.com.do\/index.php\/wp-json\/wp\/v2\/media?parent=83114"}],"wp:term":[{"taxonomy":"category","embeddable":true,"href":"https:\/\/lasprimeras.com.do\/index.php\/wp-json\/wp\/v2\/categories?post=83114"},{"taxonomy":"post_tag","embeddable":true,"href":"https:\/\/lasprimeras.com.do\/index.php\/wp-json\/wp\/v2\/tags?post=83114"}],"curies":[{"name":"wp","href":"https:\/\/api.w.org\/{rel}","templated":true}]}}