{"id":83131,"date":"2024-05-12T17:43:45","date_gmt":"2024-05-12T21:43:45","guid":{"rendered":"https:\/\/lasprimeras.com.do\/?p=83131"},"modified":"2024-05-12T17:43:46","modified_gmt":"2024-05-12T21:43:46","slug":"sindicato-de-hoteles-concluye-huelga-en-las-vegas","status":"publish","type":"post","link":"https:\/\/lasprimeras.com.do\/index.php\/2024\/05\/12\/sindicato-de-hoteles-concluye-huelga-en-las-vegas\/","title":{"rendered":"Sindicato de hoteles concluye huelga en Las Vegas"},"content":{"rendered":"\n<p>LAS VEGAS (AP) \u2014 El mayor sindicato de Nevada concluy\u00f3 el domingo un paro de 48 horas que buscaba presionar al Virgin Hotels Las Vegas a acceder a un nuevo contrato de cinco a\u00f1os sobre sueldos y beneficios.<\/p>\n\n\n\n<p>M\u00e1s de 700 trabajadores del sindicato Culinary Union Local 226 se fueron a la huelga en el hotel\/casino de 1.500 habitaciones el viernes en la ma\u00f1ana y concluyeron su medida el domingo en la ma\u00f1ana. Las negociaciones sobre el contrato deber\u00e1n reanudarse el martes.<\/p>\n\n\n\n<p>Personal de limpieza, servidores de comida y bebidas, porteros, cocineros, bartenders y personal de lavander\u00eda estaban entre los que se fueron a la huelga frente al Virgin Hotels, que antes se llamaba Hard Rock Las Vegas.<\/p>\n\n\n\n<p>Ted Pappageorge, secretario-tesorero del sindicato, dijo que el paro ayudar\u00e1 a agilizar el nuevo contrato. El contrato del sindicato con Virgin Hotels expir\u00f3 hace 11 meses.<\/p>\n\n\n\n<p>Hace poco, los sindicalizados en otras propiedades del \u00e1rea de Las Vegas llegaron a acuerdos en que consiguieron aumentos de aproximadamente 32% en cinco a\u00f1os, incluyendo 10% en el primer a\u00f1o.<\/p>\n\n\n\n<p>La \u00faltima vez que los sindicalizados de Culinary Union se fueron a la huelga fue en 2002, en el hotel\/casino Golden Gate en Las Vegas.<\/p>\n\n\n\n<p>Virgin Hotels presentaron una denuncia en la Junta Nacional de Relaciones Laborales la semana pasada, previo a la huelga, acusando al sindicato de no negociar de buena fe. Pappageorge rechaz\u00f3 la acusaci\u00f3n.<\/p>\n\n\n\n<p>El a\u00f1o pasado, el sindicato autoriz\u00f3 una huelga en toda la ciudad justo antes de que Las Vegas recibiera al Super Bowl. Pero eventualmente lleg\u00f3 a un acuerdo con los hoteles\/casinos para unos 40.000 trabajadores, y para otros 10.000 en otros locales.<\/p>\n","protected":false},"excerpt":{"rendered":"<p>LAS VEGAS (AP) \u2014 El mayor sindicato de Nevada concluy\u00f3 el domingo un paro de 48 horas que buscaba presionar al Virgin Hotels Las Vegas a acceder a un nuevo&hellip;<\/p>\n","protected":false},"author":2,"featured_media":83132,"comment_status":"open","ping_status":"open","sticky":false,"template":"","format":"standard","meta":{"content-type":"","jetpack_post_was_ever_published":false,"_jetpack_newsletter_access":"","_jetpack_dont_email_post_to_subs":false,"_jetpack_newsletter_tier_id":0,"_jetpack_memberships_contains_paywalled_content":false,"_jetpack_memberships_contains_paid_content":false,"footnotes":""},"categories":[376],"tags":[12893,1132,12894,1768],"class_list":["post-83131","post","type-post","status-publish","format-standard","has-post-thumbnail","hentry","category-turismo","tag-hoteles","tag-huelga","tag-las-vegas","tag-sindicato"],"jetpack_featured_media_url":"https:\/\/lasprimeras.com.do\/wp-content\/uploads\/2024\/05\/Labor-3-2.jpg","jetpack-related-posts":[{"id":54753,"url":"https:\/\/lasprimeras.com.do\/index.php\/2023\/07\/13\/el-sindicato-de-actores-de-ee-uu-se-declara-en-huelga-y-tiembla-hollywood\/","url_meta":{"origin":83131,"position":0},"title":"El Sindicato de Actores de EE.UU. se declara en huelga y tiembla Hollywood","author":"Nelson Feliz","date":"13 de julio de 2023","format":false,"excerpt":"Hollywood atraviesa una de sus peores crisis. El Sindicato de Actores se une al Sindicato de Guionistas y ahora ambos gremios protagonizan una huelga simult\u00e1nea. Por: Clary Castro El Sindicato de Actores de Estados Unidos se ha declarado oficialmente en huelga. Las negociaciones que estos sostuvieron con los estudios de\u2026","rel":"","context":"En \u00abENTRETENIMIENTO\u00bb","block_context":{"text":"ENTRETENIMIENTO","link":"https:\/\/lasprimeras.com.do\/index.php\/category\/entretenimiento\/"},"img":{"alt_text":"","src":"https:\/\/i0.wp.com\/lasprimeras.com.do\/wp-content\/uploads\/2023\/07\/CINE.jpg?resize=350%2C200&ssl=1","width":350,"height":200,"srcset":"https:\/\/i0.wp.com\/lasprimeras.com.do\/wp-content\/uploads\/2023\/07\/CINE.jpg?resize=350%2C200&ssl=1 1x, https:\/\/i0.wp.com\/lasprimeras.com.do\/wp-content\/uploads\/2023\/07\/CINE.jpg?resize=525%2C300&ssl=1 1.5x, https:\/\/i0.wp.com\/lasprimeras.com.do\/wp-content\/uploads\/2023\/07\/CINE.jpg?resize=700%2C400&ssl=1 2x"},"classes":[]},{"id":50162,"url":"https:\/\/lasprimeras.com.do\/index.php\/2023\/05\/17\/corte-ordena-reintegro-de-labores-al-sindicato-que-mantiene-huelga-en-cormidom\/","url_meta":{"origin":83131,"position":1},"title":"Corte ordena reintegro de labores al sindicato que mantiene huelga en CORMIDOM","author":"prenxa100","date":"17 de mayo de 2023","format":false,"excerpt":"SANTO DOMINGO.- La Corte de Trabajo del Departamento Judicial de la provincia de La Vega orden\u00f3 el reintegro a las labores del Sindicato de Trabajadores de la Mina Cerro de Maim\u00f3n (Sitracema) que mantiene una huelga contra la Corporaci\u00f3n Minera Dominicana (CORMIDOM). La decisi\u00f3n del tribunal laboral fue tomada por\u2026","rel":"","context":"En \u00abECONOM\u00cdA\u00bb","block_context":{"text":"ECONOM\u00cdA","link":"https:\/\/lasprimeras.com.do\/index.php\/category\/economia\/"},"img":{"alt_text":"","src":"","width":0,"height":0},"classes":[]},{"id":71736,"url":"https:\/\/lasprimeras.com.do\/index.php\/2023\/12\/22\/huelga-de-aerolinea-discover-afectara-vuelos-a-la-romana-y-a-punta-cana-un-dia-antes-de-nochebuena\/","url_meta":{"origin":83131,"position":2},"title":"Huelga de aerol\u00ednea Discover afectar\u00e1 vuelos a La Romana y a Punta Cana un d\u00eda antes de Nochebuena","author":"Nelson Feliz","date":"22 de diciembre de 2023","format":false,"excerpt":"El s\u00e1bado, todos los vuelos de la flota Airbus A320 y A330 con salida de Fr\u00e1ncfort o M\u00fanich estar\u00e1n en huelga Alemania,EFE - El sindicato de pilotos Vereinigung Cockpit (VC) convoc\u00f3 hoy a sus afiliados de la aerol\u00ednea Discover, filial de Lufthansa, a una huelga de advertencia un d\u00eda antes\u2026","rel":"","context":"En \u00abSin categor\u00eda\u00bb","block_context":{"text":"Sin categor\u00eda","link":"https:\/\/lasprimeras.com.do\/index.php\/category\/sin-categoria\/"},"img":{"alt_text":"Inf\u00f3rmate sobre la huelga de pilotos de Discover que afectar\u00e1 los vuelos a Rep\u00fablica Dominicana. (ARCHIVO)","src":"https:\/\/i0.wp.com\/lasprimeras.com.do\/wp-content\/uploads\/2023\/12\/huelga-de-pilotos-de-Discover.jpg?resize=350%2C200&ssl=1","width":350,"height":200,"srcset":"https:\/\/i0.wp.com\/lasprimeras.com.do\/wp-content\/uploads\/2023\/12\/huelga-de-pilotos-de-Discover.jpg?resize=350%2C200&ssl=1 1x, https:\/\/i0.wp.com\/lasprimeras.com.do\/wp-content\/uploads\/2023\/12\/huelga-de-pilotos-de-Discover.jpg?resize=525%2C300&ssl=1 1.5x, https:\/\/i0.wp.com\/lasprimeras.com.do\/wp-content\/uploads\/2023\/12\/huelga-de-pilotos-de-Discover.jpg?resize=700%2C400&ssl=1 2x"},"classes":[]},{"id":50649,"url":"https:\/\/lasprimeras.com.do\/index.php\/2023\/05\/22\/cormidom-aboga-porque-prime-respeto-a-las-leyes-y-seguridad-juridica\/","url_meta":{"origin":83131,"position":3},"title":"CORMIDOM aboga porque prime respeto a las leyes y seguridad jur\u00eddica","author":"prenxa100","date":"22 de mayo de 2023","format":false,"excerpt":"La corte conoci\u00f3 el fondo y se reserv\u00f3 el fallo para darlo a conocer en un plazo de cinco d\u00edas. LA VEGA.-\u00a0La empresa Corporaci\u00f3n Minera Dominicana (CORMIDOM) abog\u00f3 \u00a0por que en Rep\u00fablica Dominicana se mantenga el respeto a las leyes y la seguridad jur\u00eddica. El representante legal de CORMIDOM, Miguel\u2026","rel":"","context":"En \u00abNACIONALES\u00bb","block_context":{"text":"NACIONALES","link":"https:\/\/lasprimeras.com.do\/index.php\/category\/nacionales\/"},"img":{"alt_text":"","src":"","width":0,"height":0},"classes":[]},{"id":119391,"url":"https:\/\/lasprimeras.com.do\/index.php\/2026\/01\/12\/miles-de-enfermeras-se-declaran-en-huelga-en-varios-hospitales-importantes-de-nueva-york\/","url_meta":{"origin":83131,"position":4},"title":"Miles de enfermeras se declaran en huelga en varios hospitales importantes de Nueva York","author":"Nelson Feliz","date":"12 de enero de 2026","format":false,"excerpt":"NUEVA YORK (AP) \u2014 Miles de enfermeras en tres sistemas hospitalarios de la ciudad de Nueva York se declararon en huelga el lunes despu\u00e9s de que las negociaciones durante el fin de semana no lograran avances en sus disputas contractuales. Las enfermeras deb\u00edan comenzar a abandonar sus puestos de trabajo\u2026","rel":"","context":"En \u00abINTERNACIONALES\u00bb","block_context":{"text":"INTERNACIONALES","link":"https:\/\/lasprimeras.com.do\/index.php\/category\/sin-categoria\/internacionales\/"},"img":{"alt_text":"","src":"https:\/\/i0.wp.com\/lasprimeras.com.do\/wp-content\/uploads\/2026\/01\/descarga.webp?resize=350%2C200&ssl=1","width":350,"height":200,"srcset":"https:\/\/i0.wp.com\/lasprimeras.com.do\/wp-content\/uploads\/2026\/01\/descarga.webp?resize=350%2C200&ssl=1 1x, https:\/\/i0.wp.com\/lasprimeras.com.do\/wp-content\/uploads\/2026\/01\/descarga.webp?resize=525%2C300&ssl=1 1.5x"},"classes":[]},{"id":75141,"url":"https:\/\/lasprimeras.com.do\/index.php\/2024\/01\/29\/la-huelga-de-tres-dias-convocada-en-haiti-logra-poco-respaldo\/","url_meta":{"origin":83131,"position":5},"title":"La huelga de tres d\u00edas convocada en Hait\u00ed logra poco respaldo","author":"Nelson Feliz","date":"29 de enero de 2024","format":false,"excerpt":"El paro es convocado por la denominada Brigada Sindical Anticorrupci\u00f3n (BSAC) y los sindicatos de conductores. PUERTO PR\u00cdNCIPE, Hait\u00ed,EFE - La huelga general convocada en Hait\u00ed por tres d\u00edas a partir de este lunes ha logrado poco respaldo en su primera jornada, aunque muchos centros educativos decidieron mantener sus puertas\u2026","rel":"","context":"En \u00abSin categor\u00eda\u00bb","block_context":{"text":"Sin categor\u00eda","link":"https:\/\/lasprimeras.com.do\/index.php\/category\/sin-categoria\/"},"img":{"alt_text":"primera jornada de la convocatoria a huelga","src":"https:\/\/i0.wp.com\/lasprimeras.com.do\/wp-content\/uploads\/2024\/01\/primera-jornada-de-la-convocatoria-a-huelga.jpg?resize=350%2C200&ssl=1","width":350,"height":200,"srcset":"https:\/\/i0.wp.com\/lasprimeras.com.do\/wp-content\/uploads\/2024\/01\/primera-jornada-de-la-convocatoria-a-huelga.jpg?resize=350%2C200&ssl=1 1x, https:\/\/i0.wp.com\/lasprimeras.com.do\/wp-content\/uploads\/2024\/01\/primera-jornada-de-la-convocatoria-a-huelga.jpg?resize=525%2C300&ssl=1 1.5x, https:\/\/i0.wp.com\/lasprimeras.com.do\/wp-content\/uploads\/2024\/01\/primera-jornada-de-la-convocatoria-a-huelga.jpg?resize=700%2C400&ssl=1 2x"},"classes":[]}],"jetpack_sharing_enabled":true,"_links":{"self":[{"href":"https:\/\/lasprimeras.com.do\/index.php\/wp-json\/wp\/v2\/posts\/83131","targetHints":{"allow":["GET"]}}],"collection":[{"href":"https:\/\/lasprimeras.com.do\/index.php\/wp-json\/wp\/v2\/posts"}],"about":[{"href":"https:\/\/lasprimeras.com.do\/index.php\/wp-json\/wp\/v2\/types\/post"}],"author":[{"embeddable":true,"href":"https:\/\/lasprimeras.com.do\/index.php\/wp-json\/wp\/v2\/users\/2"}],"replies":[{"embeddable":true,"href":"https:\/\/lasprimeras.com.do\/index.php\/wp-json\/wp\/v2\/comments?post=83131"}],"version-history":[{"count":1,"href":"https:\/\/lasprimeras.com.do\/index.php\/wp-json\/wp\/v2\/posts\/83131\/revisions"}],"predecessor-version":[{"id":83133,"href":"https:\/\/lasprimeras.com.do\/index.php\/wp-json\/wp\/v2\/posts\/83131\/revisions\/83133"}],"wp:featuredmedia":[{"embeddable":true,"href":"https:\/\/lasprimeras.com.do\/index.php\/wp-json\/wp\/v2\/media\/83132"}],"wp:attachment":[{"href":"https:\/\/lasprimeras.com.do\/index.php\/wp-json\/wp\/v2\/media?parent=83131"}],"wp:term":[{"taxonomy":"category","embeddable":true,"href":"https:\/\/lasprimeras.com.do\/index.php\/wp-json\/wp\/v2\/categories?post=83131"},{"taxonomy":"post_tag","embeddable":true,"href":"https:\/\/lasprimeras.com.do\/index.php\/wp-json\/wp\/v2\/tags?post=83131"}],"curies":[{"name":"wp","href":"https:\/\/api.w.org\/{rel}","templated":true}]}}