{"id":83149,"date":"2024-05-12T18:35:07","date_gmt":"2024-05-12T22:35:07","guid":{"rendered":"https:\/\/lasprimeras.com.do\/?p=83149"},"modified":"2024-05-12T18:35:08","modified_gmt":"2024-05-12T22:35:08","slug":"por-segunda-vez-el-senador-bob-menendez-enfrenta-un-juicio-por-corrupcion","status":"publish","type":"post","link":"https:\/\/lasprimeras.com.do\/index.php\/2024\/05\/12\/por-segunda-vez-el-senador-bob-menendez-enfrenta-un-juicio-por-corrupcion\/","title":{"rendered":"Por segunda vez, el senador Bob Men\u00e9ndez enfrenta un juicio por corrupci\u00f3n"},"content":{"rendered":"\n<p>Esta vez se trata de lingotes de oro.<\/p>\n\n\n\n<p>POR LARRY NEUMEISTER Y MIKE CATALINI<\/p>\n\n\n\n<p>NUEVA YORK (AP) \u2014 Por segunda vez en una d\u00e9cada, el senador estadounidense Bob Men\u00e9ndez enfrenta el lunes un juicio por corrupci\u00f3n con su carrera pol\u00edtica y su libertad en juego en un caso penal que ya lo oblig\u00f3 a abandonar uno de los puestos m\u00e1s poderosos. en el Congreso.<\/p>\n\n\n\n<p>El dem\u00f3crata de Nueva Jersey, de 70 a\u00f1os, y su esposa est\u00e1n acusados \u200b\u200bde aceptar sobornos de tres ricos empresarios de su estado natal y de realizar una variedad de favores a cambio, incluida la intromisi\u00f3n en investigaciones criminales y la adopci\u00f3n de medidas que benefician a los gobiernos de Egipto y Qatar.<\/p>\n\n\n\n<p>Los abogados de Men\u00e9ndez dicen que \u00e9l se mantuvo dentro de las reglas y no hizo nada ilegal. Ha hablado con optimismo de montar una campa\u00f1a de reelecci\u00f3n en el verano si es absuelto.<\/p>\n\n\n\n<p>Pero incluso si escapa sin una condena, como lo hizo en un proceso anterior por corrupci\u00f3n en 2017, el da\u00f1o causado a su reputaci\u00f3n podr\u00eda hacer que su regreso pol\u00edtico sea casi imposible.<\/p>\n\n\n\n<p>Los agentes del FBI que registraron la casa del senador en Nueva Jersey encontraron un alijo de lingotes de oro, por valor de m\u00e1s de 100.000 d\u00f3lares, y m\u00e1s de 486.000 d\u00f3lares en efectivo, algunos de ellos metidos en los bolsillos de la ropa que colgaban en sus armarios.<\/p>\n\n\n\n<p>Sus colegas dem\u00f3cratas en Washington, DC parecen haberlo descartado, alent\u00e1ndolo repetidamente a renunciar.<\/p>\n\n\n\n<p>&#8220;Las pruebas en su contra son v\u00edvidas&#8221;, dijo Dan Cassino, director ejecutivo de la encuesta de la Universidad Fairleigh Dickinson. \u201cEsto no es papeleo ni cheques: son lingotes de oro.<\/p>\n\n\n\n<p>Las im\u00e1genes son poderosas y, dado que los votantes de Nueva Jersey normalmente no saben mucho sobre los funcionarios que los representan, esto podr\u00eda ser lo \u00fanico que saben sobre Men\u00e9ndez\u201d.<\/p>\n\n\n\n<p>Men\u00e9ndez ha mantenido una postura desafiante.<\/p>\n\n\n\n<p>\u201cSoy inocente y lo demostrar\u00e9 sin importar cu\u00e1ntos cargos sigan acumulando\u201d, dijo despu\u00e9s de que la acusaci\u00f3n en su contra fuera actualizada nuevamente a principios de marzo para agregar cargos de que intent\u00f3 obstruir la investigaci\u00f3n.<\/p>\n\n\n\n<p>Men\u00e9ndez se vio obligado a renunciar a su poderosa posici\u00f3n como presidente del Comit\u00e9 de Relaciones Exteriores del Senado poco despu\u00e9s de la revelaci\u00f3n el pasado oto\u00f1o de cargos que inclu\u00edan soborno, fraude, extorsi\u00f3n y actuaci\u00f3n como agente extranjero de Egipto.<\/p>\n\n\n\n<p>Los abogados del senador han sugerido en documentos judiciales que se defender\u00e1 en parte alegando que su esposa, Nadine, le mantuvo en secreto sobre sus tratos con los empresarios, que tambi\u00e9n est\u00e1n acusados \u200b\u200ben el caso.<\/p>\n\n\n\n<p>Uno de ellos, Jos\u00e9 Uribe, se declar\u00f3 culpable y se espera que testifique.<\/p>\n\n\n\n<p>Fue acusado de comprar un Mercedes-Benz para Nadine Men\u00e9ndez despu\u00e9s de que su auto anterior fuera destruido cuando atropell\u00f3 y mat\u00f3 a un hombre que cruzaba la calle. No enfrent\u00f3 cargos penales en relaci\u00f3n con el accidente fatal.<\/p>\n\n\n\n<p>Los fiscales dijeron que el senador Men\u00e9ndez intent\u00f3 dos veces ayudar a Uribe tratando de influir en las investigaciones criminales que involucraban a sus socios comerciales.<\/p>\n\n\n\n<p>Otro hombre, Wael Hana, est\u00e1 acusado de sobornar a Men\u00e9ndez por ayudarlo a conseguir un acuerdo lucrativo con el gobierno egipcio para certificar que la carne importada cumpl\u00eda con los requisitos diet\u00e9ticos isl\u00e1micos.<\/p>\n\n\n\n<p>Los fiscales dijeron que Men\u00e9ndez se gan\u00f3 el favor de los funcionarios egipcios a trav\u00e9s de actos que inclu\u00edan escribir una carta a sus compa\u00f1eros senadores anim\u00e1ndolos a levantar la suspensi\u00f3n de 300 millones de d\u00f3lares en ayuda militar.<\/p>\n","protected":false},"excerpt":{"rendered":"<p>Esta vez se trata de lingotes de oro. POR LARRY NEUMEISTER Y MIKE CATALINI NUEVA YORK (AP) \u2014 Por segunda vez en una d\u00e9cada, el senador estadounidense Bob Men\u00e9ndez enfrenta&hellip;<\/p>\n","protected":false},"author":2,"featured_media":83150,"comment_status":"open","ping_status":"open","sticky":false,"template":"","format":"standard","meta":{"content-type":"","jetpack_post_was_ever_published":false,"_jetpack_newsletter_access":"","_jetpack_dont_email_post_to_subs":false,"_jetpack_newsletter_tier_id":0,"_jetpack_memberships_contains_paywalled_content":false,"_jetpack_memberships_contains_paid_content":false,"footnotes":""},"categories":[1],"tags":[5102,1841,879,12912,1101],"class_list":["post-83149","post","type-post","status-publish","format-standard","has-post-thumbnail","hentry","category-sin-categoria","tag-bob-menendez","tag-corrupcion","tag-juicio","tag-lingotes-de-oro","tag-senador"],"jetpack_featured_media_url":"https:\/\/lasprimeras.com.do\/wp-content\/uploads\/2024\/05\/Bob-Menendez.jpg","jetpack-related-posts":[{"id":61146,"url":"https:\/\/lasprimeras.com.do\/index.php\/2023\/09\/22\/mas-de-100-mil-dolares-en-lingotes-de-oro-encontraron-en-casa-del-senador-bob-menendez-y-su-esposa\/","url_meta":{"origin":83149,"position":0},"title":"M\u00e1s de 100 mil d\u00f3lares en lingotes de oro encontraron en casa del senador Bob Men\u00e9ndez y su esposa","author":"Nelson Feliz","date":"22 de septiembre de 2023","format":false,"excerpt":"El soborno habr\u00eda sido en beneficio para que el senador realice una serie de actos corruptos. El senador estadounidense Bob Men\u00e9ndez, de Nueva Jersey, y su esposa fueron acusados el viernes de aceptar sobornos en efectivo, lingotes de oro y un coche de lujo por una serie de actos corruptos,\u2026","rel":"","context":"En \u00abSin categor\u00eda\u00bb","block_context":{"text":"Sin categor\u00eda","link":"https:\/\/lasprimeras.com.do\/index.php\/category\/sin-categoria\/"},"img":{"alt_text":"","src":"https:\/\/i0.wp.com\/lasprimeras.com.do\/wp-content\/uploads\/2023\/09\/ORO.png?resize=350%2C200&ssl=1","width":350,"height":200,"srcset":"https:\/\/i0.wp.com\/lasprimeras.com.do\/wp-content\/uploads\/2023\/09\/ORO.png?resize=350%2C200&ssl=1 1x, https:\/\/i0.wp.com\/lasprimeras.com.do\/wp-content\/uploads\/2023\/09\/ORO.png?resize=525%2C300&ssl=1 1.5x, https:\/\/i0.wp.com\/lasprimeras.com.do\/wp-content\/uploads\/2023\/09\/ORO.png?resize=700%2C400&ssl=1 2x"},"classes":[]},{"id":86356,"url":"https:\/\/lasprimeras.com.do\/index.php\/2024\/07\/23\/el-senador-bob-menendez-condenado-por-sobornos-dejara-su-cargo\/","url_meta":{"origin":83149,"position":1},"title":"El senador Bob Menendez, condenado por sobornos, dejar\u00e1 su cargo","author":"Nelson Feliz","date":"23 de julio de 2024","format":false,"excerpt":"BY MIKE CATALINI TRENTON, Nueva Jersey, EE.UU. (AP) \u2014 El senador federal Bob Menendez dejar\u00e1 su cargo el 20 de agosto tras ser declarado culpable de aceptar sobornos por actos corruptos, entre ellos actuar como agente del gobierno egipcio, escribi\u00f3 \u00e9l en una carta enviada al gobernador de Nueva Jersey\u2026","rel":"","context":"En \u00abSin categor\u00eda\u00bb","block_context":{"text":"Sin categor\u00eda","link":"https:\/\/lasprimeras.com.do\/index.php\/category\/sin-categoria\/"},"img":{"alt_text":"Bob Menendez","src":"https:\/\/i0.wp.com\/lasprimeras.com.do\/wp-content\/uploads\/2024\/07\/Bob-Menendez.png?resize=350%2C200&ssl=1","width":350,"height":200,"srcset":"https:\/\/i0.wp.com\/lasprimeras.com.do\/wp-content\/uploads\/2024\/07\/Bob-Menendez.png?resize=350%2C200&ssl=1 1x, https:\/\/i0.wp.com\/lasprimeras.com.do\/wp-content\/uploads\/2024\/07\/Bob-Menendez.png?resize=525%2C300&ssl=1 1.5x, https:\/\/i0.wp.com\/lasprimeras.com.do\/wp-content\/uploads\/2024\/07\/Bob-Menendez.png?resize=700%2C400&ssl=1 2x"},"classes":[]},{"id":55748,"url":"https:\/\/lasprimeras.com.do\/index.php\/2023\/07\/25\/senador-menendez-convoca-comite-de-relaciones-exteriores-para-tratar-tema-de-haiti\/","url_meta":{"origin":83149,"position":2},"title":"Senador Men\u00e9ndez convoca Comit\u00e9 de Relaciones Exteriores para tratar tema de Hait\u00ed","author":"Nelson Feliz","date":"25 de julio de 2023","format":false,"excerpt":"La reuni\u00f3n fue convocada para el jueves 27 de julio como resultado de la visita de una delegaci\u00f3n dominicana enviada por el presidente Luis Abinader. El vocero de la presidencia, Homero Figueroa, inform\u00f3 a trav\u00e9s de su cuenta oficial en la red social Twitter, los resultados de una reuni\u00f3n crucial\u2026","rel":"","context":"En \u00abNACIONALES\u00bb","block_context":{"text":"NACIONALES","link":"https:\/\/lasprimeras.com.do\/index.php\/category\/nacionales\/"},"img":{"alt_text":"Bob Men\u00e9ndez","src":"https:\/\/i0.wp.com\/lasprimeras.com.do\/wp-content\/uploads\/2023\/07\/Bob-Menendez.jpg?resize=350%2C200&ssl=1","width":350,"height":200,"srcset":"https:\/\/i0.wp.com\/lasprimeras.com.do\/wp-content\/uploads\/2023\/07\/Bob-Menendez.jpg?resize=350%2C200&ssl=1 1x, https:\/\/i0.wp.com\/lasprimeras.com.do\/wp-content\/uploads\/2023\/07\/Bob-Menendez.jpg?resize=525%2C300&ssl=1 1.5x, https:\/\/i0.wp.com\/lasprimeras.com.do\/wp-content\/uploads\/2023\/07\/Bob-Menendez.jpg?resize=700%2C400&ssl=1 2x"},"classes":[]},{"id":55452,"url":"https:\/\/lasprimeras.com.do\/index.php\/2023\/07\/21\/delegacion-dominicana-en-washington-se-reunen-con-bob-menendez\/","url_meta":{"origin":83149,"position":3},"title":"Delegaci\u00f3n dominicana en Washington se re\u00fanen con Bob Men\u00e9ndez","author":"Nelson Feliz","date":"21 de julio de 2023","format":false,"excerpt":"El grupo fue recibido en el reconocido Comit\u00e9 Jud\u00edo Estadounidense (AJC) por el Sr. Robert Elman, presidente honorario, y su directora para Am\u00e9rica Latina, Dina Siegel Vann. La comisi\u00f3n designada por el presidente Luis Abinader se reuni\u00f3 con el presidente del Comit\u00e9 de Relaciones Exteriores del Senado de los Estados\u2026","rel":"","context":"En \u00abPORTADA\u00bb","block_context":{"text":"PORTADA","link":"https:\/\/lasprimeras.com.do\/index.php\/category\/portada\/"},"img":{"alt_text":"Delegaci\u00f3n dominicana en Washington","src":"https:\/\/i0.wp.com\/lasprimeras.com.do\/wp-content\/uploads\/2023\/07\/delegacion-1.jpg?resize=350%2C200&ssl=1","width":350,"height":200,"srcset":"https:\/\/i0.wp.com\/lasprimeras.com.do\/wp-content\/uploads\/2023\/07\/delegacion-1.jpg?resize=350%2C200&ssl=1 1x, https:\/\/i0.wp.com\/lasprimeras.com.do\/wp-content\/uploads\/2023\/07\/delegacion-1.jpg?resize=525%2C300&ssl=1 1.5x, https:\/\/i0.wp.com\/lasprimeras.com.do\/wp-content\/uploads\/2023\/07\/delegacion-1.jpg?resize=700%2C400&ssl=1 2x"},"classes":[]},{"id":90577,"url":"https:\/\/lasprimeras.com.do\/index.php\/2024\/10\/24\/fiscales-recomiendan-volver-a-condenar-a-erik-y-lyle-menendez-por-el-asesinato-de-sus-padres-en-1989\/","url_meta":{"origin":83149,"position":4},"title":"Fiscales recomiendan volver a condenar a Erik y Lyle Men\u00e9ndez por el asesinato de sus padres en 1989","author":"Nelson Feliz","date":"24 de octubre de 2024","format":false,"excerpt":"En 1996 fueron condenados a cadena perpetua sin posibilidad de libertad condicional Los \u00c1ngeles, AP-Los fiscales de Los \u00c1ngeles recomendaron que Erik y Lyle Men\u00e9ndez sean sentenciados nuevamente por los asesinatos de sus padres en 1989 en la casa de la familia en Beverly Hills, lo que brindar\u00eda a los\u2026","rel":"","context":"En \u00abSin categor\u00eda\u00bb","block_context":{"text":"Sin categor\u00eda","link":"https:\/\/lasprimeras.com.do\/index.php\/category\/sin-categoria\/"},"img":{"alt_text":"Los hermanos Men\u00e9ndez","src":"https:\/\/i0.wp.com\/lasprimeras.com.do\/wp-content\/uploads\/2024\/10\/Los-hermanos-Menendez.jpg?resize=350%2C200&ssl=1","width":350,"height":200,"srcset":"https:\/\/i0.wp.com\/lasprimeras.com.do\/wp-content\/uploads\/2024\/10\/Los-hermanos-Menendez.jpg?resize=350%2C200&ssl=1 1x, https:\/\/i0.wp.com\/lasprimeras.com.do\/wp-content\/uploads\/2024\/10\/Los-hermanos-Menendez.jpg?resize=525%2C300&ssl=1 1.5x, https:\/\/i0.wp.com\/lasprimeras.com.do\/wp-content\/uploads\/2024\/10\/Los-hermanos-Menendez.jpg?resize=700%2C400&ssl=1 2x"},"classes":[]},{"id":109360,"url":"https:\/\/lasprimeras.com.do\/index.php\/2025\/09\/16\/niegan-nuevo-juicio-a-los-hermanos-menendez-sentenciados-por-parricidio\/","url_meta":{"origin":83149,"position":5},"title":"Niegan nuevo juicio a los hermanos Men\u00e9ndez sentenciados por parricidio","author":"Nelson Feliz","date":"16 de septiembre de 2025","format":false,"excerpt":"Lyle y Erik afirman que cometieron el doble parricidio tras a\u00f1os de abuso sexual y psicol\u00f3gico de su padre, amparado por la negligencia de su madre Los Angeles, AFP -Lyle y Erik Men\u00e9ndez, quienes cumplen m\u00e1s de tres d\u00e9cadas de c\u00e1rcel por el asesinato de sus padres en una lujosa\u2026","rel":"","context":"En \u00abINTERNACIONALES\u00bb","block_context":{"text":"INTERNACIONALES","link":"https:\/\/lasprimeras.com.do\/index.php\/category\/sin-categoria\/internacionales\/"},"img":{"alt_text":"","src":"https:\/\/i0.wp.com\/lasprimeras.com.do\/wp-content\/uploads\/2025\/09\/juicio-2.jpg?resize=350%2C200&ssl=1","width":350,"height":200,"srcset":"https:\/\/i0.wp.com\/lasprimeras.com.do\/wp-content\/uploads\/2025\/09\/juicio-2.jpg?resize=350%2C200&ssl=1 1x, https:\/\/i0.wp.com\/lasprimeras.com.do\/wp-content\/uploads\/2025\/09\/juicio-2.jpg?resize=525%2C300&ssl=1 1.5x, https:\/\/i0.wp.com\/lasprimeras.com.do\/wp-content\/uploads\/2025\/09\/juicio-2.jpg?resize=700%2C400&ssl=1 2x"},"classes":[]}],"jetpack_sharing_enabled":true,"_links":{"self":[{"href":"https:\/\/lasprimeras.com.do\/index.php\/wp-json\/wp\/v2\/posts\/83149","targetHints":{"allow":["GET"]}}],"collection":[{"href":"https:\/\/lasprimeras.com.do\/index.php\/wp-json\/wp\/v2\/posts"}],"about":[{"href":"https:\/\/lasprimeras.com.do\/index.php\/wp-json\/wp\/v2\/types\/post"}],"author":[{"embeddable":true,"href":"https:\/\/lasprimeras.com.do\/index.php\/wp-json\/wp\/v2\/users\/2"}],"replies":[{"embeddable":true,"href":"https:\/\/lasprimeras.com.do\/index.php\/wp-json\/wp\/v2\/comments?post=83149"}],"version-history":[{"count":1,"href":"https:\/\/lasprimeras.com.do\/index.php\/wp-json\/wp\/v2\/posts\/83149\/revisions"}],"predecessor-version":[{"id":83151,"href":"https:\/\/lasprimeras.com.do\/index.php\/wp-json\/wp\/v2\/posts\/83149\/revisions\/83151"}],"wp:featuredmedia":[{"embeddable":true,"href":"https:\/\/lasprimeras.com.do\/index.php\/wp-json\/wp\/v2\/media\/83150"}],"wp:attachment":[{"href":"https:\/\/lasprimeras.com.do\/index.php\/wp-json\/wp\/v2\/media?parent=83149"}],"wp:term":[{"taxonomy":"category","embeddable":true,"href":"https:\/\/lasprimeras.com.do\/index.php\/wp-json\/wp\/v2\/categories?post=83149"},{"taxonomy":"post_tag","embeddable":true,"href":"https:\/\/lasprimeras.com.do\/index.php\/wp-json\/wp\/v2\/tags?post=83149"}],"curies":[{"name":"wp","href":"https:\/\/api.w.org\/{rel}","templated":true}]}}