{"id":83186,"date":"2024-05-13T06:45:55","date_gmt":"2024-05-13T10:45:55","guid":{"rendered":"https:\/\/lasprimeras.com.do\/?p=83186"},"modified":"2024-05-13T06:45:57","modified_gmt":"2024-05-13T10:45:57","slug":"tatis-conecta-un-jonron-historico-para-liderar-la-blanqueada-de-los-padres-a-los-dodgers","status":"publish","type":"post","link":"https:\/\/lasprimeras.com.do\/index.php\/2024\/05\/13\/tatis-conecta-un-jonron-historico-para-liderar-la-blanqueada-de-los-padres-a-los-dodgers\/","title":{"rendered":"Tatis conecta un jonr\u00f3n hist\u00f3rico para liderar la blanqueada de los Padres a los Dodgers"},"content":{"rendered":"\n<p>Los Angeles.-Los Padres se impusieron a los Dodgers este domingo 4-0 y se quedaron con la serie en el b\u00e9isbol de las Grandes Ligas.<\/p>\n\n\n\n<p>El encuentro dej\u00f3 un jonr\u00f3n del dominicano Fernando Tatis Jr, su octavo del curso, que mand\u00f3 a 442 pies de distancia y que supone el vuelacercas n\u00famero 114 de su carrera, superando ya en uno a su padre, que disput\u00f3 once temporadas en la MLB.<\/p>\n\n\n\n<p>Jake Cronenworth en la primera acompa\u00f1\u00f3 con jonr\u00f3n a Tatis, y el tercer vuelacercas del d\u00eda lo firm\u00f3 en la quinta Xander Bogaerts. El japon\u00e9s Yu Darvish lanz\u00f3 durante siete entradas para permitir \u00fanicamente dos hits sin carreras a los Dodgers.<\/p>\n\n\n\n<p>Aunque los de Los \u00c1ngeles dominan con claridad la Divisi\u00f3n Oeste de la Liga Nacional, con todav\u00eda cinco triunfos m\u00e1s que los Padres, esta serie perdida sirve de toque te atenci\u00f3n con un cuarto de temporada ya disputado.<\/p>\n","protected":false},"excerpt":{"rendered":"<p>Los Angeles.-Los Padres se impusieron a los Dodgers este domingo 4-0 y se quedaron con la serie en el b\u00e9isbol de las Grandes Ligas. El encuentro dej\u00f3 un jonr\u00f3n del&hellip;<\/p>\n","protected":false},"author":3,"featured_media":83187,"comment_status":"open","ping_status":"open","sticky":false,"template":"","format":"standard","meta":{"content-type":"","jetpack_post_was_ever_published":false,"_jetpack_newsletter_access":"","_jetpack_dont_email_post_to_subs":false,"_jetpack_newsletter_tier_id":0,"_jetpack_memberships_contains_paywalled_content":false,"_jetpack_memberships_contains_paid_content":false,"footnotes":""},"categories":[1],"tags":[8410],"class_list":["post-83186","post","type-post","status-publish","format-standard","has-post-thumbnail","hentry","category-sin-categoria","tag-tatis-jr"],"jetpack_featured_media_url":"https:\/\/lasprimeras.com.do\/wp-content\/uploads\/2024\/05\/Diseno-sin-titulo-2-2.webp","jetpack-related-posts":[{"id":101274,"url":"https:\/\/lasprimeras.com.do\/index.php\/2025\/06\/18\/jonron-decisivo-de-will-smith-da-victoria-a-dodgers-8-6-sobre-padres-en-un-juego-intenso\/","url_meta":{"origin":83186,"position":0},"title":"Jonr\u00f3n decisivo de Will Smith da victoria a Dodgers, 8-6 sobre Padres, en un juego intenso","author":"Nelson Feliz","date":"18 de junio de 2025","format":false,"excerpt":"LOS \u00c1NGELES (AP) \u2014 Will Smith conect\u00f3 un jonr\u00f3n de dos carreras para romper el empate al final de un turno de 12 lanzamientos en la sexta entrada, y los Dodgers de Los \u00c1ngeles derrotaron el martes 8-6 a los Padres de San Diego en un juego candente entre rivales\u2026","rel":"","context":"En \u00abDEPORTES\u00bb","block_context":{"text":"DEPORTES","link":"https:\/\/lasprimeras.com.do\/index.php\/category\/deportes\/"},"img":{"alt_text":"","src":"https:\/\/i0.wp.com\/lasprimeras.com.do\/wp-content\/uploads\/2025\/06\/Will-Smith.jpg?resize=350%2C200&ssl=1","width":350,"height":200,"srcset":"https:\/\/i0.wp.com\/lasprimeras.com.do\/wp-content\/uploads\/2025\/06\/Will-Smith.jpg?resize=350%2C200&ssl=1 1x, https:\/\/i0.wp.com\/lasprimeras.com.do\/wp-content\/uploads\/2025\/06\/Will-Smith.jpg?resize=525%2C300&ssl=1 1.5x, https:\/\/i0.wp.com\/lasprimeras.com.do\/wp-content\/uploads\/2025\/06\/Will-Smith.jpg?resize=700%2C400&ssl=1 2x"},"classes":[]},{"id":103043,"url":"https:\/\/lasprimeras.com.do\/index.php\/2025\/07\/11\/tatis-y-machado-conectan-jonrones-y-padres-vencen-4-1-a-diamondbacks\/","url_meta":{"origin":83186,"position":1},"title":"Tatis y Machado conectan jonrones y Padres vencen 4-1 a Diamondbacks","author":"Nelson Feliz","date":"11 de julio de 2025","format":false,"excerpt":"SAN DIEGO (AP) \u2014 Fernando Tatis Jr. y Manny Machado inauguraron distintos innings con jonrones y los Padres de San Diego superaron el jueves 4-3 a los Diamondbacks de Arizona para dividir una serie de cuatro juegos. Machado abri\u00f3 la quinta entrada con su 16\u00ba jonr\u00f3n para darle a San\u2026","rel":"","context":"En \u00abDEPORTES\u00bb","block_context":{"text":"DEPORTES","link":"https:\/\/lasprimeras.com.do\/index.php\/category\/deportes\/"},"img":{"alt_text":"Fernando Tatis Jr. y Manny Machado","src":"https:\/\/i0.wp.com\/lasprimeras.com.do\/wp-content\/uploads\/2025\/07\/Fernando-Tatis-Jr.-y-Manny-Machado.jpg?resize=350%2C200&ssl=1","width":350,"height":200,"srcset":"https:\/\/i0.wp.com\/lasprimeras.com.do\/wp-content\/uploads\/2025\/07\/Fernando-Tatis-Jr.-y-Manny-Machado.jpg?resize=350%2C200&ssl=1 1x, https:\/\/i0.wp.com\/lasprimeras.com.do\/wp-content\/uploads\/2025\/07\/Fernando-Tatis-Jr.-y-Manny-Machado.jpg?resize=525%2C300&ssl=1 1.5x, https:\/\/i0.wp.com\/lasprimeras.com.do\/wp-content\/uploads\/2025\/07\/Fernando-Tatis-Jr.-y-Manny-Machado.jpg?resize=700%2C400&ssl=1 2x"},"classes":[]},{"id":96658,"url":"https:\/\/lasprimeras.com.do\/index.php\/2025\/04\/05\/carson-kelly-conecta-jonron-y-los-cubs-vencen-7-uno-a-los-padres\/","url_meta":{"origin":83186,"position":2},"title":"Carson Kelly conecta jonr\u00f3n y los Cubs vencen 7-uno a los Padres","author":"Nelson Feliz","date":"5 de abril de 2025","format":false,"excerpt":"CHICAGO (AP) \u2014 Carson Kelly conect\u00f3 un jonr\u00f3n e impuls\u00f3 cuatro carreras, y los Cachorros de Chicago vencieron 7-1 a los Padres de San Diego el s\u00e1bado para sumar su quinta victoria consecutiva. Dansby Swanson tambi\u00e9n se fue profundo y Chicago mejor\u00f3 a una marca de 7-2 desde que perdi\u00f3\u2026","rel":"","context":"En \u00abDEPORTES\u00bb","block_context":{"text":"DEPORTES","link":"https:\/\/lasprimeras.com.do\/index.php\/category\/deportes\/"},"img":{"alt_text":"","src":"https:\/\/i0.wp.com\/lasprimeras.com.do\/wp-content\/uploads\/2025\/04\/Carson-Kelly.jpg?resize=350%2C200&ssl=1","width":350,"height":200,"srcset":"https:\/\/i0.wp.com\/lasprimeras.com.do\/wp-content\/uploads\/2025\/04\/Carson-Kelly.jpg?resize=350%2C200&ssl=1 1x, https:\/\/i0.wp.com\/lasprimeras.com.do\/wp-content\/uploads\/2025\/04\/Carson-Kelly.jpg?resize=525%2C300&ssl=1 1.5x, https:\/\/i0.wp.com\/lasprimeras.com.do\/wp-content\/uploads\/2025\/04\/Carson-Kelly.jpg?resize=700%2C400&ssl=1 2x"},"classes":[]},{"id":124207,"url":"https:\/\/lasprimeras.com.do\/index.php\/2026\/03\/09\/rd-supera-a-israel-y-ya-esta-en-cuartos-de-final-del-clasico-mundial\/","url_meta":{"origin":83186,"position":3},"title":"RD supera a Israel y ya est\u00e1 en cuartos de final del Cl\u00e1sico Mundial","author":"Nelson Feliz","date":"9 de marzo de 2026","format":false,"excerpt":"Fernando Tatis Jr. remolc\u00f3 seis carreras y Brayan Bello luci\u00f3 dominante en el mont\u00edculo Miami, Florida.\u2014 Fernando Tatis Jr. empuj\u00f3 seis carreras, cuatro de ellas con un Grand Slam, mientras que Brayan Bello lanz\u00f3 cinco s\u00f3lidas entradas para conducir este lunes la victoria 8-1 de la Rep\u00fablica Dominicana sobre Israel\u2026","rel":"","context":"En \u00abDEPORTES\u00bb","block_context":{"text":"DEPORTES","link":"https:\/\/lasprimeras.com.do\/index.php\/category\/deportes\/"},"img":{"alt_text":"","src":"https:\/\/i0.wp.com\/lasprimeras.com.do\/wp-content\/uploads\/2026\/03\/Clasico-Mundial-1.jpg?resize=350%2C200&ssl=1","width":350,"height":200,"srcset":"https:\/\/i0.wp.com\/lasprimeras.com.do\/wp-content\/uploads\/2026\/03\/Clasico-Mundial-1.jpg?resize=350%2C200&ssl=1 1x, https:\/\/i0.wp.com\/lasprimeras.com.do\/wp-content\/uploads\/2026\/03\/Clasico-Mundial-1.jpg?resize=525%2C300&ssl=1 1.5x, https:\/\/i0.wp.com\/lasprimeras.com.do\/wp-content\/uploads\/2026\/03\/Clasico-Mundial-1.jpg?resize=700%2C400&ssl=1 2x"},"classes":[]},{"id":102630,"url":"https:\/\/lasprimeras.com.do\/index.php\/2025\/07\/07\/fernando-tatis-jr-lidera-a-los-padres-en-victoria-4-1-contra-los-rangers\/","url_meta":{"origin":83186,"position":4},"title":"Fernando Tatis Jr. lidera a los Padres en victoria 4-1 contra los Rangers","author":"Nelson Feliz","date":"7 de julio de 2025","format":false,"excerpt":"ARLINGTON, Texas, EE.UU. (AP) \u2014 El All-Star dominicano Fernando Tatis Jr. anot\u00f3 la carrera del empate en la tercera entrada y conect\u00f3 un doble que impuls\u00f3 la carrera de la ventaja en la cuarta para los Padres de San Diego, quienes vencieron a los Rangers de Texas 4-1 el domingo\u2026","rel":"","context":"En \u00abDEPORTES\u00bb","block_context":{"text":"DEPORTES","link":"https:\/\/lasprimeras.com.do\/index.php\/category\/deportes\/"},"img":{"alt_text":"Fernando Tatis Jr., de los Padres de San Diego","src":"https:\/\/i0.wp.com\/lasprimeras.com.do\/wp-content\/uploads\/2025\/07\/Fernando-Tatis-Jr.-de-los-Padres-de-San-Diego.jpg?resize=350%2C200&ssl=1","width":350,"height":200,"srcset":"https:\/\/i0.wp.com\/lasprimeras.com.do\/wp-content\/uploads\/2025\/07\/Fernando-Tatis-Jr.-de-los-Padres-de-San-Diego.jpg?resize=350%2C200&ssl=1 1x, https:\/\/i0.wp.com\/lasprimeras.com.do\/wp-content\/uploads\/2025\/07\/Fernando-Tatis-Jr.-de-los-Padres-de-San-Diego.jpg?resize=525%2C300&ssl=1 1.5x, https:\/\/i0.wp.com\/lasprimeras.com.do\/wp-content\/uploads\/2025\/07\/Fernando-Tatis-Jr.-de-los-Padres-de-San-Diego.jpg?resize=700%2C400&ssl=1 2x"},"classes":[]},{"id":70527,"url":"https:\/\/lasprimeras.com.do\/index.php\/2023\/12\/12\/fernando-tatis-jr-debutara-hoy-en-el-julian-javier\/","url_meta":{"origin":83186,"position":5},"title":"Fernando Tatis Jr. debutar\u00e1 hoy en el Juli\u00e1n Javier","author":"Nelson Feliz","date":"12 de diciembre de 2023","format":false,"excerpt":"Las Estrellas se enfrentar\u00e1n este martes a los Gigantes del Cibao El astro de Grandes Ligas Fernando Tatis Jr. debutar\u00e1 hoy con las Estrellas Orientales en la actual temporada de b\u00e9isbol profesional en el pa\u00eds, anunci\u00f3 el m\u00e1nager del club, Fernando Tatis Sr., el padre del cotizado jugador. Las Estrellas\u2026","rel":"","context":"En \u00abSin categor\u00eda\u00bb","block_context":{"text":"Sin categor\u00eda","link":"https:\/\/lasprimeras.com.do\/index.php\/category\/sin-categoria\/"},"img":{"alt_text":"Fernando Tatis Jr.","src":"https:\/\/i0.wp.com\/lasprimeras.com.do\/wp-content\/uploads\/2023\/12\/Fernando-Tatis-Jr.jpg?resize=350%2C200&ssl=1","width":350,"height":200,"srcset":"https:\/\/i0.wp.com\/lasprimeras.com.do\/wp-content\/uploads\/2023\/12\/Fernando-Tatis-Jr.jpg?resize=350%2C200&ssl=1 1x, https:\/\/i0.wp.com\/lasprimeras.com.do\/wp-content\/uploads\/2023\/12\/Fernando-Tatis-Jr.jpg?resize=525%2C300&ssl=1 1.5x, https:\/\/i0.wp.com\/lasprimeras.com.do\/wp-content\/uploads\/2023\/12\/Fernando-Tatis-Jr.jpg?resize=700%2C400&ssl=1 2x"},"classes":[]}],"jetpack_sharing_enabled":true,"_links":{"self":[{"href":"https:\/\/lasprimeras.com.do\/index.php\/wp-json\/wp\/v2\/posts\/83186","targetHints":{"allow":["GET"]}}],"collection":[{"href":"https:\/\/lasprimeras.com.do\/index.php\/wp-json\/wp\/v2\/posts"}],"about":[{"href":"https:\/\/lasprimeras.com.do\/index.php\/wp-json\/wp\/v2\/types\/post"}],"author":[{"embeddable":true,"href":"https:\/\/lasprimeras.com.do\/index.php\/wp-json\/wp\/v2\/users\/3"}],"replies":[{"embeddable":true,"href":"https:\/\/lasprimeras.com.do\/index.php\/wp-json\/wp\/v2\/comments?post=83186"}],"version-history":[{"count":1,"href":"https:\/\/lasprimeras.com.do\/index.php\/wp-json\/wp\/v2\/posts\/83186\/revisions"}],"predecessor-version":[{"id":83188,"href":"https:\/\/lasprimeras.com.do\/index.php\/wp-json\/wp\/v2\/posts\/83186\/revisions\/83188"}],"wp:featuredmedia":[{"embeddable":true,"href":"https:\/\/lasprimeras.com.do\/index.php\/wp-json\/wp\/v2\/media\/83187"}],"wp:attachment":[{"href":"https:\/\/lasprimeras.com.do\/index.php\/wp-json\/wp\/v2\/media?parent=83186"}],"wp:term":[{"taxonomy":"category","embeddable":true,"href":"https:\/\/lasprimeras.com.do\/index.php\/wp-json\/wp\/v2\/categories?post=83186"},{"taxonomy":"post_tag","embeddable":true,"href":"https:\/\/lasprimeras.com.do\/index.php\/wp-json\/wp\/v2\/tags?post=83186"}],"curies":[{"name":"wp","href":"https:\/\/api.w.org\/{rel}","templated":true}]}}