{"id":83192,"date":"2024-05-13T06:50:05","date_gmt":"2024-05-13T10:50:05","guid":{"rendered":"https:\/\/lasprimeras.com.do\/?p=83192"},"modified":"2024-05-13T06:50:07","modified_gmt":"2024-05-13T10:50:07","slug":"mas-de-250-observadores-participaran-en-elecciones-de-rd","status":"publish","type":"post","link":"https:\/\/lasprimeras.com.do\/index.php\/2024\/05\/13\/mas-de-250-observadores-participaran-en-elecciones-de-rd\/","title":{"rendered":"M\u00e1s de 250 observadores participar\u00e1n en elecciones de RD"},"content":{"rendered":"\n<p>Santo Domingo.- M\u00e1s de 250 personas participar\u00e1n como observadores de las elecciones presidenciales y congresionales del pr\u00f3ximo domingo 19 de mayo, inform\u00f3 Rom\u00e1n J\u00e1quez Liranzo, presidente de la Junta Central Electoral (JCE).<\/p>\n\n\n\n<p>Explic\u00f3 que \u00abla observaci\u00f3n de los procesos electorales constituye una actividad a ser desarrollada por personas y\/o instituciones de manera imparcial, independiente, objetiva y concienzuda\u00bb.<\/p>\n\n\n\n<p>\u00abLa Junta Central Electoral brindar\u00e1 todas las facilidades que se requieran con la finalidad de garantizar una observaci\u00f3n electoral lo m\u00e1s amplia y plural que sea posible, tanto de car\u00e1cter nacional como internacional\u00bb, subray\u00f3.<\/p>\n\n\n\n<p>Indic\u00f3 que, en el caso de la observaci\u00f3n nacional, el organismo ha procurado que el proceso sea realizado por ci\u00f3n de personas que forman parte o son representativos de colectivos sociales que cuentan con presencia en Rep\u00fablica Dominicana, fomentando as\u00ed la participaci\u00f3n y diversidad de sectores en dichos procesos.<\/p>\n\n\n\n<p>Los observadores tienen derecho a presenciar el conteo de los votos, el llenado de las actas y el escaneo y transmisi\u00f3n de los resultados, sin que en ning\u00fan momento pretendan tener voz y voto en las actuaciones o decisiones que se tomen en los colegios electorales. Tambi\u00e9n pueden grabar la jornada de escrutinio con sus propios celulares o cualquier dispositivo electr\u00f3nico utilizable para esos fines. Asimismo, pueden solicitar que les sea entregada una copia de la relaci\u00f3n de votaci\u00f3n.<\/p>\n","protected":false},"excerpt":{"rendered":"<p>Santo Domingo.- M\u00e1s de 250 personas participar\u00e1n como observadores de las elecciones presidenciales y congresionales del pr\u00f3ximo domingo 19 de mayo, inform\u00f3 Rom\u00e1n J\u00e1quez Liranzo, presidente de la Junta Central&hellip;<\/p>\n","protected":false},"author":3,"featured_media":82225,"comment_status":"open","ping_status":"open","sticky":false,"template":"","format":"standard","meta":{"content-type":"","jetpack_post_was_ever_published":false,"_jetpack_newsletter_access":"","_jetpack_dont_email_post_to_subs":false,"_jetpack_newsletter_tier_id":0,"_jetpack_memberships_contains_paywalled_content":false,"_jetpack_memberships_contains_paid_content":false,"footnotes":""},"categories":[1],"tags":[183],"class_list":["post-83192","post","type-post","status-publish","format-standard","has-post-thumbnail","hentry","category-sin-categoria","tag-jce"],"jetpack_featured_media_url":"https:\/\/lasprimeras.com.do\/wp-content\/uploads\/2024\/04\/6a0c8a05-4f4b-48f5-a1d9-1ad180753c4a-19.webp","jetpack-related-posts":[{"id":116193,"url":"https:\/\/lasprimeras.com.do\/index.php\/2025\/11\/27\/presidente-de-la-jce-encabezara-mision-de-observacion-electoral-en-elecciones-de-honduras\/","url_meta":{"origin":83192,"position":0},"title":"Presidente de la JCE encabezar\u00e1 misi\u00f3n de observaci\u00f3n electoral en elecciones de Honduras","author":"Nelson Feliz","date":"27 de noviembre de 2025","format":false,"excerpt":"Dolores Fern\u00e1ndez participar\u00e1 en representaci\u00f3n de la AMEA; Samir Chami Isa y Vallejo Santelises integran la misi\u00f3n de UNIORE El presidente de la Junta Central Electoral (JCE) participar\u00e1 como jefe de la Misi\u00f3n de Observaci\u00f3n Electoral de la Uni\u00f3n Interamericana de Organismos Electorales (UNIORE) en las elecciones generales de Honduras\u2026","rel":"","context":"En \u00abNACIONALES\u00bb","block_context":{"text":"NACIONALES","link":"https:\/\/lasprimeras.com.do\/index.php\/category\/nacionales\/"},"img":{"alt_text":"","src":"https:\/\/i0.wp.com\/lasprimeras.com.do\/wp-content\/uploads\/2025\/06\/jce-2.jpg?resize=350%2C200&ssl=1","width":350,"height":200,"srcset":"https:\/\/i0.wp.com\/lasprimeras.com.do\/wp-content\/uploads\/2025\/06\/jce-2.jpg?resize=350%2C200&ssl=1 1x, https:\/\/i0.wp.com\/lasprimeras.com.do\/wp-content\/uploads\/2025\/06\/jce-2.jpg?resize=525%2C300&ssl=1 1.5x, https:\/\/i0.wp.com\/lasprimeras.com.do\/wp-content\/uploads\/2025\/06\/jce-2.jpg?resize=700%2C400&ssl=1 2x"},"classes":[]},{"id":48548,"url":"https:\/\/lasprimeras.com.do\/index.php\/2023\/05\/01\/delegacion-de-la-jce-participa-como-observadora-en-las-elecciones-de-paraguay\/","url_meta":{"origin":83192,"position":1},"title":"Delegaci\u00f3n de la JCE participa como observadora en las elecciones de Paraguay","author":"prenxa100","date":"1 de mayo de 2023","format":false,"excerpt":"\u00a0Paraguay.- Una delegaci\u00f3n de la Junta Central Electoral (JCE), encabezada por su presidente Rom\u00e1n Andres J\u00e1quez Liranzo, \u00a0particip\u00f3 en la misi\u00f3n de observaci\u00f3n electoral de la Uni\u00f3n Interamericana de Organismos Electorales (UNIORE) para las elecciones nacionales y departamentales de Paraguay celebradas este domingo 30 de abril.\u00a0J\u00e1quez Liranzo en su calidad\u2026","rel":"","context":"En \u00abNACIONALES\u00bb","block_context":{"text":"NACIONALES","link":"https:\/\/lasprimeras.com.do\/index.php\/category\/nacionales\/"},"img":{"alt_text":"","src":"","width":0,"height":0},"classes":[]},{"id":76831,"url":"https:\/\/lasprimeras.com.do\/index.php\/2024\/02\/14\/jce-14-misiones-internacionales-observaran-elecciones-a-nivel-nacional\/","url_meta":{"origin":83192,"position":2},"title":"JCE: 14 misiones internacionales observaran elecciones a nivel nacional","author":"Nelson Feliz","date":"14 de febrero de 2024","format":false,"excerpt":"La Junta Central Electoral (JCE), con el objetivo de celebrar unas elecciones libres, justas y transparentes para el fortalecimiento de la democracia, contar\u00e1 con la observaci\u00f3n de 14 misiones de observaci\u00f3n electoral de diferentes pa\u00edses para las elecciones municipales de este domingo 18 de febrero. La OEA design\u00f3 a Eladio\u2026","rel":"","context":"En \u00abNACIONALES\u00bb","block_context":{"text":"NACIONALES","link":"https:\/\/lasprimeras.com.do\/index.php\/category\/nacionales\/"},"img":{"alt_text":"JCE","src":"https:\/\/i0.wp.com\/lasprimeras.com.do\/wp-content\/uploads\/2024\/02\/Obs.-4.jpg?resize=350%2C200&ssl=1","width":350,"height":200,"srcset":"https:\/\/i0.wp.com\/lasprimeras.com.do\/wp-content\/uploads\/2024\/02\/Obs.-4.jpg?resize=350%2C200&ssl=1 1x, https:\/\/i0.wp.com\/lasprimeras.com.do\/wp-content\/uploads\/2024\/02\/Obs.-4.jpg?resize=525%2C300&ssl=1 1.5x, https:\/\/i0.wp.com\/lasprimeras.com.do\/wp-content\/uploads\/2024\/02\/Obs.-4.jpg?resize=700%2C400&ssl=1 2x"},"classes":[]},{"id":83414,"url":"https:\/\/lasprimeras.com.do\/index.php\/2024\/05\/16\/jce-oficializa-la-observacion-electoral-internacional-de-cara-a-las-elecciones-de-este-domingo\/","url_meta":{"origin":83192,"position":3},"title":"JCE oficializa la observaci\u00f3n electoral internacional de cara a las elecciones de este domingo","author":"Nelson Feliz","date":"16 de mayo de 2024","format":false,"excerpt":"M\u00e1s de 400 representantes de misiones internacionales observar\u00e1n comicios de este domingo. La Junta Central Electoral (JCE) inici\u00f3 este jueves la jornada de trabajo que da paso a la observaci\u00f3n electoral internacional con el inicio de un ciclo de conferencias y actividades para el despliegue territorial de las 21 misiones\u2026","rel":"","context":"En \u00abNACIONALES\u00bb","block_context":{"text":"NACIONALES","link":"https:\/\/lasprimeras.com.do\/index.php\/category\/nacionales\/"},"img":{"alt_text":"Junta Central Electoral","src":"https:\/\/i0.wp.com\/lasprimeras.com.do\/wp-content\/uploads\/2024\/05\/Junta-Central-Electoral.jpg?resize=350%2C200&ssl=1","width":350,"height":200,"srcset":"https:\/\/i0.wp.com\/lasprimeras.com.do\/wp-content\/uploads\/2024\/05\/Junta-Central-Electoral.jpg?resize=350%2C200&ssl=1 1x, https:\/\/i0.wp.com\/lasprimeras.com.do\/wp-content\/uploads\/2024\/05\/Junta-Central-Electoral.jpg?resize=525%2C300&ssl=1 1.5x, https:\/\/i0.wp.com\/lasprimeras.com.do\/wp-content\/uploads\/2024\/05\/Junta-Central-Electoral.jpg?resize=700%2C400&ssl=1 2x"},"classes":[]},{"id":76922,"url":"https:\/\/lasprimeras.com.do\/index.php\/2024\/02\/15\/jce-deja-abierto-proceso-de-observacion-electoral-con-miras-a-elecciones-de-este-domingo\/","url_meta":{"origin":83192,"position":4},"title":"JCE deja abierto proceso de observaci\u00f3n electoral con miras a elecciones de este domingo","author":"Nelson Feliz","date":"15 de febrero de 2024","format":false,"excerpt":"Presidente del \u00f3rgano electoral resalta importante de la observaci\u00f3n electoral y da garant\u00edas de elecciones \u00edntegras y transparentes. La Junta Central Electoral (JCE) dio inicio al ciclo de conferencias y actividades para el despliegue territorial de las misiones de observaci\u00f3n electoral internacional que se encuentran en el pa\u00eds de cara\u2026","rel":"","context":"En \u00abNACIONALES\u00bb","block_context":{"text":"NACIONALES","link":"https:\/\/lasprimeras.com.do\/index.php\/category\/nacionales\/"},"img":{"alt_text":"JCE","src":"https:\/\/i0.wp.com\/lasprimeras.com.do\/wp-content\/uploads\/2024\/02\/JCE-4.jpg?resize=350%2C200&ssl=1","width":350,"height":200,"srcset":"https:\/\/i0.wp.com\/lasprimeras.com.do\/wp-content\/uploads\/2024\/02\/JCE-4.jpg?resize=350%2C200&ssl=1 1x, https:\/\/i0.wp.com\/lasprimeras.com.do\/wp-content\/uploads\/2024\/02\/JCE-4.jpg?resize=525%2C300&ssl=1 1.5x, https:\/\/i0.wp.com\/lasprimeras.com.do\/wp-content\/uploads\/2024\/02\/JCE-4.jpg?resize=700%2C400&ssl=1 2x"},"classes":[]},{"id":74175,"url":"https:\/\/lasprimeras.com.do\/index.php\/2024\/01\/19\/oea-y-jce-firman-acuerdo-para-la-observacion-electoral-de-elecciones-dominicanas\/","url_meta":{"origin":83192,"position":5},"title":"OEA y JCE firman acuerdo para la observaci\u00f3n electoral de elecciones dominicanas","author":"Nelson Feliz","date":"19 de enero de 2024","format":false,"excerpt":"Washington, Estados Unidos. - La Junta Central Electoral (JCE) y la Organizaci\u00f3n de los Estados Americanos (OEA) firmaron un acuerdo que contempla el procedimiento para la Misi\u00f3n de Observadores que el organismo internacional enviar\u00e1 para las elecciones que celebrar\u00e1 Rep\u00fablica Dominicana en este 2024.\u00a0 En el acuerdo, firmado por el\u2026","rel":"","context":"En \u00abPORTADA\u00bb","block_context":{"text":"PORTADA","link":"https:\/\/lasprimeras.com.do\/index.php\/category\/portada\/"},"img":{"alt_text":"OEA y JCE firman acuerdo para la observaci\u00f3n electoral de elecciones dominicanas","src":"https:\/\/i0.wp.com\/lasprimeras.com.do\/wp-content\/uploads\/2024\/01\/acuerdo-1.jpg?resize=350%2C200&ssl=1","width":350,"height":200,"srcset":"https:\/\/i0.wp.com\/lasprimeras.com.do\/wp-content\/uploads\/2024\/01\/acuerdo-1.jpg?resize=350%2C200&ssl=1 1x, https:\/\/i0.wp.com\/lasprimeras.com.do\/wp-content\/uploads\/2024\/01\/acuerdo-1.jpg?resize=525%2C300&ssl=1 1.5x, https:\/\/i0.wp.com\/lasprimeras.com.do\/wp-content\/uploads\/2024\/01\/acuerdo-1.jpg?resize=700%2C400&ssl=1 2x"},"classes":[]}],"jetpack_sharing_enabled":true,"_links":{"self":[{"href":"https:\/\/lasprimeras.com.do\/index.php\/wp-json\/wp\/v2\/posts\/83192","targetHints":{"allow":["GET"]}}],"collection":[{"href":"https:\/\/lasprimeras.com.do\/index.php\/wp-json\/wp\/v2\/posts"}],"about":[{"href":"https:\/\/lasprimeras.com.do\/index.php\/wp-json\/wp\/v2\/types\/post"}],"author":[{"embeddable":true,"href":"https:\/\/lasprimeras.com.do\/index.php\/wp-json\/wp\/v2\/users\/3"}],"replies":[{"embeddable":true,"href":"https:\/\/lasprimeras.com.do\/index.php\/wp-json\/wp\/v2\/comments?post=83192"}],"version-history":[{"count":1,"href":"https:\/\/lasprimeras.com.do\/index.php\/wp-json\/wp\/v2\/posts\/83192\/revisions"}],"predecessor-version":[{"id":83193,"href":"https:\/\/lasprimeras.com.do\/index.php\/wp-json\/wp\/v2\/posts\/83192\/revisions\/83193"}],"wp:featuredmedia":[{"embeddable":true,"href":"https:\/\/lasprimeras.com.do\/index.php\/wp-json\/wp\/v2\/media\/82225"}],"wp:attachment":[{"href":"https:\/\/lasprimeras.com.do\/index.php\/wp-json\/wp\/v2\/media?parent=83192"}],"wp:term":[{"taxonomy":"category","embeddable":true,"href":"https:\/\/lasprimeras.com.do\/index.php\/wp-json\/wp\/v2\/categories?post=83192"},{"taxonomy":"post_tag","embeddable":true,"href":"https:\/\/lasprimeras.com.do\/index.php\/wp-json\/wp\/v2\/tags?post=83192"}],"curies":[{"name":"wp","href":"https:\/\/api.w.org\/{rel}","templated":true}]}}