{"id":83194,"date":"2024-05-13T06:52:17","date_gmt":"2024-05-13T10:52:17","guid":{"rendered":"https:\/\/lasprimeras.com.do\/?p=83194"},"modified":"2024-05-13T06:52:19","modified_gmt":"2024-05-13T10:52:19","slug":"caricom-y-ee-uu-reiteran-su-compromiso-de-luchar-contra-el-contrabando-de-armas-ilicitas","status":"publish","type":"post","link":"https:\/\/lasprimeras.com.do\/index.php\/2024\/05\/13\/caricom-y-ee-uu-reiteran-su-compromiso-de-luchar-contra-el-contrabando-de-armas-ilicitas\/","title":{"rendered":"Caricom y EE.UU. reiteran su compromiso de luchar contra el contrabando de armas il\u00edcitas"},"content":{"rendered":"\n<p>San Juan. \u2013 La agencia de Implementaci\u00f3n para el Crimen y la Seguridad de la Comunidad del Caribe (Caricom) y funcionarios de Estados Unidos reiteraron su compromiso de luchar contra el contrabando de armas il\u00edcitas en la regi\u00f3n del Caribe.<\/p>\n\n\n\n<p>Tras finalizar la reuni\u00f3n entre Caricom y EE.UU. ambos aunaron fuerzas para frenar los delitos con armas y perseguir a todos los implicados en el tr\u00e1fico il\u00edcito de armas de fuego.<\/p>\n\n\n\n<p>El ministro de Seguridad Nacional de Trinidad y Tobago, Fitzgerald Hinds, subray\u00f3 en un comunicado la necesidad de bajar los elevados incidentes de delitos relacionados con armas de fuego en toda la regi\u00f3n.<\/p>\n\n\n\n<p>\u00abDadas nuestras preocupaciones compartidas y nuestro objetivo com\u00fan de un hemisferio m\u00e1s seguro, espero con inter\u00e9s las actualizaciones sobre el buen trabajo que se ha iniciado y las perspectivas pertinentes sobre lo que puede hacerse para reforzar y mejorar\u00bb, declar\u00f3 Hinds.<\/p>\n\n\n\n<p>Por su parte, Todd Robinson, secretario adjunto para Asuntos Internacionales de Narc\u00f3ticos de Estados Unidos, afirm\u00f3 que Washington y sus socios caribe\u00f1os comparten el objetivo com\u00fan de hacer frente a los elevados \u00edndices de delincuencia y violencia alimentados por el tr\u00e1fico il\u00edcito de armas de fuego.<\/p>\n","protected":false},"excerpt":{"rendered":"<p>San Juan. \u2013 La agencia de Implementaci\u00f3n para el Crimen y la Seguridad de la Comunidad del Caribe (Caricom) y funcionarios de Estados Unidos reiteraron su compromiso de luchar contra&hellip;<\/p>\n","protected":false},"author":3,"featured_media":83195,"comment_status":"open","ping_status":"open","sticky":false,"template":"","format":"standard","meta":{"content-type":"","jetpack_post_was_ever_published":false,"_jetpack_newsletter_access":"","_jetpack_dont_email_post_to_subs":false,"_jetpack_newsletter_tier_id":0,"_jetpack_memberships_contains_paywalled_content":false,"_jetpack_memberships_contains_paid_content":false,"footnotes":""},"categories":[25],"tags":[3195],"class_list":["post-83194","post","type-post","status-publish","format-standard","has-post-thumbnail","hentry","category-portada","tag-caricom"],"jetpack_featured_media_url":"https:\/\/lasprimeras.com.do\/wp-content\/uploads\/2024\/05\/Diseno-sin-titulo-1-1.webp","jetpack-related-posts":[{"id":64550,"url":"https:\/\/lasprimeras.com.do\/index.php\/2023\/10\/20\/ee-uu-abrira-una-unidad-para-facilitar-investigacion-de-delitos-transnacionales-en-haiti\/","url_meta":{"origin":83194,"position":0},"title":"EE.UU. abrir\u00e1 una unidad para facilitar investigaci\u00f3n de delitos transnacionales en Hait\u00ed","author":"Nelson Feliz","date":"20 de octubre de 2023","format":false,"excerpt":"La unidad es una asociaci\u00f3n entre el Departamento de Estado y la Oficina de Investigaciones de Seguridad Nacional. Los Estados Unidos anunci\u00f3 este viernes la creaci\u00f3n de una oficina en territorio haitiano para facilitar\u00e1 la investigaci\u00f3n de delitos transnacionales como parte de su compromiso para detener la salida ilegal de\u2026","rel":"","context":"En \u00abSin categor\u00eda\u00bb","block_context":{"text":"Sin categor\u00eda","link":"https:\/\/lasprimeras.com.do\/index.php\/category\/sin-categoria\/"},"img":{"alt_text":"","src":"https:\/\/i0.wp.com\/lasprimeras.com.do\/wp-content\/uploads\/2023\/10\/bandas.jpg?resize=350%2C200&ssl=1","width":350,"height":200,"srcset":"https:\/\/i0.wp.com\/lasprimeras.com.do\/wp-content\/uploads\/2023\/10\/bandas.jpg?resize=350%2C200&ssl=1 1x, https:\/\/i0.wp.com\/lasprimeras.com.do\/wp-content\/uploads\/2023\/10\/bandas.jpg?resize=525%2C300&ssl=1 1.5x, https:\/\/i0.wp.com\/lasprimeras.com.do\/wp-content\/uploads\/2023\/10\/bandas.jpg?resize=700%2C400&ssl=1 2x"},"classes":[]},{"id":84121,"url":"https:\/\/lasprimeras.com.do\/index.php\/2024\/05\/31\/ee-uu-acusa-a-13-personas-de-trafico-de-armas-algunas-fueron-enviadas-a-rd-y-haiti\/","url_meta":{"origin":83194,"position":1},"title":"EE.UU. acusa a 13 personas de tr\u00e1fico de armas; algunas fueron enviadas a RD y Hait\u00ed","author":"Nelson Feliz","date":"31 de mayo de 2024","format":false,"excerpt":"Entre otros de los acusados est\u00e1n Ronald Zapete, de 39 a\u00f1os, y Amanda Roden, de 31, por la compra de armas de fuego en Dania Beach (Florida) y el env\u00edo sin permiso de tres de esas armas a Rep\u00fablica Dominicana. Washington, EFE.-. El Gobierno de EE.UU. inform\u00f3 este viernes del\u2026","rel":"","context":"En \u00abSin categor\u00eda\u00bb","block_context":{"text":"Sin categor\u00eda","link":"https:\/\/lasprimeras.com.do\/index.php\/category\/sin-categoria\/"},"img":{"alt_text":"Bandera de Estados Unidos","src":"https:\/\/i0.wp.com\/lasprimeras.com.do\/wp-content\/uploads\/2024\/05\/Bandera-de-Estados-Unidos.png?resize=350%2C200&ssl=1","width":350,"height":200,"srcset":"https:\/\/i0.wp.com\/lasprimeras.com.do\/wp-content\/uploads\/2024\/05\/Bandera-de-Estados-Unidos.png?resize=350%2C200&ssl=1 1x, https:\/\/i0.wp.com\/lasprimeras.com.do\/wp-content\/uploads\/2024\/05\/Bandera-de-Estados-Unidos.png?resize=525%2C300&ssl=1 1.5x, https:\/\/i0.wp.com\/lasprimeras.com.do\/wp-content\/uploads\/2024\/05\/Bandera-de-Estados-Unidos.png?resize=700%2C400&ssl=1 2x"},"classes":[]},{"id":52198,"url":"https:\/\/lasprimeras.com.do\/index.php\/2023\/06\/07\/abinader-asistira-a-reunion-de-caricom-donde-participara-vicepresidenta-de-eu\/","url_meta":{"origin":83194,"position":2},"title":"Abinader asistir\u00e1 a reuni\u00f3n de CARICOM donde participar\u00e1 vicepresidenta de EU","author":"prenxa100","date":"7 de junio de 2023","format":false,"excerpt":"Mandatario sale este jueves en la ma\u00f1ana y regresa en la tarde. Por Wilson P\u00e9rez El presidente Luis Abinader participar\u00e1 este jueves en una reuni\u00f3n de los pa\u00edses de la Comunidad del Caribe (CARICOM), donde asistir\u00e1 la vicepresidenta de Estados Unidos Kamala Harris. La reuni\u00f3n tendr\u00e1 lugar en Nassau Bahamas,\u2026","rel":"","context":"En \u00abNACIONALES\u00bb","block_context":{"text":"NACIONALES","link":"https:\/\/lasprimeras.com.do\/index.php\/category\/nacionales\/"},"img":{"alt_text":"","src":"","width":0,"height":0},"classes":[]},{"id":72669,"url":"https:\/\/lasprimeras.com.do\/index.php\/2024\/01\/02\/gobierno-rechaza-energicamente-pais-sea-un-puente-de-armas-hacia-haiti\/","url_meta":{"origin":83194,"position":3},"title":"Gobierno rechaza en\u00e9rgicamente pa\u00eds sea un puente de armas hacia Hait\u00ed","author":"Nelson Feliz","date":"2 de enero de 2024","format":false,"excerpt":"El Gobierno dominicano rechaz\u00f3 en t\u00e9rminos en\u00e9rgicos las afirmaciones de varios senadores estadounidenses de que el pa\u00eds sirve como puente en el tr\u00e1fico de armas ilegales hacia Hait\u00ed, asolado por bandas armadas que han impuesto un r\u00e9gimen de terror y violencia. La dura respuesta a las aseveraciones de los senadores\u2026","rel":"","context":"En \u00abNACIONALES\u00bb","block_context":{"text":"NACIONALES","link":"https:\/\/lasprimeras.com.do\/index.php\/category\/nacionales\/"},"img":{"alt_text":"armas","src":"https:\/\/i0.wp.com\/lasprimeras.com.do\/wp-content\/uploads\/2024\/01\/armas.jpg?resize=350%2C200&ssl=1","width":350,"height":200,"srcset":"https:\/\/i0.wp.com\/lasprimeras.com.do\/wp-content\/uploads\/2024\/01\/armas.jpg?resize=350%2C200&ssl=1 1x, https:\/\/i0.wp.com\/lasprimeras.com.do\/wp-content\/uploads\/2024\/01\/armas.jpg?resize=525%2C300&ssl=1 1.5x, https:\/\/i0.wp.com\/lasprimeras.com.do\/wp-content\/uploads\/2024\/01\/armas.jpg?resize=700%2C400&ssl=1 2x"},"classes":[]},{"id":52297,"url":"https:\/\/lasprimeras.com.do\/index.php\/2023\/06\/08\/concluye-reunion-caricom-eu-se-abordaron-temas-de-financiamientos-energia-haiti-y-seguridad-alimentaria\/","url_meta":{"origin":83194,"position":4},"title":"Concluye Reuni\u00f3n CARICOM-EU: se abordaron temas de financiamientos, energ\u00eda, Hait\u00ed y seguridad alimentaria","author":"prenxa100","date":"8 de junio de 2023","format":false,"excerpt":"Presidente Luis Abinader regresa esta noche luego de su participaci\u00f3n en el evento. Por Wilson P\u00e9rez El presidente Luis Abinader concluy\u00f3 esta noche su participaci\u00f3n en la reuni\u00f3n con los miembros de la Comunidad del Caribe (CARICOM) donde se trataron temas sobre los accesos a financiamientos internacionales (Banco Mundial, FMI,\u2026","rel":"","context":"En \u00abECONOM\u00cdA\u00bb","block_context":{"text":"ECONOM\u00cdA","link":"https:\/\/lasprimeras.com.do\/index.php\/category\/economia\/"},"img":{"alt_text":"","src":"","width":0,"height":0},"classes":[]},{"id":52270,"url":"https:\/\/lasprimeras.com.do\/index.php\/2023\/06\/08\/presidente-abinader-llega-a-bahamas-para-participar-en-reunion-de-caricom\/","url_meta":{"origin":83194,"position":5},"title":"Presidente Abinader llega a Bahamas para participar en reuni\u00f3n de CARICOM","author":"prenxa100","date":"8 de junio de 2023","format":false,"excerpt":"Previo al encuentro de Estado, se re\u00fane con la di\u00e1spora quienes valoran que por primera vez un presidente dominicano se re\u00fane con ellos y los escucha. Por Wilson Perez Santo Domingo.- El presidente Luis Abinader arrib\u00f3 a las 11:10 de la ma\u00f1ana de este jueves a Nassau, Bahamas, donde participar\u00e1\u2026","rel":"","context":"En \u00abNACIONALES\u00bb","block_context":{"text":"NACIONALES","link":"https:\/\/lasprimeras.com.do\/index.php\/category\/nacionales\/"},"img":{"alt_text":"","src":"","width":0,"height":0},"classes":[]}],"jetpack_sharing_enabled":true,"_links":{"self":[{"href":"https:\/\/lasprimeras.com.do\/index.php\/wp-json\/wp\/v2\/posts\/83194","targetHints":{"allow":["GET"]}}],"collection":[{"href":"https:\/\/lasprimeras.com.do\/index.php\/wp-json\/wp\/v2\/posts"}],"about":[{"href":"https:\/\/lasprimeras.com.do\/index.php\/wp-json\/wp\/v2\/types\/post"}],"author":[{"embeddable":true,"href":"https:\/\/lasprimeras.com.do\/index.php\/wp-json\/wp\/v2\/users\/3"}],"replies":[{"embeddable":true,"href":"https:\/\/lasprimeras.com.do\/index.php\/wp-json\/wp\/v2\/comments?post=83194"}],"version-history":[{"count":1,"href":"https:\/\/lasprimeras.com.do\/index.php\/wp-json\/wp\/v2\/posts\/83194\/revisions"}],"predecessor-version":[{"id":83196,"href":"https:\/\/lasprimeras.com.do\/index.php\/wp-json\/wp\/v2\/posts\/83194\/revisions\/83196"}],"wp:featuredmedia":[{"embeddable":true,"href":"https:\/\/lasprimeras.com.do\/index.php\/wp-json\/wp\/v2\/media\/83195"}],"wp:attachment":[{"href":"https:\/\/lasprimeras.com.do\/index.php\/wp-json\/wp\/v2\/media?parent=83194"}],"wp:term":[{"taxonomy":"category","embeddable":true,"href":"https:\/\/lasprimeras.com.do\/index.php\/wp-json\/wp\/v2\/categories?post=83194"},{"taxonomy":"post_tag","embeddable":true,"href":"https:\/\/lasprimeras.com.do\/index.php\/wp-json\/wp\/v2\/tags?post=83194"}],"curies":[{"name":"wp","href":"https:\/\/api.w.org\/{rel}","templated":true}]}}