{"id":83197,"date":"2024-05-13T09:35:46","date_gmt":"2024-05-13T13:35:46","guid":{"rendered":"https:\/\/lasprimeras.com.do\/?p=83197"},"modified":"2024-05-13T09:35:47","modified_gmt":"2024-05-13T13:35:47","slug":"dr-santiago-hazim-te-aseguro-que-en-el-peor-escenario-de-luis-abinader-sacaria-un-65","status":"publish","type":"post","link":"https:\/\/lasprimeras.com.do\/index.php\/2024\/05\/13\/dr-santiago-hazim-te-aseguro-que-en-el-peor-escenario-de-luis-abinader-sacaria-un-65\/","title":{"rendered":"Dr. Santiago Hazim: \u201cTe asegur\u00f3 que en el peor escenario de Luis Abinader sacar\u00eda un 65%\u2026\u201d"},"content":{"rendered":"\n<p>Santo Domingo. &#8211; El coordinador nacional del Sector Externo del presidente Luis Abinader (oLA), doctor Santiago Hazim asegur\u00f3 hoy que en el peor escenario del candidato a la presidencia por el Partido Revolucionario Moderno Luis Abinader es \u201cun 65% y en el tema de los senadores. Si las elecciones fueran hoy ganar\u00edamos de 26 a 27 senadores\u201d<\/p>\n\n\n\n<p>Asimismo, agreg\u00f3 que faltando estos d\u00edas para la celebraci\u00f3n de las elecciones 2024 \u201cvamos a salir para la calle a buscar los votos que hacen falta para que esos senadores puedan disfrutar el triunfo\u201d.<\/p>\n\n\n\n<p>Dijo que cuando un capit\u00e1n (al referirse al Mandatario) lleva el barco a puerto seguro en aguas turbulentas \u201cimag\u00ednate lo que har\u00eda ese mismo capit\u00e1n para llevar el barco a puerto seguro en aguas tranquilas, lo que viene en estos cuatro a\u00f1os, si Dios quiere, y sin pandemia y sin problemas, Luis Abinader lo va a sellar con su etiqueta de lo que es un cambio de Gobierno en la Rep\u00fablica Dominicana\u201d.<\/p>\n\n\n\n<p>Al preguntarle de por qu\u00e9 hay que darle nueva vez la oportunidad al actual Presidente, el pol\u00edtico y ortopeda expres\u00f3 este domingo en el programa: \u201cPrecisando\u201d el cual es conducido por Luis Mi\u00f1oso, que \u201ccon orgullo, yo les digo que hemos podido transparentar, llevar al pa\u00eds a que todo los \u00edndices econ\u00f3micos hayan subido, a que continuemos teniendo la mejor econom\u00eda en el \u00e1rea del Caribe y la tercera econom\u00eda m\u00e1s fuerte de Am\u00e9rica Latina\u201d.<\/p>\n\n\n\n<p>Sobre la organizaci\u00f3n explic\u00f3 que aglutina a todos aquellos profesionales, empresarios que no quieren estar bajo un partido pol\u00edtico pero que quieren aportar sus ideas, proyectos, propuestas y hasta recursos econ\u00f3micos para contribuir a impulsar esas mejoras al desarrollo del pa\u00eds.<\/p>\n\n\n\n<p>Puntualiz\u00f3 que gracias al trabajo constante de oLA han aportado m\u00e1s de 200 mil nuevos inscritos al partido, \u201ceso es un aporte que se le hace al presidente de la Rep\u00fablica y a nuestro partido PRM, y esa es la funci\u00f3n de un sector externo, con el que pocos partidos cuentan\u201d.<\/p>\n\n\n\n<p>Record\u00f3 que hace poco presentaron junto a la vicepresidenta Raquel Pe\u00f1a y la primera dama Raquel Arbaje, la estructura a nivel nacional del Sector Externo del presidente Luis Abinader \u201cdonde unos 500 dirigentes quienes se han organizado en las 32 provincias y pudieran ver la estructura que tenemos organizada de mujeres, j\u00f3venes, profesionales, m\u00e9dicos y personas del sector informal.<\/p>\n\n\n\n<p>Este sector externo se compone del universo del dominicano. Todo aquel que no quiere participar dentro de un partido ah\u00ed tiene el chance de dar su apoyo al presidente&#8221;.<\/p>\n","protected":false},"excerpt":{"rendered":"<p>Santo Domingo. &#8211; El coordinador nacional del Sector Externo del presidente Luis Abinader (oLA), doctor Santiago Hazim asegur\u00f3 hoy que en el peor escenario del candidato a la presidencia por&hellip;<\/p>\n","protected":false},"author":3,"featured_media":83198,"comment_status":"open","ping_status":"open","sticky":false,"template":"","format":"standard","meta":{"content-type":"","jetpack_post_was_ever_published":false,"_jetpack_newsletter_access":"","_jetpack_dont_email_post_to_subs":false,"_jetpack_newsletter_tier_id":0,"_jetpack_memberships_contains_paywalled_content":false,"_jetpack_memberships_contains_paid_content":false,"footnotes":""},"categories":[1],"tags":[67],"class_list":["post-83197","post","type-post","status-publish","format-standard","has-post-thumbnail","hentry","category-sin-categoria","tag-luis-abinader"],"jetpack_featured_media_url":"https:\/\/lasprimeras.com.do\/wp-content\/uploads\/2024\/05\/IMG-20240513-WA0010.jpg","jetpack-related-posts":[{"id":83206,"url":"https:\/\/lasprimeras.com.do\/index.php\/2024\/05\/13\/santiago-hazim-asegura-que-en-el-peor-escenario-de-luis-abinader-sacaria-un-65\/","url_meta":{"origin":83197,"position":0},"title":"Santiago Hazim asegura que en el peor escenario de Luis Abinader sacar\u00eda un 65%","author":"Nelson Feliz","date":"13 de mayo de 2024","format":false,"excerpt":"El coordinador nacional del Sector Externo del presidente Luis Abinader (oLA), doctor Santiago Hazim asegur\u00f3 hoy que en el peor escenario del candidato a la presidencia por el Partido Revolucionario Moderno Luis Abinader es \u201cun 65% y en el tema de los senadores. Si las elecciones fueran hoy ganar\u00edamos de\u2026","rel":"","context":"En \u00abPORTADA\u00bb","block_context":{"text":"PORTADA","link":"https:\/\/lasprimeras.com.do\/index.php\/category\/portada\/"},"img":{"alt_text":"Santiago Hazim","src":"https:\/\/i0.wp.com\/lasprimeras.com.do\/wp-content\/uploads\/2024\/05\/Santiago-Hazim-1.jpg?resize=350%2C200&ssl=1","width":350,"height":200,"srcset":"https:\/\/i0.wp.com\/lasprimeras.com.do\/wp-content\/uploads\/2024\/05\/Santiago-Hazim-1.jpg?resize=350%2C200&ssl=1 1x, https:\/\/i0.wp.com\/lasprimeras.com.do\/wp-content\/uploads\/2024\/05\/Santiago-Hazim-1.jpg?resize=525%2C300&ssl=1 1.5x, https:\/\/i0.wp.com\/lasprimeras.com.do\/wp-content\/uploads\/2024\/05\/Santiago-Hazim-1.jpg?resize=700%2C400&ssl=1 2x"},"classes":[]},{"id":109265,"url":"https:\/\/lasprimeras.com.do\/index.php\/2025\/09\/16\/se-hunde-el-barco-mi-querido-capitan-nueve-grandes-casos-de-mala-administracion-y-corrupcion-en-el-gobierno-de-luis-abinader\/","url_meta":{"origin":83197,"position":1},"title":"Se hunde el barco mi querido capit\u00e1n: Nueve grandes casos de mala administraci\u00f3n y corrupci\u00f3n en el gobierno de Luis Abinader","author":"Nelson Feliz","date":"16 de septiembre de 2025","format":false,"excerpt":"El \u00faltimo caso de corrupci\u00f3n administrativa sali\u00f3 a la luz hace varias semanas y se trata de la administraci\u00f3n de Santiago Hazim al frente Senasa. Aunque han existido denuncias de situaciones que han embarrado la gesti\u00f3n que realiza el Gobierno del presidente Luis Abinader, al menos se han conocido nueve\u2026","rel":"","context":"En \u00abJUSTICIA\u00bb","block_context":{"text":"JUSTICIA","link":"https:\/\/lasprimeras.com.do\/index.php\/category\/justicia\/"},"img":{"alt_text":"","src":"https:\/\/i0.wp.com\/lasprimeras.com.do\/wp-content\/uploads\/2025\/09\/cuatro.jpeg?resize=350%2C200&ssl=1","width":350,"height":200,"srcset":"https:\/\/i0.wp.com\/lasprimeras.com.do\/wp-content\/uploads\/2025\/09\/cuatro.jpeg?resize=350%2C200&ssl=1 1x, https:\/\/i0.wp.com\/lasprimeras.com.do\/wp-content\/uploads\/2025\/09\/cuatro.jpeg?resize=525%2C300&ssl=1 1.5x, https:\/\/i0.wp.com\/lasprimeras.com.do\/wp-content\/uploads\/2025\/09\/cuatro.jpeg?resize=700%2C400&ssl=1 2x"},"classes":[]},{"id":55558,"url":"https:\/\/lasprimeras.com.do\/index.php\/2023\/07\/23\/santiago-hazim-llama-a-politicos-y-empresarios-a-respaldar-al-presidente-ante-los-problemas-de-haiti\/","url_meta":{"origin":83197,"position":2},"title":"Santiago Hazim llama a pol\u00edticos y empresarios a respaldar al presidente ante los problemas de Hait\u00ed","author":"Nelson Feliz","date":"23 de julio de 2023","format":false,"excerpt":"Por Martin Restituyo El dirigente pol\u00edtico doctor Santiago Hazim invit\u00f3 a los pol\u00edticos, empresarios y todo el que se sienta dominicano de pura cepa a respaldar al presidente Luis Abinader ante el constate llamado que realiza el mandatario en la comunidad internacional para buscar una soluci\u00f3n definitiva al problema de\u2026","rel":"","context":"En \u00abSin categor\u00eda\u00bb","block_context":{"text":"Sin categor\u00eda","link":"https:\/\/lasprimeras.com.do\/index.php\/category\/sin-categoria\/"},"img":{"alt_text":"Santiago Hazim","src":"https:\/\/i0.wp.com\/lasprimeras.com.do\/wp-content\/uploads\/2023\/07\/Santiago-Hazim-2.jpg?resize=350%2C200&ssl=1","width":350,"height":200,"srcset":"https:\/\/i0.wp.com\/lasprimeras.com.do\/wp-content\/uploads\/2023\/07\/Santiago-Hazim-2.jpg?resize=350%2C200&ssl=1 1x, https:\/\/i0.wp.com\/lasprimeras.com.do\/wp-content\/uploads\/2023\/07\/Santiago-Hazim-2.jpg?resize=525%2C300&ssl=1 1.5x, https:\/\/i0.wp.com\/lasprimeras.com.do\/wp-content\/uploads\/2023\/07\/Santiago-Hazim-2.jpg?resize=700%2C400&ssl=1 2x"},"classes":[]},{"id":81157,"url":"https:\/\/lasprimeras.com.do\/index.php\/2024\/04\/17\/ricardo-de-los-santos-el-escenario-politico-esta-marcado-con-resultados-de-las-encuestas-que-arrojan-luis-abinader-ganaria-con-un-70\/","url_meta":{"origin":83197,"position":3},"title":"Ricardo De los Santos: el escenario pol\u00edtico est\u00e1 marcado con resultados de las encuestas que arrojan Luis Abinader ganar\u00eda con un 70%","author":"BIMARY DE JES\u00daS Matos","date":"17 de abril de 2024","format":false,"excerpt":"SANTO DOMINGO, RD. -El senador y candidato a la misma posici\u00f3n del Partido Revolucionario Moderno (PRM), por la provincia S\u00e1nchez Ram\u00edrez, Ricardo De los Santos, asegur\u00f3 este mi\u00e9rcoles que el escenario pol\u00edtico est\u00e1 marcado por las mediciones que hacen las encuestas, que indican que Luis Abinader ganar\u00eda nuevamente las elecciones\u2026","rel":"","context":"En \u00abSin categor\u00eda\u00bb","block_context":{"text":"Sin categor\u00eda","link":"https:\/\/lasprimeras.com.do\/index.php\/category\/sin-categoria\/"},"img":{"alt_text":"","src":"https:\/\/i0.wp.com\/lasprimeras.com.do\/wp-content\/uploads\/2024\/04\/IMG-20240417-WA0027.jpg?resize=350%2C200&ssl=1","width":350,"height":200,"srcset":"https:\/\/i0.wp.com\/lasprimeras.com.do\/wp-content\/uploads\/2024\/04\/IMG-20240417-WA0027.jpg?resize=350%2C200&ssl=1 1x, https:\/\/i0.wp.com\/lasprimeras.com.do\/wp-content\/uploads\/2024\/04\/IMG-20240417-WA0027.jpg?resize=525%2C300&ssl=1 1.5x, https:\/\/i0.wp.com\/lasprimeras.com.do\/wp-content\/uploads\/2024\/04\/IMG-20240417-WA0027.jpg?resize=700%2C400&ssl=1 2x, https:\/\/i0.wp.com\/lasprimeras.com.do\/wp-content\/uploads\/2024\/04\/IMG-20240417-WA0027.jpg?resize=1050%2C600&ssl=1 3x"},"classes":[]},{"id":81202,"url":"https:\/\/lasprimeras.com.do\/index.php\/2024\/04\/18\/ricardo-de-los-santos-el-escenario-politico-esta-marcado-con-resultados-de-las-encuestas-que-arrojan-luis-abinader-ganaria-con-un-70-2\/","url_meta":{"origin":83197,"position":4},"title":"Presidente del Senado dice encuestas arrojan que Abinader ganar\u00e1 con un 70%","author":"BIMARY DE JES\u00daS Matos","date":"18 de abril de 2024","format":false,"excerpt":"Por Martin Restituyo El senador y candidato a la misma posici\u00f3n del Partido Revolucionario Moderno (PRM), por la provincia S\u00e1nchez Ram\u00edrez, Ricardo De los Santos, asegur\u00f3 que el escenario pol\u00edtico est\u00e1 marcado por las mediciones que hacen las encuestas, que indican que Luis Abinader ganar\u00eda nuevamente las elecciones presidenciales con\u2026","rel":"","context":"En \u00abPORTADA\u00bb","block_context":{"text":"PORTADA","link":"https:\/\/lasprimeras.com.do\/index.php\/category\/portada\/"},"img":{"alt_text":"","src":"https:\/\/i0.wp.com\/lasprimeras.com.do\/wp-content\/uploads\/2024\/04\/WhatsApp-Image-2024-04-18-at-10.07.37-AM.jpeg?resize=350%2C200&ssl=1","width":350,"height":200,"srcset":"https:\/\/i0.wp.com\/lasprimeras.com.do\/wp-content\/uploads\/2024\/04\/WhatsApp-Image-2024-04-18-at-10.07.37-AM.jpeg?resize=350%2C200&ssl=1 1x, https:\/\/i0.wp.com\/lasprimeras.com.do\/wp-content\/uploads\/2024\/04\/WhatsApp-Image-2024-04-18-at-10.07.37-AM.jpeg?resize=525%2C300&ssl=1 1.5x, https:\/\/i0.wp.com\/lasprimeras.com.do\/wp-content\/uploads\/2024\/04\/WhatsApp-Image-2024-04-18-at-10.07.37-AM.jpeg?resize=700%2C400&ssl=1 2x, https:\/\/i0.wp.com\/lasprimeras.com.do\/wp-content\/uploads\/2024\/04\/WhatsApp-Image-2024-04-18-at-10.07.37-AM.jpeg?resize=1050%2C600&ssl=1 3x"},"classes":[]},{"id":113883,"url":"https:\/\/lasprimeras.com.do\/index.php\/2025\/11\/06\/los-32-senadores-y-el-obispo-de-sjm-piden-al-presidente-abinader-la-construccion-de-la-carretera-sabaneta-sabaneta\/","url_meta":{"origin":83197,"position":5},"title":"Los 32 senadores y el Obispo de SJM piden al presidente Abinader la construcci\u00f3n de la carretera Sabaneta- Sabaneta","author":"Nelson Feliz","date":"6 de noviembre de 2025","format":false,"excerpt":"\u201dEs hora de romper el aislamiento y abrir caminos hacia nuevas oportunidades\u201d, destaca la carta enviada al presidente Luis Abinader. Los 32 senadores de la Rep\u00fablica Dominicana, junto al Obispo Em\u00e9rito de la Di\u00f3cesis de San Juan de la Maguana, Jos\u00e9 Dolores Grull\u00f3n Estrella, firmaron una solicitud dirigida al presidente\u2026","rel":"","context":"En \u00abNACIONALES\u00bb","block_context":{"text":"NACIONALES","link":"https:\/\/lasprimeras.com.do\/index.php\/category\/nacionales\/"},"img":{"alt_text":"","src":"https:\/\/i0.wp.com\/lasprimeras.com.do\/wp-content\/uploads\/2025\/11\/carretera-Sabaneta-Sabaneta-1.jpg?resize=350%2C200&ssl=1","width":350,"height":200,"srcset":"https:\/\/i0.wp.com\/lasprimeras.com.do\/wp-content\/uploads\/2025\/11\/carretera-Sabaneta-Sabaneta-1.jpg?resize=350%2C200&ssl=1 1x, https:\/\/i0.wp.com\/lasprimeras.com.do\/wp-content\/uploads\/2025\/11\/carretera-Sabaneta-Sabaneta-1.jpg?resize=525%2C300&ssl=1 1.5x, https:\/\/i0.wp.com\/lasprimeras.com.do\/wp-content\/uploads\/2025\/11\/carretera-Sabaneta-Sabaneta-1.jpg?resize=700%2C400&ssl=1 2x"},"classes":[]}],"jetpack_sharing_enabled":true,"_links":{"self":[{"href":"https:\/\/lasprimeras.com.do\/index.php\/wp-json\/wp\/v2\/posts\/83197","targetHints":{"allow":["GET"]}}],"collection":[{"href":"https:\/\/lasprimeras.com.do\/index.php\/wp-json\/wp\/v2\/posts"}],"about":[{"href":"https:\/\/lasprimeras.com.do\/index.php\/wp-json\/wp\/v2\/types\/post"}],"author":[{"embeddable":true,"href":"https:\/\/lasprimeras.com.do\/index.php\/wp-json\/wp\/v2\/users\/3"}],"replies":[{"embeddable":true,"href":"https:\/\/lasprimeras.com.do\/index.php\/wp-json\/wp\/v2\/comments?post=83197"}],"version-history":[{"count":1,"href":"https:\/\/lasprimeras.com.do\/index.php\/wp-json\/wp\/v2\/posts\/83197\/revisions"}],"predecessor-version":[{"id":83199,"href":"https:\/\/lasprimeras.com.do\/index.php\/wp-json\/wp\/v2\/posts\/83197\/revisions\/83199"}],"wp:featuredmedia":[{"embeddable":true,"href":"https:\/\/lasprimeras.com.do\/index.php\/wp-json\/wp\/v2\/media\/83198"}],"wp:attachment":[{"href":"https:\/\/lasprimeras.com.do\/index.php\/wp-json\/wp\/v2\/media?parent=83197"}],"wp:term":[{"taxonomy":"category","embeddable":true,"href":"https:\/\/lasprimeras.com.do\/index.php\/wp-json\/wp\/v2\/categories?post=83197"},{"taxonomy":"post_tag","embeddable":true,"href":"https:\/\/lasprimeras.com.do\/index.php\/wp-json\/wp\/v2\/tags?post=83197"}],"curies":[{"name":"wp","href":"https:\/\/api.w.org\/{rel}","templated":true}]}}