{"id":83200,"date":"2024-05-13T14:50:11","date_gmt":"2024-05-13T18:50:11","guid":{"rendered":"https:\/\/lasprimeras.com.do\/?p=83200"},"modified":"2024-05-13T14:50:13","modified_gmt":"2024-05-13T18:50:13","slug":"presidente-abinader-encabeza-reunion-de-seguimiento-al-plan-de-seguridad-ciudadana-6","status":"publish","type":"post","link":"https:\/\/lasprimeras.com.do\/index.php\/2024\/05\/13\/presidente-abinader-encabeza-reunion-de-seguimiento-al-plan-de-seguridad-ciudadana-6\/","title":{"rendered":"Presidente Abinader encabeza reuni\u00f3n de seguimiento al Plan de Seguridad Ciudadana"},"content":{"rendered":"\n<p>Santo Domingo.- El presidente Luis Abinader, encabeza en estos momentos la reuni\u00f3n de seguimiento al Plan de la Seguridad Ciudadana para continuar garantizando el bienestar de los dominicanos en el pa\u00eds.<\/p>\n\n\n\n<p>El encuentro inici\u00f3 a las 10:35 de la ma\u00f1ana, en el Sal\u00f3n del Club de Oficiales del Palacio de la Polic\u00eda Nacional, donde se contin\u00faan evaluando de fortalecimiento de la seguridad ciudadana en el pa\u00eds.<\/p>\n\n\n\n<p>En esta ocasi\u00f3n participan como invitados en la reuni\u00f3n, los miembros del Consejo Nacional de la Empresa Privada (CONEP), Celso Marranzini Esteva, presidente; Cesar Dargam Espaillat, vicepresidente Ejecutivo; Julio Brache, primer vicepresidente y presidente de la Asociaci\u00f3n de Industrias de la Rep\u00fablica Dominicana (AIRD); Carlos Guillermo Le\u00f3n, secretario y presidente del Banco M\u00faltiple BHD-Le\u00f3n, S.A.; Lucile Houellemont, vicetesorero y presidente de la C\u00e1mara de Comercio y Producci\u00f3n de Santo Domingo (CCPS); Jos\u00e9 Nelton Gonzalez, director y presidente de la Asociaci\u00f3n Nacional de J\u00f3venes Empresarios (ANJE) y la pasada presidenta del CONEP, Elena Viyella de Paliza.<\/p>\n\n\n\n<p>Adem\u00e1s, en compa\u00f1\u00eda del jefe de Estado est\u00e1n los ministros, de la Presidencia, Joel Santos; de Defensa, teniente general Carlos Luciano D\u00edaz Morfa; de Interior y Polic\u00eda, Jes\u00fas V\u00e1squez Mart\u00ednez; el director de la Polic\u00eda Nacional, mayor general Ram\u00f3n Antonio Guzm\u00e1n Peralta; los comandantes generales del Ej\u00e9rcito, mayor general Carlos Antonio Fern\u00e1ndez Onofre; de la Fuerza A\u00e9rea, mayor el general, Carlos Ram\u00f3n Febrillet Rodr\u00edguez y de la Armada de Rep\u00fablica Dominicana, vicealmirante, Agust\u00edn Alberto Morillo Rodr\u00edguez.<\/p>\n\n\n\n<p>Tambi\u00e9n, el presidente de la Direcci\u00f3n Nacional de Control de Drogas (DNCD), vicealmirante Jos\u00e9 Manuel Cabrera Ulloa; el titular de la Direcci\u00f3n General de Seguridad de Tr\u00e1nsito y Transporte Terrestre (Digesett), general Francisco Osoria de la Cruz; el director de la Polic\u00eda de Turismo (Politur), general Minoru Matsunaga; el subdirector de la Polic\u00eda Nacional, general Juan Hilario Guzm\u00e1n Bad\u00eda y el director de Asuntos Internos de la Polic\u00eda Nacional, general Ram\u00f3n Ram\u00edrez.<\/p>\n\n\n\n<p>Adem\u00e1s, los directores del Sistema Nacional de Atenci\u00f3n a Emergencias y Seguridad 9-1-1 y del INTRANT, coronel piloto, Randolfo Rijo G\u00f3mez; de la Polic\u00eda Escolar, coronel Mart\u00edn Miguel Tapia S\u00e1nchez y de Prisiones, Roberto Hern\u00e1ndez Basilio.<\/p>\n\n\n\n<p>En la reuni\u00f3n participan tambi\u00e9n la procuradora adjunta y titular de la Direcci\u00f3n de Persecuci\u00f3n del Ministerio P\u00fablico, Yeni Berenice Reynoso y una comisi\u00f3n de fiscales integrada por la del Distrito Nacional, Rosalba Ramos; de Santiago, Osvaldo Bonilla; de San Crist\u00f3bal, Fadulia Rosa; de La Vega, Aura Luz Garc\u00eda; de Mar\u00eda Trinidad S\u00e1nchez, Juan Antonio Mateo Cipri\u00e1n; de La Altagracia, Claudia Garrido; de San Pedro de Macor\u00eds, Suleika Mateo; de Duarte, Smaily Yamel Rodr\u00edguez; de Dajab\u00f3n, Yeisin Alc\u00e1ntara; de Espaillat, Yorelbin Rivas; de La Romana, Kevin Santana; de Santo Domingo Oeste, Eduard L\u00f3pez.<\/p>\n\n\n\n<p>As\u00ed como tambi\u00e9n, los fiscales titulares de Santo Domingo Este, Milciades Guzm\u00e1n; de Barahona, Wellington Matos Espinal; de Peravia. \u00c1ngel Dar\u00edo Tejeda Fabal; de Valverde, V\u00edctor Mej\u00eda; de Hermanas Mirabal, Zoila Agustina Rodr\u00edguez Ynfante; de Puerto Plata, Kelmi D\u00fancan; Monse\u00f1or Nouel, Joel L\u00f3pez y de San Juan, Adolfo Augusto Feliz P\u00e9rez.<\/p>\n","protected":false},"excerpt":{"rendered":"<p>Santo Domingo.- El presidente Luis Abinader, encabeza en estos momentos la reuni\u00f3n de seguimiento al Plan de la Seguridad Ciudadana para continuar garantizando el bienestar de los dominicanos en el&hellip;<\/p>\n","protected":false},"author":3,"featured_media":83202,"comment_status":"open","ping_status":"open","sticky":false,"template":"","format":"standard","meta":{"content-type":"","jetpack_post_was_ever_published":false,"_jetpack_newsletter_access":"","_jetpack_dont_email_post_to_subs":false,"_jetpack_newsletter_tier_id":0,"_jetpack_memberships_contains_paywalled_content":false,"_jetpack_memberships_contains_paid_content":false,"footnotes":""},"categories":[25],"tags":[67],"class_list":["post-83200","post","type-post","status-publish","format-standard","has-post-thumbnail","hentry","category-portada","tag-luis-abinader"],"jetpack_featured_media_url":"https:\/\/lasprimeras.com.do\/wp-content\/uploads\/2024\/05\/Diseno-sin-titulo-1.jpg","jetpack-related-posts":[{"id":84557,"url":"https:\/\/lasprimeras.com.do\/index.php\/2024\/06\/10\/abinader-encabeza-reunion-de-seguimiento-al-plan-de-seguridad-ciudadana-4\/","url_meta":{"origin":83200,"position":0},"title":"Abinader encabeza reuni\u00f3n de seguimiento al Plan de Seguridad Ciudadana","author":"Nelson Feliz","date":"10 de junio de 2024","format":false,"excerpt":"Por Martin Restituyo El presidente Luis Abinader, encabeza en estos momentos la reuni\u00f3n de seguimiento al Plan de la Seguridad Ciudadana para seguir garantizando el bienestar en beneficio de los dominicanos en el pa\u00eds. El encuentro inici\u00f3 a las 10:30 de la ma\u00f1ana, en el Sal\u00f3n del Club de Oficiales\u2026","rel":"","context":"En \u00abNACIONALES\u00bb","block_context":{"text":"NACIONALES","link":"https:\/\/lasprimeras.com.do\/index.php\/category\/nacionales\/"},"img":{"alt_text":"Plan Seguridad Ciudadana","src":"https:\/\/i0.wp.com\/lasprimeras.com.do\/wp-content\/uploads\/2024\/06\/Plan-Seguridad-Ciudadana-1.jpg?resize=350%2C200&ssl=1","width":350,"height":200,"srcset":"https:\/\/i0.wp.com\/lasprimeras.com.do\/wp-content\/uploads\/2024\/06\/Plan-Seguridad-Ciudadana-1.jpg?resize=350%2C200&ssl=1 1x, https:\/\/i0.wp.com\/lasprimeras.com.do\/wp-content\/uploads\/2024\/06\/Plan-Seguridad-Ciudadana-1.jpg?resize=525%2C300&ssl=1 1.5x, https:\/\/i0.wp.com\/lasprimeras.com.do\/wp-content\/uploads\/2024\/06\/Plan-Seguridad-Ciudadana-1.jpg?resize=700%2C400&ssl=1 2x"},"classes":[]},{"id":67118,"url":"https:\/\/lasprimeras.com.do\/index.php\/2023\/11\/13\/presidente-abinader-encabeza-reunion-de-seguimiento-al-plan-de-seguridad-ciudadana\/","url_meta":{"origin":83200,"position":1},"title":"Presidente Abinader encabeza reuni\u00f3n de seguimiento al Plan de Seguridad Ciudadana","author":"Nelson Feliz","date":"13 de noviembre de 2023","format":false,"excerpt":"Previo al inicio de la reuni\u00f3n, el director de la PN, mayor general Eduardo Alberto Then, mostr\u00f3 al presidente Abinader, el decomiso de 30 mil armas blancas que fueron retiradas de las calles en operativos. Por Mart\u00edn Restituyo En estos momentos, el presidente Luis Abinader, encabeza la reuni\u00f3n de seguimiento\u2026","rel":"","context":"En \u00abMILITARES\u00bb","block_context":{"text":"MILITARES","link":"https:\/\/lasprimeras.com.do\/index.php\/category\/militares\/"},"img":{"alt_text":"Luis Abinader","src":"https:\/\/i0.wp.com\/lasprimeras.com.do\/wp-content\/uploads\/2023\/11\/Luis-Abinader-1-1.jpg?resize=350%2C200&ssl=1","width":350,"height":200,"srcset":"https:\/\/i0.wp.com\/lasprimeras.com.do\/wp-content\/uploads\/2023\/11\/Luis-Abinader-1-1.jpg?resize=350%2C200&ssl=1 1x, https:\/\/i0.wp.com\/lasprimeras.com.do\/wp-content\/uploads\/2023\/11\/Luis-Abinader-1-1.jpg?resize=525%2C300&ssl=1 1.5x, https:\/\/i0.wp.com\/lasprimeras.com.do\/wp-content\/uploads\/2023\/11\/Luis-Abinader-1-1.jpg?resize=700%2C400&ssl=1 2x"},"classes":[]},{"id":83224,"url":"https:\/\/lasprimeras.com.do\/index.php\/2024\/05\/13\/abinader-encabeza-reunion-de-seguimiento-al-plan-de-seguridad-ciudadana-2\/","url_meta":{"origin":83200,"position":2},"title":"Abinader encabeza reuni\u00f3n de seguimiento al Plan de Seguridad Ciudadana","author":"Nelson Feliz","date":"13 de mayo de 2024","format":false,"excerpt":"Tambi\u00e9n participan en esta ocasi\u00f3n como invitados en la reuni\u00f3n, los miembros del Consejo Nacional de la Empresa Privada (CONEP). El presidente Luis Abinader, encabeza en estos momentos la reuni\u00f3n de seguimiento al Plan de la Seguridad Ciudadana para continuar garantizando el bienestar de los dominicanos en el pa\u00eds. El\u2026","rel":"","context":"En \u00abMILITARES\u00bb","block_context":{"text":"MILITARES","link":"https:\/\/lasprimeras.com.do\/index.php\/category\/militares\/"},"img":{"alt_text":"Luis Abinader","src":"https:\/\/i0.wp.com\/lasprimeras.com.do\/wp-content\/uploads\/2024\/05\/Luis-Abinader-sc-1.jpg?resize=350%2C200&ssl=1","width":350,"height":200,"srcset":"https:\/\/i0.wp.com\/lasprimeras.com.do\/wp-content\/uploads\/2024\/05\/Luis-Abinader-sc-1.jpg?resize=350%2C200&ssl=1 1x, https:\/\/i0.wp.com\/lasprimeras.com.do\/wp-content\/uploads\/2024\/05\/Luis-Abinader-sc-1.jpg?resize=525%2C300&ssl=1 1.5x, https:\/\/i0.wp.com\/lasprimeras.com.do\/wp-content\/uploads\/2024\/05\/Luis-Abinader-sc-1.jpg?resize=700%2C400&ssl=1 2x"},"classes":[]},{"id":77380,"url":"https:\/\/lasprimeras.com.do\/index.php\/2024\/02\/20\/presidente-abinader-encabeza-reunion-de-seguimiento-al-plan-de-seguridad-ciudadana-2\/","url_meta":{"origin":83200,"position":3},"title":"Presidente Abinader encabeza reuni\u00f3n de seguimiento al Plan de Seguridad Ciudadana","author":"BIMARY DE JES\u00daS Matos","date":"20 de febrero de 2024","format":false,"excerpt":"Santo Domingo.- El presidente Luis Abinader, encabeza la reuni\u00f3n de seguimiento al Plan de la Seguridad Ciudadana para seguir garantizando el bienestar en beneficio de los dominicanos en el pa\u00eds. En el encuentro que se celebra en el Sal\u00f3n del Club de Oficiales del Palacio de la Polic\u00eda Nacional, se\u2026","rel":"","context":"En \u00abPORTADA\u00bb","block_context":{"text":"PORTADA","link":"https:\/\/lasprimeras.com.do\/index.php\/category\/portada\/"},"img":{"alt_text":"","src":"https:\/\/i0.wp.com\/lasprimeras.com.do\/wp-content\/uploads\/2024\/02\/presidente.jpg.webp?resize=350%2C200&ssl=1","width":350,"height":200,"srcset":"https:\/\/i0.wp.com\/lasprimeras.com.do\/wp-content\/uploads\/2024\/02\/presidente.jpg.webp?resize=350%2C200&ssl=1 1x, https:\/\/i0.wp.com\/lasprimeras.com.do\/wp-content\/uploads\/2024\/02\/presidente.jpg.webp?resize=525%2C300&ssl=1 1.5x, https:\/\/i0.wp.com\/lasprimeras.com.do\/wp-content\/uploads\/2024\/02\/presidente.jpg.webp?resize=700%2C400&ssl=1 2x, https:\/\/i0.wp.com\/lasprimeras.com.do\/wp-content\/uploads\/2024\/02\/presidente.jpg.webp?resize=1050%2C600&ssl=1 3x"},"classes":[]},{"id":79255,"url":"https:\/\/lasprimeras.com.do\/index.php\/2024\/03\/25\/presidente-abinader-encabeza-reunion-de-seguimiento-al-plan-de-seguridad-ciudadana-3\/","url_meta":{"origin":83200,"position":4},"title":"Presidente Abinader encabeza reuni\u00f3n de seguimiento al Plan de Seguridad Ciudadana","author":"BIMARY DE JES\u00daS Matos","date":"25 de marzo de 2024","format":false,"excerpt":"Santo Domingo.- El presidente Luis Abinader, encabeza en estos momentos la reuni\u00f3n de seguimiento al Plan de la Seguridad Ciudadana para seguir garantizando el bienestar en beneficio de los dominicanos en el pa\u00eds. El encuentro inici\u00f3 pasada las 10:30 de la ma\u00f1ana, en el Sal\u00f3n del Club de Oficiales del\u2026","rel":"","context":"En \u00abPORTADA\u00bb","block_context":{"text":"PORTADA","link":"https:\/\/lasprimeras.com.do\/index.php\/category\/portada\/"},"img":{"alt_text":"","src":"https:\/\/i0.wp.com\/lasprimeras.com.do\/wp-content\/uploads\/2024\/03\/1-millon-de-jovenes-votaran-en-las-elecciones-municipales-2-1.webp?resize=350%2C200&ssl=1","width":350,"height":200,"srcset":"https:\/\/i0.wp.com\/lasprimeras.com.do\/wp-content\/uploads\/2024\/03\/1-millon-de-jovenes-votaran-en-las-elecciones-municipales-2-1.webp?resize=350%2C200&ssl=1 1x, https:\/\/i0.wp.com\/lasprimeras.com.do\/wp-content\/uploads\/2024\/03\/1-millon-de-jovenes-votaran-en-las-elecciones-municipales-2-1.webp?resize=525%2C300&ssl=1 1.5x, https:\/\/i0.wp.com\/lasprimeras.com.do\/wp-content\/uploads\/2024\/03\/1-millon-de-jovenes-votaran-en-las-elecciones-municipales-2-1.webp?resize=700%2C400&ssl=1 2x, https:\/\/i0.wp.com\/lasprimeras.com.do\/wp-content\/uploads\/2024\/03\/1-millon-de-jovenes-votaran-en-las-elecciones-municipales-2-1.webp?resize=1050%2C600&ssl=1 3x"},"classes":[]},{"id":56961,"url":"https:\/\/lasprimeras.com.do\/index.php\/2023\/08\/07\/vicepresidenta-pena-encabeza-reunion-sobre-seguridad-ciudadana\/","url_meta":{"origin":83200,"position":5},"title":"Vicepresidenta Pe\u00f1a encabeza reuni\u00f3n sobre seguridad ciudadana","author":"Nelson Feliz","date":"7 de agosto de 2023","format":false,"excerpt":"Es la segunda ocasi\u00f3n que la vicemandataria encabeza la reuni\u00f3n. Por Martin Restituyo La vicepresidenta Raquel Pe\u00f1a encabeza este lunes la reuni\u00f3n de seguimiento al Plan de Seguridad Ciudadana, en el Palacio de la Polic\u00eda Nacional. Estos encuentros, realizados por instrucciones del presidente Luis Abinader reafirman el compromiso del Gobierno\u2026","rel":"","context":"En \u00abNACIONALES\u00bb","block_context":{"text":"NACIONALES","link":"https:\/\/lasprimeras.com.do\/index.php\/category\/nacionales\/"},"img":{"alt_text":"Raquel Pe\u00f1a","src":"https:\/\/i0.wp.com\/lasprimeras.com.do\/wp-content\/uploads\/2023\/08\/Raquel-Pena.jpg?resize=350%2C200&ssl=1","width":350,"height":200,"srcset":"https:\/\/i0.wp.com\/lasprimeras.com.do\/wp-content\/uploads\/2023\/08\/Raquel-Pena.jpg?resize=350%2C200&ssl=1 1x, https:\/\/i0.wp.com\/lasprimeras.com.do\/wp-content\/uploads\/2023\/08\/Raquel-Pena.jpg?resize=525%2C300&ssl=1 1.5x, https:\/\/i0.wp.com\/lasprimeras.com.do\/wp-content\/uploads\/2023\/08\/Raquel-Pena.jpg?resize=700%2C400&ssl=1 2x"},"classes":[]}],"jetpack_sharing_enabled":true,"_links":{"self":[{"href":"https:\/\/lasprimeras.com.do\/index.php\/wp-json\/wp\/v2\/posts\/83200","targetHints":{"allow":["GET"]}}],"collection":[{"href":"https:\/\/lasprimeras.com.do\/index.php\/wp-json\/wp\/v2\/posts"}],"about":[{"href":"https:\/\/lasprimeras.com.do\/index.php\/wp-json\/wp\/v2\/types\/post"}],"author":[{"embeddable":true,"href":"https:\/\/lasprimeras.com.do\/index.php\/wp-json\/wp\/v2\/users\/3"}],"replies":[{"embeddable":true,"href":"https:\/\/lasprimeras.com.do\/index.php\/wp-json\/wp\/v2\/comments?post=83200"}],"version-history":[{"count":1,"href":"https:\/\/lasprimeras.com.do\/index.php\/wp-json\/wp\/v2\/posts\/83200\/revisions"}],"predecessor-version":[{"id":83203,"href":"https:\/\/lasprimeras.com.do\/index.php\/wp-json\/wp\/v2\/posts\/83200\/revisions\/83203"}],"wp:featuredmedia":[{"embeddable":true,"href":"https:\/\/lasprimeras.com.do\/index.php\/wp-json\/wp\/v2\/media\/83202"}],"wp:attachment":[{"href":"https:\/\/lasprimeras.com.do\/index.php\/wp-json\/wp\/v2\/media?parent=83200"}],"wp:term":[{"taxonomy":"category","embeddable":true,"href":"https:\/\/lasprimeras.com.do\/index.php\/wp-json\/wp\/v2\/categories?post=83200"},{"taxonomy":"post_tag","embeddable":true,"href":"https:\/\/lasprimeras.com.do\/index.php\/wp-json\/wp\/v2\/tags?post=83200"}],"curies":[{"name":"wp","href":"https:\/\/api.w.org\/{rel}","templated":true}]}}