{"id":83206,"date":"2024-05-13T18:00:55","date_gmt":"2024-05-13T22:00:55","guid":{"rendered":"https:\/\/lasprimeras.com.do\/?p=83206"},"modified":"2024-05-13T18:00:55","modified_gmt":"2024-05-13T22:00:55","slug":"santiago-hazim-asegura-que-en-el-peor-escenario-de-luis-abinader-sacaria-un-65","status":"publish","type":"post","link":"https:\/\/lasprimeras.com.do\/index.php\/2024\/05\/13\/santiago-hazim-asegura-que-en-el-peor-escenario-de-luis-abinader-sacaria-un-65\/","title":{"rendered":"Santiago Hazim asegura que en el peor escenario de Luis Abinader sacar\u00eda un 65%"},"content":{"rendered":"\n<p>El coordinador nacional del Sector Externo del presidente Luis Abinader (oLA), doctor Santiago Hazim asegur\u00f3 hoy que en el peor escenario del candidato a la presidencia por el Partido Revolucionario Moderno Luis Abinader es \u201cun 65% y en el tema de los senadores. Si las elecciones fueran hoy ganar\u00edamos de 26 a 27 senadores\u201d.<\/p>\n\n\n\n<p>Hazim, agreg\u00f3 que faltando estos d\u00edas para la celebraci\u00f3n de las elecciones 2024 \u201cvamos a salir para la calle a buscar los votos que hacen falta para que esos senadores puedan disfrutar el triunfo\u201d.<\/p>\n\n\n\n<p>Dijo que cuando un capit\u00e1n (al referirse al Mandatario) lleva el barco a puerto seguro en aguas turbulentas \u201cimag\u00ednate lo que har\u00eda ese mismo capit\u00e1n para llevar el barco a puerto seguro en aguas tranquilas, lo que viene en estos cuatro a\u00f1os, si Dios quiere, y sin pandemia y sin problemas, Luis Abinader lo va a sellar con su etiqueta de lo que es un cambio de Gobierno en la Rep\u00fablica Dominicana\u201d.<\/p>\n\n\n\n<p>Al preguntarle de por qu\u00e9 hay que darle nueva vez la oportunidad al actual Presidente, el pol\u00edtico y ortopeda expres\u00f3 este domingo en el programa: \u201cPrecisando\u201d el cual es conducido por Luis Mi\u00f1oso, que \u201ccon orgullo, yo les digo que hemos podido transparentar, llevar al pa\u00eds a que todo los \u00edndices econ\u00f3micos hayan subido, a que continuemos teniendo la mejor econom\u00eda en el \u00e1rea del Caribe y la tercera econom\u00eda m\u00e1s fuerte de Am\u00e9rica Latina\u201d.<\/p>\n\n\n\n<p>Sobre la organizaci\u00f3n explic\u00f3 que aglutina a todos aquellos profesionales, empresarios que no quieren estar bajo un partido pol\u00edtico pero que quieren aportar sus ideas, proyectos, propuestas y hasta recursos econ\u00f3micos para contribuir a impulsar esas mejoras al desarrollo del pa\u00eds.<\/p>\n\n\n\n<p>Puntualiz\u00f3 que gracias al trabajo constante de oLA han aportado m\u00e1s de 200 mil nuevos inscritos al partido, \u201ceso es un aporte que se le hace al presidente de la Rep\u00fablica y a nuestro partido PRM, y esa es la funci\u00f3n de un sector externo, con el que pocos partidos cuentan\u201d.<\/p>\n","protected":false},"excerpt":{"rendered":"<p>El coordinador nacional del Sector Externo del presidente Luis Abinader (oLA), doctor Santiago Hazim asegur\u00f3 hoy que en el peor escenario del candidato a la presidencia por el Partido Revolucionario&hellip;<\/p>\n","protected":false},"author":2,"featured_media":83207,"comment_status":"open","ping_status":"open","sticky":false,"template":"","format":"standard","meta":{"content-type":"","jetpack_post_was_ever_published":false,"_jetpack_newsletter_access":"","_jetpack_dont_email_post_to_subs":false,"_jetpack_newsletter_tier_id":0,"_jetpack_memberships_contains_paywalled_content":false,"_jetpack_memberships_contains_paid_content":false,"footnotes":""},"categories":[25],"tags":[67,5172],"class_list":["post-83206","post","type-post","status-publish","format-standard","has-post-thumbnail","hentry","category-portada","tag-luis-abinader","tag-santiago-hazim"],"jetpack_featured_media_url":"https:\/\/lasprimeras.com.do\/wp-content\/uploads\/2024\/05\/Santiago-Hazim-1.jpg","jetpack-related-posts":[{"id":83197,"url":"https:\/\/lasprimeras.com.do\/index.php\/2024\/05\/13\/dr-santiago-hazim-te-aseguro-que-en-el-peor-escenario-de-luis-abinader-sacaria-un-65\/","url_meta":{"origin":83206,"position":0},"title":"Dr. Santiago Hazim: \u201cTe asegur\u00f3 que en el peor escenario de Luis Abinader sacar\u00eda un 65%\u2026\u201d","author":"BIMARY DE JES\u00daS Matos","date":"13 de mayo de 2024","format":false,"excerpt":"Santo Domingo. - El coordinador nacional del Sector Externo del presidente Luis Abinader (oLA), doctor Santiago Hazim asegur\u00f3 hoy que en el peor escenario del candidato a la presidencia por el Partido Revolucionario Moderno Luis Abinader es \u201cun 65% y en el tema de los senadores. Si las elecciones fueran\u2026","rel":"","context":"En \u00abSin categor\u00eda\u00bb","block_context":{"text":"Sin categor\u00eda","link":"https:\/\/lasprimeras.com.do\/index.php\/category\/sin-categoria\/"},"img":{"alt_text":"","src":"https:\/\/i0.wp.com\/lasprimeras.com.do\/wp-content\/uploads\/2024\/05\/IMG-20240513-WA0010.jpg?resize=350%2C200&ssl=1","width":350,"height":200,"srcset":"https:\/\/i0.wp.com\/lasprimeras.com.do\/wp-content\/uploads\/2024\/05\/IMG-20240513-WA0010.jpg?resize=350%2C200&ssl=1 1x, https:\/\/i0.wp.com\/lasprimeras.com.do\/wp-content\/uploads\/2024\/05\/IMG-20240513-WA0010.jpg?resize=525%2C300&ssl=1 1.5x, https:\/\/i0.wp.com\/lasprimeras.com.do\/wp-content\/uploads\/2024\/05\/IMG-20240513-WA0010.jpg?resize=700%2C400&ssl=1 2x"},"classes":[]},{"id":109265,"url":"https:\/\/lasprimeras.com.do\/index.php\/2025\/09\/16\/se-hunde-el-barco-mi-querido-capitan-nueve-grandes-casos-de-mala-administracion-y-corrupcion-en-el-gobierno-de-luis-abinader\/","url_meta":{"origin":83206,"position":1},"title":"Se hunde el barco mi querido capit\u00e1n: Nueve grandes casos de mala administraci\u00f3n y corrupci\u00f3n en el gobierno de Luis Abinader","author":"Nelson Feliz","date":"16 de septiembre de 2025","format":false,"excerpt":"El \u00faltimo caso de corrupci\u00f3n administrativa sali\u00f3 a la luz hace varias semanas y se trata de la administraci\u00f3n de Santiago Hazim al frente Senasa. Aunque han existido denuncias de situaciones que han embarrado la gesti\u00f3n que realiza el Gobierno del presidente Luis Abinader, al menos se han conocido nueve\u2026","rel":"","context":"En \u00abJUSTICIA\u00bb","block_context":{"text":"JUSTICIA","link":"https:\/\/lasprimeras.com.do\/index.php\/category\/justicia\/"},"img":{"alt_text":"","src":"https:\/\/i0.wp.com\/lasprimeras.com.do\/wp-content\/uploads\/2025\/09\/cuatro.jpeg?resize=350%2C200&ssl=1","width":350,"height":200,"srcset":"https:\/\/i0.wp.com\/lasprimeras.com.do\/wp-content\/uploads\/2025\/09\/cuatro.jpeg?resize=350%2C200&ssl=1 1x, https:\/\/i0.wp.com\/lasprimeras.com.do\/wp-content\/uploads\/2025\/09\/cuatro.jpeg?resize=525%2C300&ssl=1 1.5x, https:\/\/i0.wp.com\/lasprimeras.com.do\/wp-content\/uploads\/2025\/09\/cuatro.jpeg?resize=700%2C400&ssl=1 2x"},"classes":[]},{"id":55558,"url":"https:\/\/lasprimeras.com.do\/index.php\/2023\/07\/23\/santiago-hazim-llama-a-politicos-y-empresarios-a-respaldar-al-presidente-ante-los-problemas-de-haiti\/","url_meta":{"origin":83206,"position":2},"title":"Santiago Hazim llama a pol\u00edticos y empresarios a respaldar al presidente ante los problemas de Hait\u00ed","author":"Nelson Feliz","date":"23 de julio de 2023","format":false,"excerpt":"Por Martin Restituyo El dirigente pol\u00edtico doctor Santiago Hazim invit\u00f3 a los pol\u00edticos, empresarios y todo el que se sienta dominicano de pura cepa a respaldar al presidente Luis Abinader ante el constate llamado que realiza el mandatario en la comunidad internacional para buscar una soluci\u00f3n definitiva al problema de\u2026","rel":"","context":"En \u00abSin categor\u00eda\u00bb","block_context":{"text":"Sin categor\u00eda","link":"https:\/\/lasprimeras.com.do\/index.php\/category\/sin-categoria\/"},"img":{"alt_text":"Santiago Hazim","src":"https:\/\/i0.wp.com\/lasprimeras.com.do\/wp-content\/uploads\/2023\/07\/Santiago-Hazim-2.jpg?resize=350%2C200&ssl=1","width":350,"height":200,"srcset":"https:\/\/i0.wp.com\/lasprimeras.com.do\/wp-content\/uploads\/2023\/07\/Santiago-Hazim-2.jpg?resize=350%2C200&ssl=1 1x, https:\/\/i0.wp.com\/lasprimeras.com.do\/wp-content\/uploads\/2023\/07\/Santiago-Hazim-2.jpg?resize=525%2C300&ssl=1 1.5x, https:\/\/i0.wp.com\/lasprimeras.com.do\/wp-content\/uploads\/2023\/07\/Santiago-Hazim-2.jpg?resize=700%2C400&ssl=1 2x"},"classes":[]},{"id":110001,"url":"https:\/\/lasprimeras.com.do\/index.php\/2025\/09\/24\/santiago-hazim-defiende-honradez-de-su-gestion-en-senasa\/","url_meta":{"origin":83206,"position":3},"title":"Santiago Hazim defiende honradez de su gesti\u00f3n  en Senasa","author":"Nelson Feliz","date":"24 de septiembre de 2025","format":false,"excerpt":"Hazim recuerda que fue \u00e9l quien denunci\u00f3 las irregularidades en Senasa El exdirector ejecutivo del Seguro Nacional de Salud (Senasa), doctor Santiago Hazim, defendi\u00f3 su paso por la instituci\u00f3n asegurando que actu\u00f3 siempre con honradez en el ejercicio de la funci\u00f3n p\u00fablica, y record\u00f3 que fue su gesti\u00f3n que present\u00f3\u2026","rel":"","context":"En \u00abNACIONALES\u00bb","block_context":{"text":"NACIONALES","link":"https:\/\/lasprimeras.com.do\/index.php\/category\/nacionales\/"},"img":{"alt_text":"","src":"https:\/\/i0.wp.com\/lasprimeras.com.do\/wp-content\/uploads\/2025\/09\/Santiago-Hazim.jpg?resize=350%2C200&ssl=1","width":350,"height":200,"srcset":"https:\/\/i0.wp.com\/lasprimeras.com.do\/wp-content\/uploads\/2025\/09\/Santiago-Hazim.jpg?resize=350%2C200&ssl=1 1x, https:\/\/i0.wp.com\/lasprimeras.com.do\/wp-content\/uploads\/2025\/09\/Santiago-Hazim.jpg?resize=525%2C300&ssl=1 1.5x, https:\/\/i0.wp.com\/lasprimeras.com.do\/wp-content\/uploads\/2025\/09\/Santiago-Hazim.jpg?resize=700%2C400&ssl=1 2x"},"classes":[]},{"id":106307,"url":"https:\/\/lasprimeras.com.do\/index.php\/2025\/08\/13\/santiago-hazim-senasa-esta-mas-robustecida-transparente-y-comprometida-con-la-salud-universal\/","url_meta":{"origin":83206,"position":4},"title":"Santiago Hazim : SeNaSa est\u00e1 m\u00e1s robustecida, transparente y comprometida con la salud universal","author":"Nelson Feliz","date":"13 de agosto de 2025","format":false,"excerpt":"Con motivo de su 23\u00ba aniversario, el Seguro Nacional de Salud (SeNaSa) reafirma su rol como pilar fundamental del sistema dominicano de seguridad social, al presentar los resultados de una gesti\u00f3n que, desde agosto de 2020 hasta julio de 2025, se ha caracterizado por la humanizaci\u00f3n del servicio, la eficiencia\u2026","rel":"","context":"En \u00abSALUD\u00bb","block_context":{"text":"SALUD","link":"https:\/\/lasprimeras.com.do\/index.php\/category\/salud\/"},"img":{"alt_text":"","src":"https:\/\/i0.wp.com\/lasprimeras.com.do\/wp-content\/uploads\/2025\/08\/Santiago-Hazim.jpg?resize=350%2C200&ssl=1","width":350,"height":200,"srcset":"https:\/\/i0.wp.com\/lasprimeras.com.do\/wp-content\/uploads\/2025\/08\/Santiago-Hazim.jpg?resize=350%2C200&ssl=1 1x, https:\/\/i0.wp.com\/lasprimeras.com.do\/wp-content\/uploads\/2025\/08\/Santiago-Hazim.jpg?resize=525%2C300&ssl=1 1.5x, https:\/\/i0.wp.com\/lasprimeras.com.do\/wp-content\/uploads\/2025\/08\/Santiago-Hazim.jpg?resize=700%2C400&ssl=1 2x"},"classes":[]},{"id":101880,"url":"https:\/\/lasprimeras.com.do\/index.php\/2025\/06\/27\/jhovanny-leyba-denuncia-crisis-financiera-en-senasa-por-mala-gestion-administrativa\/","url_meta":{"origin":83206,"position":5},"title":"Jhovanny Leyba denuncia crisis financiera en SeNaSa por mala gesti\u00f3n administrativa","author":"Nelson Feliz","date":"27 de junio de 2025","format":false,"excerpt":"El miembro del Comit\u00e9 Central del Partido de la Liberaci\u00f3n Dominicana (PLD), Jhovanny Leyba, responsabiliz\u00f3 al presidente Luis Abinader por la crisis financiera que atraviesa el Servicio Nacional de Salud (SeNaSa), denunci\u00f3 la mala gesti\u00f3n del actual director, Santiago Hazim, como factores determinantes del deterioro del sistema. Leyba se\u00f1ala que\u2026","rel":"","context":"En \u00abPOLITICA\u00bb","block_context":{"text":"POLITICA","link":"https:\/\/lasprimeras.com.do\/index.php\/category\/politica\/"},"img":{"alt_text":"","src":"https:\/\/i0.wp.com\/lasprimeras.com.do\/wp-content\/uploads\/2025\/06\/Jhovanny-Leyba.jpg?resize=350%2C200&ssl=1","width":350,"height":200,"srcset":"https:\/\/i0.wp.com\/lasprimeras.com.do\/wp-content\/uploads\/2025\/06\/Jhovanny-Leyba.jpg?resize=350%2C200&ssl=1 1x, https:\/\/i0.wp.com\/lasprimeras.com.do\/wp-content\/uploads\/2025\/06\/Jhovanny-Leyba.jpg?resize=525%2C300&ssl=1 1.5x"},"classes":[]}],"jetpack_sharing_enabled":true,"_links":{"self":[{"href":"https:\/\/lasprimeras.com.do\/index.php\/wp-json\/wp\/v2\/posts\/83206","targetHints":{"allow":["GET"]}}],"collection":[{"href":"https:\/\/lasprimeras.com.do\/index.php\/wp-json\/wp\/v2\/posts"}],"about":[{"href":"https:\/\/lasprimeras.com.do\/index.php\/wp-json\/wp\/v2\/types\/post"}],"author":[{"embeddable":true,"href":"https:\/\/lasprimeras.com.do\/index.php\/wp-json\/wp\/v2\/users\/2"}],"replies":[{"embeddable":true,"href":"https:\/\/lasprimeras.com.do\/index.php\/wp-json\/wp\/v2\/comments?post=83206"}],"version-history":[{"count":1,"href":"https:\/\/lasprimeras.com.do\/index.php\/wp-json\/wp\/v2\/posts\/83206\/revisions"}],"predecessor-version":[{"id":83208,"href":"https:\/\/lasprimeras.com.do\/index.php\/wp-json\/wp\/v2\/posts\/83206\/revisions\/83208"}],"wp:featuredmedia":[{"embeddable":true,"href":"https:\/\/lasprimeras.com.do\/index.php\/wp-json\/wp\/v2\/media\/83207"}],"wp:attachment":[{"href":"https:\/\/lasprimeras.com.do\/index.php\/wp-json\/wp\/v2\/media?parent=83206"}],"wp:term":[{"taxonomy":"category","embeddable":true,"href":"https:\/\/lasprimeras.com.do\/index.php\/wp-json\/wp\/v2\/categories?post=83206"},{"taxonomy":"post_tag","embeddable":true,"href":"https:\/\/lasprimeras.com.do\/index.php\/wp-json\/wp\/v2\/tags?post=83206"}],"curies":[{"name":"wp","href":"https:\/\/api.w.org\/{rel}","templated":true}]}}