{"id":83209,"date":"2024-05-13T18:20:11","date_gmt":"2024-05-13T22:20:11","guid":{"rendered":"https:\/\/lasprimeras.com.do\/?p=83209"},"modified":"2024-05-13T18:20:13","modified_gmt":"2024-05-13T22:20:13","slug":"miguel-vargas-gobierno-empena-el-pais-y-futuras-generaciones","status":"publish","type":"post","link":"https:\/\/lasprimeras.com.do\/index.php\/2024\/05\/13\/miguel-vargas-gobierno-empena-el-pais-y-futuras-generaciones\/","title":{"rendered":"Miguel Vargas: \u201cGobierno empe\u00f1a el pa\u00eds y futuras generaciones\u201d"},"content":{"rendered":"\n<p><strong>Recorre San Jos\u00e9 de Ocoa junto a candidata senatorial Yari Encarnaci\u00f3n. \u201cAbriremos las ventanas del desarrollo para rescatar la naci\u00f3n de esta mala gesti\u00f3n, siempre pensando primero en la gente\u201d.<\/strong><\/p>\n\n\n\n<p>El candidato presidencial del Partido Revolucionario Dominicano (PRD), Miguel Vargas, afirm\u00f3 en San Jos\u00e9 de Ocoa que la actual gesti\u00f3n ha hipotecado el futuro de la patria, por lo que urge una administraci\u00f3n distinta.<\/p>\n\n\n\n<p>\u201cEl gobierno empe\u00f1a el pa\u00eds, no solo a nuestros nietos y bisnietos, sino a las futuras generaciones\u201d, expres\u00f3 Vargas al encabezar un masivo encuentro con la direcci\u00f3n del PRD en esta provincia.<\/p>\n\n\n\n<p>Asimismo, lider\u00f3 un recorrido por el centro del municipio cabecera. Le acompa\u00f1aron la candidata a senadora Yari Encarnaci\u00f3n y Eleanny Beltr\u00e9, quien compite para diputada.<\/p>\n\n\n\n<p>Durante el encuentro de este fin de semana, el candidato presidencial del PRD reiter\u00f3 su compromiso a los ocoe\u00f1os con el rescate del pa\u00eds, \u201cde la p\u00e9sima gesti\u00f3n que encabeza el actual presidente\u201d.<\/p>\n\n\n\n<p>\u201cEste gobierno, que pretende reelegirse, recibir\u00e1 una contundente y adversa respuesta del pueblo el pr\u00f3ximo domingo\u201d, asegur\u00f3 Vargas.<\/p>\n\n\n\n<p>A su juicio, \u201cresulta escandaloso el alto nivel de endeudamiento con el que nos ha empe\u00f1ado esta gesti\u00f3n\u201d. A\u00f1adi\u00f3 que \u201cm\u00e1s de 40 mil millones de d\u00f3lares se han tomado prestado y hoy no se conocen ni el prop\u00f3sito ni los resultados de este endeudamiento\u201d.<\/p>\n\n\n\n<p>\u201cEsta es una deuda que compromete irresponsablemente, no solo a nuestros nietos y bisnietos, si no que afectar\u00e1 a futuras generaciones\u201d, prosigui\u00f3. \u201cNuestro compromiso es y ser\u00e1 con un gobierno distinto. Abriremos las ventanas del desarrollo para rescatar el pa\u00eds de esta mala gesti\u00f3n\u201d, agreg\u00f3. Esto, \u201csiempre pensando primero en la gente: empresarios, emprendedores, comerciantes, los trabajadores y, sobre todo, los m\u00e1s necesitados\u201d.<\/p>\n","protected":false},"excerpt":{"rendered":"<p>Recorre San Jos\u00e9 de Ocoa junto a candidata senatorial Yari Encarnaci\u00f3n. \u201cAbriremos las ventanas del desarrollo para rescatar la naci\u00f3n de esta mala gesti\u00f3n, siempre pensando primero en la gente\u201d.&hellip;<\/p>\n","protected":false},"author":2,"featured_media":83210,"comment_status":"open","ping_status":"open","sticky":false,"template":"","format":"standard","meta":{"content-type":"","jetpack_post_was_ever_published":false,"_jetpack_newsletter_access":"","_jetpack_dont_email_post_to_subs":false,"_jetpack_newsletter_tier_id":0,"_jetpack_memberships_contains_paywalled_content":false,"_jetpack_memberships_contains_paid_content":false,"footnotes":""},"categories":[25],"tags":[12922,8034,8035,171,1040,575],"class_list":["post-83209","post","type-post","status-publish","format-standard","has-post-thumbnail","hentry","category-portada","tag-empena","tag-futuras","tag-generaciones","tag-gobierno","tag-miguel-vargas","tag-prd"],"jetpack_featured_media_url":"https:\/\/lasprimeras.com.do\/wp-content\/uploads\/2024\/05\/Miguel-Vargas-5.jpg","jetpack-related-posts":[{"id":74077,"url":"https:\/\/lasprimeras.com.do\/index.php\/2024\/01\/18\/renuncia-diputada-del-prm-se-juramenta-en-el-prd\/","url_meta":{"origin":83209,"position":0},"title":"Renuncia diputada del PRM; se juramenta en el PRD","author":"Nelson Feliz","date":"18 de enero de 2024","format":false,"excerpt":"La diputada alega que hubo irrespeto a los valores y la base del PRM. La diputada Altagracia Yarelys Encarnaci\u00f3n de la provincia San Jos\u00e9 de Ocoa anunci\u00f3 su renuncia del Partido Revolucionario Moderno (PRM) alegando que dentro de esa organizaci\u00f3n hay \u201cpr\u00e1cticas que contradicen los valores fundamentales y socavan el\u2026","rel":"","context":"En \u00abPORTADA\u00bb","block_context":{"text":"PORTADA","link":"https:\/\/lasprimeras.com.do\/index.php\/category\/portada\/"},"img":{"alt_text":"Altagracia Yarelys Encarnaci\u00f3n","src":"https:\/\/i0.wp.com\/lasprimeras.com.do\/wp-content\/uploads\/2024\/01\/Altagracia-Yarelys-Encarnacion.jpeg?resize=350%2C200&ssl=1","width":350,"height":200,"srcset":"https:\/\/i0.wp.com\/lasprimeras.com.do\/wp-content\/uploads\/2024\/01\/Altagracia-Yarelys-Encarnacion.jpeg?resize=350%2C200&ssl=1 1x, https:\/\/i0.wp.com\/lasprimeras.com.do\/wp-content\/uploads\/2024\/01\/Altagracia-Yarelys-Encarnacion.jpeg?resize=525%2C300&ssl=1 1.5x, https:\/\/i0.wp.com\/lasprimeras.com.do\/wp-content\/uploads\/2024\/01\/Altagracia-Yarelys-Encarnacion.jpeg?resize=700%2C400&ssl=1 2x"},"classes":[]},{"id":122303,"url":"https:\/\/lasprimeras.com.do\/index.php\/2026\/02\/16\/miguel-vargas-alerta-sobre-caida-de-autosuficiencia-alimentaria-en-rd\/","url_meta":{"origin":83209,"position":1},"title":"Miguel Vargas alerta sobre ca\u00edda de autosuficiencia alimentaria en RD","author":"Nelson Feliz","date":"16 de febrero de 2026","format":false,"excerpt":"El presidente del Partido Revolucionario Dominicano (PRD),Miguel Vargas Maldonado, advirti\u00f3 este domingo que la Rep\u00fablica Dominicana ha retrocedido en sectores clave para el desarrollo nacional, especialmente en la producci\u00f3n agropecuaria. Vargas Maldonado dijo que el pa\u00eds pas\u00f3 de ser autosuficiente en un 85 % en alimentos a apenas un 70\u2026","rel":"","context":"En \u00abPOLITICA\u00bb","block_context":{"text":"POLITICA","link":"https:\/\/lasprimeras.com.do\/index.php\/category\/politica\/"},"img":{"alt_text":"","src":"https:\/\/i0.wp.com\/lasprimeras.com.do\/wp-content\/uploads\/2026\/02\/PRD-1140x694-1.jpeg?resize=350%2C200&ssl=1","width":350,"height":200,"srcset":"https:\/\/i0.wp.com\/lasprimeras.com.do\/wp-content\/uploads\/2026\/02\/PRD-1140x694-1.jpeg?resize=350%2C200&ssl=1 1x, https:\/\/i0.wp.com\/lasprimeras.com.do\/wp-content\/uploads\/2026\/02\/PRD-1140x694-1.jpeg?resize=525%2C300&ssl=1 1.5x, https:\/\/i0.wp.com\/lasprimeras.com.do\/wp-content\/uploads\/2026\/02\/PRD-1140x694-1.jpeg?resize=700%2C400&ssl=1 2x, https:\/\/i0.wp.com\/lasprimeras.com.do\/wp-content\/uploads\/2026\/02\/PRD-1140x694-1.jpeg?resize=1050%2C600&ssl=1 3x"},"classes":[]},{"id":83262,"url":"https:\/\/lasprimeras.com.do\/index.php\/2024\/05\/14\/miguel-vargas-la-reeleccion-recibira-una-respuesta-adversa-el-proximo-domingo\/","url_meta":{"origin":83209,"position":2},"title":"Miguel Vargas: \u201cLa reelecci\u00f3n recibir\u00e1 una respuesta adversa el pr\u00f3ximo domingo\u201d","author":"Nelson Feliz","date":"14 de mayo de 2024","format":false,"excerpt":"En recorrido por la cuna de la Constituci\u00f3n, acompa\u00f1\u00f3 a los candidatos a senador, Demetrio Lluberes, y a diputado, Noel Luna, respectivamente. Junto a la direcci\u00f3n del partido, llam\u00f3 a votar blanco \u201cpor el jacho, el PRD, en la casilla cuatro, por la esperanza\u201d. El candidato presidencial del Partido Revolucionario\u2026","rel":"","context":"En \u00abPORTADA\u00bb","block_context":{"text":"PORTADA","link":"https:\/\/lasprimeras.com.do\/index.php\/category\/portada\/"},"img":{"alt_text":"Miguel Vargas","src":"https:\/\/i0.wp.com\/lasprimeras.com.do\/wp-content\/uploads\/2024\/05\/Miguel-Vargas-7.jpg?resize=350%2C200&ssl=1","width":350,"height":200,"srcset":"https:\/\/i0.wp.com\/lasprimeras.com.do\/wp-content\/uploads\/2024\/05\/Miguel-Vargas-7.jpg?resize=350%2C200&ssl=1 1x, https:\/\/i0.wp.com\/lasprimeras.com.do\/wp-content\/uploads\/2024\/05\/Miguel-Vargas-7.jpg?resize=525%2C300&ssl=1 1.5x"},"classes":[]},{"id":110670,"url":"https:\/\/lasprimeras.com.do\/index.php\/2025\/09\/30\/miguel-vargas-llama-al-gobierno-a-tomar-acciones-concretas-para-detener-descalabro-de-servicios\/","url_meta":{"origin":83209,"position":3},"title":"Miguel Vargas llama al gobierno a tomar acciones concretas para detener \u201cdescalabro\u201d de servicios","author":"Nelson Feliz","date":"30 de septiembre de 2025","format":false,"excerpt":"El presidente del Partido Revolucionario Dominicano (PRD), Miguel Vargas Maldonado, responsabiliz\u00f3 al Gobierno del presidente Luis Abinader del colapso de los servicios b\u00e1sicos y de haber convertido la corrupci\u00f3n en un signo distintivo de su gesti\u00f3n. \u201cEl gobierno est\u00e1 obligado a tomar acciones y pol\u00edticas concretas para detener el descalabro\u2026","rel":"","context":"En \u00abPOLITICA\u00bb","block_context":{"text":"POLITICA","link":"https:\/\/lasprimeras.com.do\/index.php\/category\/politica\/"},"img":{"alt_text":"Miguel Vargas","src":"https:\/\/i0.wp.com\/lasprimeras.com.do\/wp-content\/uploads\/2023\/12\/Miguel-Vargas-1.jpg?resize=350%2C200&ssl=1","width":350,"height":200,"srcset":"https:\/\/i0.wp.com\/lasprimeras.com.do\/wp-content\/uploads\/2023\/12\/Miguel-Vargas-1.jpg?resize=350%2C200&ssl=1 1x, https:\/\/i0.wp.com\/lasprimeras.com.do\/wp-content\/uploads\/2023\/12\/Miguel-Vargas-1.jpg?resize=525%2C300&ssl=1 1.5x, https:\/\/i0.wp.com\/lasprimeras.com.do\/wp-content\/uploads\/2023\/12\/Miguel-Vargas-1.jpg?resize=700%2C400&ssl=1 2x"},"classes":[]},{"id":82033,"url":"https:\/\/lasprimeras.com.do\/index.php\/2024\/04\/27\/miguel-vargas-gobierno-debe-entender-que-alto-endeudamiento-atenta-contra-estabilidad-rd\/","url_meta":{"origin":83209,"position":4},"title":"Miguel Vargas: \u201cGobierno debe entender que alto endeudamiento atenta contra estabilidad RD\u201d","author":"Nelson Feliz","date":"27 de abril de 2024","format":false,"excerpt":"El candidato presidencial del Partido Revolucionario Dominicano (PRD), Miguel Vargas Maldonado, alert\u00f3 que los altos niveles de deuda p\u00fablica alcanzados por este gobierno ponen en serio riesgo la estabilidad de la naci\u00f3n, en todas sus manifestaciones. Durante su recorrido en la Circunscripci\u00f3n n\u00famero uno del Distrito Nacional, la prensa cuestion\u00f3\u2026","rel":"","context":"En \u00abSin categor\u00eda\u00bb","block_context":{"text":"Sin categor\u00eda","link":"https:\/\/lasprimeras.com.do\/index.php\/category\/sin-categoria\/"},"img":{"alt_text":"Miguel Vargas","src":"https:\/\/i0.wp.com\/lasprimeras.com.do\/wp-content\/uploads\/2024\/04\/Miguel-Vargas.jpg?resize=350%2C200&ssl=1","width":350,"height":200,"srcset":"https:\/\/i0.wp.com\/lasprimeras.com.do\/wp-content\/uploads\/2024\/04\/Miguel-Vargas.jpg?resize=350%2C200&ssl=1 1x, https:\/\/i0.wp.com\/lasprimeras.com.do\/wp-content\/uploads\/2024\/04\/Miguel-Vargas.jpg?resize=525%2C300&ssl=1 1.5x, https:\/\/i0.wp.com\/lasprimeras.com.do\/wp-content\/uploads\/2024\/04\/Miguel-Vargas.jpg?resize=700%2C400&ssl=1 2x"},"classes":[]},{"id":74287,"url":"https:\/\/lasprimeras.com.do\/index.php\/2024\/01\/21\/miguel-vargas-llama-a-este-gobierno-moralista-de-hoja-lata\/","url_meta":{"origin":83209,"position":5},"title":"Miguel Vargas llama a este gobierno \u201cmoralista de hoja lata\u201d","author":"Nelson Feliz","date":"21 de enero de 2024","format":false,"excerpt":"El presidente del PRD reaccion\u00f3 de este modo a las reiteradas denuncias que le manifestaron los candidatos locales de la Alianza Rescate RD durante su recorrido del fin de semana. Alertaron sobre el uso desmedido por parte de las autoridades de los recursos del Estado para beneficiar a los candidatos\u2026","rel":"","context":"En \u00abPORTADA\u00bb","block_context":{"text":"PORTADA","link":"https:\/\/lasprimeras.com.do\/index.php\/category\/portada\/"},"img":{"alt_text":"Miguel Vargas","src":"https:\/\/i0.wp.com\/lasprimeras.com.do\/wp-content\/uploads\/2024\/01\/Miguel-Vargas-1.jpg?resize=350%2C200&ssl=1","width":350,"height":200,"srcset":"https:\/\/i0.wp.com\/lasprimeras.com.do\/wp-content\/uploads\/2024\/01\/Miguel-Vargas-1.jpg?resize=350%2C200&ssl=1 1x, https:\/\/i0.wp.com\/lasprimeras.com.do\/wp-content\/uploads\/2024\/01\/Miguel-Vargas-1.jpg?resize=525%2C300&ssl=1 1.5x, https:\/\/i0.wp.com\/lasprimeras.com.do\/wp-content\/uploads\/2024\/01\/Miguel-Vargas-1.jpg?resize=700%2C400&ssl=1 2x"},"classes":[]}],"jetpack_sharing_enabled":true,"_links":{"self":[{"href":"https:\/\/lasprimeras.com.do\/index.php\/wp-json\/wp\/v2\/posts\/83209","targetHints":{"allow":["GET"]}}],"collection":[{"href":"https:\/\/lasprimeras.com.do\/index.php\/wp-json\/wp\/v2\/posts"}],"about":[{"href":"https:\/\/lasprimeras.com.do\/index.php\/wp-json\/wp\/v2\/types\/post"}],"author":[{"embeddable":true,"href":"https:\/\/lasprimeras.com.do\/index.php\/wp-json\/wp\/v2\/users\/2"}],"replies":[{"embeddable":true,"href":"https:\/\/lasprimeras.com.do\/index.php\/wp-json\/wp\/v2\/comments?post=83209"}],"version-history":[{"count":1,"href":"https:\/\/lasprimeras.com.do\/index.php\/wp-json\/wp\/v2\/posts\/83209\/revisions"}],"predecessor-version":[{"id":83211,"href":"https:\/\/lasprimeras.com.do\/index.php\/wp-json\/wp\/v2\/posts\/83209\/revisions\/83211"}],"wp:featuredmedia":[{"embeddable":true,"href":"https:\/\/lasprimeras.com.do\/index.php\/wp-json\/wp\/v2\/media\/83210"}],"wp:attachment":[{"href":"https:\/\/lasprimeras.com.do\/index.php\/wp-json\/wp\/v2\/media?parent=83209"}],"wp:term":[{"taxonomy":"category","embeddable":true,"href":"https:\/\/lasprimeras.com.do\/index.php\/wp-json\/wp\/v2\/categories?post=83209"},{"taxonomy":"post_tag","embeddable":true,"href":"https:\/\/lasprimeras.com.do\/index.php\/wp-json\/wp\/v2\/tags?post=83209"}],"curies":[{"name":"wp","href":"https:\/\/api.w.org\/{rel}","templated":true}]}}