{"id":83218,"date":"2024-05-10T19:06:00","date_gmt":"2024-05-10T23:06:00","guid":{"rendered":"https:\/\/lasprimeras.com.do\/?p=83218"},"modified":"2024-05-13T19:10:02","modified_gmt":"2024-05-13T23:10:02","slug":"iglesia-catolica-manda-a-votar-por-sugey-garcia","status":"publish","type":"post","link":"https:\/\/lasprimeras.com.do\/index.php\/2024\/05\/10\/iglesia-catolica-manda-a-votar-por-sugey-garcia\/","title":{"rendered":"Iglesia cat\u00f3lica manda a votar por Sugey Garc\u00eda"},"content":{"rendered":"\n<p>La Iglesia cat\u00f3lica dominicana invit\u00f3 a votar por la candidata&nbsp; a Diputada por el Municipio Santo Domingo Norte, Sugey Garc\u00eda, por entenderla id\u00f3nea al escenario actual, seg\u00fan expresa un documento de la Arquidi\u00f3cesis de Santo Domingo.<\/p>\n\n\n\n<p>La depuraci\u00f3n de candidatos hecha por el cuerpo eclesi\u00e1stico induce al voto sobre su feligres\u00eda, a partir de la identificaci\u00f3n con los valores familiares que promueve la iglesia.<\/p>\n\n\n\n<p>El documento de 69 p\u00e1ginas, escoge a Garc\u00eda como la candidata que es pr\u00f3vida trabaja a favor de los valores cristianos para ocupar uno&nbsp; de&nbsp; los nueve espacios&nbsp; los que compiten por esa demarcaci\u00f3n.<\/p>\n\n\n\n<p>Sugey Garc\u00eda, es vista como la candidata ideal de los cat\u00f3licos ya que proviene de una familia creada bajo los niveles cristianos.<\/p>\n\n\n\n<p>De igual modo ocurri\u00f3 con candidatos a diputados de distintos partidos de la provincia Santo Domingo y Distrito Nacional.<\/p>\n\n\n\n<p>Garc\u00eda figurar\u00e1 en la casilla&nbsp; nueve&nbsp; en la boleta legislativa del PRM en Santo Domingo Norte, el pr\u00f3ximo 19 de mayo.<\/p>\n","protected":false},"excerpt":{"rendered":"<p>La Iglesia cat\u00f3lica dominicana invit\u00f3 a votar por la candidata&nbsp; a Diputada por el Municipio Santo Domingo Norte, Sugey Garc\u00eda, por entenderla id\u00f3nea al escenario actual, seg\u00fan expresa un documento&hellip;<\/p>\n","protected":false},"author":2,"featured_media":83219,"comment_status":"open","ping_status":"open","sticky":false,"template":"","format":"standard","meta":{"content-type":"","jetpack_post_was_ever_published":false,"_jetpack_newsletter_access":"","_jetpack_dont_email_post_to_subs":false,"_jetpack_newsletter_tier_id":0,"_jetpack_memberships_contains_paywalled_content":false,"_jetpack_memberships_contains_paid_content":false,"footnotes":""},"categories":[1],"tags":[9684,7483,806,12923,6676],"class_list":["post-83218","post","type-post","status-publish","format-standard","has-post-thumbnail","hentry","category-sin-categoria","tag-arquidiocesis","tag-iglesia-catolica","tag-santo-domingo","tag-sugey-garcia","tag-votar"],"jetpack_featured_media_url":"https:\/\/lasprimeras.com.do\/wp-content\/uploads\/2024\/05\/Sugey-Garcia.jpg","jetpack-related-posts":[{"id":82764,"url":"https:\/\/lasprimeras.com.do\/index.php\/2024\/05\/07\/iglesia-catolica-recomienda-votar-por-la-diputada-dulce-rojas-en-sdn-por-defender-el-derecho-a-la-vida\/","url_meta":{"origin":83218,"position":0},"title":"Iglesia Cat\u00f3lica recomienda votar por la diputada Dulce Rojas en SDN por defender el derecho a la vida","author":"BIMARY DE JES\u00daS Matos","date":"7 de mayo de 2024","format":false,"excerpt":"Santo Domingo, RD. - La Iglesia Cat\u00f3lica dominicana recomend\u00f3 a sus feligreses en Santo Domingo Norte (SDN) a votar por la diputada y candidata a la misma posici\u00f3n, Dulce Rojas, en las elecciones presidenciales y congresuales del pr\u00f3ximo 19 de mayo. En un documento de 66 p\u00e1ginas, la Arquidi\u00f3cesis de\u2026","rel":"","context":"En \u00abSin categor\u00eda\u00bb","block_context":{"text":"Sin categor\u00eda","link":"https:\/\/lasprimeras.com.do\/index.php\/category\/sin-categoria\/"},"img":{"alt_text":"","src":"https:\/\/i0.wp.com\/lasprimeras.com.do\/wp-content\/uploads\/2024\/05\/IMG-20240507-WA0030.jpg?resize=350%2C200&ssl=1","width":350,"height":200,"srcset":"https:\/\/i0.wp.com\/lasprimeras.com.do\/wp-content\/uploads\/2024\/05\/IMG-20240507-WA0030.jpg?resize=350%2C200&ssl=1 1x, https:\/\/i0.wp.com\/lasprimeras.com.do\/wp-content\/uploads\/2024\/05\/IMG-20240507-WA0030.jpg?resize=525%2C300&ssl=1 1.5x, https:\/\/i0.wp.com\/lasprimeras.com.do\/wp-content\/uploads\/2024\/05\/IMG-20240507-WA0030.jpg?resize=700%2C400&ssl=1 2x, https:\/\/i0.wp.com\/lasprimeras.com.do\/wp-content\/uploads\/2024\/05\/IMG-20240507-WA0030.jpg?resize=1050%2C600&ssl=1 3x, https:\/\/i0.wp.com\/lasprimeras.com.do\/wp-content\/uploads\/2024\/05\/IMG-20240507-WA0030.jpg?resize=1400%2C800&ssl=1 4x"},"classes":[]},{"id":77015,"url":"https:\/\/lasprimeras.com.do\/index.php\/2024\/02\/17\/arquidiocesis-de-sd-defiende-reputacion-del-obispo-benito\/","url_meta":{"origin":83218,"position":1},"title":"Arquidi\u00f3cesis de SD defiende reputaci\u00f3n del obispo Benito","author":"BIMARY DE JES\u00daS Matos","date":"17 de febrero de 2024","format":false,"excerpt":"Santo Domingo.-La Arquidi\u00f3cesis de Santo Domingo neg\u00f3 ayer que el obispo auxiliar de Santo Domingo, Ram\u00f3n Benito \u00c1ngeles Fern\u00e1ndez, est\u00e9 siendo investigado por el Vaticano por presunta agresi\u00f3n sexual a un menor de edad. A trav\u00e9s de un comunicado, la Iglesia Cat\u00f3lica inform\u00f3 que \u201cno tiene evidencias sobre la supuesta\u2026","rel":"","context":"En \u00abPORTADA\u00bb","block_context":{"text":"PORTADA","link":"https:\/\/lasprimeras.com.do\/index.php\/category\/portada\/"},"img":{"alt_text":"","src":"https:\/\/i0.wp.com\/lasprimeras.com.do\/wp-content\/uploads\/2024\/02\/benito-covid-191-768x461-1.jpg?resize=350%2C200&ssl=1","width":350,"height":200,"srcset":"https:\/\/i0.wp.com\/lasprimeras.com.do\/wp-content\/uploads\/2024\/02\/benito-covid-191-768x461-1.jpg?resize=350%2C200&ssl=1 1x, https:\/\/i0.wp.com\/lasprimeras.com.do\/wp-content\/uploads\/2024\/02\/benito-covid-191-768x461-1.jpg?resize=525%2C300&ssl=1 1.5x, https:\/\/i0.wp.com\/lasprimeras.com.do\/wp-content\/uploads\/2024\/02\/benito-covid-191-768x461-1.jpg?resize=700%2C400&ssl=1 2x"},"classes":[]},{"id":82860,"url":"https:\/\/lasprimeras.com.do\/index.php\/2024\/05\/08\/iglesia-catolica-exhorta-a-sus-feligreses-en-la-circ-3-a-votar-por-joselito-feliz\/","url_meta":{"origin":83218,"position":2},"title":"Iglesia Cat\u00f3lica exhorta a sus feligreses en la Circ. 3 a votar por Joselito Feliz","author":"Nelson Feliz","date":"8 de mayo de 2024","format":false,"excerpt":"La Iglesia Cat\u00f3lica ha instruido a sus fieles en la Circunscripci\u00f3n 3 a respaldar la candidatura de Joselito Feliz en las pr\u00f3ximas elecciones, destacando su compromiso con valores fundamentales y principios morales. El respaldo de la Iglesia Cat\u00f3lica hacia Joselito Feliz se fundamenta en su firme defensa del derecho a\u2026","rel":"","context":"En \u00abPORTADA\u00bb","block_context":{"text":"PORTADA","link":"https:\/\/lasprimeras.com.do\/index.php\/category\/portada\/"},"img":{"alt_text":"Joselito Feliz","src":"https:\/\/i0.wp.com\/lasprimeras.com.do\/wp-content\/uploads\/2024\/02\/Joselito-Feliz.jpg?resize=350%2C200&ssl=1","width":350,"height":200,"srcset":"https:\/\/i0.wp.com\/lasprimeras.com.do\/wp-content\/uploads\/2024\/02\/Joselito-Feliz.jpg?resize=350%2C200&ssl=1 1x, https:\/\/i0.wp.com\/lasprimeras.com.do\/wp-content\/uploads\/2024\/02\/Joselito-Feliz.jpg?resize=525%2C300&ssl=1 1.5x, https:\/\/i0.wp.com\/lasprimeras.com.do\/wp-content\/uploads\/2024\/02\/Joselito-Feliz.jpg?resize=700%2C400&ssl=1 2x"},"classes":[]},{"id":84143,"url":"https:\/\/lasprimeras.com.do\/index.php\/2024\/05\/31\/iglesia-aboga-por-reforma-fiscal-equitativa-que-no-favorezca-a-los-mas-privilegiados\/","url_meta":{"origin":83218,"position":3},"title":"Iglesia aboga por reforma fiscal equitativa que no favorezca a los m\u00e1s privilegiados","author":"Nelson Feliz","date":"31 de mayo de 2024","format":false,"excerpt":"LLamado. Monse\u00f1or Dur\u00e1n Tineo hizo una llamado a la unidad y dijo que la iglesia aspira a que se contin\u00fae fomentando un Estado de asistencia y aboga por una patria donde haya justicia social. ADRIANA FORTUNA, ASHLEY MART\u00cdNEZ Ayer la Iglesia cat\u00f3lica abog\u00f3 para que la reforma fiscal que se\u2026","rel":"","context":"En \u00abNACIONALES\u00bb","block_context":{"text":"NACIONALES","link":"https:\/\/lasprimeras.com.do\/index.php\/category\/nacionales\/"},"img":{"alt_text":"","src":"https:\/\/i0.wp.com\/lasprimeras.com.do\/wp-content\/uploads\/2024\/05\/PASTORES.jpeg?resize=350%2C200&ssl=1","width":350,"height":200,"srcset":"https:\/\/i0.wp.com\/lasprimeras.com.do\/wp-content\/uploads\/2024\/05\/PASTORES.jpeg?resize=350%2C200&ssl=1 1x, https:\/\/i0.wp.com\/lasprimeras.com.do\/wp-content\/uploads\/2024\/05\/PASTORES.jpeg?resize=525%2C300&ssl=1 1.5x, https:\/\/i0.wp.com\/lasprimeras.com.do\/wp-content\/uploads\/2024\/05\/PASTORES.jpeg?resize=700%2C400&ssl=1 2x"},"classes":[]},{"id":68049,"url":"https:\/\/lasprimeras.com.do\/index.php\/2023\/11\/21\/obispo-auxiliar-de-la-arquidiocesis-de-santiago-recibe-a-victor-fadul-y-esposa\/","url_meta":{"origin":83218,"position":4},"title":"Obispo auxiliar de la Arquidi\u00f3cesis de Santiago recibe a V\u00edctor Fadul y esposa","author":"Nelson Feliz","date":"21 de noviembre de 2023","format":false,"excerpt":"Conversaron sobre la educaci\u00f3n en valores, fortalecimiento de la familia, seguridad ciudadana y violencia. El Obispo Auxiliar de la Arquidi\u00f3cesis de Santiago, Carlos Tom\u00e1s Morel Dipl\u00e1n, recibi\u00f3 la ma\u00f1ana de este lunes al candidato a alcalde por Santiago V\u00edctor Fadul y su esposa Tracy Zarzuela, en un conversatorio sobre la\u2026","rel":"","context":"En \u00abNACIONALES\u00bb","block_context":{"text":"NACIONALES","link":"https:\/\/lasprimeras.com.do\/index.php\/category\/nacionales\/"},"img":{"alt_text":"","src":"https:\/\/i0.wp.com\/lasprimeras.com.do\/wp-content\/uploads\/2023\/11\/dos-1.jpg?resize=350%2C200&ssl=1","width":350,"height":200,"srcset":"https:\/\/i0.wp.com\/lasprimeras.com.do\/wp-content\/uploads\/2023\/11\/dos-1.jpg?resize=350%2C200&ssl=1 1x, https:\/\/i0.wp.com\/lasprimeras.com.do\/wp-content\/uploads\/2023\/11\/dos-1.jpg?resize=525%2C300&ssl=1 1.5x, https:\/\/i0.wp.com\/lasprimeras.com.do\/wp-content\/uploads\/2023\/11\/dos-1.jpg?resize=700%2C400&ssl=1 2x"},"classes":[]},{"id":67485,"url":"https:\/\/lasprimeras.com.do\/index.php\/2023\/11\/16\/el-padre-rogelio-cruz-abandona-la-iglesia-catolica-romana-y-se-va-a-otra-denominacion-catolica\/","url_meta":{"origin":83218,"position":5},"title":"El padre Rogelio Cruz abandona la Iglesia Cat\u00f3lica Romana y se va a otra denominaci\u00f3n cat\u00f3lica","author":"Nelson Feliz","date":"16 de noviembre de 2023","format":false,"excerpt":"El padre Rogelio Cruz abandonar\u00e1 la Iglesia Cat\u00f3lica Apost\u00f3lica Romana para servir a una denominaci\u00f3n Cat\u00f3lica Apost\u00f3lica no Romana, de car\u00e1cter nacionalista, que no depende del Papa, sino de un obispo en Brasil, y plantea el celibato como opcional. As\u00ed lo inform\u00f3 el propio padre Rogelio, como se le conoce,\u2026","rel":"","context":"En \u00abNACIONALES\u00bb","block_context":{"text":"NACIONALES","link":"https:\/\/lasprimeras.com.do\/index.php\/category\/nacionales\/"},"img":{"alt_text":"","src":"https:\/\/i0.wp.com\/lasprimeras.com.do\/wp-content\/uploads\/2023\/11\/Rogelio-Cruz.jpg?resize=350%2C200&ssl=1","width":350,"height":200,"srcset":"https:\/\/i0.wp.com\/lasprimeras.com.do\/wp-content\/uploads\/2023\/11\/Rogelio-Cruz.jpg?resize=350%2C200&ssl=1 1x, https:\/\/i0.wp.com\/lasprimeras.com.do\/wp-content\/uploads\/2023\/11\/Rogelio-Cruz.jpg?resize=525%2C300&ssl=1 1.5x, https:\/\/i0.wp.com\/lasprimeras.com.do\/wp-content\/uploads\/2023\/11\/Rogelio-Cruz.jpg?resize=700%2C400&ssl=1 2x"},"classes":[]}],"jetpack_sharing_enabled":true,"_links":{"self":[{"href":"https:\/\/lasprimeras.com.do\/index.php\/wp-json\/wp\/v2\/posts\/83218","targetHints":{"allow":["GET"]}}],"collection":[{"href":"https:\/\/lasprimeras.com.do\/index.php\/wp-json\/wp\/v2\/posts"}],"about":[{"href":"https:\/\/lasprimeras.com.do\/index.php\/wp-json\/wp\/v2\/types\/post"}],"author":[{"embeddable":true,"href":"https:\/\/lasprimeras.com.do\/index.php\/wp-json\/wp\/v2\/users\/2"}],"replies":[{"embeddable":true,"href":"https:\/\/lasprimeras.com.do\/index.php\/wp-json\/wp\/v2\/comments?post=83218"}],"version-history":[{"count":1,"href":"https:\/\/lasprimeras.com.do\/index.php\/wp-json\/wp\/v2\/posts\/83218\/revisions"}],"predecessor-version":[{"id":83220,"href":"https:\/\/lasprimeras.com.do\/index.php\/wp-json\/wp\/v2\/posts\/83218\/revisions\/83220"}],"wp:featuredmedia":[{"embeddable":true,"href":"https:\/\/lasprimeras.com.do\/index.php\/wp-json\/wp\/v2\/media\/83219"}],"wp:attachment":[{"href":"https:\/\/lasprimeras.com.do\/index.php\/wp-json\/wp\/v2\/media?parent=83218"}],"wp:term":[{"taxonomy":"category","embeddable":true,"href":"https:\/\/lasprimeras.com.do\/index.php\/wp-json\/wp\/v2\/categories?post=83218"},{"taxonomy":"post_tag","embeddable":true,"href":"https:\/\/lasprimeras.com.do\/index.php\/wp-json\/wp\/v2\/tags?post=83218"}],"curies":[{"name":"wp","href":"https:\/\/api.w.org\/{rel}","templated":true}]}}