{"id":83230,"date":"2024-05-11T20:22:00","date_gmt":"2024-05-12T00:22:00","guid":{"rendered":"https:\/\/lasprimeras.com.do\/?p=83230"},"modified":"2024-05-13T20:27:38","modified_gmt":"2024-05-14T00:27:38","slug":"francisca-jaquez-recibe-el-apoyo-de-alexander-liz","status":"publish","type":"post","link":"https:\/\/lasprimeras.com.do\/index.php\/2024\/05\/11\/francisca-jaquez-recibe-el-apoyo-de-alexander-liz\/","title":{"rendered":"Francisca J\u00e1quez recibe el apoyo de Alexander Liz"},"content":{"rendered":"\n<p>El ex &#8211; candidato a diputado por el oficialista Partido Revolucionario Moderno (PRM), Alexander Liz, manifest\u00f3 su apoyo a la candidata a diputada por la circunscripci\u00f3n 3 del Distrito Nacional, Francisca J\u00e1quez, cuya candidatura la inscribi\u00f3 el partido tras dejar fuera a Liz por la cuota de g\u00e9nero.<\/p>\n\n\n\n<p>Tras recibir el apoyo de Liz, quien acudi\u00f3 a un acto de campa\u00f1a, J\u00e1quez expres\u00f3 su agradecimiento a este por tomar esa decisi\u00f3n.<\/p>\n\n\n\n<p>\u201cEstoy muy agradecida de este l\u00edder, compa\u00f1ero y amigo Alexander Liz por tomar la decisi\u00f3n junto con su equipo de darnos su apoyo\u201d, manifest\u00f3.<\/p>\n\n\n\n<p>Asimismo, asegur\u00f3 que esa candidatura no es solo de ella.<\/p>\n\n\n\n<p>\u201cEs una candidatura del partido, de los ciudadanos, de la circunscripci\u00f3n n\u00famero 3, pero sobre todo que va a ser una candidatura de Alexander Liz y su equipo. Con el apoyo de Alexander Liz y su equipo haremos historia juntos tras alcanzar el triunfo de esta diputaci\u00f3n\u201d, dijo.<\/p>\n\n\n\n<p>Adem\u00e1s, dej\u00f3 claro que tanto ella como Liz, seguir\u00e1n trabajando para seguir fortaleciendo la democracia dominicana.<\/p>\n\n\n\n<p>De su lado, Liz ratific\u00f3 su compromiso en la circunscripci\u00f3n tres, con el apoyo a la diputada Francisca J\u00e1quez. Asegur\u00f3 que esa es \u201cuna candidatura que en siete d\u00edas har\u00e1 historia al lograr el triunfo\u201d.<\/p>\n\n\n\n<p>\u201cPues la honestidad y la humildad de la candidata lo compromete a darlo todo para ganar la batalla. M\u00e1s que una candidatura, se ha hecho de cada movimiento de apoyo, una familia, con lo que el triunfo est\u00e1 garantizado a todo pulm\u00f3n con Francisca en la tres\u201d, agreg\u00f3.<\/p>\n","protected":false},"excerpt":{"rendered":"<p>El ex &#8211; candidato a diputado por el oficialista Partido Revolucionario Moderno (PRM), Alexander Liz, manifest\u00f3 su apoyo a la candidata a diputada por la circunscripci\u00f3n 3 del Distrito Nacional,&hellip;<\/p>\n","protected":false},"author":2,"featured_media":83231,"comment_status":"open","ping_status":"open","sticky":false,"template":"","format":"standard","meta":{"content-type":"","jetpack_post_was_ever_published":false,"_jetpack_newsletter_access":"","_jetpack_dont_email_post_to_subs":false,"_jetpack_newsletter_tier_id":0,"_jetpack_memberships_contains_paywalled_content":false,"_jetpack_memberships_contains_paid_content":false,"footnotes":""},"categories":[1],"tags":[12925,995,2492,12926],"class_list":["post-83230","post","type-post","status-publish","format-standard","has-post-thumbnail","hentry","category-sin-categoria","tag-alexander-liz","tag-diputada","tag-distrito-nacional","tag-francisca-jaquez"],"jetpack_featured_media_url":"https:\/\/lasprimeras.com.do\/wp-content\/uploads\/2024\/05\/Francisca-Jaquez-y-Alexander-Liz.jpg","jetpack-related-posts":[{"id":82865,"url":"https:\/\/lasprimeras.com.do\/index.php\/2024\/05\/08\/celebran-encuentro-en-apoyo-a-candidata-a-diputada-liz-mieses\/","url_meta":{"origin":83230,"position":0},"title":"Celebran encuentro en apoyo a candidata a diputada Liz Mieses","author":"Nelson Feliz","date":"8 de mayo de 2024","format":false,"excerpt":"La ciudad capital fue testigo de un vibrante encuentro social en apoyo a Liz Mieses, candidata a diputada por la circunscripci\u00f3n uno, en el distrito nacional, en representaci\u00f3n del Partido Revolucionario Moderno (PRM). El evento, celebrado en Punto y Corcho, congreg\u00f3 a un nutrido grupo de mujeres de distintas esferas\u2026","rel":"","context":"En \u00abPORTADA\u00bb","block_context":{"text":"PORTADA","link":"https:\/\/lasprimeras.com.do\/index.php\/category\/portada\/"},"img":{"alt_text":"Liz Mieses","src":"https:\/\/i0.wp.com\/lasprimeras.com.do\/wp-content\/uploads\/2024\/05\/Liz-Mieses-1.jpg?resize=350%2C200&ssl=1","width":350,"height":200,"srcset":"https:\/\/i0.wp.com\/lasprimeras.com.do\/wp-content\/uploads\/2024\/05\/Liz-Mieses-1.jpg?resize=350%2C200&ssl=1 1x, https:\/\/i0.wp.com\/lasprimeras.com.do\/wp-content\/uploads\/2024\/05\/Liz-Mieses-1.jpg?resize=525%2C300&ssl=1 1.5x, https:\/\/i0.wp.com\/lasprimeras.com.do\/wp-content\/uploads\/2024\/05\/Liz-Mieses-1.jpg?resize=700%2C400&ssl=1 2x"},"classes":[]},{"id":82224,"url":"https:\/\/lasprimeras.com.do\/index.php\/2024\/04\/30\/jce-pone-fecha-al-prm-y-fp-para-completar-boleta-de-diputados-en-dn\/","url_meta":{"origin":83230,"position":1},"title":"JCE pone fecha al PRM y FP para completar boleta de diputados en DN","author":"BIMARY DE JES\u00daS Matos","date":"30 de abril de 2024","format":false,"excerpt":"SANTO DOMINGO.- La Junta Central Electoral (JCE) le otorg\u00f3 un nuevo plazo que vencer\u00e1 el 1 de mayo a las 7:00 de la noche a los partidos Revolucionario Moderno (PRM) y Fuerza del Pueblo (FP) para que completen sus boletas electorales para candidatos a diputados en dos circunscripciones del Distrito\u2026","rel":"","context":"En \u00abSin categor\u00eda\u00bb","block_context":{"text":"Sin categor\u00eda","link":"https:\/\/lasprimeras.com.do\/index.php\/category\/sin-categoria\/"},"img":{"alt_text":"","src":"https:\/\/i0.wp.com\/lasprimeras.com.do\/wp-content\/uploads\/2024\/04\/6a0c8a05-4f4b-48f5-a1d9-1ad180753c4a-19.webp?resize=350%2C200&ssl=1","width":350,"height":200,"srcset":"https:\/\/i0.wp.com\/lasprimeras.com.do\/wp-content\/uploads\/2024\/04\/6a0c8a05-4f4b-48f5-a1d9-1ad180753c4a-19.webp?resize=350%2C200&ssl=1 1x, https:\/\/i0.wp.com\/lasprimeras.com.do\/wp-content\/uploads\/2024\/04\/6a0c8a05-4f4b-48f5-a1d9-1ad180753c4a-19.webp?resize=525%2C300&ssl=1 1.5x, https:\/\/i0.wp.com\/lasprimeras.com.do\/wp-content\/uploads\/2024\/04\/6a0c8a05-4f4b-48f5-a1d9-1ad180753c4a-19.webp?resize=700%2C400&ssl=1 2x, https:\/\/i0.wp.com\/lasprimeras.com.do\/wp-content\/uploads\/2024\/04\/6a0c8a05-4f4b-48f5-a1d9-1ad180753c4a-19.webp?resize=1050%2C600&ssl=1 3x"},"classes":[]},{"id":57610,"url":"https:\/\/lasprimeras.com.do\/index.php\/2023\/08\/14\/jose-liz-saluda-decision-del-presidente-abinader-anunciar-su-repostulacion\/","url_meta":{"origin":83230,"position":2},"title":"Jos\u00e9 Liz saluda decisi\u00f3n del presidente Abinader anunciar su repostulaci\u00f3n","author":"Nelson Feliz","date":"14 de agosto de 2023","format":false,"excerpt":"El diputado al Parlamento Centroamericano (PARLACEN), Jos\u00e9 Liz salud\u00f3 la decisi\u00f3n del presidente Luis Abinader, quien anunci\u00f3 buscar\u00e1 la reelecci\u00f3n presidencial por un periodo m\u00e1s. En ese sentido, el dirigente del Partido Revolucionario Moderno (PRM), en Santo Domingo Este, calific\u00f3 de acertada la decisi\u00f3n del mandatario, al tiempo que dijo\u2026","rel":"","context":"En \u00abPORTADA\u00bb","block_context":{"text":"PORTADA","link":"https:\/\/lasprimeras.com.do\/index.php\/category\/portada\/"},"img":{"alt_text":"Jos\u00e9 Liz","src":"https:\/\/i0.wp.com\/lasprimeras.com.do\/wp-content\/uploads\/2023\/08\/Jose-Liz.jpg?resize=350%2C200&ssl=1","width":350,"height":200,"srcset":"https:\/\/i0.wp.com\/lasprimeras.com.do\/wp-content\/uploads\/2023\/08\/Jose-Liz.jpg?resize=350%2C200&ssl=1 1x, https:\/\/i0.wp.com\/lasprimeras.com.do\/wp-content\/uploads\/2023\/08\/Jose-Liz.jpg?resize=525%2C300&ssl=1 1.5x, https:\/\/i0.wp.com\/lasprimeras.com.do\/wp-content\/uploads\/2023\/08\/Jose-Liz.jpg?resize=700%2C400&ssl=1 2x"},"classes":[]},{"id":68772,"url":"https:\/\/lasprimeras.com.do\/index.php\/2023\/11\/27\/el-bis-llevara-como-candidato-a-regidor-del-dn-al-youtuber-alexander-cardini\/","url_meta":{"origin":83230,"position":3},"title":"El BIS llevar\u00e1 como candidato a regidor del DN al YouTuber Alexander Cardini","author":"Nelson Feliz","date":"27 de noviembre de 2023","format":false,"excerpt":"El Partido Bloque Institucional Socialdem\u00f3crata (BIS), que preside el gur\u00fa de la pol\u00edtica dominicana, Jos\u00e9 Francisco Pe\u00f1a Guaba (Jos\u00e9 Frank), llevar\u00e1 en su boleta electoral al Youtuber Alexander Cardini. Alexander Cardini quien en meses pasado se hizo viral al anunciar que podr\u00eda aparecer en la boleta electoral para las elecciones\u2026","rel":"","context":"En \u00abPORTADA\u00bb","block_context":{"text":"PORTADA","link":"https:\/\/lasprimeras.com.do\/index.php\/category\/portada\/"},"img":{"alt_text":"Alexander Cardini","src":"https:\/\/i0.wp.com\/lasprimeras.com.do\/wp-content\/uploads\/2023\/11\/Alexander-Cardini.jpg?resize=350%2C200&ssl=1","width":350,"height":200,"srcset":"https:\/\/i0.wp.com\/lasprimeras.com.do\/wp-content\/uploads\/2023\/11\/Alexander-Cardini.jpg?resize=350%2C200&ssl=1 1x, https:\/\/i0.wp.com\/lasprimeras.com.do\/wp-content\/uploads\/2023\/11\/Alexander-Cardini.jpg?resize=525%2C300&ssl=1 1.5x, https:\/\/i0.wp.com\/lasprimeras.com.do\/wp-content\/uploads\/2023\/11\/Alexander-Cardini.jpg?resize=700%2C400&ssl=1 2x"},"classes":[]},{"id":60134,"url":"https:\/\/lasprimeras.com.do\/index.php\/2023\/09\/11\/alexander-cardini-enciende-el-avispero-al-decir-que-podria-ser-candidato-a-regidor-por-circ-1-del-dn\/","url_meta":{"origin":83230,"position":4},"title":"Alexander Cardini enciende el avispero al decir que podr\u00eda ser candidato a Regidor por Circ. #1 del DN","author":"Nelson Feliz","date":"11 de septiembre de 2023","format":false,"excerpt":"CANDIDATURA A REGIDOR DE ALEXANDER CARDINI PONE EN APRIETOS ADVERSARIOS EN EL DN. Se dinamiza competencia de candidatos a Regidores por la Circunscripci\u00f3n #1 en el Distrito Nacional, el YouTuber e Influencer Alexander Cardini podr\u00eda aparecer en la boleta electoral y poner en aprietos candidaturas de adversarios que aspiran a\u2026","rel":"","context":"En \u00abPORTADA\u00bb","block_context":{"text":"PORTADA","link":"https:\/\/lasprimeras.com.do\/index.php\/category\/portada\/"},"img":{"alt_text":"Alexander Cardini","src":"https:\/\/i0.wp.com\/lasprimeras.com.do\/wp-content\/uploads\/2023\/09\/Alexander-Cardini-2.jpg?resize=350%2C200&ssl=1","width":350,"height":200,"srcset":"https:\/\/i0.wp.com\/lasprimeras.com.do\/wp-content\/uploads\/2023\/09\/Alexander-Cardini-2.jpg?resize=350%2C200&ssl=1 1x, https:\/\/i0.wp.com\/lasprimeras.com.do\/wp-content\/uploads\/2023\/09\/Alexander-Cardini-2.jpg?resize=525%2C300&ssl=1 1.5x, https:\/\/i0.wp.com\/lasprimeras.com.do\/wp-content\/uploads\/2023\/09\/Alexander-Cardini-2.jpg?resize=700%2C400&ssl=1 2x"},"classes":[]},{"id":68119,"url":"https:\/\/lasprimeras.com.do\/index.php\/2023\/11\/21\/coalicion-de-partidos-postulara-como-regidor-al-youtuber-alexander-cardini\/","url_meta":{"origin":83230,"position":5},"title":"Coalici\u00f3n de Partidos postular\u00e1 como Regidor al YouTuber Alexander Cardini","author":"Nelson Feliz","date":"21 de noviembre de 2023","format":false,"excerpt":"Santo Domingo, DN.-. El YouTuber e influencer Alexander Cardini anunci\u00f3 en sus Redes Sociales que en los pr\u00f3ximos d\u00edas dar\u00e1 a conocer la coalici\u00f3n de partidos que llevar\u00e1n\u00a0 su candidatura a Regidor por la Circunscripci\u00f3n #1 Del Distrito Nacional. Cardini, quien se hizo tendencia en Internet cuando anunci\u00f3 que podr\u00eda\u2026","rel":"","context":"En \u00abPORTADA\u00bb","block_context":{"text":"PORTADA","link":"https:\/\/lasprimeras.com.do\/index.php\/category\/portada\/"},"img":{"alt_text":"Alexander Cardini","src":"https:\/\/i0.wp.com\/lasprimeras.com.do\/wp-content\/uploads\/2023\/11\/Alexander-Cardini-Nueva.jpg?resize=350%2C200&ssl=1","width":350,"height":200,"srcset":"https:\/\/i0.wp.com\/lasprimeras.com.do\/wp-content\/uploads\/2023\/11\/Alexander-Cardini-Nueva.jpg?resize=350%2C200&ssl=1 1x, https:\/\/i0.wp.com\/lasprimeras.com.do\/wp-content\/uploads\/2023\/11\/Alexander-Cardini-Nueva.jpg?resize=525%2C300&ssl=1 1.5x, https:\/\/i0.wp.com\/lasprimeras.com.do\/wp-content\/uploads\/2023\/11\/Alexander-Cardini-Nueva.jpg?resize=700%2C400&ssl=1 2x"},"classes":[]}],"jetpack_sharing_enabled":true,"_links":{"self":[{"href":"https:\/\/lasprimeras.com.do\/index.php\/wp-json\/wp\/v2\/posts\/83230","targetHints":{"allow":["GET"]}}],"collection":[{"href":"https:\/\/lasprimeras.com.do\/index.php\/wp-json\/wp\/v2\/posts"}],"about":[{"href":"https:\/\/lasprimeras.com.do\/index.php\/wp-json\/wp\/v2\/types\/post"}],"author":[{"embeddable":true,"href":"https:\/\/lasprimeras.com.do\/index.php\/wp-json\/wp\/v2\/users\/2"}],"replies":[{"embeddable":true,"href":"https:\/\/lasprimeras.com.do\/index.php\/wp-json\/wp\/v2\/comments?post=83230"}],"version-history":[{"count":1,"href":"https:\/\/lasprimeras.com.do\/index.php\/wp-json\/wp\/v2\/posts\/83230\/revisions"}],"predecessor-version":[{"id":83232,"href":"https:\/\/lasprimeras.com.do\/index.php\/wp-json\/wp\/v2\/posts\/83230\/revisions\/83232"}],"wp:featuredmedia":[{"embeddable":true,"href":"https:\/\/lasprimeras.com.do\/index.php\/wp-json\/wp\/v2\/media\/83231"}],"wp:attachment":[{"href":"https:\/\/lasprimeras.com.do\/index.php\/wp-json\/wp\/v2\/media?parent=83230"}],"wp:term":[{"taxonomy":"category","embeddable":true,"href":"https:\/\/lasprimeras.com.do\/index.php\/wp-json\/wp\/v2\/categories?post=83230"},{"taxonomy":"post_tag","embeddable":true,"href":"https:\/\/lasprimeras.com.do\/index.php\/wp-json\/wp\/v2\/tags?post=83230"}],"curies":[{"name":"wp","href":"https:\/\/api.w.org\/{rel}","templated":true}]}}