{"id":83242,"date":"2024-05-13T21:20:20","date_gmt":"2024-05-14T01:20:20","guid":{"rendered":"https:\/\/lasprimeras.com.do\/?p=83242"},"modified":"2024-05-13T21:20:22","modified_gmt":"2024-05-14T01:20:22","slug":"andres-navarro-el-pld-informa-del-cierre-de-campana","status":"publish","type":"post","link":"https:\/\/lasprimeras.com.do\/index.php\/2024\/05\/13\/andres-navarro-el-pld-informa-del-cierre-de-campana\/","title":{"rendered":"Andr\u00e9s Navarro: El PLD informa del Cierre de Campa\u00f1a"},"content":{"rendered":"\n<p><strong>El PLD informa de las actividades de final de la campa\u00f1a electoral. Abel Mart\u00ednez en las calles, presentando su propuesta de Gobierno.<\/strong><\/p>\n\n\n\n<p>El Partido de la Liberaci\u00f3n Dominicana (PLD) dio a conocer este d\u00eda las actividades programadas para esta semana, las que junto a las realizadas la semana pasada, se ubican en el concepto de cierre de campa\u00f1a.<\/p>\n\n\n\n<p>Andr\u00e9s Navarro, coordinador del Comit\u00e9 de Campa\u00f1a junto a una representaci\u00f3n de ese equipo ofreci\u00f3 los detalles de las actividades programadas para realizar hasta el pr\u00f3ximo jueves, d\u00eda final de la campa\u00f1a electoral, seg\u00fan las resoluciones de la JCE y las leyes.<\/p>\n\n\n\n<p>Para este martes luego de su participaci\u00f3n en una entrevista para Multimedios el Caribe y los canales CDN, Abel Mart\u00ednez se trasladar\u00e1 a la L\u00ednea Noroeste para participar en actividades de las provincias Santiago Rodr\u00edguez, Montecristi y Dajab\u00f3n.<\/p>\n\n\n\n<p>Para las 12.30 del mediod\u00eda se program\u00f3 un encuentro almuerzo en Monci\u00f3n con la direcci\u00f3n provincial de Santiago Rodr\u00edguez en la que participar\u00e1 tambi\u00e9n el candidato a Senador, Antonio Cruz.<\/p>\n\n\n\n<p>Navarro destac\u00f3 la importancia que, para Abel Mart\u00ednez, candidato Presidencial del PLD, tiene ese encuentro en raz\u00f3n de que Monci\u00f3n es su municipio natal.<\/p>\n\n\n\n<p>Para las tres de la tarde se program\u00f3 un encuentro con la representaci\u00f3n de los medios de comunicaci\u00f3n de la L\u00ednea Noroeste en Monte Cristi en el que Abel Mart\u00ednez participar\u00e1 de forma conjunta con Zoraima Cuello, candidata vicepresidencial, con la presencia de Mayobanex Escoto, candidato a Senador De Montecristi la comitiva se traslada a Dajab\u00f3n para participar en una marcha caravana por las calles del municipio cabecera en compa\u00f1\u00eda de Sonia Mateo, candidata al Senado.<\/p>\n\n\n\n<p>El mi\u00e9rcoles ser\u00e1 la actividad de cierre en la provincia Santo Domingo y el Distrito Nacional con una marcha caravana que se propone recorrer los municipios de la provincia y las tres circunscripciones de la capital.<\/p>\n\n\n\n<p>El jueves, \u00faltimo d\u00eda de la campa\u00f1a, se ha programado una marcha caravana en la provincia San Crist\u00f3bal tocando Haina, Nigua, Quita Sue\u00f1o y el municipio cabecera, San Crist\u00f3bal.<\/p>\n\n\n\n<p>Al reconocer el trabajo de las membrec\u00eda y militancia del PLD Andr\u00e9s Navarro destac\u00f3 la capacidad de trabajo de sus compa\u00f1eros y compa\u00f1eras de partido y la entrega a la campa\u00f1a en procura del triunfo en las elecciones del pr\u00f3ximo domingo.<\/p>\n\n\n\n<p>En la rueda de prensa acompa\u00f1aron a Navarro, Johnny Pujols, encargado de gabinete de la campa\u00f1a, Jos\u00e9 Dant\u00e9s, coordinador de la campa\u00f1a vice presidencial, Carolina Wegmuller, del equipo juvenil de la campa\u00f1a, as\u00ed como Julio Pimentel, director Operativo, German Nova, de la Secretar\u00eda de Actos y Seguridad, Edwin Espinal, coordinador del Sector Externo, Alejandro Mont\u00e1s, Melanio Paredes, Ren\u00e9 Polanco y Alfredo Mart\u00ednez.<\/p>\n\n\n\n<figure class=\"wp-block-embed is-type-rich is-provider-twitter wp-block-embed-twitter\"><div class=\"wp-block-embed__wrapper\">\n<div class=\"embed-twitter\"><blockquote class=\"twitter-tweet\" data-width=\"500\" data-dnt=\"true\"><p lang=\"es\" dir=\"ltr\"><a href=\"https:\/\/twitter.com\/PLDenlinea?ref_src=twsrc%5Etfw\">@PLDenlinea<\/a>\u00a0informa de las actividades de final de la campa\u00f1a electoral. <a href=\"https:\/\/twitter.com\/AbelMartinezD?ref_src=twsrc%5Etfw\">@AbelMartinezD<\/a> en las calles, presentando su propuesta de Gobierno. <a href=\"https:\/\/t.co\/9yJvq4Py7K\">pic.twitter.com\/9yJvq4Py7K<\/a><\/p>&mdash; PLD (@PLDenlinea) <a href=\"https:\/\/twitter.com\/PLDenlinea\/status\/1790066705282043984?ref_src=twsrc%5Etfw\">May 13, 2024<\/a><\/blockquote><script async src=\"https:\/\/platform.twitter.com\/widgets.js\" charset=\"utf-8\"><\/script><\/div>\n<\/div><\/figure>\n","protected":false},"excerpt":{"rendered":"<p>El PLD informa de las actividades de final de la campa\u00f1a electoral. Abel Mart\u00ednez en las calles, presentando su propuesta de Gobierno. El Partido de la Liberaci\u00f3n Dominicana (PLD) dio&hellip;<\/p>\n","protected":false},"author":2,"featured_media":83243,"comment_status":"open","ping_status":"open","sticky":false,"template":"","format":"standard","meta":{"content-type":"","jetpack_post_was_ever_published":false,"_jetpack_newsletter_access":"","_jetpack_dont_email_post_to_subs":false,"_jetpack_newsletter_tier_id":0,"_jetpack_memberships_contains_paywalled_content":false,"_jetpack_memberships_contains_paid_content":false,"footnotes":""},"categories":[1],"tags":[2262,11797,269],"class_list":["post-83242","post","type-post","status-publish","format-standard","has-post-thumbnail","hentry","category-sin-categoria","tag-andres-navarro","tag-cierre-de-campana","tag-pld"],"jetpack_featured_media_url":"https:\/\/lasprimeras.com.do\/wp-content\/uploads\/2024\/05\/Andres-Navarro.jpg","jetpack-related-posts":[{"id":50779,"url":"https:\/\/lasprimeras.com.do\/index.php\/2023\/05\/23\/andres-navarro-dice-terminado-duelo-abel-martinez-retomara-ritmo-de-trabajo\/","url_meta":{"origin":83242,"position":0},"title":"Andr\u00e9s Navarro dice terminado duelo Abel Mart\u00ednez retomar\u00e1 ritmo de trabajo","author":"prenxa100","date":"23 de mayo de 2023","format":false,"excerpt":"Santo Domingo.-.El miembro del Comit\u00e9 Pol\u00edtico del Partido de la Liberaci\u00f3n Dominicano, Andr\u00e9s Navarro, destac\u00f3 el ambiente de armon\u00eda y de respeto dominante en las estructuras de promoci\u00f3n de la candidatura presidencial de esa organizaci\u00f3n representada en Abel Mart\u00ednez, escogido de forma mayoritaria en la Consulta Ciudadana del pasado octubre.\u2026","rel":"","context":"En \u00abSin categor\u00eda\u00bb","block_context":{"text":"Sin categor\u00eda","link":"https:\/\/lasprimeras.com.do\/index.php\/category\/sin-categoria\/"},"img":{"alt_text":"","src":"","width":0,"height":0},"classes":[]},{"id":75092,"url":"https:\/\/lasprimeras.com.do\/index.php\/2024\/01\/29\/extraordinaria-sinergia-entre-las-candidaturas-presidencial-y-municipal-del-pld\/","url_meta":{"origin":83242,"position":1},"title":"Extraordinaria sinergia entre las candidaturas presidencial y municipal del PLD","author":"BIMARY DE JES\u00daS Matos","date":"29 de enero de 2024","format":false,"excerpt":"Santo Domingo.-La l\u00f3gica del PRM y del propio gobierno de Luis Abinader ha sido de puro marketing, afirma Andr\u00e9s Navarro, coordinador de la campa\u00f1a del PLD . Ante la proximidad de las elecciones municipales el equipo de campa\u00f1a de Abel Mart\u00ednez, candidato presidencial del Partido de la Liberaci\u00f3n Dominicana (PLD),\u2026","rel":"","context":"En \u00abSin categor\u00eda\u00bb","block_context":{"text":"Sin categor\u00eda","link":"https:\/\/lasprimeras.com.do\/index.php\/category\/sin-categoria\/"},"img":{"alt_text":"","src":"https:\/\/i0.wp.com\/lasprimeras.com.do\/wp-content\/uploads\/2024\/01\/Diseno-sin-titulo-10-2.jpg?resize=350%2C200&ssl=1","width":350,"height":200,"srcset":"https:\/\/i0.wp.com\/lasprimeras.com.do\/wp-content\/uploads\/2024\/01\/Diseno-sin-titulo-10-2.jpg?resize=350%2C200&ssl=1 1x, https:\/\/i0.wp.com\/lasprimeras.com.do\/wp-content\/uploads\/2024\/01\/Diseno-sin-titulo-10-2.jpg?resize=525%2C300&ssl=1 1.5x"},"classes":[]},{"id":59224,"url":"https:\/\/lasprimeras.com.do\/index.php\/2023\/09\/01\/andres-navarro-es-designado-coordinador-de-campana-de-abel\/","url_meta":{"origin":83242,"position":2},"title":"Andr\u00e9s Navarro es designado coordinador de campa\u00f1a de Abel","author":"Nelson Feliz","date":"1 de septiembre de 2023","format":false,"excerpt":"El miembro del Comit\u00e9 Pol\u00edtico, Andr\u00e9s Navarro, ha sido nombrado coordinador nacional de campa\u00f1a del candidato presidencial del Partido de la Liberaci\u00f3n Dominicana (PLD), Abel Mart\u00ednez. La informaci\u00f3n est\u00e1 contenida en un comunicado de la campa\u00f1a de Mart\u00ednez, y agrega que, Johnny Pujols, miembro del CP, asume el rol de\u2026","rel":"","context":"En \u00abPORTADA\u00bb","block_context":{"text":"PORTADA","link":"https:\/\/lasprimeras.com.do\/index.php\/category\/portada\/"},"img":{"alt_text":"","src":"https:\/\/i0.wp.com\/lasprimeras.com.do\/wp-content\/uploads\/2023\/09\/abel.png?resize=350%2C200&ssl=1","width":350,"height":200,"srcset":"https:\/\/i0.wp.com\/lasprimeras.com.do\/wp-content\/uploads\/2023\/09\/abel.png?resize=350%2C200&ssl=1 1x, https:\/\/i0.wp.com\/lasprimeras.com.do\/wp-content\/uploads\/2023\/09\/abel.png?resize=525%2C300&ssl=1 1.5x"},"classes":[]},{"id":76308,"url":"https:\/\/lasprimeras.com.do\/index.php\/2024\/02\/08\/actividades-del-pld-promoviendo-sus-candidaturas-municipales\/","url_meta":{"origin":83242,"position":3},"title":"Actividades del PLD promoviendo sus candidaturas municipales","author":"Nelson Feliz","date":"8 de febrero de 2024","format":false,"excerpt":"Abel Mart\u00ednez encabeza este jueves una marcha-caravana en la circunscripci\u00f3n Tres de Santiago junto a V\u00edctor Fadul y Marino Collante. Restando apenas d\u00edas para las elecciones municipales, programadas para el domingo 18 de febrero, el Partido de la Liberaci\u00f3n Dominicana (PLD), se moviliza en todo el territorio nacional, promoviendo sus\u2026","rel":"","context":"En \u00abPORTADA\u00bb","block_context":{"text":"PORTADA","link":"https:\/\/lasprimeras.com.do\/index.php\/category\/portada\/"},"img":{"alt_text":"","src":"https:\/\/i0.wp.com\/lasprimeras.com.do\/wp-content\/uploads\/2024\/02\/aBEL.jpeg?resize=350%2C200&ssl=1","width":350,"height":200,"srcset":"https:\/\/i0.wp.com\/lasprimeras.com.do\/wp-content\/uploads\/2024\/02\/aBEL.jpeg?resize=350%2C200&ssl=1 1x, https:\/\/i0.wp.com\/lasprimeras.com.do\/wp-content\/uploads\/2024\/02\/aBEL.jpeg?resize=525%2C300&ssl=1 1.5x, https:\/\/i0.wp.com\/lasprimeras.com.do\/wp-content\/uploads\/2024\/02\/aBEL.jpeg?resize=700%2C400&ssl=1 2x"},"classes":[]},{"id":83032,"url":"https:\/\/lasprimeras.com.do\/index.php\/2024\/05\/10\/con-diferentes-actividades-pld-promueve-sus-propuestas-de-gobierno\/","url_meta":{"origin":83242,"position":4},"title":"Con diferentes actividades PLD promueve sus propuestas de Gobierno","author":"BIMARY DE JES\u00daS Matos","date":"10 de mayo de 2024","format":false,"excerpt":"PLD presenta sus actividades proselitistas de fin de semana y cierre de campa\u00f1a. El Partido de la Liberaci\u00f3n Dominicana (PLD) inici\u00f3 el pasado jueves las actividades finales de la campa\u00f1a con miras a las elecciones presidenciales y congresuales del pr\u00f3ximo domingo 19 de mayo. La direcci\u00f3n del PLD, conjuntamente con\u2026","rel":"","context":"En \u00abSin categor\u00eda\u00bb","block_context":{"text":"Sin categor\u00eda","link":"https:\/\/lasprimeras.com.do\/index.php\/category\/sin-categoria\/"},"img":{"alt_text":"","src":"https:\/\/i0.wp.com\/lasprimeras.com.do\/wp-content\/uploads\/2024\/05\/e0df4575-d5cb-4ddc-94a7-7e659fd06b0e.jpg?resize=350%2C200&ssl=1","width":350,"height":200,"srcset":"https:\/\/i0.wp.com\/lasprimeras.com.do\/wp-content\/uploads\/2024\/05\/e0df4575-d5cb-4ddc-94a7-7e659fd06b0e.jpg?resize=350%2C200&ssl=1 1x, https:\/\/i0.wp.com\/lasprimeras.com.do\/wp-content\/uploads\/2024\/05\/e0df4575-d5cb-4ddc-94a7-7e659fd06b0e.jpg?resize=525%2C300&ssl=1 1.5x, https:\/\/i0.wp.com\/lasprimeras.com.do\/wp-content\/uploads\/2024\/05\/e0df4575-d5cb-4ddc-94a7-7e659fd06b0e.jpg?resize=700%2C400&ssl=1 2x, https:\/\/i0.wp.com\/lasprimeras.com.do\/wp-content\/uploads\/2024\/05\/e0df4575-d5cb-4ddc-94a7-7e659fd06b0e.jpg?resize=1050%2C600&ssl=1 3x, https:\/\/i0.wp.com\/lasprimeras.com.do\/wp-content\/uploads\/2024\/05\/e0df4575-d5cb-4ddc-94a7-7e659fd06b0e.jpg?resize=1400%2C800&ssl=1 4x"},"classes":[]},{"id":51581,"url":"https:\/\/lasprimeras.com.do\/index.php\/2023\/06\/01\/navarro-asegura-el-pld-esta-abierta-a-realizar-cualquier-alianza\/","url_meta":{"origin":83242,"position":5},"title":"Navarro asegura el PLD est\u00e1 abierta a realizar cualquier alianza","author":"prenxa100","date":"1 de junio de 2023","format":false,"excerpt":"Santo Domingo.-. El miembro del Comit\u00e9 Pol\u00edtico del Partido de la Liberaci\u00f3n Dominicana, Andr\u00e9s Navarro, declar\u00f3 que esa organizaci\u00f3n est\u00e1 abierta a realizar alianzas con organizaciones pol\u00edticas sin descartar a la Fuerza del Pueblo. Navarro, aclar\u00f3 que en esta etapa de la campa\u00f1a el PLD est\u00e1 en un proceso de\u2026","rel":"","context":"En \u00abPORTADA\u00bb","block_context":{"text":"PORTADA","link":"https:\/\/lasprimeras.com.do\/index.php\/category\/portada\/"},"img":{"alt_text":"","src":"","width":0,"height":0},"classes":[]}],"jetpack_sharing_enabled":true,"_links":{"self":[{"href":"https:\/\/lasprimeras.com.do\/index.php\/wp-json\/wp\/v2\/posts\/83242","targetHints":{"allow":["GET"]}}],"collection":[{"href":"https:\/\/lasprimeras.com.do\/index.php\/wp-json\/wp\/v2\/posts"}],"about":[{"href":"https:\/\/lasprimeras.com.do\/index.php\/wp-json\/wp\/v2\/types\/post"}],"author":[{"embeddable":true,"href":"https:\/\/lasprimeras.com.do\/index.php\/wp-json\/wp\/v2\/users\/2"}],"replies":[{"embeddable":true,"href":"https:\/\/lasprimeras.com.do\/index.php\/wp-json\/wp\/v2\/comments?post=83242"}],"version-history":[{"count":1,"href":"https:\/\/lasprimeras.com.do\/index.php\/wp-json\/wp\/v2\/posts\/83242\/revisions"}],"predecessor-version":[{"id":83244,"href":"https:\/\/lasprimeras.com.do\/index.php\/wp-json\/wp\/v2\/posts\/83242\/revisions\/83244"}],"wp:featuredmedia":[{"embeddable":true,"href":"https:\/\/lasprimeras.com.do\/index.php\/wp-json\/wp\/v2\/media\/83243"}],"wp:attachment":[{"href":"https:\/\/lasprimeras.com.do\/index.php\/wp-json\/wp\/v2\/media?parent=83242"}],"wp:term":[{"taxonomy":"category","embeddable":true,"href":"https:\/\/lasprimeras.com.do\/index.php\/wp-json\/wp\/v2\/categories?post=83242"},{"taxonomy":"post_tag","embeddable":true,"href":"https:\/\/lasprimeras.com.do\/index.php\/wp-json\/wp\/v2\/tags?post=83242"}],"curies":[{"name":"wp","href":"https:\/\/api.w.org\/{rel}","templated":true}]}}