{"id":83307,"date":"2024-05-14T22:23:51","date_gmt":"2024-05-15T02:23:51","guid":{"rendered":"https:\/\/lasprimeras.com.do\/?p=83307"},"modified":"2024-05-14T22:23:53","modified_gmt":"2024-05-15T02:23:53","slug":"lula-destituye-al-presidente-de-la-petrolera-estatal-petrobras","status":"publish","type":"post","link":"https:\/\/lasprimeras.com.do\/index.php\/2024\/05\/14\/lula-destituye-al-presidente-de-la-petrolera-estatal-petrobras\/","title":{"rendered":"Lula destituye al presidente de la petrolera estatal Petrobras"},"content":{"rendered":"\n<p class=\"wp-block-paragraph\">R\u00edo de Janeiro.- El mandatario brasile\u00f1o, Luiz In\u00e1cio Lula da Silva, destituy\u00f3 este martes al presidente de la petrolera estatal Petrobras (NYSE:PBR), Jean-Paul Prates, despu\u00e9s de meses de roces con algunos ministros del Ejecutivo.<\/p>\n\n\n\n<p class=\"wp-block-paragraph\">Prates estaba en el cargo desde enero de 2023, cuando fue nominado por el propio Lula, que acababa de asumir la Presidencia de Brasil.<\/p>\n\n\n\n<p class=\"wp-block-paragraph\">Petrobras confirm\u00f3 en una nota que Prates pidi\u00f3 al Consejo de Administraci\u00f3n, controlado por el Gobierno, que se re\u00fana para &#8220;considerar la terminaci\u00f3n anticipada de su mandato como presidente&#8221; de la mayor empresa de Brasil &#8220;de forma negociada&#8221;.<\/p>\n","protected":false},"excerpt":{"rendered":"<p>R\u00edo de Janeiro.- El mandatario brasile\u00f1o, Luiz In\u00e1cio Lula da Silva, destituy\u00f3 este martes al presidente de la petrolera estatal Petrobras (NYSE:PBR), Jean-Paul Prates, despu\u00e9s de meses de roces con&hellip;<\/p>\n","protected":false},"author":2,"featured_media":83308,"comment_status":"open","ping_status":"open","sticky":false,"template":"","format":"standard","meta":{"content-type":"","_jetpack_newsletter_access":"","_jetpack_dont_email_post_to_subs":false,"_jetpack_newsletter_tier_id":0,"_jetpack_memberships_contains_paywalled_content":false,"_jetpack_feature_clip_id":0,"_jetpack_memberships_contains_paid_content":false,"footnotes":"","jetpack_post_was_ever_published":false},"categories":[39],"tags":[5977,2061,7091,12961,935],"class_list":["post-83307","post","type-post","status-publish","format-standard","has-post-thumbnail","hentry","category-economia","tag-destituye","tag-luiz-inacio-lula-da-silva","tag-petrobras","tag-petrolera","tag-presidente"],"jetpack-related-posts":[{"id":77234,"url":"https:\/\/lasprimeras.com.do\/index.php\/2024\/02\/19\/israel-declara-a-persona-non-grata-al-presidente-brasileno-lula-da-silva\/","url_meta":{"origin":83307,"position":0},"title":"Israel declara a &#8220;persona non grata&#8221; al presidente brasile\u00f1o Lula da Silva","author":"BIMARY DE JES\u00daS Matos","date":"19 de febrero de 2024","format":false,"excerpt":"Israel.- Israel declar\u00f3 hoy \"persona non grata\" al presidente de Brasil, Luiz Inacio 'Lula' da Silva, quien ayer calific\u00f3 la ofensiva israel\u00ed en la Franja de Gaza como un genocidio comparable al Holocausto. \"Esta ma\u00f1ana convoqu\u00e9 al embajador de Brasil en Israel en el Museo del Holocausto, el lugar que\u2026","rel":"","context":"En \u00abSin categor\u00eda\u00bb","block_context":{"text":"Sin categor\u00eda","link":"https:\/\/lasprimeras.com.do\/index.php\/category\/sin-categoria\/"},"img":{"alt_text":"","src":"https:\/\/i0.wp.com\/lasprimeras.com.do\/wp-content\/uploads\/2024\/02\/rss-efe7c0e504e6c31ccae1072d8820e470367f35864aaw-768x512-1.jpg?resize=350%2C200&ssl=1","width":350,"height":200,"srcset":"https:\/\/i0.wp.com\/lasprimeras.com.do\/wp-content\/uploads\/2024\/02\/rss-efe7c0e504e6c31ccae1072d8820e470367f35864aaw-768x512-1.jpg?resize=350%2C200&ssl=1 1x, https:\/\/i0.wp.com\/lasprimeras.com.do\/wp-content\/uploads\/2024\/02\/rss-efe7c0e504e6c31ccae1072d8820e470367f35864aaw-768x512-1.jpg?resize=525%2C300&ssl=1 1.5x, https:\/\/i0.wp.com\/lasprimeras.com.do\/wp-content\/uploads\/2024\/02\/rss-efe7c0e504e6c31ccae1072d8820e470367f35864aaw-768x512-1.jpg?resize=700%2C400&ssl=1 2x"},"classes":[]},{"id":53623,"url":"https:\/\/lasprimeras.com.do\/index.php\/2023\/06\/29\/lula-critica-la-intervencion-extranjera-en-venezuela-y-vuelve-a-defender-a-maduro\/","url_meta":{"origin":83307,"position":1},"title":"Lula critica la intervenci\u00f3n extranjera en Venezuela y vuelve a defender a Maduro","author":"Nelson Feliz","date":"29 de junio de 2023","format":false,"excerpt":"AGENCIA EFE El presidente de Brasil, Luiz In\u00e1cio Lula da Silva, critic\u00f3 este jueves la intervenci\u00f3n extranjera en Venezuela y compar\u00f3 la negativa de la oposici\u00f3n venezolana a aceptar la victoria de Nicol\u00e1s Maduro en las urnas con el intento de golpe de Estado del pasado 8 de enero en\u2026","rel":"","context":"En \u00abSin categor\u00eda\u00bb","block_context":{"text":"Sin categor\u00eda","link":"https:\/\/lasprimeras.com.do\/index.php\/category\/sin-categoria\/"},"img":{"alt_text":"El presidente brasile\u00f1o, Luiz In\u00e1cio Lula da Silva, saluda a su hom\u00f3logo venezolano, Nicol\u00e1s MaduroAFP","src":"https:\/\/i0.wp.com\/lasprimeras.com.do\/wp-content\/uploads\/2023\/06\/Luiz-Inacio-Lula-da-Silva-y-Nicolas-Maduro.jpeg?resize=350%2C200&ssl=1","width":350,"height":200,"srcset":"https:\/\/i0.wp.com\/lasprimeras.com.do\/wp-content\/uploads\/2023\/06\/Luiz-Inacio-Lula-da-Silva-y-Nicolas-Maduro.jpeg?resize=350%2C200&ssl=1 1x, https:\/\/i0.wp.com\/lasprimeras.com.do\/wp-content\/uploads\/2023\/06\/Luiz-Inacio-Lula-da-Silva-y-Nicolas-Maduro.jpeg?resize=525%2C300&ssl=1 1.5x, https:\/\/i0.wp.com\/lasprimeras.com.do\/wp-content\/uploads\/2023\/06\/Luiz-Inacio-Lula-da-Silva-y-Nicolas-Maduro.jpeg?resize=700%2C400&ssl=1 2x"},"classes":[]},{"id":77313,"url":"https:\/\/lasprimeras.com.do\/index.php\/2024\/02\/20\/blinken-en-su-gira-hablara-con-lula-da-silva-y-milei\/","url_meta":{"origin":83307,"position":2},"title":"Blinken en su gira hablar\u00e1 con Lula da Silva y Milei","author":"BIMARY DE JES\u00daS Matos","date":"20 de febrero de 2024","format":false,"excerpt":"Washington.- El secretario de Estado de Estados Unidos, Antony Blinken, emprende hoy una gira por Suram\u00e9rica para reunirse con el presidente de Brasil, Luiz In\u00e1cio Lula da Silva, y el de Argentina, Javier Milei, con inter\u00e9s en Gaza, Venezuela y Ucrania. El jefe de la diplomacia estadounidense viene a Latinoamerica\u2026","rel":"","context":"En \u00abSin categor\u00eda\u00bb","block_context":{"text":"Sin categor\u00eda","link":"https:\/\/lasprimeras.com.do\/index.php\/category\/sin-categoria\/"},"img":{"alt_text":"","src":"https:\/\/i0.wp.com\/lasprimeras.com.do\/wp-content\/uploads\/2024\/02\/13_G0_3p01.jpg.webp?resize=350%2C200&ssl=1","width":350,"height":200},"classes":[]},{"id":71907,"url":"https:\/\/lasprimeras.com.do\/index.php\/2023\/12\/25\/lula-pide-restaurar-paz-y-unidad-ante-odio-que-dividio-a-brasil\/","url_meta":{"origin":83307,"position":3},"title":"Lula pide restaurar paz y unidad ante \u00abodio que dividi\u00f3\u00bb a Brasil","author":"BIMARY DE JES\u00daS Matos","date":"25 de diciembre de 2023","format":false,"excerpt":"RIO DE JANEIRO.- El presidente de Brasil, Luiz In\u00e1cio Lula da Silva, ha pedido este domingo \u00abrestaurar la paz y la unidad\u00bb en Brasil ante el \u00abodio de algunos contra la democracia\u00bb que \u00abdej\u00f3 cicatrices y dividi\u00f3 al pa\u00eds\u00bb. As\u00ed lo ha expresado el mandatario en un discurso navide\u00f1o televisado,\u2026","rel":"","context":"En \u00abSin categor\u00eda\u00bb","block_context":{"text":"Sin categor\u00eda","link":"https:\/\/lasprimeras.com.do\/index.php\/category\/sin-categoria\/"},"img":{"alt_text":"","src":"https:\/\/i0.wp.com\/lasprimeras.com.do\/wp-content\/uploads\/2023\/12\/Bernie-Williams-le-roba-a-John-Olerud-un-jonron-que-empato-el-juego-con-una-atrapada-fantastica-4.jpg?resize=350%2C200&ssl=1","width":350,"height":200,"srcset":"https:\/\/i0.wp.com\/lasprimeras.com.do\/wp-content\/uploads\/2023\/12\/Bernie-Williams-le-roba-a-John-Olerud-un-jonron-que-empato-el-juego-con-una-atrapada-fantastica-4.jpg?resize=350%2C200&ssl=1 1x, https:\/\/i0.wp.com\/lasprimeras.com.do\/wp-content\/uploads\/2023\/12\/Bernie-Williams-le-roba-a-John-Olerud-un-jonron-que-empato-el-juego-con-una-atrapada-fantastica-4.jpg?resize=525%2C300&ssl=1 1.5x"},"classes":[]},{"id":136486,"url":"https:\/\/lasprimeras.com.do\/index.php\/2026\/08\/04\/eeuu-revoca-visa-del-embajador-de-brasil-en-medio-de-disputa-con-lula\/","url_meta":{"origin":83307,"position":4},"title":"EEUU revoca visa del embajador de Brasil en medio de disputa con Lula","author":"Nelson Feliz","date":"4 de agosto de 2026","format":false,"excerpt":"POR MATTHEW LEE WASHINGTON (AP) \u2014 El gobierno de Estados Unidos revoc\u00f3 la visa del embajador de Brasil en represalia por la negativa de Brasil el mes pasado a conceder visas a dos diplom\u00e1ticos estadounidenses que pretend\u00edan visitar el pa\u00eds sudamericano antes de las pr\u00f3ximas elecciones, as\u00ed como por la\u2026","rel":"","context":"En \u00abINTERNACIONALES\u00bb","block_context":{"text":"INTERNACIONALES","link":"https:\/\/lasprimeras.com.do\/index.php\/category\/sin-categoria\/internacionales\/"},"img":{"alt_text":"Fl\u00e1vio Bolsonaro","src":"https:\/\/i0.wp.com\/lasprimeras.com.do\/wp-content\/uploads\/2026\/08\/Flavio-Bolsonaro.jpg?resize=350%2C200&ssl=1","width":350,"height":200,"srcset":"https:\/\/i0.wp.com\/lasprimeras.com.do\/wp-content\/uploads\/2026\/08\/Flavio-Bolsonaro.jpg?resize=350%2C200&ssl=1 1x, https:\/\/i0.wp.com\/lasprimeras.com.do\/wp-content\/uploads\/2026\/08\/Flavio-Bolsonaro.jpg?resize=525%2C300&ssl=1 1.5x, https:\/\/i0.wp.com\/lasprimeras.com.do\/wp-content\/uploads\/2026\/08\/Flavio-Bolsonaro.jpg?resize=700%2C400&ssl=1 2x"},"classes":[]},{"id":135643,"url":"https:\/\/lasprimeras.com.do\/index.php\/2026\/07\/26\/brasil-llama-a-consultas-a-su-embajador-en-argentina-tras-los-insultos-de-milei-a-lula-da-silva\/","url_meta":{"origin":83307,"position":5},"title":"Brasil llama a consultas a su embajador en Argentina tras los insultos de Milei a Lula da Silva","author":"Nelson Feliz","date":"26 de julio de 2026","format":false,"excerpt":"El Ministerio de Relaciones Exteriores de Brasil calific\u00f3 las declaraciones del presidente argentino como una \"afrenta\". RUSIA, RT-El Gobierno de Brasil llam\u00f3 a consultas a su embajador en Buenos Aires, Julio Bitelli, en protesta por los graves insultos que el presidente argentino, Javier Milei, lanz\u00f3 contra su hom\u00f3logo Luiz In\u00e1cio\u2026","rel":"","context":"En \u00abINTERNACIONALES\u00bb","block_context":{"text":"INTERNACIONALES","link":"https:\/\/lasprimeras.com.do\/index.php\/category\/sin-categoria\/internacionales\/"},"img":{"alt_text":"","src":"https:\/\/i0.wp.com\/lasprimeras.com.do\/wp-content\/uploads\/2026\/07\/Javier-Milei.jpg?resize=350%2C200&ssl=1","width":350,"height":200,"srcset":"https:\/\/i0.wp.com\/lasprimeras.com.do\/wp-content\/uploads\/2026\/07\/Javier-Milei.jpg?resize=350%2C200&ssl=1 1x, https:\/\/i0.wp.com\/lasprimeras.com.do\/wp-content\/uploads\/2026\/07\/Javier-Milei.jpg?resize=525%2C300&ssl=1 1.5x, https:\/\/i0.wp.com\/lasprimeras.com.do\/wp-content\/uploads\/2026\/07\/Javier-Milei.jpg?resize=700%2C400&ssl=1 2x"},"classes":[]}],"jetpack_sharing_enabled":true,"jetpack_featured_media_url":"https:\/\/lasprimeras.com.do\/wp-content\/uploads\/2024\/05\/Reuters.-Lula-destituye-al-presidente-de-la-petrolera-estatal-Petrobras.jpg","_links":{"self":[{"href":"https:\/\/lasprimeras.com.do\/index.php\/wp-json\/wp\/v2\/posts\/83307","targetHints":{"allow":["GET"]}}],"collection":[{"href":"https:\/\/lasprimeras.com.do\/index.php\/wp-json\/wp\/v2\/posts"}],"about":[{"href":"https:\/\/lasprimeras.com.do\/index.php\/wp-json\/wp\/v2\/types\/post"}],"author":[{"embeddable":true,"href":"https:\/\/lasprimeras.com.do\/index.php\/wp-json\/wp\/v2\/users\/2"}],"replies":[{"embeddable":true,"href":"https:\/\/lasprimeras.com.do\/index.php\/wp-json\/wp\/v2\/comments?post=83307"}],"version-history":[{"count":1,"href":"https:\/\/lasprimeras.com.do\/index.php\/wp-json\/wp\/v2\/posts\/83307\/revisions"}],"predecessor-version":[{"id":83309,"href":"https:\/\/lasprimeras.com.do\/index.php\/wp-json\/wp\/v2\/posts\/83307\/revisions\/83309"}],"wp:featuredmedia":[{"embeddable":true,"href":"https:\/\/lasprimeras.com.do\/index.php\/wp-json\/wp\/v2\/media\/83308"}],"wp:attachment":[{"href":"https:\/\/lasprimeras.com.do\/index.php\/wp-json\/wp\/v2\/media?parent=83307"}],"wp:term":[{"taxonomy":"category","embeddable":true,"href":"https:\/\/lasprimeras.com.do\/index.php\/wp-json\/wp\/v2\/categories?post=83307"},{"taxonomy":"post_tag","embeddable":true,"href":"https:\/\/lasprimeras.com.do\/index.php\/wp-json\/wp\/v2\/tags?post=83307"}],"curies":[{"name":"wp","href":"https:\/\/api.w.org\/{rel}","templated":true}]}}