{"id":83411,"date":"2024-05-16T17:37:12","date_gmt":"2024-05-16T21:37:12","guid":{"rendered":"https:\/\/lasprimeras.com.do\/?p=83411"},"modified":"2024-05-16T17:37:13","modified_gmt":"2024-05-16T21:37:13","slug":"comunidad-evangelica-llama-a-no-utilizar-conflicto-israel-palestina-con-fines-politicos","status":"publish","type":"post","link":"https:\/\/lasprimeras.com.do\/index.php\/2024\/05\/16\/comunidad-evangelica-llama-a-no-utilizar-conflicto-israel-palestina-con-fines-politicos\/","title":{"rendered":"Comunidad evang\u00e9lica llama a no utilizar conflicto Israel \u2013 Palestina con fines pol\u00edticos"},"content":{"rendered":"\n<p><strong>Jos\u00e9 Christopher respalda posici\u00f3n del presidente Abinader.<\/strong><\/p>\n\n\n\n<p>La comunidad cristiana representada por m\u00e1s de 300 iglesias evang\u00e9licas dominicanas aglutinadas en el proyecto Visi\u00f3n Naci\u00f3n para Cristo hizo un llamado este jueves a que el tema de la guerra entre Israel y Palestina no sea utilizado para pretensiones pol\u00edticas con miras a ganar votos en las elecciones del pr\u00f3ximo domingo.<\/p>\n\n\n\n<p>El pastor Jos\u00e9 Christopher, presidente de Visi\u00f3n Naci\u00f3n, manifest\u00f3 que han sido emitidas una serie de opiniones distorsionadas por algunos pastores a los fines crear confusi\u00f3n al pueblo y politizar el tema.<\/p>\n\n\n\n<p>\u201cIsrael es un tema no oportuno, lo manejaron no muy atinadamente, e inclusive se toc\u00f3 el tema personal del presidente Luis Abinader. Este es el momento de no usar a Israel y Palestina para pretensiones pol\u00edticas\u201d, indic\u00f3.<\/p>\n\n\n\n<p>Asegur\u00f3 que la intenci\u00f3n del presidente Abinader es defender la paz y apoyar a Israel, por lo que consider\u00f3 que \u201cno es oportuno aprovechar el momento pol\u00edtico para acusarlo de manera personal\u201d.<\/p>\n\n\n\n<p>Agreg\u00f3 que la Rep\u00fablica Dominicana es un fiel aliado del pueblo de Israel y eso lo demuestra las buenas relaciones diplom\u00e1ticas y de cooperaci\u00f3n por a\u00f1os, as\u00ed como siendo uno de los pa\u00edses que m\u00e1s apoyo dio a Israel en sus momentos cr\u00edticos.<\/p>\n\n\n\n<p>\u201cEn tanto que la firme decisi\u00f3n de nuestro pa\u00eds de no mantenerse al margen de los da\u00f1os que causa la guerra en medio oriente, por lo que colocarse al lado de todos los pa\u00edses del mundo que exigen un cese inmediato al fuego y que reine la paz y di\u00e1logo en la regi\u00f3n nunca puede ser usado por algunos pastores para distorsionar este claro mensaje y tratar de decir que hemos votado en contra de Israel, lo cual es totalmente falso e infundado\u201d, dijo.<\/p>\n\n\n\n<p>Christopher manifest\u00f3 que estas afirmaciones distorsionadas tienen un fin pol\u00edtico claramente marcado para querer denotar la gran obra de gobierno del presidente Abinader, de quien \u2013dijo- ha mostrado una profunda fe cristiana.<\/p>\n\n\n\n<p>\u201cEs una verg\u00fcenza el querer usar a la iglesia para llevar mensaje de odio, pues decir que esto tendr\u00eda consecuencias pol\u00edticas en un comunicado va m\u00e1s all\u00e1 de una fe cristiana limpia y transparente y deja al desnudo el inter\u00e9s pol\u00edtico que se ha estado filtrando con fines espurios\u201d, indic\u00f3.<\/p>\n\n\n\n<p>Adem\u00e1s de Christopher, tambi\u00e9n se manifestaron por parte de Visi\u00f3n Naci\u00f3n los pastores Franklin Morel, Mar\u00eda Rosa Rodr\u00edguez, Nicol\u00e1s Mart\u00ednez, Bernardo Ferreras, Dorka Peralta, Ruth Delano Delgado, Raquel Ram\u00edrez, Juan Castro, Luis Rosario, M\u00e1ximo V\u00e1zquez, Mar\u00eda Victoria y Luis Rosario.<\/p>\n","protected":false},"excerpt":{"rendered":"<p>Jos\u00e9 Christopher respalda posici\u00f3n del presidente Abinader. La comunidad cristiana representada por m\u00e1s de 300 iglesias evang\u00e9licas dominicanas aglutinadas en el proyecto Visi\u00f3n Naci\u00f3n para Cristo hizo un llamado este&hellip;<\/p>\n","protected":false},"author":2,"featured_media":83412,"comment_status":"open","ping_status":"open","sticky":false,"template":"","format":"standard","meta":{"content-type":"","jetpack_post_was_ever_published":false,"_jetpack_newsletter_access":"","_jetpack_dont_email_post_to_subs":false,"_jetpack_newsletter_tier_id":0,"_jetpack_memberships_contains_paywalled_content":false,"_jetpack_memberships_contains_paid_content":false,"footnotes":""},"categories":[25],"tags":[2152,13010,13011,849],"class_list":["post-83411","post","type-post","status-publish","format-standard","has-post-thumbnail","hentry","category-portada","tag-comunidad","tag-conflicto-israel-palestina","tag-evangelica","tag-politicos"],"jetpack_featured_media_url":"https:\/\/lasprimeras.com.do\/wp-content\/uploads\/2024\/05\/Jose-Christopher.jpg","jetpack-related-posts":[{"id":84422,"url":"https:\/\/lasprimeras.com.do\/index.php\/2024\/06\/08\/obispo-flavio-rosario-resalta-complejidad-del-conflicto-entre-israel-y-palestina\/","url_meta":{"origin":83411,"position":0},"title":"Obispo Flavio Rosario resalta complejidad del conflicto entre Israel y Palestina","author":"Nelson Feliz","date":"8 de junio de 2024","format":false,"excerpt":"Por Martin Restituyo El obispo de la Iglesia de Dios de la Profec\u00eda, Flavio Rosario,\u00a0 declaro\u00a0 que la situaci\u00f3n en Medio Oriente, espec\u00edficamente en relaci\u00f3n al conflicto entre Israel y Palestina. Rosario hablando en dominicana en la Ma\u00f1ana que se trasmite por RTVD4 con la participaci\u00f3n de Jes\u00fas Nova, Aik\u2026","rel":"","context":"En \u00abNACIONALES\u00bb","block_context":{"text":"NACIONALES","link":"https:\/\/lasprimeras.com.do\/index.php\/category\/nacionales\/"},"img":{"alt_text":"Flavio Rosario","src":"https:\/\/i0.wp.com\/lasprimeras.com.do\/wp-content\/uploads\/2024\/06\/Flavio-Rosario-1.jpg?resize=350%2C200&ssl=1","width":350,"height":200,"srcset":"https:\/\/i0.wp.com\/lasprimeras.com.do\/wp-content\/uploads\/2024\/06\/Flavio-Rosario-1.jpg?resize=350%2C200&ssl=1 1x, https:\/\/i0.wp.com\/lasprimeras.com.do\/wp-content\/uploads\/2024\/06\/Flavio-Rosario-1.jpg?resize=525%2C300&ssl=1 1.5x, https:\/\/i0.wp.com\/lasprimeras.com.do\/wp-content\/uploads\/2024\/06\/Flavio-Rosario-1.jpg?resize=700%2C400&ssl=1 2x"},"classes":[]},{"id":63051,"url":"https:\/\/lasprimeras.com.do\/index.php\/2023\/10\/09\/abinader-dice-que-guerra-entre-israel-y-palestina-ya-impacta-a-rd\/","url_meta":{"origin":83411,"position":1},"title":"Abinader dice que guerra entre Israel y Palestina ya impacta a RD","author":"Nelson Feliz","date":"9 de octubre de 2023","format":false,"excerpt":"El presidente de la Rep\u00fablica, Luis Abinader, dijo que la guerra que desat\u00f3 Palestina contra Israel ya est\u00e1 surtiendo un efecto en la naci\u00f3n dominicana en materia del subsidio a los combustibles, el cual cree que ser\u00e1 afectado. El Gobierno dominicano ejecuta desde el tiempo de la pandemia del COVID-19\u2026","rel":"","context":"En \u00abECONOM\u00cdA\u00bb","block_context":{"text":"ECONOM\u00cdA","link":"https:\/\/lasprimeras.com.do\/index.php\/category\/economia\/"},"img":{"alt_text":"Luis Abinader","src":"https:\/\/i0.wp.com\/lasprimeras.com.do\/wp-content\/uploads\/2023\/09\/Luis-Abinader-1-5.jpg?resize=350%2C200&ssl=1","width":350,"height":200,"srcset":"https:\/\/i0.wp.com\/lasprimeras.com.do\/wp-content\/uploads\/2023\/09\/Luis-Abinader-1-5.jpg?resize=350%2C200&ssl=1 1x, https:\/\/i0.wp.com\/lasprimeras.com.do\/wp-content\/uploads\/2023\/09\/Luis-Abinader-1-5.jpg?resize=525%2C300&ssl=1 1.5x, https:\/\/i0.wp.com\/lasprimeras.com.do\/wp-content\/uploads\/2023\/09\/Luis-Abinader-1-5.jpg?resize=700%2C400&ssl=1 2x"},"classes":[]},{"id":63255,"url":"https:\/\/lasprimeras.com.do\/index.php\/2023\/10\/11\/presidente-de-la-cntu-dice-guerra-entre-palestina-e-israel-impacta-negativamente-a-rd\/","url_meta":{"origin":83411,"position":2},"title":"Presidente de la CNTU dice Guerra entre Palestina e Israel impacta negativamente a RD\u00a0 \u00a0\u00a0\u00a0\u00a0","author":"Nelson Feliz","date":"11 de octubre de 2023","format":false,"excerpt":"El presidente de la Central Nacional de Transportistas Unificados (CNTU), William P\u00e9rez Figuereo,\u00a0manifest\u00f3 hoy que la guerra entre Palestina e Israel impacta negativamente a la Rep\u00fablica Dominicana. P\u00e9rez Figuereo, afirm\u00f3 que los ataques sorpresa al pueblo de Israel est\u00e1 surtiendo un efecto en la naci\u00f3n dominicana en lo que tiene\u2026","rel":"","context":"En \u00abECONOM\u00cdA\u00bb","block_context":{"text":"ECONOM\u00cdA","link":"https:\/\/lasprimeras.com.do\/index.php\/category\/economia\/"},"img":{"alt_text":"William P\u00e9rez Figuereo","src":"https:\/\/i0.wp.com\/lasprimeras.com.do\/wp-content\/uploads\/2023\/08\/William-Perez-Figuereo.jpg?resize=350%2C200&ssl=1","width":350,"height":200,"srcset":"https:\/\/i0.wp.com\/lasprimeras.com.do\/wp-content\/uploads\/2023\/08\/William-Perez-Figuereo.jpg?resize=350%2C200&ssl=1 1x, https:\/\/i0.wp.com\/lasprimeras.com.do\/wp-content\/uploads\/2023\/08\/William-Perez-Figuereo.jpg?resize=525%2C300&ssl=1 1.5x, https:\/\/i0.wp.com\/lasprimeras.com.do\/wp-content\/uploads\/2023\/08\/William-Perez-Figuereo.jpg?resize=700%2C400&ssl=1 2x"},"classes":[]},{"id":72419,"url":"https:\/\/lasprimeras.com.do\/index.php\/2023\/12\/29\/avanzan-preparativos-la-batalla-de-la-fe-2023\/","url_meta":{"origin":83411,"position":3},"title":"Avanzan preparativos La Batalla de la Fe 2023","author":"Nelson Feliz","date":"29 de diciembre de 2023","format":false,"excerpt":"Esta entrega ser\u00e1 celebrando su 60 aniversario. Por Mart\u00edn Restituyo El Ministerio La Batalla de la Fe, que organiza la tradicional Concentraci\u00f3n Evang\u00e9lica Nacional, trabaja en los detalles de montaje y producci\u00f3n para la versi\u00f3n n\u00famero 60 del multitudinario evento que re\u00fane la m\u00e1s grande representaci\u00f3n de evang\u00e9licos del pa\u00eds\u2026","rel":"","context":"En \u00abNACIONALES\u00bb","block_context":{"text":"NACIONALES","link":"https:\/\/lasprimeras.com.do\/index.php\/category\/nacionales\/"},"img":{"alt_text":"La Batalla de la Fe 2023","src":"https:\/\/i0.wp.com\/lasprimeras.com.do\/wp-content\/uploads\/2023\/12\/La-Batalla-de-la-Fe-2023.jpg?resize=350%2C200&ssl=1","width":350,"height":200,"srcset":"https:\/\/i0.wp.com\/lasprimeras.com.do\/wp-content\/uploads\/2023\/12\/La-Batalla-de-la-Fe-2023.jpg?resize=350%2C200&ssl=1 1x, https:\/\/i0.wp.com\/lasprimeras.com.do\/wp-content\/uploads\/2023\/12\/La-Batalla-de-la-Fe-2023.jpg?resize=525%2C300&ssl=1 1.5x"},"classes":[]},{"id":65875,"url":"https:\/\/lasprimeras.com.do\/index.php\/2023\/11\/01\/bolivia-rompe-relaciones-diplomaticas-con-israel\/","url_meta":{"origin":83411,"position":4},"title":"Bolivia rompe relaciones diplom\u00e1ticas con Israel","author":"Nelson Feliz","date":"1 de noviembre de 2023","format":false,"excerpt":"La administraci\u00f3n de Luis Arce consider\u00f3 que el pa\u00eds hebreo comete cr\u00edmenes de guerra en la Franja de Gaza contra el pueblo palestino. El Gobierno de Bolivia anunci\u00f3 este martes que ha decidido romper relaciones diplom\u00e1ticas con el Estado de Israel, al considerar que se cometen cr\u00edmenes de guerra en\u2026","rel":"","context":"En \u00abSin categor\u00eda\u00bb","block_context":{"text":"Sin categor\u00eda","link":"https:\/\/lasprimeras.com.do\/index.php\/category\/sin-categoria\/"},"img":{"alt_text":"","src":"https:\/\/i0.wp.com\/img.youtube.com\/vi\/K77oEcC-gHc\/0.jpg?resize=350%2C200","width":350,"height":200},"classes":[]},{"id":86172,"url":"https:\/\/lasprimeras.com.do\/index.php\/2024\/07\/20\/corte-internacional-de-justicia-presencia-de-israel-en-territorios-palestinos-ocupados-es-ilegal\/","url_meta":{"origin":83411,"position":5},"title":"Corte Internacional de Justicia: Presencia de Israel en territorios palestinos ocupados es ilegal","author":"Nelson Feliz","date":"20 de julio de 2024","format":false,"excerpt":"BY MIKE CORDER LA HAYA, Holanda (AP) \u2014 La Corte Internacional de Justicia dijo el viernes que la presencia de Israel en los territorios palestinos ocupados es ilegal, y pidi\u00f3 poner fin a dicha presencia y a detener de inmediato la construcci\u00f3n de asentamientos, emitiendo una condena generalizada y sin\u2026","rel":"","context":"En \u00abSin categor\u00eda\u00bb","block_context":{"text":"Sin categor\u00eda","link":"https:\/\/lasprimeras.com.do\/index.php\/category\/sin-categoria\/"},"img":{"alt_text":"","src":"https:\/\/i0.wp.com\/lasprimeras.com.do\/wp-content\/uploads\/2024\/07\/RIAD-MAIKI.jpg?resize=350%2C200&ssl=1","width":350,"height":200,"srcset":"https:\/\/i0.wp.com\/lasprimeras.com.do\/wp-content\/uploads\/2024\/07\/RIAD-MAIKI.jpg?resize=350%2C200&ssl=1 1x, https:\/\/i0.wp.com\/lasprimeras.com.do\/wp-content\/uploads\/2024\/07\/RIAD-MAIKI.jpg?resize=525%2C300&ssl=1 1.5x, https:\/\/i0.wp.com\/lasprimeras.com.do\/wp-content\/uploads\/2024\/07\/RIAD-MAIKI.jpg?resize=700%2C400&ssl=1 2x"},"classes":[]}],"jetpack_sharing_enabled":true,"_links":{"self":[{"href":"https:\/\/lasprimeras.com.do\/index.php\/wp-json\/wp\/v2\/posts\/83411","targetHints":{"allow":["GET"]}}],"collection":[{"href":"https:\/\/lasprimeras.com.do\/index.php\/wp-json\/wp\/v2\/posts"}],"about":[{"href":"https:\/\/lasprimeras.com.do\/index.php\/wp-json\/wp\/v2\/types\/post"}],"author":[{"embeddable":true,"href":"https:\/\/lasprimeras.com.do\/index.php\/wp-json\/wp\/v2\/users\/2"}],"replies":[{"embeddable":true,"href":"https:\/\/lasprimeras.com.do\/index.php\/wp-json\/wp\/v2\/comments?post=83411"}],"version-history":[{"count":1,"href":"https:\/\/lasprimeras.com.do\/index.php\/wp-json\/wp\/v2\/posts\/83411\/revisions"}],"predecessor-version":[{"id":83413,"href":"https:\/\/lasprimeras.com.do\/index.php\/wp-json\/wp\/v2\/posts\/83411\/revisions\/83413"}],"wp:featuredmedia":[{"embeddable":true,"href":"https:\/\/lasprimeras.com.do\/index.php\/wp-json\/wp\/v2\/media\/83412"}],"wp:attachment":[{"href":"https:\/\/lasprimeras.com.do\/index.php\/wp-json\/wp\/v2\/media?parent=83411"}],"wp:term":[{"taxonomy":"category","embeddable":true,"href":"https:\/\/lasprimeras.com.do\/index.php\/wp-json\/wp\/v2\/categories?post=83411"},{"taxonomy":"post_tag","embeddable":true,"href":"https:\/\/lasprimeras.com.do\/index.php\/wp-json\/wp\/v2\/tags?post=83411"}],"curies":[{"name":"wp","href":"https:\/\/api.w.org\/{rel}","templated":true}]}}