{"id":83605,"date":"2024-05-19T23:56:24","date_gmt":"2024-05-20T03:56:24","guid":{"rendered":"https:\/\/lasprimeras.com.do\/?p=83605"},"modified":"2024-05-19T23:56:25","modified_gmt":"2024-05-20T03:56:25","slug":"leonel-fernandez-reconoce-victoria-de-luis-abinader-al-llamarlo-y-felicitarlo-por-el-resultado-electoral","status":"publish","type":"post","link":"https:\/\/lasprimeras.com.do\/index.php\/2024\/05\/19\/leonel-fernandez-reconoce-victoria-de-luis-abinader-al-llamarlo-y-felicitarlo-por-el-resultado-electoral\/","title":{"rendered":"Leonel Fern\u00e1ndez reconoce victoria de Luis Abinader al llamarlo y felicitarlo por el resultado electoral"},"content":{"rendered":"\n<p class=\"wp-block-paragraph\"><strong>\u201cEsta noche llam\u00e9 por tel\u00e9fono al presidente Luis Abinader para reconocer su triunfo electoral y desearle \u00e9xitos en su gesti\u00f3n\u201d, escribi\u00f3 el expresidente en su cuenta de X.<\/strong><\/p>\n\n\n\n<p class=\"wp-block-paragraph\">El candidato presidencial del Partido Fuerza del Pueblo (FP), Leonel Fernandez, dijo este domingo que convers\u00f3 por tel\u00e9fono con el presidente reelecto, Luis Abinader, para reconocer su triunfo en estas elecciones generales.<\/p>\n\n\n\n<p class=\"wp-block-paragraph\">\u201cEsta noche llam\u00e9 por tel\u00e9fono al presidente Luis Abinader para reconocer su triunfo electoral y desearle \u00e9xitos en su gesti\u00f3n\u201d, escribi\u00f3 el expresidente en su cuenta de X.<\/p>\n\n\n\n<p class=\"wp-block-paragraph\">Tras la Junta Central Electoral (JCE) conocer el primer bolet\u00edn de los votos, Abinader qued\u00f3 en primer lugar, con un 59.24%; mientras que Fern\u00e1ndez logr\u00f3 un 26.91% de los votos, y Abel Mart\u00ednez, del Partido de la Liberaci\u00f3n Dominicana (PLD), solo obtuvo un 10.63 de los sufragios.<\/p>\n\n\n\n<p class=\"wp-block-paragraph\">Abel Mart\u00ednez tambi\u00e9n llam\u00f3 a Abinader, para desearle \u201csuerte\u201d en su segundo mandato presidencial.<\/p>\n\n\n\n<p class=\"wp-block-paragraph\">\u201cPresidente, buenas noches\u2026 todo bien, todo bien, viendo los resultados de la Junta y bueno, la llamada para desearle suerte en esta nueva encomienda que tiene con el pa\u00eds\u201d, le dijo Mart\u00ednez al mandatario.<\/p>\n\n\n\n<p class=\"wp-block-paragraph\">Al pronunciar su discurso de victoria en la Casa Nacional del Partido Revolucionario Moderno (PRM), Abinader se refiri\u00f3 al gesto de quienes fueron sus dos contendores en estas elecciones generales.<\/p>\n\n\n\n<p class=\"wp-block-paragraph\">\u201cAcabo de recibir la llamada de Abel Mart\u00ednez, con el que hace unos minutos mostr\u00f3 el compromiso con el pa\u00eds; y me felicit\u00f3. Tambi\u00e9n recib\u00ed la llamada del presidente Leonel Fern\u00e1ndez, reconociendo nuestra victoria y felicit\u00e1ndome\u201d, dijo.<\/p>\n\n\n\n<p class=\"wp-block-paragraph\">\u201cQuiero que a ellos y a los dem\u00e1s candidatos que compitieron con nosotros, le demos un aplauso por la democracia de nuestro pa\u00eds\u201d, agreg\u00f3.<\/p>\n","protected":false},"excerpt":{"rendered":"<p>\u201cEsta noche llam\u00e9 por tel\u00e9fono al presidente Luis Abinader para reconocer su triunfo electoral y desearle \u00e9xitos en su gesti\u00f3n\u201d, escribi\u00f3 el expresidente en su cuenta de X. El candidato&hellip;<\/p>\n","protected":false},"author":2,"featured_media":83606,"comment_status":"open","ping_status":"open","sticky":false,"template":"","format":"standard","meta":{"content-type":"","_jetpack_newsletter_access":"","_jetpack_dont_email_post_to_subs":false,"_jetpack_newsletter_tier_id":0,"_jetpack_memberships_contains_paywalled_content":false,"_jetpack_feature_clip_id":0,"_jetpack_memberships_contains_paid_content":false,"footnotes":"","jetpack_post_was_ever_published":false},"categories":[25],"tags":[731,13075,51,13074,67,728,13076,2779],"class_list":["post-83605","post","type-post","status-publish","format-standard","has-post-thumbnail","hentry","category-portada","tag-electoral","tag-felicitarlo","tag-leonel-fernandez","tag-llamo","tag-luis-abinader","tag-reconoce","tag-resultado","tag-victoria"],"jetpack-related-posts":[{"id":119489,"url":"https:\/\/lasprimeras.com.do\/index.php\/2026\/01\/13\/abinader-felicita-a-jose-antonio-kast-por-su-triunfo-en-las-presidenciales-de-chile\/","url_meta":{"origin":83605,"position":0},"title":"Abinader felicita a Jos\u00e9 Antonio Kast por su triunfo en las presidenciales de Chile","author":"Nelson Feliz","date":"13 de enero de 2026","format":false,"excerpt":"El mandatario inform\u00f3, a trav\u00e9s de su cuenta en la red social X, que sostuvo una conversaci\u00f3n telef\u00f3nica con Kast. El presidente de la Rep\u00fablica, Luis Abinader, felicit\u00f3 la noche de este martes al mandatario electo de Chile, Jos\u00e9 Antonio Kast, tras su victoria en la segunda vuelta de las\u2026","rel":"","context":"En \u00abNACIONALES\u00bb","block_context":{"text":"NACIONALES","link":"https:\/\/lasprimeras.com.do\/index.php\/category\/nacionales\/"},"img":{"alt_text":"El presidente Luis Abinader y su hom\u00f3logo electro de Chile, Jos\u00e9 Antonio Kast.","src":"https:\/\/i0.wp.com\/lasprimeras.com.do\/wp-content\/uploads\/2026\/01\/felicita.jpg?resize=350%2C200&ssl=1","width":350,"height":200,"srcset":"https:\/\/i0.wp.com\/lasprimeras.com.do\/wp-content\/uploads\/2026\/01\/felicita.jpg?resize=350%2C200&ssl=1 1x, https:\/\/i0.wp.com\/lasprimeras.com.do\/wp-content\/uploads\/2026\/01\/felicita.jpg?resize=525%2C300&ssl=1 1.5x, https:\/\/i0.wp.com\/lasprimeras.com.do\/wp-content\/uploads\/2026\/01\/felicita.jpg?resize=700%2C400&ssl=1 2x"},"classes":[]},{"id":122378,"url":"https:\/\/lasprimeras.com.do\/index.php\/2026\/02\/16\/leonel-a-abinader-el-problema-en-los-bolsillos-de-la-gente-no-se-resuelve-con-busquedas-en-google\/","url_meta":{"origin":83605,"position":1},"title":"Leonel a Abinader: El problema en los bolsillos de la gente no se resuelve con b\u00fasquedas en Google","author":"Nelson Feliz","date":"16 de febrero de 2026","format":false,"excerpt":"Dijo que ante los partidos de oposici\u00f3n que crecen, el gobierno reacciona con arrogancia, pero que los problemas de los dominicanos se resuelven con \u201cpol\u00edticas p\u00fablicas que garanticen bienestar, estabilidad y oportunidades para todos\u201d. El expresidente de la Rep\u00fablica y titular del Partido Fuerza del Pueblo, Leonel Fern\u00e1ndez, reaccion\u00f3 este\u2026","rel":"","context":"En \u00abPOLITICA\u00bb","block_context":{"text":"POLITICA","link":"https:\/\/lasprimeras.com.do\/index.php\/category\/politica\/"},"img":{"alt_text":"Leonel Fern\u00e1ndez","src":"https:\/\/i0.wp.com\/lasprimeras.com.do\/wp-content\/uploads\/2025\/11\/Leonel-Fernandez.jpg?resize=350%2C200&ssl=1","width":350,"height":200,"srcset":"https:\/\/i0.wp.com\/lasprimeras.com.do\/wp-content\/uploads\/2025\/11\/Leonel-Fernandez.jpg?resize=350%2C200&ssl=1 1x, https:\/\/i0.wp.com\/lasprimeras.com.do\/wp-content\/uploads\/2025\/11\/Leonel-Fernandez.jpg?resize=525%2C300&ssl=1 1.5x"},"classes":[]},{"id":102268,"url":"https:\/\/lasprimeras.com.do\/index.php\/2025\/07\/02\/abinader-visitara-este-jueves-al-expresidente-leonel-fernandez-para-continuar-dialogo-sobre-crisis-haitiana\/","url_meta":{"origin":83605,"position":2},"title":"Abinader visitar\u00e1 este jueves al expresidente Leonel Fern\u00e1ndez para continuar di\u00e1logo sobre crisis haitiana","author":"Nelson Feliz","date":"2 de julio de 2025","format":false,"excerpt":"La visita se realizar\u00e1 a las 11:00 a.m. en la Fundaci\u00f3n Global Democracia y Desarrollo (FUNGLODE) El presidente Luis Abinader visitar\u00e1 este jueves al exmandatario Leonel Fern\u00e1ndez para continuar el proceso de di\u00e1logo con el fin de abordar de manera conjunta y responsable la crisis haitiana y sus implicaciones para\u2026","rel":"","context":"En \u00abNACIONALES\u00bb","block_context":{"text":"NACIONALES","link":"https:\/\/lasprimeras.com.do\/index.php\/category\/nacionales\/"},"img":{"alt_text":"","src":"https:\/\/i0.wp.com\/lasprimeras.com.do\/wp-content\/uploads\/2025\/07\/Luis-Abinader-7.jpg?resize=350%2C200&ssl=1","width":350,"height":200,"srcset":"https:\/\/i0.wp.com\/lasprimeras.com.do\/wp-content\/uploads\/2025\/07\/Luis-Abinader-7.jpg?resize=350%2C200&ssl=1 1x, https:\/\/i0.wp.com\/lasprimeras.com.do\/wp-content\/uploads\/2025\/07\/Luis-Abinader-7.jpg?resize=525%2C300&ssl=1 1.5x, https:\/\/i0.wp.com\/lasprimeras.com.do\/wp-content\/uploads\/2025\/07\/Luis-Abinader-7.jpg?resize=700%2C400&ssl=1 2x"},"classes":[]},{"id":132341,"url":"https:\/\/lasprimeras.com.do\/index.php\/2026\/06\/01\/abinader-conserva-un-respaldo-ciudadano-mayoritario-y-collado-leonel-y-gonzalo-encabezan-a-lo-interno-de-sus-partidos\/","url_meta":{"origin":83605,"position":3},"title":"Abinader conserva un respaldo ciudadano mayoritario y Collado, Leonel y Gonzalo encabezan a lo interno de sus partidos","author":"Nelson Feliz","date":"1 de junio de 2026","format":false,"excerpt":"La m\u00e1s reciente medici\u00f3n mantiene al presidente Abinader con una valoraci\u00f3n mayoritariamente favorable a escala nacional, mientras David Collado (PRM), Leonel Fern\u00e1ndez (Fuerza del Pueblo) y Gonzalo Castillo (PLD) lideran la simpat\u00eda electoral dentro de sus respectivas organizaciones. Santo Domingo, RD. \u2014 El escenario pol\u00edtico de cara al ciclo electoral\u2026","rel":"","context":"En \u00abPOLITICA\u00bb","block_context":{"text":"POLITICA","link":"https:\/\/lasprimeras.com.do\/index.php\/category\/politica\/"},"img":{"alt_text":"","src":"https:\/\/i0.wp.com\/lasprimeras.com.do\/wp-content\/uploads\/2026\/05\/Luis-Abinader-6-1.jpg?resize=350%2C200&ssl=1","width":350,"height":200,"srcset":"https:\/\/i0.wp.com\/lasprimeras.com.do\/wp-content\/uploads\/2026\/05\/Luis-Abinader-6-1.jpg?resize=350%2C200&ssl=1 1x, https:\/\/i0.wp.com\/lasprimeras.com.do\/wp-content\/uploads\/2026\/05\/Luis-Abinader-6-1.jpg?resize=525%2C300&ssl=1 1.5x, https:\/\/i0.wp.com\/lasprimeras.com.do\/wp-content\/uploads\/2026\/05\/Luis-Abinader-6-1.jpg?resize=700%2C400&ssl=1 2x"},"classes":[]},{"id":137106,"url":"https:\/\/lasprimeras.com.do\/index.php\/2026\/08\/12\/frentes-sectoriales-eleccion-de-abinader-en-el-prm-asegura-la-victoria-en-2028\/","url_meta":{"origin":83605,"position":4},"title":"Frentes Sectoriales: Elecci\u00f3n de Abinader en el PRM asegura la victoria en 2028","author":"Nelson Feliz","date":"12 de agosto de 2026","format":false,"excerpt":"Santo Domingo, RD. El presidente de la Alianza de Frentes Sectoriales del PRM, Carmelo Rodr\u00edguez, destac\u00f3 la elecci\u00f3n de Luis Abinader al frente del partido, asegurando que esta importante decisi\u00f3n responde a una propuesta formal que su organizaci\u00f3n hab\u00eda planteado con firmeza desde el a\u00f1o 2024. Rodr\u00edguez record\u00f3 que, tras\u2026","rel":"","context":"En \u00abPOLITICA\u00bb","block_context":{"text":"POLITICA","link":"https:\/\/lasprimeras.com.do\/index.php\/category\/politica\/"},"img":{"alt_text":"Alianza de Frentes Sectoriales","src":"https:\/\/i0.wp.com\/lasprimeras.com.do\/wp-content\/uploads\/2026\/08\/Alianza-de-Frentes-Sectoriales-1.jpg?resize=350%2C200&ssl=1","width":350,"height":200,"srcset":"https:\/\/i0.wp.com\/lasprimeras.com.do\/wp-content\/uploads\/2026\/08\/Alianza-de-Frentes-Sectoriales-1.jpg?resize=350%2C200&ssl=1 1x, https:\/\/i0.wp.com\/lasprimeras.com.do\/wp-content\/uploads\/2026\/08\/Alianza-de-Frentes-Sectoriales-1.jpg?resize=525%2C300&ssl=1 1.5x, https:\/\/i0.wp.com\/lasprimeras.com.do\/wp-content\/uploads\/2026\/08\/Alianza-de-Frentes-Sectoriales-1.jpg?resize=700%2C400&ssl=1 2x"},"classes":[]},{"id":83608,"url":"https:\/\/lasprimeras.com.do\/index.php\/2024\/05\/20\/abinader-celebra-victoria-en-las-elecciones-presidenciales-no-les-fallare\/","url_meta":{"origin":83605,"position":5},"title":"Abinader celebra victoria en las elecciones presidenciales: \u201c\u00a1No les fallar\u00e9!\u201d","author":"Nelson Feliz","date":"20 de mayo de 2024","format":false,"excerpt":"\u00a1No les fallar\u00e9! Y por encima de cualquier sentimiento partidista est\u00e1 mi lealtad y orgullo, y mi compromiso es con el pueblo dominicano\u201d, dijo. Al pronunciar su discurso de victoria en la Casa Nacional del Partido Revolucionario Moderno (PRM), Abinader se refiri\u00f3 al gesto de quienes fueron sus dos contendores\u2026","rel":"","context":"En \u00abPORTADA\u00bb","block_context":{"text":"PORTADA","link":"https:\/\/lasprimeras.com.do\/index.php\/category\/portada\/"},"img":{"alt_text":"Luis Abinader PRM","src":"https:\/\/i0.wp.com\/lasprimeras.com.do\/wp-content\/uploads\/2024\/05\/Luis-Abinader-PRM.jpeg?resize=350%2C200&ssl=1","width":350,"height":200,"srcset":"https:\/\/i0.wp.com\/lasprimeras.com.do\/wp-content\/uploads\/2024\/05\/Luis-Abinader-PRM.jpeg?resize=350%2C200&ssl=1 1x, https:\/\/i0.wp.com\/lasprimeras.com.do\/wp-content\/uploads\/2024\/05\/Luis-Abinader-PRM.jpeg?resize=525%2C300&ssl=1 1.5x, https:\/\/i0.wp.com\/lasprimeras.com.do\/wp-content\/uploads\/2024\/05\/Luis-Abinader-PRM.jpeg?resize=700%2C400&ssl=1 2x"},"classes":[]}],"jetpack_sharing_enabled":true,"jetpack_featured_media_url":"https:\/\/lasprimeras.com.do\/wp-content\/uploads\/2024\/05\/Leonel-Fernandez-2.jpeg","_links":{"self":[{"href":"https:\/\/lasprimeras.com.do\/index.php\/wp-json\/wp\/v2\/posts\/83605","targetHints":{"allow":["GET"]}}],"collection":[{"href":"https:\/\/lasprimeras.com.do\/index.php\/wp-json\/wp\/v2\/posts"}],"about":[{"href":"https:\/\/lasprimeras.com.do\/index.php\/wp-json\/wp\/v2\/types\/post"}],"author":[{"embeddable":true,"href":"https:\/\/lasprimeras.com.do\/index.php\/wp-json\/wp\/v2\/users\/2"}],"replies":[{"embeddable":true,"href":"https:\/\/lasprimeras.com.do\/index.php\/wp-json\/wp\/v2\/comments?post=83605"}],"version-history":[{"count":1,"href":"https:\/\/lasprimeras.com.do\/index.php\/wp-json\/wp\/v2\/posts\/83605\/revisions"}],"predecessor-version":[{"id":83607,"href":"https:\/\/lasprimeras.com.do\/index.php\/wp-json\/wp\/v2\/posts\/83605\/revisions\/83607"}],"wp:featuredmedia":[{"embeddable":true,"href":"https:\/\/lasprimeras.com.do\/index.php\/wp-json\/wp\/v2\/media\/83606"}],"wp:attachment":[{"href":"https:\/\/lasprimeras.com.do\/index.php\/wp-json\/wp\/v2\/media?parent=83605"}],"wp:term":[{"taxonomy":"category","embeddable":true,"href":"https:\/\/lasprimeras.com.do\/index.php\/wp-json\/wp\/v2\/categories?post=83605"},{"taxonomy":"post_tag","embeddable":true,"href":"https:\/\/lasprimeras.com.do\/index.php\/wp-json\/wp\/v2\/tags?post=83605"}],"curies":[{"name":"wp","href":"https:\/\/api.w.org\/{rel}","templated":true}]}}