{"id":83874,"date":"2024-05-26T23:24:29","date_gmt":"2024-05-27T03:24:29","guid":{"rendered":"https:\/\/lasprimeras.com.do\/?p=83874"},"modified":"2024-05-26T23:24:30","modified_gmt":"2024-05-27T03:24:30","slug":"medicos-palestinos-dicen-que-los-ataques-aereos-israelies-matan-a-35-personas-en-rafah-y-gaza","status":"publish","type":"post","link":"https:\/\/lasprimeras.com.do\/index.php\/2024\/05\/26\/medicos-palestinos-dicen-que-los-ataques-aereos-israelies-matan-a-35-personas-en-rafah-y-gaza\/","title":{"rendered":"M\u00e9dicos palestinos dicen que los ataques a\u00e9reos israel\u00edes matan a 35 personas en Rafah y Gaza"},"content":{"rendered":"\n<p>POR WAFAA SHURAFA,SAMY MAGDY Y TIA GOLDENBERG<\/p>\n\n\n\n<p>DEIR AL-BALAH, Franja de Gaza (AP) \u2014 Los trabajadores de salud palestinos dijeron que los ataques a\u00e9reos israel\u00edes mataron al menos a 35 personas el domingo y alcanzaron tiendas de campa\u00f1a para personas desplazadas en la ciudad de Rafah, en el sur de Gaza , y que \u201cnumerosos\u201d otros quedaron atrapados entre escombros en llamas. El Ministerio de Salud de Gaza dijo que la mayor\u00eda de los muertos y decenas de heridos eran mujeres y ni\u00f1os.<\/p>\n\n\n\n<p>Los ataques se produjeron dos d\u00edas despu\u00e9s de que la Corte Internacional de Justicia ordenara a Israel que pusiera fin a su ofensiva militar en Rafah, donde m\u00e1s de la mitad de los 2,3 millones de habitantes de Gaza hab\u00edan buscado refugio antes de la incursi\u00f3n israel\u00ed a principios de este mes.<\/p>\n\n\n\n<p>Decenas de miles de personas permanecen en la zona mientras que muchas otras han huido.<\/p>\n\n\n\n<p>Las im\u00e1genes del lugar del mayor ataque a\u00e9reo mostraron una gran destrucci\u00f3n. El ej\u00e9rcito de Israel confirm\u00f3 el ataque y dijo que alcanz\u00f3 una instalaci\u00f3n de Ham\u00e1s y mat\u00f3 a dos militantes de alto rango de Ham\u00e1s.<\/p>\n\n\n\n<p>Dijo que estaba investigando informes de que civiles resultaron heridos. El ministro de Defensa, Yoav Gallant, estuvo en Rafah el domingo y fue informado sobre la &#8220;profundizaci\u00f3n de las operaciones&#8221; all\u00ed, dijo su oficina.<\/p>\n\n\n\n<p>Un portavoz de la Sociedad de la Media Luna Roja Palestina dijo que era probable que el n\u00famero de muertos aumentara a medida que continuaban los esfuerzos de b\u00fasqueda y rescate en el barrio Tal al-Sultan de Rafah, a unos dos kil\u00f3metros (1,2 millas) al noroeste del centro de la ciudad.<\/p>\n\n\n\n<p>La sociedad afirm\u00f3 que el lugar hab\u00eda sido designado por Israel como \u201czona humanitaria\u201d. El vecindario no est\u00e1 incluido en las \u00e1reas que el ej\u00e9rcito israel\u00ed orden\u00f3 evacuar a principios de este mes.<\/p>\n\n\n\n<p>El ataque a\u00e9reo se inform\u00f3 horas despu\u00e9s de que Ham\u00e1s disparara una r\u00e1faga de cohetes desde Gaza que hizo sonar sirenas de ataque a\u00e9reo hasta Tel Aviv por primera vez en meses en una muestra de resiliencia a m\u00e1s de siete meses de la masiva ofensiva a\u00e9rea, mar\u00edtima y terrestre de Israel. .<\/p>\n\n\n\n<p>No hubo informes de v\u00edctimas en lo que parec\u00eda ser el primer ataque con cohetes de largo alcance desde Gaza desde enero. El ala militar de Ham\u00e1s se atribuy\u00f3 la responsabilidad.<\/p>\n\n\n\n<p>El ej\u00e9rcito de Israel dijo que ocho proyectiles cruzaron hacia Israel despu\u00e9s de ser lanzados desde Rafah y que &#8220;varios&#8221; fueron interceptados y el lanzador fue destruido.<\/p>\n\n\n\n<p>El domingo temprano, docenas de camiones de ayuda entraron a Gaza desde el sur de Israel bajo un nuevo acuerdo para evitar el cruce de Rafah con Egipto despu\u00e9s de que las fuerzas israel\u00edes tomaron el lado palestino a principios de este mes.<\/p>\n\n\n\n<p>El ej\u00e9rcito de Israel dijo que 126 camiones de ayuda entraron por el cercano cruce de Kerem Shalom.<\/p>\n\n\n\n<p>Pero no qued\u00f3 inmediatamente claro si los grupos humanitarios podr\u00edan acceder a la ayuda -incluidos suministros m\u00e9dicos- debido a los combates.<\/p>\n\n\n\n<p>El cruce ha sido en gran medida inaccesible debido a la ofensiva israel\u00ed en Rafah. Las agencias de las Naciones Unidas dicen que normalmente es demasiado peligroso recuperar la ayuda.<\/p>\n\n\n\n<p>La Organizaci\u00f3n Mundial de la Salud dijo la semana pasada que una incursi\u00f3n israel\u00ed ampliada en Rafah tendr\u00eda un impacto &#8220;desastroso&#8221;.<\/p>\n\n\n\n<p>&#8220;Con la operaci\u00f3n humanitaria al borde del colapso, el secretario general enfatiza que las autoridades israel\u00edes deben facilitar la recogida y entrega segura de suministros humanitarios desde Egipto que ingresan a Kerem Shalom&#8221;, dijo el portavoz del jefe de la ONU, Antonio Guterres, en un comunicado.<\/p>\n\n\n\n<p>Egipto se niega a reabrir su lado del cruce de Rafah hasta que el control del lado de Gaza sea devuelto a los palestinos. Acord\u00f3 desviar temporalmente el tr\u00e1fico a trav\u00e9s de Kerem Shalom, la principal terminal de carga de Gaza, tras una llamada entre el presidente estadounidense, Joe Biden, y el presidente egipcio, Abdel Fattah el-Sissi.<\/p>\n\n\n\n<p>La guerra entre Israel y Hamas ha matado a casi 36.000 palestinos, seg\u00fan el Ministerio de Salud de Gaza, que no distingue entre civiles y combatientes en su recuento.<\/p>\n\n\n\n<p>Israel culpa a Ham\u00e1s de las muertes de civiles porque los militantes operan en zonas residenciales densas.<\/p>\n\n\n\n<p>Alrededor del 80% de los 2,3 millones de habitantes de Gaza han huido de sus hogares, el hambre severa est\u00e1 generalizada y los funcionarios de la ONU dicen que partes del territorio est\u00e1n experimentando hambruna .<\/p>\n\n\n\n<p>Ham\u00e1s desencaden\u00f3 la guerra con su ataque del 7 de octubre a Israel , en el que militantes palestinos mataron a unas 1.200 personas, en su mayor\u00eda civiles, y tomaron unos 250 rehenes.<\/p>\n\n\n\n<p>Ham\u00e1s todav\u00eda retiene a unos 100 rehenes y los restos de unos 30 m\u00e1s despu\u00e9s de que la mayor\u00eda del resto fueron liberados durante un alto el fuego el a\u00f1o pasado.<\/p>\n\n\n\n<p>El primer ministro israel\u00ed, Benjam\u00edn Netanyahu, ha dicho que Israel debe tomar Rafah para eliminar los batallones restantes de Ham\u00e1s y lograr una \u201cvictoria total\u201d sobre los militantes, que recientemente se reagruparon en otras partes de Gaza.<\/p>\n\n\n\n<p>La guerra tambi\u00e9n ha aumentado las tensiones en la Cisjordania ocupada por Israel . Las autoridades palestinas dijeron el domingo que las fuerzas israel\u00edes mataron a tiros a un ni\u00f1o de 14 a\u00f1os cerca de la ciudad de Saeer, en el sur de Cisjordania.<\/p>\n\n\n\n<p>El ej\u00e9rcito israel\u00ed dijo que el palestino fue asesinado a tiros despu\u00e9s de intentar apu\u00f1alar a las fuerzas israel\u00edes en el cruce de Beit Einun.<\/p>\n","protected":false},"excerpt":{"rendered":"<p>POR WAFAA SHURAFA,SAMY MAGDY Y TIA GOLDENBERG DEIR AL-BALAH, Franja de Gaza (AP) \u2014 Los trabajadores de salud palestinos dijeron que los ataques a\u00e9reos israel\u00edes mataron al menos a 35&hellip;<\/p>\n","protected":false},"author":2,"featured_media":83875,"comment_status":"open","ping_status":"open","sticky":false,"template":"","format":"standard","meta":{"content-type":"","jetpack_post_was_ever_published":false,"_jetpack_newsletter_access":"","_jetpack_dont_email_post_to_subs":false,"_jetpack_newsletter_tier_id":0,"_jetpack_memberships_contains_paywalled_content":false,"_jetpack_memberships_contains_paid_content":false,"footnotes":""},"categories":[1],"tags":[11093,8295,8301,2823,961,8293,412,11866],"class_list":["post-83874","post","type-post","status-publish","format-standard","has-post-thumbnail","hentry","category-sin-categoria","tag-ataques-aereos","tag-gaza","tag-israelies","tag-matan","tag-medicos","tag-palestinos","tag-personas","tag-rafah"],"jetpack_featured_media_url":"https:\/\/lasprimeras.com.do\/wp-content\/uploads\/2024\/05\/Ataques.jpg","jetpack-related-posts":[{"id":84028,"url":"https:\/\/lasprimeras.com.do\/index.php\/2024\/05\/28\/ataques-israelies-matan-al-menos-a-37-palestinos-cerca-de-rafah-en-gaza\/","url_meta":{"origin":83874,"position":0},"title":"Ataques israel\u00edes matan al menos a 37 palestinos cerca de Rafah en Gaza","author":"Nelson Feliz","date":"28 de mayo de 2024","format":false,"excerpt":"POR SAMY MAGDY Y WAFAA SHURAFA DEIR AL-BALAH, Franja de Gaza (AP) \u2014 Los bombardeos y ataques a\u00e9reos israel\u00edes mataron al menos a 37 personas, la mayor\u00eda de ellas refugiadas en tiendas de campa\u00f1a, en las afueras de la ciudad de Rafah , en el sur de Gaza , durante\u2026","rel":"","context":"En \u00abSin categor\u00eda\u00bb","block_context":{"text":"Sin categor\u00eda","link":"https:\/\/lasprimeras.com.do\/index.php\/category\/sin-categoria\/"},"img":{"alt_text":"","src":"https:\/\/i0.wp.com\/lasprimeras.com.do\/wp-content\/uploads\/2024\/05\/ata.jpg?resize=350%2C200&ssl=1","width":350,"height":200,"srcset":"https:\/\/i0.wp.com\/lasprimeras.com.do\/wp-content\/uploads\/2024\/05\/ata.jpg?resize=350%2C200&ssl=1 1x, https:\/\/i0.wp.com\/lasprimeras.com.do\/wp-content\/uploads\/2024\/05\/ata.jpg?resize=525%2C300&ssl=1 1.5x, https:\/\/i0.wp.com\/lasprimeras.com.do\/wp-content\/uploads\/2024\/05\/ata.jpg?resize=700%2C400&ssl=1 2x"},"classes":[]},{"id":63967,"url":"https:\/\/lasprimeras.com.do\/index.php\/2023\/10\/17\/los-bombardeos-israelies-en-gaza-matan-a-decenas-de-personas\/","url_meta":{"origin":83874,"position":1},"title":"Los bombardeos israel\u00edes en Gaza matan a decenas de personas","author":"Nelson Feliz","date":"17 de octubre de 2023","format":false,"excerpt":"POR NAJIB JOBAIN, SAMYA KULLAB Y RAVI NESSMAN KHAN YOUNIS, Franja de Gaza (AP) \u2014 Israel bombarde\u00f3 el martes zonas del sur de Gaza a donde hab\u00eda dicho a los palestinos que huyeran antes de una invasi\u00f3n prevista, matando a decenas de personas. Mientras tanto, los mediadores luchaban por salir\u2026","rel":"","context":"En \u00abSin categor\u00eda\u00bb","block_context":{"text":"Sin categor\u00eda","link":"https:\/\/lasprimeras.com.do\/index.php\/category\/sin-categoria\/"},"img":{"alt_text":"BOMBARDEOS","src":"https:\/\/i0.wp.com\/lasprimeras.com.do\/wp-content\/uploads\/2023\/10\/BOMBARDEOS.jpg?resize=350%2C200&ssl=1","width":350,"height":200,"srcset":"https:\/\/i0.wp.com\/lasprimeras.com.do\/wp-content\/uploads\/2023\/10\/BOMBARDEOS.jpg?resize=350%2C200&ssl=1 1x, https:\/\/i0.wp.com\/lasprimeras.com.do\/wp-content\/uploads\/2023\/10\/BOMBARDEOS.jpg?resize=525%2C300&ssl=1 1.5x"},"classes":[]},{"id":76216,"url":"https:\/\/lasprimeras.com.do\/index.php\/2024\/02\/08\/ataques-israelies-matan-a-13-personas-en-una-ciudad-del-sur-de-gaza\/","url_meta":{"origin":83874,"position":2},"title":"Ataques israel\u00edes matan a 13 personas en una ciudad del sur de Gaza","author":"Nelson Feliz","date":"8 de febrero de 2024","format":false,"excerpt":"POR NAJIB JOBAIN, WAFAA SHURAFA Y KAREEM CHEHAYEB RAFAH, Franja de Gaza (AP) \u2014 Los ataques a\u00e9reos israel\u00edes mataron a m\u00e1s de una docena de personas durante la noche y el jueves en Rafah, en la Franja de Gaza, horas despu\u00e9s de que el primer ministro Benjam\u00edn Netanyahu rechazara los\u2026","rel":"","context":"En \u00abSin categor\u00eda\u00bb","block_context":{"text":"Sin categor\u00eda","link":"https:\/\/lasprimeras.com.do\/index.php\/category\/sin-categoria\/"},"img":{"alt_text":"ATAQUES","src":"https:\/\/i0.wp.com\/lasprimeras.com.do\/wp-content\/uploads\/2024\/02\/ATAQUES.jpg?resize=350%2C200&ssl=1","width":350,"height":200,"srcset":"https:\/\/i0.wp.com\/lasprimeras.com.do\/wp-content\/uploads\/2024\/02\/ATAQUES.jpg?resize=350%2C200&ssl=1 1x, https:\/\/i0.wp.com\/lasprimeras.com.do\/wp-content\/uploads\/2024\/02\/ATAQUES.jpg?resize=525%2C300&ssl=1 1.5x, https:\/\/i0.wp.com\/lasprimeras.com.do\/wp-content\/uploads\/2024\/02\/ATAQUES.jpg?resize=700%2C400&ssl=1 2x"},"classes":[]},{"id":82684,"url":"https:\/\/lasprimeras.com.do\/index.php\/2024\/05\/06\/hamas-acepta-el-alto-el-fuego-en-gaza\/","url_meta":{"origin":83874,"position":3},"title":"Ham\u00e1s acepta el alto el fuego en Gaza","author":"Esteffany Vargas","date":"6 de mayo de 2024","format":false,"excerpt":"Israel dice que continuar\u00e1 las conversaciones pero contin\u00faa con los ataques a Rafah. POR SAM MEDNICK,JOSEF FEDERMAN Y BASSEM MROUE JERUSAL\u00c9N (AP) \u2014 Hamas anunci\u00f3 el lunes su aceptaci\u00f3n de una propuesta de alto el fuego entre Egipto y Qatar, pero Israel dijo que el acuerdo no cumpl\u00eda con sus\u2026","rel":"","context":"En \u00abSin categor\u00eda\u00bb","block_context":{"text":"Sin categor\u00eda","link":"https:\/\/lasprimeras.com.do\/index.php\/category\/sin-categoria\/"},"img":{"alt_text":"","src":"https:\/\/i0.wp.com\/lasprimeras.com.do\/wp-content\/uploads\/2024\/05\/gaza.jpg?resize=350%2C200&ssl=1","width":350,"height":200,"srcset":"https:\/\/i0.wp.com\/lasprimeras.com.do\/wp-content\/uploads\/2024\/05\/gaza.jpg?resize=350%2C200&ssl=1 1x, https:\/\/i0.wp.com\/lasprimeras.com.do\/wp-content\/uploads\/2024\/05\/gaza.jpg?resize=525%2C300&ssl=1 1.5x, https:\/\/i0.wp.com\/lasprimeras.com.do\/wp-content\/uploads\/2024\/05\/gaza.jpg?resize=700%2C400&ssl=1 2x"},"classes":[]},{"id":79758,"url":"https:\/\/lasprimeras.com.do\/index.php\/2024\/03\/31\/gaza-matan-2-palestinos-e-hirien-periodistas-en-un-ataque-aereo-israeli\/","url_meta":{"origin":83874,"position":4},"title":"Gaza: Matan 2 palestinos e hirien periodistas en un ataque a\u00e9reo israel\u00ed","author":"Nelson Feliz","date":"31 de marzo de 2024","format":false,"excerpt":"POR WAFAA SHURAFA Y SAMY MAGDY DEIR AL-BALAH, Franja de Gaza (AP) \u2014 Un ataque a\u00e9reo israel\u00ed alcanz\u00f3 el domingo un campamento de tiendas de campa\u00f1a en el patio de un abarrotado hospital en el centro de Gaza, matando a dos palestinos e hiriendo a otros 15, incluidos periodistas que\u2026","rel":"","context":"En \u00abSin categor\u00eda\u00bb","block_context":{"text":"Sin categor\u00eda","link":"https:\/\/lasprimeras.com.do\/index.php\/category\/sin-categoria\/"},"img":{"alt_text":"","src":"https:\/\/i0.wp.com\/lasprimeras.com.do\/wp-content\/uploads\/2024\/03\/Ataque-1.jpg?resize=350%2C200&ssl=1","width":350,"height":200,"srcset":"https:\/\/i0.wp.com\/lasprimeras.com.do\/wp-content\/uploads\/2024\/03\/Ataque-1.jpg?resize=350%2C200&ssl=1 1x, https:\/\/i0.wp.com\/lasprimeras.com.do\/wp-content\/uploads\/2024\/03\/Ataque-1.jpg?resize=525%2C300&ssl=1 1.5x"},"classes":[]},{"id":83919,"url":"https:\/\/lasprimeras.com.do\/index.php\/2024\/05\/27\/netanyahu-dice-que-el-mortal-ataque-israeli-en-rafah-fue-el-resultado-de-un-tragico-error\/","url_meta":{"origin":83874,"position":5},"title":"Netanyahu dice que el mortal ataque israel\u00ed en Rafah fue el resultado de un &#8220;tr\u00e1gico error&#8221;","author":"Nelson Feliz","date":"27 de mayo de 2024","format":false,"excerpt":"POR TIA GOLDENBERG , MELANIE LIDMAN Y SAMY MAGDY TEL AVIV, Israel (AP) \u2014 El primer ministro Benjam\u00edn Netanyahu dijo el lunes que se cometi\u00f3 un \u201ctr\u00e1gico error\u201d en un ataque israel\u00ed en la ciudad de Rafah, en el sur de Gaza, que incendi\u00f3 un campamento que albergaba a palestinos\u2026","rel":"","context":"En \u00abSin categor\u00eda\u00bb","block_context":{"text":"Sin categor\u00eda","link":"https:\/\/lasprimeras.com.do\/index.php\/category\/sin-categoria\/"},"img":{"alt_text":"Benjam\u00edn Netanyahu","src":"https:\/\/i0.wp.com\/lasprimeras.com.do\/wp-content\/uploads\/2024\/05\/Benjamin-Netanyahu-1.jpg?resize=350%2C200&ssl=1","width":350,"height":200,"srcset":"https:\/\/i0.wp.com\/lasprimeras.com.do\/wp-content\/uploads\/2024\/05\/Benjamin-Netanyahu-1.jpg?resize=350%2C200&ssl=1 1x, https:\/\/i0.wp.com\/lasprimeras.com.do\/wp-content\/uploads\/2024\/05\/Benjamin-Netanyahu-1.jpg?resize=525%2C300&ssl=1 1.5x, https:\/\/i0.wp.com\/lasprimeras.com.do\/wp-content\/uploads\/2024\/05\/Benjamin-Netanyahu-1.jpg?resize=700%2C400&ssl=1 2x"},"classes":[]}],"jetpack_sharing_enabled":true,"_links":{"self":[{"href":"https:\/\/lasprimeras.com.do\/index.php\/wp-json\/wp\/v2\/posts\/83874","targetHints":{"allow":["GET"]}}],"collection":[{"href":"https:\/\/lasprimeras.com.do\/index.php\/wp-json\/wp\/v2\/posts"}],"about":[{"href":"https:\/\/lasprimeras.com.do\/index.php\/wp-json\/wp\/v2\/types\/post"}],"author":[{"embeddable":true,"href":"https:\/\/lasprimeras.com.do\/index.php\/wp-json\/wp\/v2\/users\/2"}],"replies":[{"embeddable":true,"href":"https:\/\/lasprimeras.com.do\/index.php\/wp-json\/wp\/v2\/comments?post=83874"}],"version-history":[{"count":1,"href":"https:\/\/lasprimeras.com.do\/index.php\/wp-json\/wp\/v2\/posts\/83874\/revisions"}],"predecessor-version":[{"id":83876,"href":"https:\/\/lasprimeras.com.do\/index.php\/wp-json\/wp\/v2\/posts\/83874\/revisions\/83876"}],"wp:featuredmedia":[{"embeddable":true,"href":"https:\/\/lasprimeras.com.do\/index.php\/wp-json\/wp\/v2\/media\/83875"}],"wp:attachment":[{"href":"https:\/\/lasprimeras.com.do\/index.php\/wp-json\/wp\/v2\/media?parent=83874"}],"wp:term":[{"taxonomy":"category","embeddable":true,"href":"https:\/\/lasprimeras.com.do\/index.php\/wp-json\/wp\/v2\/categories?post=83874"},{"taxonomy":"post_tag","embeddable":true,"href":"https:\/\/lasprimeras.com.do\/index.php\/wp-json\/wp\/v2\/tags?post=83874"}],"curies":[{"name":"wp","href":"https:\/\/api.w.org\/{rel}","templated":true}]}}