{"id":83910,"date":"2024-05-27T07:31:00","date_gmt":"2024-05-27T11:31:00","guid":{"rendered":"https:\/\/lasprimeras.com.do\/?p=83910"},"modified":"2024-05-27T22:36:52","modified_gmt":"2024-05-28T02:36:52","slug":"papa-francisco-felicita-al-presidente-abinader-por-su-reeleccion","status":"publish","type":"post","link":"https:\/\/lasprimeras.com.do\/index.php\/2024\/05\/27\/papa-francisco-felicita-al-presidente-abinader-por-su-reeleccion\/","title":{"rendered":"Papa Francisco felicita al presidente Abinader por su reelecci\u00f3n"},"content":{"rendered":"\n<p>Manifiesta inter\u00e9s por visitar Rep\u00fablica Dominicana.<\/p>\n\n\n\n<p><strong>Ciudad del Vaticano.-<\/strong> El Papa Francisco felicit\u00f3 en persona al presidente Luis Abinader por su reelecci\u00f3n en las pasadas elecciones celebradas en el pa\u00eds.<\/p>\n\n\n\n<p>El Sumo Pont\u00edfice, tambi\u00e9n le manifest\u00f3 al mandatario dominicano su inter\u00e9s en visitar el pa\u00eds, luego de una invitaci\u00f3n formal que en ese sentido le hiciera el presidente Abinader.<\/p>\n\n\n\n<p>Durante una audiencia privada concedida por el Papa al presidente Abinader, ambos trataron temas de inter\u00e9s, tanto, internacional, como local.<\/p>\n\n\n\n<p>El presidente Abinader, al t\u00e9rmino de la audiencia con el Papa, la defini\u00f3 de muy cordial, y de un alto conocimiento del jefe de la Iglesia Cat\u00f3lica de los asuntos dominicanos e internacionales.<\/p>\n\n\n\n<p>Tras concluir el encuentro que se posterg\u00f3 por espacio de 30 minutos, hubo el tradicional intercambio de regalos y el saludo del Papa a los presentes.<\/p>\n\n\n\n<p>EL OBSEQUIO DE ABINADER AL PAPA<\/p>\n\n\n\n<p>El presidente Abinader le obsequi\u00f3 al sumo pont\u00edfice un Santo Rosario con un emotivo mensaje que expresa: &#8220;Este Santo Rosario es una pieza \u00fanica que humildemente presentamos a Su Santidad el pap\u00e1 Francisco.<\/p>\n\n\n\n<p>Sus cuentas son de larimar, piedra semipreciosa que, en bellos tonos celestes, \u00fanicamente se encuentra en la regi\u00f3n suroeste de la Rep\u00fablica Dominicana. Su cord\u00f3n de plata, de repetida oraci\u00f3n, es un c\u00edrculo virtuoso del amor y la esperanza&#8221;.<\/p>\n\n\n\n<p>&#8220;Azul, de laminados tonos serenos, con energ\u00eda del cielo, con energ\u00eda del mar, el larimar irradia protecci\u00f3n, confianza y paz. Hec o Rosario es hermoso testimonio de devoci\u00f3n a Dios y Reverencia al Santo Padre&#8221;.<\/p>\n\n\n\n<p>Posterior a su encuentro con el Papa, el presidente dominicano se reuni\u00f3 con el secretario de Estado de la Santa Sede, Su Eminencia Reverend\u00edsima, Pietro Parolin.<\/p>\n\n\n\n<p>El mandatario dominicano lleg\u00f3 a las 9:05 de la ma\u00f1ana hora local (Roma), en compa\u00f1\u00eda de la Primera Dama Raquel Arbaje; de sus hijas Esther, Graciela y Adriana.<\/p>\n\n\n\n<p>Tambi\u00e9n el viceministro de Relaciones Exteriores Jos\u00e9 Julio G\u00f3mez; el embajador dominicano en la Santa Sede, Luis Montalvo Arseno; el director de Ceremonial de Estado, embajador Francisco Cantizano, su asistente Mercedes Pichardo y los periodistas, invitados, Jos\u00e9 Monegro y Roberto Cavada.<\/p>\n\n\n\n<p>El presidente Abinader y sus acompa\u00f1antes fueron recibido por el cortejo de los gentiles hombres de su Santidad Monse\u00f1or Leonardo Sapiencia, Regente de la Prefactura de la Casa Pontificia; y el jefe de Protocolo Monse\u00f1or Javier Fern\u00e1ndez G.<\/p>\n","protected":false},"excerpt":{"rendered":"<p>Manifiesta inter\u00e9s por visitar Rep\u00fablica Dominicana. Ciudad del Vaticano.- El Papa Francisco felicit\u00f3 en persona al presidente Luis Abinader por su reelecci\u00f3n en las pasadas elecciones celebradas en el pa\u00eds.&hellip;<\/p>\n","protected":false},"author":2,"featured_media":83911,"comment_status":"open","ping_status":"open","sticky":false,"template":"","format":"standard","meta":{"content-type":"","jetpack_post_was_ever_published":false,"_jetpack_newsletter_access":"","_jetpack_dont_email_post_to_subs":false,"_jetpack_newsletter_tier_id":0,"_jetpack_memberships_contains_paywalled_content":false,"_jetpack_memberships_contains_paid_content":false,"footnotes":""},"categories":[25],"tags":[1315,67,1388,2004],"class_list":["post-83910","post","type-post","status-publish","format-standard","has-post-thumbnail","hentry","category-portada","tag-felicita","tag-luis-abinader","tag-papa-francisco","tag-reeleccion"],"jetpack_featured_media_url":"https:\/\/lasprimeras.com.do\/wp-content\/uploads\/2024\/05\/Papa-Francisco-y-Luis-Abinader-1.jpg","jetpack-related-posts":[{"id":84169,"url":"https:\/\/lasprimeras.com.do\/index.php\/2024\/06\/01\/abinader-regresa-al-pais-tras-su-viaje-oficial-a-europa\/","url_meta":{"origin":83910,"position":0},"title":"Abinader regresa al pa\u00eds tras su viaje oficial a Europa","author":"Nelson Feliz","date":"1 de junio de 2024","format":false,"excerpt":"El presidente Luis Abinader regres\u00f3 al pa\u00eds este s\u00e1bado tras su viaje por Europa, donde tuvo una audiencia privada con el papa Francisco, en la Ciudad del Vaticano, y se reuni\u00f3 con sus hom\u00f3logos de Italia y Portugal. A su llegada al pa\u00eds, el mandatario fue recibido por el ministro\u2026","rel":"","context":"En \u00abNACIONALES\u00bb","block_context":{"text":"NACIONALES","link":"https:\/\/lasprimeras.com.do\/index.php\/category\/nacionales\/"},"img":{"alt_text":"Raquel Arbaje y Luis Abinader","src":"https:\/\/i0.wp.com\/lasprimeras.com.do\/wp-content\/uploads\/2024\/06\/Raquel-Arbaje-y-Luis-Abinader.jpeg?resize=350%2C200&ssl=1","width":350,"height":200,"srcset":"https:\/\/i0.wp.com\/lasprimeras.com.do\/wp-content\/uploads\/2024\/06\/Raquel-Arbaje-y-Luis-Abinader.jpeg?resize=350%2C200&ssl=1 1x, https:\/\/i0.wp.com\/lasprimeras.com.do\/wp-content\/uploads\/2024\/06\/Raquel-Arbaje-y-Luis-Abinader.jpeg?resize=525%2C300&ssl=1 1.5x, https:\/\/i0.wp.com\/lasprimeras.com.do\/wp-content\/uploads\/2024\/06\/Raquel-Arbaje-y-Luis-Abinader.jpeg?resize=700%2C400&ssl=1 2x"},"classes":[]},{"id":83814,"url":"https:\/\/lasprimeras.com.do\/index.php\/2024\/05\/24\/abinader-llega-a-italia-para-audiencia-privada-con-el-papa-francisco\/","url_meta":{"origin":83910,"position":1},"title":"Abinader llega a Italia para audiencia privada con el papa Francisco","author":"Nelson Feliz","date":"24 de mayo de 2024","format":false,"excerpt":"Roma, Italia. - El presidente Luis Abinader lleg\u00f3 a la capital italiana, Roma, a las 1:16 horas junto a su familia y ser\u00e1n recibidos este lunes en audiencia privada por Su Santidad, el papa Francisco, en la Ciudad del Vaticano. El jefe de Estado dominicano al llegar a Roma, fue\u2026","rel":"","context":"En \u00abPORTADA\u00bb","block_context":{"text":"PORTADA","link":"https:\/\/lasprimeras.com.do\/index.php\/category\/portada\/"},"img":{"alt_text":"Luis Abinader","src":"https:\/\/i0.wp.com\/lasprimeras.com.do\/wp-content\/uploads\/2024\/05\/Luis-Abinader-i.jpg?resize=350%2C200&ssl=1","width":350,"height":200,"srcset":"https:\/\/i0.wp.com\/lasprimeras.com.do\/wp-content\/uploads\/2024\/05\/Luis-Abinader-i.jpg?resize=350%2C200&ssl=1 1x, https:\/\/i0.wp.com\/lasprimeras.com.do\/wp-content\/uploads\/2024\/05\/Luis-Abinader-i.jpg?resize=525%2C300&ssl=1 1.5x, https:\/\/i0.wp.com\/lasprimeras.com.do\/wp-content\/uploads\/2024\/05\/Luis-Abinader-i.jpg?resize=700%2C400&ssl=1 2x"},"classes":[]},{"id":83753,"url":"https:\/\/lasprimeras.com.do\/index.php\/2024\/05\/24\/el-papa-francisco-recibira-este-27-de-mayo-en-audiencia-al-presidente-luis-abinader\/","url_meta":{"origin":83910,"position":2},"title":"El papa Francisco recibir\u00e1 este 27 de mayo en audiencia al presidente Luis Abinader","author":"Nelson Feliz","date":"24 de mayo de 2024","format":false,"excerpt":"El papa Francisco recibir\u00e1 el 27 de mayo en audiencia al\u00a0presidente\u00a0de la Rep\u00fablica, Luis Abinader, confirm\u00f3 este viernes la oficina de prensa del\u00a0Vaticano. La audiencia se celebrar\u00e1 a las 09:00 hora italiana (07:00 GMT) en el palacio apost\u00f3lico en la Sala de la Biblioteca, donde los pont\u00edfices reciben a los\u2026","rel":"","context":"En \u00abPORTADA\u00bb","block_context":{"text":"PORTADA","link":"https:\/\/lasprimeras.com.do\/index.php\/category\/portada\/"},"img":{"alt_text":"PAPA","src":"https:\/\/i0.wp.com\/lasprimeras.com.do\/wp-content\/uploads\/2024\/05\/IMG_8451.jpg?resize=350%2C200&ssl=1","width":350,"height":200,"srcset":"https:\/\/i0.wp.com\/lasprimeras.com.do\/wp-content\/uploads\/2024\/05\/IMG_8451.jpg?resize=350%2C200&ssl=1 1x, https:\/\/i0.wp.com\/lasprimeras.com.do\/wp-content\/uploads\/2024\/05\/IMG_8451.jpg?resize=525%2C300&ssl=1 1.5x, https:\/\/i0.wp.com\/lasprimeras.com.do\/wp-content\/uploads\/2024\/05\/IMG_8451.jpg?resize=700%2C400&ssl=1 2x, https:\/\/i0.wp.com\/lasprimeras.com.do\/wp-content\/uploads\/2024\/05\/IMG_8451.jpg?resize=1050%2C600&ssl=1 3x"},"classes":[]},{"id":84244,"url":"https:\/\/lasprimeras.com.do\/index.php\/2024\/06\/04\/presidente-abinader-habla-de-los-resultados-de-su-viaje-a-europa\/","url_meta":{"origin":83910,"position":3},"title":"Presidente Abinader habla de los resultados de su viaje a Europa","author":"Nelson Feliz","date":"4 de junio de 2024","format":false,"excerpt":"Durante su viaje sostuvo una audiencia privada con el papa Francisco, se reuni\u00f3 con el cardenal el Pietro Parolin y monse\u00f1or Paul Richard Gallagher, al tiempo que con sus hom\u00f3logos de Italia y Portugal habl\u00f3 de temas bilaterales, el fortalecimiento del turismo, intercambio comercial y la ampliaci\u00f3n de los programas\u2026","rel":"","context":"En \u00abPORTADA\u00bb","block_context":{"text":"PORTADA","link":"https:\/\/lasprimeras.com.do\/index.php\/category\/portada\/"},"img":{"alt_text":"Luis Abinader","src":"https:\/\/i0.wp.com\/lasprimeras.com.do\/wp-content\/uploads\/2024\/06\/Luis-Abinader-4.jpg?resize=350%2C200&ssl=1","width":350,"height":200,"srcset":"https:\/\/i0.wp.com\/lasprimeras.com.do\/wp-content\/uploads\/2024\/06\/Luis-Abinader-4.jpg?resize=350%2C200&ssl=1 1x, https:\/\/i0.wp.com\/lasprimeras.com.do\/wp-content\/uploads\/2024\/06\/Luis-Abinader-4.jpg?resize=525%2C300&ssl=1 1.5x, https:\/\/i0.wp.com\/lasprimeras.com.do\/wp-content\/uploads\/2024\/06\/Luis-Abinader-4.jpg?resize=700%2C400&ssl=1 2x"},"classes":[]},{"id":97658,"url":"https:\/\/lasprimeras.com.do\/index.php\/2025\/04\/25\/abinader-viaja-hoy-al-vaticano-al-funeral-de-su-santidad-el-papa-francisco\/","url_meta":{"origin":83910,"position":4},"title":"Abinader viaja hoy al Vaticano al funeral de su Santidad el Papa Francisco","author":"Nelson Feliz","date":"25 de abril de 2025","format":false,"excerpt":"Mandatario dominicano, se suma as\u00ed a otros jefes de estado y de gobiernos que asisten a los actos por el fallecimiento del Sumo Pont\u00edfice. El presidente Luis Abinader y la primera dama, Raquel Arbaje, viajar\u00e1n este viernes al Vaticano para asistir a la misa funeral de Su Santidad el papa\u2026","rel":"","context":"En \u00abNACIONALES\u00bb","block_context":{"text":"NACIONALES","link":"https:\/\/lasprimeras.com.do\/index.php\/category\/nacionales\/"},"img":{"alt_text":"","src":"https:\/\/i0.wp.com\/lasprimeras.com.do\/wp-content\/uploads\/2025\/04\/luis-abinader-1.jpg?resize=350%2C200&ssl=1","width":350,"height":200,"srcset":"https:\/\/i0.wp.com\/lasprimeras.com.do\/wp-content\/uploads\/2025\/04\/luis-abinader-1.jpg?resize=350%2C200&ssl=1 1x, https:\/\/i0.wp.com\/lasprimeras.com.do\/wp-content\/uploads\/2025\/04\/luis-abinader-1.jpg?resize=525%2C300&ssl=1 1.5x"},"classes":[]},{"id":97763,"url":"https:\/\/lasprimeras.com.do\/index.php\/2025\/04\/27\/abinader-regresa-al-pais-tras-participar-en-honras-funebres-del-papa-francisco\/","url_meta":{"origin":83910,"position":5},"title":"Abinader regresa al pa\u00eds tras participar en honras f\u00fanebres del papa Francisco","author":"Nelson Feliz","date":"27 de abril de 2025","format":false,"excerpt":"El presidente de la Rep\u00fablica, Luis Abinader y su esposa Raquel Arbaje, retorn\u00f3 al pa\u00eds a las 4:50 de la tarde de este domingo, procedentes de El Vaticano, donde acudieron a las honras f\u00fanebres del papa Francisco, sepultado ayer s\u00e1bado. El mandatario regres\u00f3 por la Base A\u00e9rea de San Isidro.\u2026","rel":"","context":"En \u00abNACIONALES\u00bb","block_context":{"text":"NACIONALES","link":"https:\/\/lasprimeras.com.do\/index.php\/category\/nacionales\/"},"img":{"alt_text":"","src":"https:\/\/i0.wp.com\/lasprimeras.com.do\/wp-content\/uploads\/2025\/04\/ABINADER-REGRESA.jpg?resize=350%2C200&ssl=1","width":350,"height":200,"srcset":"https:\/\/i0.wp.com\/lasprimeras.com.do\/wp-content\/uploads\/2025\/04\/ABINADER-REGRESA.jpg?resize=350%2C200&ssl=1 1x, https:\/\/i0.wp.com\/lasprimeras.com.do\/wp-content\/uploads\/2025\/04\/ABINADER-REGRESA.jpg?resize=525%2C300&ssl=1 1.5x, https:\/\/i0.wp.com\/lasprimeras.com.do\/wp-content\/uploads\/2025\/04\/ABINADER-REGRESA.jpg?resize=700%2C400&ssl=1 2x"},"classes":[]}],"jetpack_sharing_enabled":true,"_links":{"self":[{"href":"https:\/\/lasprimeras.com.do\/index.php\/wp-json\/wp\/v2\/posts\/83910","targetHints":{"allow":["GET"]}}],"collection":[{"href":"https:\/\/lasprimeras.com.do\/index.php\/wp-json\/wp\/v2\/posts"}],"about":[{"href":"https:\/\/lasprimeras.com.do\/index.php\/wp-json\/wp\/v2\/types\/post"}],"author":[{"embeddable":true,"href":"https:\/\/lasprimeras.com.do\/index.php\/wp-json\/wp\/v2\/users\/2"}],"replies":[{"embeddable":true,"href":"https:\/\/lasprimeras.com.do\/index.php\/wp-json\/wp\/v2\/comments?post=83910"}],"version-history":[{"count":1,"href":"https:\/\/lasprimeras.com.do\/index.php\/wp-json\/wp\/v2\/posts\/83910\/revisions"}],"predecessor-version":[{"id":83912,"href":"https:\/\/lasprimeras.com.do\/index.php\/wp-json\/wp\/v2\/posts\/83910\/revisions\/83912"}],"wp:featuredmedia":[{"embeddable":true,"href":"https:\/\/lasprimeras.com.do\/index.php\/wp-json\/wp\/v2\/media\/83911"}],"wp:attachment":[{"href":"https:\/\/lasprimeras.com.do\/index.php\/wp-json\/wp\/v2\/media?parent=83910"}],"wp:term":[{"taxonomy":"category","embeddable":true,"href":"https:\/\/lasprimeras.com.do\/index.php\/wp-json\/wp\/v2\/categories?post=83910"},{"taxonomy":"post_tag","embeddable":true,"href":"https:\/\/lasprimeras.com.do\/index.php\/wp-json\/wp\/v2\/tags?post=83910"}],"curies":[{"name":"wp","href":"https:\/\/api.w.org\/{rel}","templated":true}]}}