{"id":84165,"date":"2024-06-03T07:11:17","date_gmt":"2024-06-03T11:11:17","guid":{"rendered":"https:\/\/lasprimeras.com.do\/?p=84165"},"modified":"2024-06-03T07:11:18","modified_gmt":"2024-06-03T11:11:18","slug":"pn-acribilla-dos-supuestos-delincuentes-en-spm","status":"publish","type":"post","link":"https:\/\/lasprimeras.com.do\/index.php\/2024\/06\/03\/pn-acribilla-dos-supuestos-delincuentes-en-spm\/","title":{"rendered":"PN acribilla dos supuestos delincuentes en SPM"},"content":{"rendered":"\n<p>Miembros de la Polic\u00eda Nacional acribillaron a dos supuestos delincuentes, este domingo a quienes presuntamente enfrentaron a tiros en el municipio de Quisqueya, San Pedro de Macor\u00eds.<\/p>\n\n\n\n<p>Se trata de Ramfis Theophile (alias El Se\u00f1or de los Cielos), de 32 a\u00f1os; y Junior Ram\u00edrez (alias Junior Kepua), quienes murieron \u00abmientras recib\u00edan atenciones m\u00e9dicas en un centro de salud\u00bb de la citada provincia, seg\u00fan un comunicado de la instituci\u00f3n del orden.<\/p>\n\n\n\n<p>De acuerdo con el informe preliminar, los agentes policiales realizaban un operativo en el lugar, donde localizaron a los sospechosos, quienes eran buscados por varios delitos, pero \u00e9stos \u00aben lugar de detenerse y entregarse a las autoridades, atacaron a los agentes con dos armas de fuego\u00bb.<\/p>\n\n\n\n<p>Los agentes \u00abse vieron en la imperiosa necesidad\u00bb de repeler la agresi\u00f3n, seg\u00fan la informaci\u00f3n.<\/p>\n\n\n\n<p>Desde el pasado jueves, la Polic\u00eda ha reportado la muerte de cinco presuntos delincuentes en intercambios de disparos.<\/p>\n\n\n\n<figure class=\"wp-block-image size-full is-resized\"><img decoding=\"async\" width=\"575\" height=\"661\" src=\"https:\/\/lasprimeras.com.do\/wp-content\/uploads\/2024\/06\/moto-y-armas.jpg\" alt=\"\" class=\"wp-image-84167\" style=\"width:840px;height:auto\" srcset=\"https:\/\/lasprimeras.com.do\/wp-content\/uploads\/2024\/06\/moto-y-armas.jpg 575w, https:\/\/lasprimeras.com.do\/wp-content\/uploads\/2024\/06\/moto-y-armas-261x300.jpg 261w\" sizes=\"(max-width: 575px) 100vw, 575px\" \/><\/figure>\n","protected":false},"excerpt":{"rendered":"<p>Miembros de la Polic\u00eda Nacional acribillaron a dos supuestos delincuentes, este domingo a quienes presuntamente enfrentaron a tiros en el municipio de Quisqueya, San Pedro de Macor\u00eds. Se trata de&hellip;<\/p>\n","protected":false},"author":2,"featured_media":84166,"comment_status":"open","ping_status":"open","sticky":false,"template":"","format":"standard","meta":{"content-type":"","jetpack_post_was_ever_published":false,"_jetpack_newsletter_access":"","_jetpack_dont_email_post_to_subs":false,"_jetpack_newsletter_tier_id":0,"_jetpack_memberships_contains_paywalled_content":false,"_jetpack_memberships_contains_paid_content":false,"footnotes":""},"categories":[3057],"tags":[13316,4873,477,1157,1425,966],"class_list":["post-84165","post","type-post","status-publish","format-standard","has-post-thumbnail","hentry","category-militares","tag-acribilla","tag-delincuentes","tag-pn","tag-policia-nacional","tag-san-pedro-de-macoris","tag-spm"],"jetpack_featured_media_url":"https:\/\/lasprimeras.com.do\/wp-content\/uploads\/2024\/06\/armas-y-cel.jpeg","jetpack-related-posts":[{"id":100419,"url":"https:\/\/lasprimeras.com.do\/index.php\/2025\/06\/06\/pn-aniquila-dos-supuestos-delincuentes-en-spm\/","url_meta":{"origin":84165,"position":0},"title":"PN aniquila dos supuestos delincuentes en SPM","author":"Nelson Feliz","date":"6 de junio de 2025","format":false,"excerpt":"\"Mueren reconocidos delincuentes \"Mois\u00e9s\" y \"Wilfred\" tras enfrentar a agentes policiales que los buscaban por distintos delitos en SPM\". Cayeron abatidos dos reconocidos antisociales al enfrentar a tiros a agentes policiales que les daban seguimiento con fines de captura, en un hecho ocurrido el jueves en el sector Punta Pescadora\u2026","rel":"","context":"En \u00abMILITARES\u00bb","block_context":{"text":"MILITARES","link":"https:\/\/lasprimeras.com.do\/index.php\/category\/militares\/"},"img":{"alt_text":"","src":"https:\/\/i0.wp.com\/lasprimeras.com.do\/wp-content\/uploads\/2025\/06\/2.jpg?resize=350%2C200&ssl=1","width":350,"height":200},"classes":[]},{"id":84381,"url":"https:\/\/lasprimeras.com.do\/index.php\/2024\/06\/07\/acribillan-dos-delincuentes-de-los-que-asaltaron-el-banco-popular\/","url_meta":{"origin":84165,"position":1},"title":"Acribillan dos delincuentes de los que asaltaron el Banco Popular","author":"Nelson Feliz","date":"7 de junio de 2024","format":false,"excerpt":"Miembros de la Polic\u00eda Nacional asesinaron dos, uno se entreg\u00f3 y otro est\u00e1 pr\u00f3fugo en supuesto intercambio de disparos en los sectores de Herrera y Manoguayabo en Santo Domingo Oeste de los que asaltaron la sucursal del Banco Popular en La Avenida Luper\u00f3n. Los asaltantes se mov\u00edan en ese entorno\u2026","rel":"","context":"En \u00abMILITARES\u00bb","block_context":{"text":"MILITARES","link":"https:\/\/lasprimeras.com.do\/index.php\/category\/militares\/"},"img":{"alt_text":"asalto","src":"https:\/\/i0.wp.com\/lasprimeras.com.do\/wp-content\/uploads\/2024\/06\/asalto.jpg?resize=350%2C200&ssl=1","width":350,"height":200,"srcset":"https:\/\/i0.wp.com\/lasprimeras.com.do\/wp-content\/uploads\/2024\/06\/asalto.jpg?resize=350%2C200&ssl=1 1x, https:\/\/i0.wp.com\/lasprimeras.com.do\/wp-content\/uploads\/2024\/06\/asalto.jpg?resize=525%2C300&ssl=1 1.5x, https:\/\/i0.wp.com\/lasprimeras.com.do\/wp-content\/uploads\/2024\/06\/asalto.jpg?resize=700%2C400&ssl=1 2x"},"classes":[]},{"id":92436,"url":"https:\/\/lasprimeras.com.do\/index.php\/2025\/01\/04\/se-lamben-a-lokillo-en-enfrentamiento-con-la-policia-en-guayacanes-spm\/","url_meta":{"origin":84165,"position":2},"title":"Se lamben a &#8220;Lokillo&#8221; en enfrentamiento con la Polic\u00eda en Guayacanes SPM","author":"Nelson Feliz","date":"4 de enero de 2025","format":false,"excerpt":"En un incidente que ha conmocionado a la comunidad de San Pedro de Macor\u00eds, el reconocido delincuente apodado \"Lokillo\" perdi\u00f3 la vida durante un enfrentamiento con las unidades del Departamento de Investigaciones Criminales (Dicrim) en el municipio de Guayacanes. Lokillo era buscado por las autoridades por su implicaci\u00f3n en varios\u2026","rel":"","context":"En \u00abMILITARES\u00bb","block_context":{"text":"MILITARES","link":"https:\/\/lasprimeras.com.do\/index.php\/category\/militares\/"},"img":{"alt_text":"","src":"https:\/\/i0.wp.com\/lasprimeras.com.do\/wp-content\/uploads\/2025\/01\/Lokillo.jpg?resize=350%2C200&ssl=1","width":350,"height":200},"classes":[]},{"id":104603,"url":"https:\/\/lasprimeras.com.do\/index.php\/2025\/07\/25\/se-entrega-reconocido-delincuente-implicado-en-doble-homicidio-en-spm\/","url_meta":{"origin":84165,"position":3},"title":"Se entrega reconocido delincuente implicado en doble homicidio en SPM","author":"Nelson Feliz","date":"25 de julio de 2025","format":false,"excerpt":"Agentes de la Polic\u00eda Nacional, adscritos a la Divisi\u00f3n de Investigaciones de Homicidios de la Subdirecci\u00f3n Regional Este de Investigaci\u00f3n (DICRIM), arrestaron mediante entrega voluntaria a un reconocido antisocial, quien era activamente buscado mediante orden judicial por su presunta implicaci\u00f3n en un doble homicidio y una tentativa de homicidio ocurridos\u2026","rel":"","context":"En \u00abMILITARES\u00bb","block_context":{"text":"MILITARES","link":"https:\/\/lasprimeras.com.do\/index.php\/category\/militares\/"},"img":{"alt_text":"","src":"https:\/\/i0.wp.com\/lasprimeras.com.do\/wp-content\/uploads\/2025\/07\/dicrim.jpg?resize=350%2C200&ssl=1","width":350,"height":200,"srcset":"https:\/\/i0.wp.com\/lasprimeras.com.do\/wp-content\/uploads\/2025\/07\/dicrim.jpg?resize=350%2C200&ssl=1 1x, https:\/\/i0.wp.com\/lasprimeras.com.do\/wp-content\/uploads\/2025\/07\/dicrim.jpg?resize=525%2C300&ssl=1 1.5x, https:\/\/i0.wp.com\/lasprimeras.com.do\/wp-content\/uploads\/2025\/07\/dicrim.jpg?resize=700%2C400&ssl=1 2x"},"classes":[]},{"id":92064,"url":"https:\/\/lasprimeras.com.do\/index.php\/2024\/12\/14\/matan-en-plena-calle-a-agente-del-dicrim-en-bani\/","url_meta":{"origin":84165,"position":4},"title":"Matan en plena calle a agente del Dicrim en Ban\u00ed","author":"Nelson Feliz","date":"14 de diciembre de 2024","format":false,"excerpt":"Un agente de la Direcci\u00f3n Central de Investigaci\u00f3n de la Polic\u00eda Nacional (Dicrim), fue acribillado en una calle del municipio de Ban\u00ed, provincia Peravia. Seg\u00fan se muestra en varios videos difundidos a trav\u00e9s de las redes sociales, el oficial fue asesinado en un intercambio de disparos, al tratar de evitar\u2026","rel":"","context":"En \u00abNACIONALES\u00bb","block_context":{"text":"NACIONALES","link":"https:\/\/lasprimeras.com.do\/index.php\/category\/nacionales\/"},"img":{"alt_text":"","src":"https:\/\/i0.wp.com\/lasprimeras.com.do\/wp-content\/uploads\/2024\/12\/matan-en-plena-calle-a-agente-del-dicrim-en-bani.jpg?resize=350%2C200&ssl=1","width":350,"height":200,"srcset":"https:\/\/i0.wp.com\/lasprimeras.com.do\/wp-content\/uploads\/2024\/12\/matan-en-plena-calle-a-agente-del-dicrim-en-bani.jpg?resize=350%2C200&ssl=1 1x, https:\/\/i0.wp.com\/lasprimeras.com.do\/wp-content\/uploads\/2024\/12\/matan-en-plena-calle-a-agente-del-dicrim-en-bani.jpg?resize=525%2C300&ssl=1 1.5x, https:\/\/i0.wp.com\/lasprimeras.com.do\/wp-content\/uploads\/2024\/12\/matan-en-plena-calle-a-agente-del-dicrim-en-bani.jpg?resize=700%2C400&ssl=1 2x, https:\/\/i0.wp.com\/lasprimeras.com.do\/wp-content\/uploads\/2024\/12\/matan-en-plena-calle-a-agente-del-dicrim-en-bani.jpg?resize=1050%2C600&ssl=1 3x, https:\/\/i0.wp.com\/lasprimeras.com.do\/wp-content\/uploads\/2024\/12\/matan-en-plena-calle-a-agente-del-dicrim-en-bani.jpg?resize=1400%2C800&ssl=1 4x"},"classes":[]},{"id":48586,"url":"https:\/\/lasprimeras.com.do\/index.php\/2023\/05\/02\/dos-jovenes-mueren-tras-ser-impactadas-por-un-vehiculo-en-la-carretera-hato-mayor-spm\/","url_meta":{"origin":84165,"position":5},"title":"Dos jovenes mueren tras ser impactadas por un veh\u00edculo en la carretera Hato Mayor-SPM","author":"prenxa100","date":"2 de mayo de 2023","format":false,"excerpt":"Manuel Antonio Vega SAN PEDRO DE MACOR\u00cdS. \u2013 Una mujer y un hombre murieron tras ser impactados por un veh\u00edculo mientras se desplazaban en la carretera Mella, pr\u00f3ximo al batey Alejandro Bass del municipio Consuelo, provincia San Pedro de Macor\u00eds. Las victimas mortales solo han sido identificadas como Yasm\u00edn Dominga\u2026","rel":"","context":"En \u00abNACIONALES\u00bb","block_context":{"text":"NACIONALES","link":"https:\/\/lasprimeras.com.do\/index.php\/category\/nacionales\/"},"img":{"alt_text":"","src":"","width":0,"height":0},"classes":[]}],"jetpack_sharing_enabled":true,"_links":{"self":[{"href":"https:\/\/lasprimeras.com.do\/index.php\/wp-json\/wp\/v2\/posts\/84165","targetHints":{"allow":["GET"]}}],"collection":[{"href":"https:\/\/lasprimeras.com.do\/index.php\/wp-json\/wp\/v2\/posts"}],"about":[{"href":"https:\/\/lasprimeras.com.do\/index.php\/wp-json\/wp\/v2\/types\/post"}],"author":[{"embeddable":true,"href":"https:\/\/lasprimeras.com.do\/index.php\/wp-json\/wp\/v2\/users\/2"}],"replies":[{"embeddable":true,"href":"https:\/\/lasprimeras.com.do\/index.php\/wp-json\/wp\/v2\/comments?post=84165"}],"version-history":[{"count":1,"href":"https:\/\/lasprimeras.com.do\/index.php\/wp-json\/wp\/v2\/posts\/84165\/revisions"}],"predecessor-version":[{"id":84168,"href":"https:\/\/lasprimeras.com.do\/index.php\/wp-json\/wp\/v2\/posts\/84165\/revisions\/84168"}],"wp:featuredmedia":[{"embeddable":true,"href":"https:\/\/lasprimeras.com.do\/index.php\/wp-json\/wp\/v2\/media\/84166"}],"wp:attachment":[{"href":"https:\/\/lasprimeras.com.do\/index.php\/wp-json\/wp\/v2\/media?parent=84165"}],"wp:term":[{"taxonomy":"category","embeddable":true,"href":"https:\/\/lasprimeras.com.do\/index.php\/wp-json\/wp\/v2\/categories?post=84165"},{"taxonomy":"post_tag","embeddable":true,"href":"https:\/\/lasprimeras.com.do\/index.php\/wp-json\/wp\/v2\/tags?post=84165"}],"curies":[{"name":"wp","href":"https:\/\/api.w.org\/{rel}","templated":true}]}}