{"id":84204,"date":"2024-06-03T10:49:08","date_gmt":"2024-06-03T14:49:08","guid":{"rendered":"https:\/\/lasprimeras.com.do\/?p=84204"},"modified":"2024-06-03T10:49:10","modified_gmt":"2024-06-03T14:49:10","slug":"la-oms-advierte-de-una-enfermedad-x-aseguran-que-es-mas-letal-que-el-covid-19","status":"publish","type":"post","link":"https:\/\/lasprimeras.com.do\/index.php\/2024\/06\/03\/la-oms-advierte-de-una-enfermedad-x-aseguran-que-es-mas-letal-que-el-covid-19\/","title":{"rendered":"La OMS advierte de una enfermedad X: aseguran que es m\u00e1s letal que el covid-19"},"content":{"rendered":"\n<p><strong>Los expertos se preparan para un escenario de esta posible enfermedad que ser\u00eda tan catastr\u00f3fica que podr\u00eda causar 20 veces m\u00e1s muertes que el covid-19.<\/strong><\/p>\n\n\n\n<p>Roc\u00edo Lasheras<\/p>\n\n\n\n<p>A lo largo de esta semana, el director general de la Organizaci\u00f3n Mundial de la Salud (OMS), Tedros Adhanom Ghebreyesus, participar\u00e1 en la reuni\u00f3n anual del Foro Econ\u00f3mico Mundial que se celebra en Davos, Suiza, en una sesi\u00f3n llamada &#8220;Prepar\u00e1ndose para la enfermedad X&#8221;.<\/p>\n\n\n\n<p>La enfermedad X es un t\u00e9rmino utilizado por la OMS desde 2018 para referirse a un pat\u00f3geno todav\u00eda desconocido que puede emerger y propagarse con rapidez por todo el mundo, y que ser\u00eda hasta 20 veces m\u00e1s letal que el coronavirus, seg\u00fan alertas recientes de ese organismo internacional.<\/p>\n\n\n\n<p>Por tanto, seg\u00fan explican en The Economist, la OMS explica que &#8220;la enfermedad X representa el conocimiento de que una epidemia internacional grave podr\u00eda ser causada por un pat\u00f3geno del que actualmente se desconozca que cause enfermedades humanas&#8221;.<\/p>\n\n\n\n<p>Sin embargo, no se trata de una nueva epidemia, sino que el t\u00e9rmino se emplea como met\u00e1fora para concienciar sobre la necesidad de abordar programas coordinados de salud p\u00fablica para reducir el riesgo de que las epidemias pasen a ser pandemias.<\/p>\n\n\n\n<p>En abril de 2023, despu\u00e9s de decretar el fin de la emergencia mundial por covid-19, la organizaci\u00f3n dio a conocer la Iniciativa de Preparaci\u00f3n y Resiliencia para las Amenazas Emergentes (PRET, por sus siglas en ingl\u00e9s), que tiene como objetivo entregar informaci\u00f3n \u00fatil y ofrecer un espacio de colaboraci\u00f3n para que los gobiernos y autoridades sanitarias de todos los niveles fortalezcan sus mecanismos de prevenci\u00f3n, atenci\u00f3n y respuesta ante posibles epidemias.<\/p>\n\n\n\n<p>B\u00e1sicamente, uno de los objetivos de todo esto es evaluar &#8220;qu\u00e9 nuevos esfuerzos ser\u00edan necesarios para preparar los sistemas de salud para los m\u00faltiples desaf\u00edos que se avecinan&#8221;.<\/p>\n\n\n\n<p>La OMS ha alertado de que la amenaza de &#8220;otro pat\u00f3geno emergente con un potencial a\u00fan m\u00e1s mortal&#8221; permanece, por lo que ha pedido a la comunidad internacional que se &#8220;prepare&#8221; ante la posibilidad de que emerjan nuevas pandemias.<\/p>\n\n\n\n<p>&#8220;Cuando llegue la pr\u00f3xima pandemia, que lo har\u00e1, debemos estar preparados para responder de manera decisiva, colectiva y equitativa&#8221;, ha afirmado Tedros Adhanom.<\/p>\n\n\n\n<p>Seg\u00fan la OMS, aunque las pandemias est\u00e1n lejos de ser la \u00fanica amenaza para la humanidad, da por seguro que los nuevos pat\u00f3genos y las nuevas pandemias llegar\u00e1n, por lo que ha instado a los l\u00edderes mundiales a dise\u00f1ar una estrategia frente a estas adversidades.<\/p>\n\n\n\n<p>Fuente www.lasexta.com<\/p>\n","protected":false},"excerpt":{"rendered":"<p>Los expertos se preparan para un escenario de esta posible enfermedad que ser\u00eda tan catastr\u00f3fica que podr\u00eda causar 20 veces m\u00e1s muertes que el covid-19. Roc\u00edo Lasheras A lo largo&hellip;<\/p>\n","protected":false},"author":2,"featured_media":84205,"comment_status":"open","ping_status":"open","sticky":false,"template":"","format":"standard","meta":{"content-type":"","jetpack_post_was_ever_published":false,"_jetpack_newsletter_access":"","_jetpack_dont_email_post_to_subs":false,"_jetpack_newsletter_tier_id":0,"_jetpack_memberships_contains_paywalled_content":false,"_jetpack_memberships_contains_paid_content":false,"footnotes":""},"categories":[1],"tags":[704,13343,13342,1522],"class_list":["post-84204","post","type-post","status-publish","format-standard","has-post-thumbnail","hentry","category-sin-categoria","tag-covid-19","tag-enfermedad-x","tag-letal","tag-oms"],"jetpack_featured_media_url":"https:\/\/lasprimeras.com.do\/wp-content\/uploads\/2024\/06\/OMS.jpg","jetpack-related-posts":[{"id":87968,"url":"https:\/\/lasprimeras.com.do\/index.php\/2024\/08\/20\/director-de-oms-europa-dice-que-fracaso-en-erradicacion-de-la-viruela-simica-fue-por-falta-de-compromiso-y-recursos\/","url_meta":{"origin":84204,"position":0},"title":"Director de OMS Europa dice que fracaso en erradicaci\u00f3n de la viruela s\u00edmica fue por falta de compromiso y recursos","author":"Nelson Feliz","date":"20 de agosto de 2024","format":false,"excerpt":"Portavoz de la OMS afirma que no se recomienda el uso de mascarilla para prevenir el contagio de la viruela s\u00edmica, ya que el contacto es de piel a piel. La Organizaci\u00f3n Mundial de la Salud (OMS) emiti\u00f3 un mensaje por el nuevo brote de viruela s\u00edmica (mpox en ingl\u00e9s)\u2026","rel":"","context":"En \u00abSin categor\u00eda\u00bb","block_context":{"text":"Sin categor\u00eda","link":"https:\/\/lasprimeras.com.do\/index.php\/category\/sin-categoria\/"},"img":{"alt_text":"Hans Kluge","src":"https:\/\/i0.wp.com\/lasprimeras.com.do\/wp-content\/uploads\/2024\/08\/Hans-Kluge.jpg?resize=350%2C200&ssl=1","width":350,"height":200,"srcset":"https:\/\/i0.wp.com\/lasprimeras.com.do\/wp-content\/uploads\/2024\/08\/Hans-Kluge.jpg?resize=350%2C200&ssl=1 1x, https:\/\/i0.wp.com\/lasprimeras.com.do\/wp-content\/uploads\/2024\/08\/Hans-Kluge.jpg?resize=525%2C300&ssl=1 1.5x, https:\/\/i0.wp.com\/lasprimeras.com.do\/wp-content\/uploads\/2024\/08\/Hans-Kluge.jpg?resize=700%2C400&ssl=1 2x"},"classes":[]},{"id":50042,"url":"https:\/\/lasprimeras.com.do\/index.php\/2023\/05\/16\/especialista-salud-ffaa-llaman-poblacion-mantener-protocolos-por-secuelas-covid-19\/","url_meta":{"origin":84204,"position":1},"title":"Especialista salud FFAA llaman poblaci\u00f3n mantener protocolos por secuelas Covid-19","author":"prenxa100","date":"16 de mayo de 2023","format":false,"excerpt":"Por Wilson P\u00e9rez SANTO DOMINGO.- Aunque la Organizaci\u00f3n Mundial de Salud (OMS) declar\u00f3 el fin de la emergencia sanitaria de la Covid-19, m\u00e9dicos militares del Hospital Central de las Fuerzas Armadas recomendaron a la poblaci\u00f3n, mantener el protocolo de higiene por la alerta de las secuelas de la enfermedad a\u2026","rel":"","context":"En \u00abSin categor\u00eda\u00bb","block_context":{"text":"Sin categor\u00eda","link":"https:\/\/lasprimeras.com.do\/index.php\/category\/sin-categoria\/"},"img":{"alt_text":"","src":"","width":0,"height":0},"classes":[]},{"id":62016,"url":"https:\/\/lasprimeras.com.do\/index.php\/2023\/10\/02\/oms-recomienda-primera-vacuna-contra-el-dengue-cuya-transmision-crece-en-latinoamerica\/","url_meta":{"origin":84204,"position":2},"title":"OMS recomienda primera vacuna contra el dengue, cuya transmisi\u00f3n crece en Latinoam\u00e9rica","author":"Nelson Feliz","date":"2 de octubre de 2023","format":false,"excerpt":"La Organizaci\u00f3n Mundial de la Salud (OMS) recomend\u00f3 hoy la primera vacuna contra el dengue, desarrollada por la farmac\u00e9utica japonesa Takeda, en un momento en el que la transmisi\u00f3n de esta enfermedad aumenta en regiones como Latinoam\u00e9rica a causa del cambio clim\u00e1tico, entre otros factores. La vacuna cuadrivalente TAK-003, basada\u2026","rel":"","context":"En \u00abPORTADA\u00bb","block_context":{"text":"PORTADA","link":"https:\/\/lasprimeras.com.do\/index.php\/category\/portada\/"},"img":{"alt_text":"brote de dengue","src":"https:\/\/i0.wp.com\/lasprimeras.com.do\/wp-content\/uploads\/2023\/09\/Dengue.jpg?resize=350%2C200&ssl=1","width":350,"height":200,"srcset":"https:\/\/i0.wp.com\/lasprimeras.com.do\/wp-content\/uploads\/2023\/09\/Dengue.jpg?resize=350%2C200&ssl=1 1x, https:\/\/i0.wp.com\/lasprimeras.com.do\/wp-content\/uploads\/2023\/09\/Dengue.jpg?resize=525%2C300&ssl=1 1.5x, https:\/\/i0.wp.com\/lasprimeras.com.do\/wp-content\/uploads\/2023\/09\/Dengue.jpg?resize=700%2C400&ssl=1 2x"},"classes":[]},{"id":73301,"url":"https:\/\/lasprimeras.com.do\/index.php\/2024\/01\/08\/oms-pide-vuelta-de-las-mascarillas-y-volver-a-vacunarse-contra\/","url_meta":{"origin":84204,"position":3},"title":"OMS pide vuelta de las mascarillas y volver a vacunarse contra el Covid-19","author":"BIMARY DE JES\u00daS Matos","date":"8 de enero de 2024","format":false,"excerpt":"Santo Domingo.-El director general de la Organizaci\u00f3n Mundial de la Salud (OMS), Tedros Adhanom Ghebreyesus, inst\u00f3 al mundo a usar mascarillas. Asimismo, a vacunarse por la creciente incidencia de patolog\u00edas relacionadas con el covid-19. \u201cLas enfermedades respiratorias causadas por covid-19, la gripe y otros pat\u00f3genos aumentaron en muchos pa\u00edses durante\u2026","rel":"","context":"En \u00abSin categor\u00eda\u00bb","block_context":{"text":"Sin categor\u00eda","link":"https:\/\/lasprimeras.com.do\/index.php\/category\/sin-categoria\/"},"img":{"alt_text":"","src":"https:\/\/i0.wp.com\/lasprimeras.com.do\/wp-content\/uploads\/2024\/01\/Noticias-de-energia-2024-01-08T102410.429.jpg?resize=350%2C200&ssl=1","width":350,"height":200,"srcset":"https:\/\/i0.wp.com\/lasprimeras.com.do\/wp-content\/uploads\/2024\/01\/Noticias-de-energia-2024-01-08T102410.429.jpg?resize=350%2C200&ssl=1 1x, https:\/\/i0.wp.com\/lasprimeras.com.do\/wp-content\/uploads\/2024\/01\/Noticias-de-energia-2024-01-08T102410.429.jpg?resize=525%2C300&ssl=1 1.5x"},"classes":[]},{"id":57706,"url":"https:\/\/lasprimeras.com.do\/index.php\/2023\/08\/15\/salud-publica-da-seguimiento-a-la-nueva-variante-de-covid-19-la-eg-5\/","url_meta":{"origin":84204,"position":4},"title":"Salud P\u00fablica da seguimiento a la nueva variante de COVID-19, la EG.5","author":"Nelson Feliz","date":"15 de agosto de 2023","format":false,"excerpt":"Las autoridades dominicanas de Salud P\u00fablica dan seguimiento a la nueva variante de COVID-19, la EG.5, que circula ya en varios pa\u00edses y de la que la Organizaci\u00f3n Mundial de la Salud (OMS) ha advertido que aument\u00f3 su prevalec\u00eda, tiene ventajas de crecimiento y caracter\u00edsticas de escape inmunol\u00f3gico. Se trata\u2026","rel":"","context":"En \u00abSin categor\u00eda\u00bb","block_context":{"text":"Sin categor\u00eda","link":"https:\/\/lasprimeras.com.do\/index.php\/category\/sin-categoria\/"},"img":{"alt_text":"","src":"https:\/\/i0.wp.com\/lasprimeras.com.do\/wp-content\/uploads\/2023\/06\/covid.jpg?resize=350%2C200&ssl=1","width":350,"height":200,"srcset":"https:\/\/i0.wp.com\/lasprimeras.com.do\/wp-content\/uploads\/2023\/06\/covid.jpg?resize=350%2C200&ssl=1 1x, https:\/\/i0.wp.com\/lasprimeras.com.do\/wp-content\/uploads\/2023\/06\/covid.jpg?resize=525%2C300&ssl=1 1.5x, https:\/\/i0.wp.com\/lasprimeras.com.do\/wp-content\/uploads\/2023\/06\/covid.jpg?resize=700%2C400&ssl=1 2x"},"classes":[]},{"id":105145,"url":"https:\/\/lasprimeras.com.do\/index.php\/2025\/07\/31\/oms-anuncia-que-la-hepatitis-d-es-clasificada-de-cancerigena\/","url_meta":{"origin":84204,"position":5},"title":"OMS anuncia que la hepatitis D es clasificada de cancer\u00edgena","author":"Nelson Feliz","date":"31 de julio de 2025","format":false,"excerpt":"Ginebra,PRENSA LATINA .- La Organizaci\u00f3n Mundial de la Salud (OMS) anunci\u00f3 que la hepatitis D est\u00e1 clasificada hoy como cancer\u00edgena, y hace un llamamiento a los gobiernos y asociados para que aceleren los esfuerzos por eliminar las hepatitis v\u00edricas. De acuerdo con la OMS, el Centro Internacional de Investigaciones sobre\u2026","rel":"","context":"En \u00abSALUD\u00bb","block_context":{"text":"SALUD","link":"https:\/\/lasprimeras.com.do\/index.php\/category\/salud\/"},"img":{"alt_text":"","src":"","width":0,"height":0},"classes":[]}],"jetpack_sharing_enabled":true,"_links":{"self":[{"href":"https:\/\/lasprimeras.com.do\/index.php\/wp-json\/wp\/v2\/posts\/84204","targetHints":{"allow":["GET"]}}],"collection":[{"href":"https:\/\/lasprimeras.com.do\/index.php\/wp-json\/wp\/v2\/posts"}],"about":[{"href":"https:\/\/lasprimeras.com.do\/index.php\/wp-json\/wp\/v2\/types\/post"}],"author":[{"embeddable":true,"href":"https:\/\/lasprimeras.com.do\/index.php\/wp-json\/wp\/v2\/users\/2"}],"replies":[{"embeddable":true,"href":"https:\/\/lasprimeras.com.do\/index.php\/wp-json\/wp\/v2\/comments?post=84204"}],"version-history":[{"count":1,"href":"https:\/\/lasprimeras.com.do\/index.php\/wp-json\/wp\/v2\/posts\/84204\/revisions"}],"predecessor-version":[{"id":84206,"href":"https:\/\/lasprimeras.com.do\/index.php\/wp-json\/wp\/v2\/posts\/84204\/revisions\/84206"}],"wp:featuredmedia":[{"embeddable":true,"href":"https:\/\/lasprimeras.com.do\/index.php\/wp-json\/wp\/v2\/media\/84205"}],"wp:attachment":[{"href":"https:\/\/lasprimeras.com.do\/index.php\/wp-json\/wp\/v2\/media?parent=84204"}],"wp:term":[{"taxonomy":"category","embeddable":true,"href":"https:\/\/lasprimeras.com.do\/index.php\/wp-json\/wp\/v2\/categories?post=84204"},{"taxonomy":"post_tag","embeddable":true,"href":"https:\/\/lasprimeras.com.do\/index.php\/wp-json\/wp\/v2\/tags?post=84204"}],"curies":[{"name":"wp","href":"https:\/\/api.w.org\/{rel}","templated":true}]}}