{"id":84337,"date":"2024-06-04T10:22:00","date_gmt":"2024-06-04T14:22:00","guid":{"rendered":"https:\/\/lasprimeras.com.do\/?p=84337"},"modified":"2024-06-06T10:28:10","modified_gmt":"2024-06-06T14:28:10","slug":"diputado-pide-a-los-partidos-opositores-dejar-el-miedo-con-la-reforma-constitucional","status":"publish","type":"post","link":"https:\/\/lasprimeras.com.do\/index.php\/2024\/06\/04\/diputado-pide-a-los-partidos-opositores-dejar-el-miedo-con-la-reforma-constitucional\/","title":{"rendered":"Diputado pide a los partidos opositores dejar el miedo con la reforma Constitucional"},"content":{"rendered":"\n<p><strong>Asegur\u00f3 que el gobierno no va a utilizar su mayor\u00eda para aplastar, ni para hacer una reforma Constitucional sin consenso.<\/strong><\/p>\n\n\n\n<p>El diputado electo del Partido Revolucionario Moderno (PRM) por San Pedro de Macor\u00eds, Luis G\u00f3mez, asegur\u00f3 que el presidente Luis Abinader y su gobierno no va a utilizar la reforma a la Constituci\u00f3n para tratar de reelegirse en las elecciones del 2028.<\/p>\n\n\n\n<p>G\u00f3mez, dijo a los partidos de la oposici\u00f3n que no tengan temor, \u201cque no tengan miedo\u201d, reforma a la Constituci\u00f3n ser\u00e1 para ajustar varios temas y procedimientos necesarios en beneficios de la poblaci\u00f3n dominicana.<\/p>\n\n\n\n<p>Asegur\u00f3 que el gobierno no va a utilizar su mayor\u00eda para aplastar, ni para hacer una reforma Constitucional sin consenso, sino que se va a consultar a los principales l\u00edderes pol\u00edticos, la sociedad civil y otros sectores para llegar a su aprobaci\u00f3n.<\/p>\n\n\n\n<p>Con relaci\u00f3n a una Reforma Fiscal, Luis G\u00f3mez record\u00f3 que los Partidos de la Liberaci\u00f3n Dominicana (PLD) y Fuerza del Pueblo -FP-, siempre plantearon que hab\u00eda que hacer una reforma fiscal, y se pregunt\u00f3 \u00bfpor qu\u00e9 ahora la cuestionan?.<\/p>\n\n\n\n<p>\u201cLe digo que no deben tener temor, no deben tener miedo, lo que pasa es que ellos saben lo que hicieron con la Constituci\u00f3n, y ellos temen que en un proceso con la mayor\u00eda se haga la reforma y que Luis Abinader pueda optar de nuevo a la Presidencia, y eso no va a suceder\u201d, puntualiz\u00f3.<\/p>\n\n\n\n<p>Reiter\u00f3 que habr\u00e1 reforma Constitucional y reforma Fiscal, siempre con consenso y pensando en los mejores intereses del pueblo dominicano, ya que el pueblo le dio poder en las elecciones Municipales, Presidenciales y Congresuales \u201clos partidos opositores deben esperar los puntos que se tratar\u00e1n en la reforma para opinar\u201d.<\/p>\n","protected":false},"excerpt":{"rendered":"<p>Asegur\u00f3 que el gobierno no va a utilizar su mayor\u00eda para aplastar, ni para hacer una reforma Constitucional sin consenso. El diputado electo del Partido Revolucionario Moderno (PRM) por San&hellip;<\/p>\n","protected":false},"author":2,"featured_media":84338,"comment_status":"open","ping_status":"open","sticky":false,"template":"","format":"standard","meta":{"content-type":"","jetpack_post_was_ever_published":false,"_jetpack_newsletter_access":"","_jetpack_dont_email_post_to_subs":false,"_jetpack_newsletter_tier_id":0,"_jetpack_memberships_contains_paywalled_content":false,"_jetpack_memberships_contains_paid_content":false,"footnotes":""},"categories":[1],"tags":[7345,78,13083,8413,2075,718,820],"class_list":["post-84337","post","type-post","status-publish","format-standard","has-post-thumbnail","hentry","category-sin-categoria","tag-constitucional","tag-diputado","tag-luis-gomez","tag-miedo","tag-opositores","tag-partidos","tag-reforma"],"jetpack_featured_media_url":"https:\/\/lasprimeras.com.do\/wp-content\/uploads\/2024\/06\/Luis-Gomez.jpg","jetpack-related-posts":[{"id":112889,"url":"https:\/\/lasprimeras.com.do\/index.php\/2025\/10\/28\/abinader-resalta-valor-democratico-de-la-reforma-constitucional-que-limita-la-reeleccion\/","url_meta":{"origin":84337,"position":0},"title":"Abinader resalta valor democr\u00e1tico de la reforma constitucional que limita la reelecci\u00f3n","author":"Nelson Feliz","date":"28 de octubre de 2025","format":false,"excerpt":"Mandatario asiste a la puesta en circulaci\u00f3n de la edici\u00f3n ampliada del libro \u201cReformas a la Constituci\u00f3n Pol\u00edtica Dominicana\u201d de Antoliano Peralta Romero y Rafael Peralta Romero. El presidente Luis Abinader afirm\u00f3 que la reforma constitucional de 2024, que limita la reelecci\u00f3n presidencial consecutiva, constituye una garant\u00eda para la estabilidad\u2026","rel":"","context":"En \u00abNACIONALES\u00bb","block_context":{"text":"NACIONALES","link":"https:\/\/lasprimeras.com.do\/index.php\/category\/nacionales\/"},"img":{"alt_text":"Luis Abinader","src":"https:\/\/i0.wp.com\/lasprimeras.com.do\/wp-content\/uploads\/2025\/10\/Luis-Abinader-11.jpg?resize=350%2C200&ssl=1","width":350,"height":200,"srcset":"https:\/\/i0.wp.com\/lasprimeras.com.do\/wp-content\/uploads\/2025\/10\/Luis-Abinader-11.jpg?resize=350%2C200&ssl=1 1x, https:\/\/i0.wp.com\/lasprimeras.com.do\/wp-content\/uploads\/2025\/10\/Luis-Abinader-11.jpg?resize=525%2C300&ssl=1 1.5x, https:\/\/i0.wp.com\/lasprimeras.com.do\/wp-content\/uploads\/2025\/10\/Luis-Abinader-11.jpg?resize=700%2C400&ssl=1 2x"},"classes":[]},{"id":105272,"url":"https:\/\/lasprimeras.com.do\/index.php\/2025\/08\/01\/congreso-salvadoreno-ratifica-reforma-para-permitir-la-reeleccion-presidencial-indefinida\/","url_meta":{"origin":84337,"position":1},"title":"Congreso salvadore\u00f1o ratifica reforma para permitir la reelecci\u00f3n presidencial indefinida","author":"Nelson Feliz","date":"1 de agosto de 2025","format":false,"excerpt":"POR MARCOS ALEM\u00c1N SAN SALVADOR (AP) \u2014 El Congreso de El Salvador, controlado por el partido Nuevas Ideas del presidente Nayib Bukele, ratific\u00f3 el jueves las reformas a la Constituci\u00f3n para permitir la reelecci\u00f3n presidencial indefinida y extender el mandato de cinco a seis a\u00f1os. La diputada Ana Figueroa, de\u2026","rel":"","context":"En \u00abINTERNACIONALES\u00bb","block_context":{"text":"INTERNACIONALES","link":"https:\/\/lasprimeras.com.do\/index.php\/category\/sin-categoria\/internacionales\/"},"img":{"alt_text":"","src":"https:\/\/i0.wp.com\/lasprimeras.com.do\/wp-content\/uploads\/2025\/08\/Nayib-Bukele.jpg?resize=350%2C200&ssl=1","width":350,"height":200,"srcset":"https:\/\/i0.wp.com\/lasprimeras.com.do\/wp-content\/uploads\/2025\/08\/Nayib-Bukele.jpg?resize=350%2C200&ssl=1 1x, https:\/\/i0.wp.com\/lasprimeras.com.do\/wp-content\/uploads\/2025\/08\/Nayib-Bukele.jpg?resize=525%2C300&ssl=1 1.5x, https:\/\/i0.wp.com\/lasprimeras.com.do\/wp-content\/uploads\/2025\/08\/Nayib-Bukele.jpg?resize=700%2C400&ssl=1 2x"},"classes":[]},{"id":88090,"url":"https:\/\/lasprimeras.com.do\/index.php\/2024\/08\/22\/leonel-fernandez-asegura-que-la-reforma-constitucional-es-absolutamente-innecesaria\/","url_meta":{"origin":84337,"position":2},"title":"Leonel Fern\u00e1ndez asegura que la reforma constitucional es absolutamente innecesaria","author":"Nelson Feliz","date":"22 de agosto de 2024","format":false,"excerpt":"Con la propuesta de reforma, el presidente Abinader indirectamente reconoce la independencia del Ministerio P\u00fablico que Leonel ha defendido. El presidente del partido Fuerza del Pueblo (FP), Leonel Fern\u00e1ndez, inform\u00f3 hoy que, tras analizar el proyecto que declara la necesidad de una reforma constitucional presentado por el Poder Ejecutivo, la\u2026","rel":"","context":"En \u00abPORTADA\u00bb","block_context":{"text":"PORTADA","link":"https:\/\/lasprimeras.com.do\/index.php\/category\/portada\/"},"img":{"alt_text":"Leonel Fern\u00e1ndez","src":"https:\/\/i0.wp.com\/lasprimeras.com.do\/wp-content\/uploads\/2024\/08\/Leonel-Fernandez-1-1.jpg?resize=350%2C200&ssl=1","width":350,"height":200,"srcset":"https:\/\/i0.wp.com\/lasprimeras.com.do\/wp-content\/uploads\/2024\/08\/Leonel-Fernandez-1-1.jpg?resize=350%2C200&ssl=1 1x, https:\/\/i0.wp.com\/lasprimeras.com.do\/wp-content\/uploads\/2024\/08\/Leonel-Fernandez-1-1.jpg?resize=525%2C300&ssl=1 1.5x, https:\/\/i0.wp.com\/lasprimeras.com.do\/wp-content\/uploads\/2024\/08\/Leonel-Fernandez-1-1.jpg?resize=700%2C400&ssl=1 2x"},"classes":[]},{"id":87418,"url":"https:\/\/lasprimeras.com.do\/index.php\/2024\/08\/14\/adocco-saluda-propuesta-de-reforma-constitucional\/","url_meta":{"origin":84337,"position":3},"title":"ADOCCO saluda propuesta de reforma constitucional","author":"Nelson Feliz","date":"14 de agosto de 2024","format":false,"excerpt":"El presidente de la Alianza Dominicana contra la Corrupci\u00f3n (ADOCCO), Julio C\u00e9sar de la Rosa, expres\u00f3 su plena identificaci\u00f3n con la propuesta de reforma constitucional hecha por el Presidente de la Rep\u00fablica, Luis Abinader. Considera que los puntos planteados obedecen a un clamor p\u00fablico y vienen a resolver varios \u201centuertos\u201d\u2026","rel":"","context":"En \u00abNACIONALES\u00bb","block_context":{"text":"NACIONALES","link":"https:\/\/lasprimeras.com.do\/index.php\/category\/nacionales\/"},"img":{"alt_text":"Julio C\u00e9sar de la Rosa","src":"https:\/\/i0.wp.com\/lasprimeras.com.do\/wp-content\/uploads\/2024\/08\/Julio-Cesar-de-la-Rosa.jpg?resize=350%2C200&ssl=1","width":350,"height":200,"srcset":"https:\/\/i0.wp.com\/lasprimeras.com.do\/wp-content\/uploads\/2024\/08\/Julio-Cesar-de-la-Rosa.jpg?resize=350%2C200&ssl=1 1x, https:\/\/i0.wp.com\/lasprimeras.com.do\/wp-content\/uploads\/2024\/08\/Julio-Cesar-de-la-Rosa.jpg?resize=525%2C300&ssl=1 1.5x"},"classes":[]},{"id":87960,"url":"https:\/\/lasprimeras.com.do\/index.php\/2024\/08\/20\/luis-el-gallo-defiende-derecho-abinader-a-fijar-posicion-en-la-crisis-de-venezuela\/","url_meta":{"origin":84337,"position":4},"title":"Luis \u201cEl Gallo defiende derecho Abinader a fijar posici\u00f3n en la crisis de Venezuela","author":"Nelson Feliz","date":"20 de agosto de 2024","format":false,"excerpt":"UDC apoya reforma constitucional El presidente de la Uni\u00f3n Dem\u00f3crata Cristiana \u2013UDC-, Luis Acosta Moreta. Luis \u201cEl Gallo\u201d, defendi\u00f3 hoy el derecho del presidente Luis Abinader de hacer reformas constitucionales, y favorece la l\u00ednea de pol\u00edtica internacional en el caso de Venezuela. Agreg\u00f3 que el presidente Abinader da una demostraci\u00f3n\u2026","rel":"","context":"En \u00abPORTADA\u00bb","block_context":{"text":"PORTADA","link":"https:\/\/lasprimeras.com.do\/index.php\/category\/portada\/"},"img":{"alt_text":"","src":"https:\/\/i0.wp.com\/lasprimeras.com.do\/wp-content\/uploads\/2024\/07\/Luis-Acosta-Moreta-2.jpg?resize=350%2C200&ssl=1","width":350,"height":200,"srcset":"https:\/\/i0.wp.com\/lasprimeras.com.do\/wp-content\/uploads\/2024\/07\/Luis-Acosta-Moreta-2.jpg?resize=350%2C200&ssl=1 1x, https:\/\/i0.wp.com\/lasprimeras.com.do\/wp-content\/uploads\/2024\/07\/Luis-Acosta-Moreta-2.jpg?resize=525%2C300&ssl=1 1.5x, https:\/\/i0.wp.com\/lasprimeras.com.do\/wp-content\/uploads\/2024\/07\/Luis-Acosta-Moreta-2.jpg?resize=700%2C400&ssl=1 2x"},"classes":[]},{"id":124886,"url":"https:\/\/lasprimeras.com.do\/index.php\/2026\/03\/17\/bukele-y-su-partido-impulsan-reforma-para-establecer-cadena-perpetua-en-el-salvador\/","url_meta":{"origin":84337,"position":5},"title":"Bukele y su partido impulsan reforma para establecer cadena perpetua en El Salvador","author":"Nelson Feliz","date":"17 de marzo de 2026","format":false,"excerpt":"SAN SALVADOR (AP) \u2014 El presidente Nayib Bukele y su partido impulsan una reforma constitucional con el fin de establecer la cadena perpetua para asesinos, violadores y terroristas, en un pa\u00eds que ha encarcelado a m\u00e1s del 1% de su poblaci\u00f3n en su guerra contra las pandillas. \u201cEn estos momentos,\u2026","rel":"","context":"En \u00abINTERNACIONALES\u00bb","block_context":{"text":"INTERNACIONALES","link":"https:\/\/lasprimeras.com.do\/index.php\/category\/sin-categoria\/internacionales\/"},"img":{"alt_text":"Nayib Bukele","src":"https:\/\/i0.wp.com\/lasprimeras.com.do\/wp-content\/uploads\/2026\/03\/Nayib-Bukele.jpg?resize=350%2C200&ssl=1","width":350,"height":200,"srcset":"https:\/\/i0.wp.com\/lasprimeras.com.do\/wp-content\/uploads\/2026\/03\/Nayib-Bukele.jpg?resize=350%2C200&ssl=1 1x, https:\/\/i0.wp.com\/lasprimeras.com.do\/wp-content\/uploads\/2026\/03\/Nayib-Bukele.jpg?resize=525%2C300&ssl=1 1.5x, https:\/\/i0.wp.com\/lasprimeras.com.do\/wp-content\/uploads\/2026\/03\/Nayib-Bukele.jpg?resize=700%2C400&ssl=1 2x"},"classes":[]}],"jetpack_sharing_enabled":true,"_links":{"self":[{"href":"https:\/\/lasprimeras.com.do\/index.php\/wp-json\/wp\/v2\/posts\/84337","targetHints":{"allow":["GET"]}}],"collection":[{"href":"https:\/\/lasprimeras.com.do\/index.php\/wp-json\/wp\/v2\/posts"}],"about":[{"href":"https:\/\/lasprimeras.com.do\/index.php\/wp-json\/wp\/v2\/types\/post"}],"author":[{"embeddable":true,"href":"https:\/\/lasprimeras.com.do\/index.php\/wp-json\/wp\/v2\/users\/2"}],"replies":[{"embeddable":true,"href":"https:\/\/lasprimeras.com.do\/index.php\/wp-json\/wp\/v2\/comments?post=84337"}],"version-history":[{"count":1,"href":"https:\/\/lasprimeras.com.do\/index.php\/wp-json\/wp\/v2\/posts\/84337\/revisions"}],"predecessor-version":[{"id":84339,"href":"https:\/\/lasprimeras.com.do\/index.php\/wp-json\/wp\/v2\/posts\/84337\/revisions\/84339"}],"wp:featuredmedia":[{"embeddable":true,"href":"https:\/\/lasprimeras.com.do\/index.php\/wp-json\/wp\/v2\/media\/84338"}],"wp:attachment":[{"href":"https:\/\/lasprimeras.com.do\/index.php\/wp-json\/wp\/v2\/media?parent=84337"}],"wp:term":[{"taxonomy":"category","embeddable":true,"href":"https:\/\/lasprimeras.com.do\/index.php\/wp-json\/wp\/v2\/categories?post=84337"},{"taxonomy":"post_tag","embeddable":true,"href":"https:\/\/lasprimeras.com.do\/index.php\/wp-json\/wp\/v2\/tags?post=84337"}],"curies":[{"name":"wp","href":"https:\/\/api.w.org\/{rel}","templated":true}]}}