{"id":84377,"date":"2024-06-07T10:50:01","date_gmt":"2024-06-07T14:50:01","guid":{"rendered":"https:\/\/lasprimeras.com.do\/?p=84377"},"modified":"2024-06-07T10:50:03","modified_gmt":"2024-06-07T14:50:03","slug":"melanio-sostiene-pueden-manejar-con-inteligencia-situacion-pld","status":"publish","type":"post","link":"https:\/\/lasprimeras.com.do\/index.php\/2024\/06\/07\/melanio-sostiene-pueden-manejar-con-inteligencia-situacion-pld\/","title":{"rendered":"Melanio sostiene pueden manejar con inteligencia situaci\u00f3n PLD"},"content":{"rendered":"\n<p>El miembro del Comit\u00e9 Pol\u00edtico del Partido de la Liberaci\u00f3n Dominicana, Melanio Paredes, expres\u00f3 que no ha firmado carta ni documento para que el ex presidente de la Rep\u00fablica Danilo Medina renuncie a la presidencia del PLD.<\/p>\n\n\n\n<p>El ex ministro de Educaci\u00f3n, respalda que Danilo Medina siga como presidente del PLD, porque tiene cabeza propia y tiene una oportunidad de manejar la situaci\u00f3n con inteligencia tras los resultados electorales del pasado 19 de mayo.<\/p>\n\n\n\n<p>Paredes, manifest\u00f3 en \u201cEl Sol de la Tarde\u201d que el ex presidente y presidente del PLD, Danilo es el problema y la soluci\u00f3n del partido, entiende que debe permanecer cabeza de la organizaci\u00f3n pol\u00edtica.<\/p>\n\n\n\n<p>Sostuvo que el l\u00edder del PLD no estuvo de acuerdo que Charlie Mariotti anunciara que no se van a presentar para continuar como presidente y secretario general en el X Congreso para la renovaci\u00f3n del partido.<\/p>\n\n\n\n<p>Melanio Paredes expres\u00f3 que no va a aspirar a cargos en el PLD. Se\u00f1ala que el X Congreso no puede ser a la carrera sino planificado, organizado y programado para hacer una evaluaci\u00f3n y autoevaluaci\u00f3n de los resultados de las elecciones del 19 de mayo en la que el PLD sac\u00f3 10%.<\/p>\n\n\n\n<p>Indic\u00f3 que no se trata de buscar culpables sino hacer una evaluaci\u00f3n profunda de los errores para relanzar al partido hacia el Siglo XXI. Apunt\u00f3 que la evaluaci\u00f3n debe hacerla con un tercero imparcial como establecen los estatutos del partido.<\/p>\n","protected":false},"excerpt":{"rendered":"<p>El miembro del Comit\u00e9 Pol\u00edtico del Partido de la Liberaci\u00f3n Dominicana, Melanio Paredes, expres\u00f3 que no ha firmado carta ni documento para que el ex presidente de la Rep\u00fablica Danilo&hellip;<\/p>\n","protected":false},"author":2,"featured_media":71574,"comment_status":"open","ping_status":"open","sticky":false,"template":"","format":"standard","meta":{"content-type":"","jetpack_post_was_ever_published":false,"_jetpack_newsletter_access":"","_jetpack_dont_email_post_to_subs":false,"_jetpack_newsletter_tier_id":0,"_jetpack_memberships_contains_paywalled_content":false,"_jetpack_memberships_contains_paid_content":false,"footnotes":""},"categories":[25],"tags":[5441,446,269,432,13172],"class_list":["post-84377","post","type-post","status-publish","format-standard","has-post-thumbnail","hentry","category-portada","tag-inteligencia","tag-melanio-paredes","tag-pld","tag-situacion","tag-x-congreso"],"jetpack_featured_media_url":"https:\/\/lasprimeras.com.do\/wp-content\/uploads\/2023\/12\/Melanio-Paredes.jpeg","jetpack-related-posts":[{"id":105744,"url":"https:\/\/lasprimeras.com.do\/index.php\/2025\/08\/06\/melanio-paredes-dice-jornada-escolar-extendida-se-ha-reducido\/","url_meta":{"origin":84377,"position":0},"title":"Melanio Paredes dice jornada escolar extendida se ha reducido","author":"Nelson Feliz","date":"6 de agosto de 2025","format":false,"excerpt":"El ex ministro Melanio Paredes advierte que las cifras dadas por el presidente Abinader sobre la educaci\u00f3n se contradicen. El miembro del Comit\u00e9 Pol\u00edtico del Partido de la Liberaci\u00f3n Dominicana (PLD), Melanio Paredes, respondiendo al presidente Luis Abinader, ratific\u00f3 lo expresado por su Partido en Rueda de Prensa, de que\u2026","rel":"","context":"En \u00abPOLITICA\u00bb","block_context":{"text":"POLITICA","link":"https:\/\/lasprimeras.com.do\/index.php\/category\/politica\/"},"img":{"alt_text":"","src":"https:\/\/i0.wp.com\/lasprimeras.com.do\/wp-content\/uploads\/2025\/07\/Melanio-Paredes.jpg?resize=350%2C200&ssl=1","width":350,"height":200,"srcset":"https:\/\/i0.wp.com\/lasprimeras.com.do\/wp-content\/uploads\/2025\/07\/Melanio-Paredes.jpg?resize=350%2C200&ssl=1 1x, https:\/\/i0.wp.com\/lasprimeras.com.do\/wp-content\/uploads\/2025\/07\/Melanio-Paredes.jpg?resize=525%2C300&ssl=1 1.5x, https:\/\/i0.wp.com\/lasprimeras.com.do\/wp-content\/uploads\/2025\/07\/Melanio-Paredes.jpg?resize=700%2C400&ssl=1 2x"},"classes":[]},{"id":104597,"url":"https:\/\/lasprimeras.com.do\/index.php\/2025\/07\/25\/danilo-medina-firma-acta-de-validacion-de-su-membresia-en-el-pld\/","url_meta":{"origin":84377,"position":1},"title":"Danilo Medina firma acta de validaci\u00f3n de su membres\u00eda en el PLD","author":"Nelson Feliz","date":"25 de julio de 2025","format":false,"excerpt":"Danilo Medina, presidente del PLD, llama a los miembros del Comit\u00e9 Central, presidentes de Comit\u00e9s Intermedios a validar su membres\u00eda en el Partido El presidente del Partido de la Liberaci\u00f3n Dominicana, Danilo Medina, llam\u00f3 a la militancia pelede\u00edsta a verificarse para validar su membres\u00eda en esa organizaci\u00f3n pol\u00edtica. Medina ejemplifica\u2026","rel":"","context":"En \u00abPOLITICA\u00bb","block_context":{"text":"POLITICA","link":"https:\/\/lasprimeras.com.do\/index.php\/category\/politica\/"},"img":{"alt_text":"Danilo Medina","src":"https:\/\/i0.wp.com\/lasprimeras.com.do\/wp-content\/uploads\/2025\/07\/Danilo-Medina-1-2.jpg?resize=350%2C200&ssl=1","width":350,"height":200,"srcset":"https:\/\/i0.wp.com\/lasprimeras.com.do\/wp-content\/uploads\/2025\/07\/Danilo-Medina-1-2.jpg?resize=350%2C200&ssl=1 1x, https:\/\/i0.wp.com\/lasprimeras.com.do\/wp-content\/uploads\/2025\/07\/Danilo-Medina-1-2.jpg?resize=525%2C300&ssl=1 1.5x"},"classes":[]},{"id":101931,"url":"https:\/\/lasprimeras.com.do\/index.php\/2025\/06\/29\/danilo-medina-reitera-que-con-el-pld-se-vivia-mejor-video\/","url_meta":{"origin":84377,"position":2},"title":"Danilo Medina reitera que con el PLD se viv\u00eda mejor | Video","author":"Nelson Feliz","date":"29 de junio de 2025","format":false,"excerpt":"Danilo Medina presagia el retorno del Partido de la Liberaci\u00f3n Dominicana al Poder amarrado de la bandera morada, la estrella amarilla y sus siglas PLD. https:\/\/twitter.com\/i\/status\/1939406713511416262 El ex presidente de la Rep\u00fablica y Presidente del Partido de la liberaci\u00f3n Dominicana (PLD) Danilo Medina, declar\u00f3 no sentirse extra\u00f1ado con el aumento\u2026","rel":"","context":"En \u00abPOLITICA\u00bb","block_context":{"text":"POLITICA","link":"https:\/\/lasprimeras.com.do\/index.php\/category\/politica\/"},"img":{"alt_text":"","src":"https:\/\/i0.wp.com\/lasprimeras.com.do\/wp-content\/uploads\/2025\/06\/as-sc-2.jpg?resize=350%2C200&ssl=1","width":350,"height":200,"srcset":"https:\/\/i0.wp.com\/lasprimeras.com.do\/wp-content\/uploads\/2025\/06\/as-sc-2.jpg?resize=350%2C200&ssl=1 1x, https:\/\/i0.wp.com\/lasprimeras.com.do\/wp-content\/uploads\/2025\/06\/as-sc-2.jpg?resize=525%2C300&ssl=1 1.5x, https:\/\/i0.wp.com\/lasprimeras.com.do\/wp-content\/uploads\/2025\/06\/as-sc-2.jpg?resize=700%2C400&ssl=1 2x"},"classes":[]},{"id":107798,"url":"https:\/\/lasprimeras.com.do\/index.php\/2025\/08\/31\/danilo-medina-la-gente-reconoce-que-con-el-pld-se-vivia-mejor\/","url_meta":{"origin":84377,"position":3},"title":"Danilo Medina : La gente reconoce que con el PLD se vivia mejor","author":"Nelson Feliz","date":"31 de agosto de 2025","format":false,"excerpt":"Danilo Medina: \u201cTenemos la certeza de que el a\u00f1o que viene, a m\u00e1s tardar, el PLD estar\u00e1 encabezando la preferencia electoral en la Rep\u00fablica Dominicana\u201d. El expresidente de la Rep\u00fablica y actual presidente del Partido de la Liberaci\u00f3n Dominicana (PLD), Danilo Medina, afirm\u00f3 que el repunte que muestran las recientes\u2026","rel":"","context":"En \u00abPOLITICA\u00bb","block_context":{"text":"POLITICA","link":"https:\/\/lasprimeras.com.do\/index.php\/category\/politica\/"},"img":{"alt_text":"","src":"https:\/\/i0.wp.com\/lasprimeras.com.do\/wp-content\/uploads\/2025\/08\/DANILO-MEDINA-1-1.jpg?resize=350%2C200&ssl=1","width":350,"height":200,"srcset":"https:\/\/i0.wp.com\/lasprimeras.com.do\/wp-content\/uploads\/2025\/08\/DANILO-MEDINA-1-1.jpg?resize=350%2C200&ssl=1 1x, https:\/\/i0.wp.com\/lasprimeras.com.do\/wp-content\/uploads\/2025\/08\/DANILO-MEDINA-1-1.jpg?resize=525%2C300&ssl=1 1.5x, https:\/\/i0.wp.com\/lasprimeras.com.do\/wp-content\/uploads\/2025\/08\/DANILO-MEDINA-1-1.jpg?resize=700%2C400&ssl=1 2x"},"classes":[]},{"id":57310,"url":"https:\/\/lasprimeras.com.do\/index.php\/2023\/08\/10\/danilo-medina-reune-con-dirigentes-del-pld-en-los-estados-unidos\/","url_meta":{"origin":84377,"position":4},"title":"Danilo Medina re\u00fane con dirigentes del PLD en los Estados Unidos","author":"Nelson Feliz","date":"10 de agosto de 2023","format":false,"excerpt":"El ex presidente de la Rep\u00fablica, Danilo Medina, Presidente del Partido de la Liberaci\u00f3n (PLD) sostuvo un encuentro con los dirigentes de esa organizaci\u00f3n en los diferentes comit\u00e9s seccionales en los Estados Unidos. Los miembros del Comit\u00e9 Pol\u00edtico, Melanio Paredes, Enlace de campa\u00f1a en Estados Unidos y Alexis Lantigua, titular\u2026","rel":"","context":"En \u00abPORTADA\u00bb","block_context":{"text":"PORTADA","link":"https:\/\/lasprimeras.com.do\/index.php\/category\/portada\/"},"img":{"alt_text":"PLD","src":"https:\/\/i0.wp.com\/lasprimeras.com.do\/wp-content\/uploads\/2023\/08\/PLD-eeuu.jpg?resize=350%2C200&ssl=1","width":350,"height":200,"srcset":"https:\/\/i0.wp.com\/lasprimeras.com.do\/wp-content\/uploads\/2023\/08\/PLD-eeuu.jpg?resize=350%2C200&ssl=1 1x, https:\/\/i0.wp.com\/lasprimeras.com.do\/wp-content\/uploads\/2023\/08\/PLD-eeuu.jpg?resize=525%2C300&ssl=1 1.5x, https:\/\/i0.wp.com\/lasprimeras.com.do\/wp-content\/uploads\/2023\/08\/PLD-eeuu.jpg?resize=700%2C400&ssl=1 2x"},"classes":[]},{"id":105082,"url":"https:\/\/lasprimeras.com.do\/index.php\/2025\/07\/30\/exministro-de-educacion-la-falta-de-aulas-es-el-foco-del-problema-educativo-actual\/","url_meta":{"origin":84377,"position":5},"title":"Exministro de Educaci\u00f3n: La falta de aulas es el foco del problema educativo actual","author":"Nelson Feliz","date":"30 de julio de 2025","format":false,"excerpt":"Melanio Paredes considera un lastre que los ni\u00f1os est\u00e9n fuera de las escuelas por falta de aulas. El miembro del Comit\u00e9 Pol\u00edtico del Partido de la Liberaci\u00f3n Dominicana (PLD) y de la Mesa de Educaci\u00f3n de esa organizaci\u00f3n, Profesor Melanio Paredes, lament\u00f3 que una cantidad de ni\u00f1os y ni\u00f1as queden\u2026","rel":"","context":"En \u00abPOLITICA\u00bb","block_context":{"text":"POLITICA","link":"https:\/\/lasprimeras.com.do\/index.php\/category\/politica\/"},"img":{"alt_text":"","src":"https:\/\/i0.wp.com\/lasprimeras.com.do\/wp-content\/uploads\/2025\/07\/MELANIO-1.jpg?resize=350%2C200&ssl=1","width":350,"height":200,"srcset":"https:\/\/i0.wp.com\/lasprimeras.com.do\/wp-content\/uploads\/2025\/07\/MELANIO-1.jpg?resize=350%2C200&ssl=1 1x, https:\/\/i0.wp.com\/lasprimeras.com.do\/wp-content\/uploads\/2025\/07\/MELANIO-1.jpg?resize=525%2C300&ssl=1 1.5x, https:\/\/i0.wp.com\/lasprimeras.com.do\/wp-content\/uploads\/2025\/07\/MELANIO-1.jpg?resize=700%2C400&ssl=1 2x"},"classes":[]}],"jetpack_sharing_enabled":true,"_links":{"self":[{"href":"https:\/\/lasprimeras.com.do\/index.php\/wp-json\/wp\/v2\/posts\/84377","targetHints":{"allow":["GET"]}}],"collection":[{"href":"https:\/\/lasprimeras.com.do\/index.php\/wp-json\/wp\/v2\/posts"}],"about":[{"href":"https:\/\/lasprimeras.com.do\/index.php\/wp-json\/wp\/v2\/types\/post"}],"author":[{"embeddable":true,"href":"https:\/\/lasprimeras.com.do\/index.php\/wp-json\/wp\/v2\/users\/2"}],"replies":[{"embeddable":true,"href":"https:\/\/lasprimeras.com.do\/index.php\/wp-json\/wp\/v2\/comments?post=84377"}],"version-history":[{"count":1,"href":"https:\/\/lasprimeras.com.do\/index.php\/wp-json\/wp\/v2\/posts\/84377\/revisions"}],"predecessor-version":[{"id":84378,"href":"https:\/\/lasprimeras.com.do\/index.php\/wp-json\/wp\/v2\/posts\/84377\/revisions\/84378"}],"wp:featuredmedia":[{"embeddable":true,"href":"https:\/\/lasprimeras.com.do\/index.php\/wp-json\/wp\/v2\/media\/71574"}],"wp:attachment":[{"href":"https:\/\/lasprimeras.com.do\/index.php\/wp-json\/wp\/v2\/media?parent=84377"}],"wp:term":[{"taxonomy":"category","embeddable":true,"href":"https:\/\/lasprimeras.com.do\/index.php\/wp-json\/wp\/v2\/categories?post=84377"},{"taxonomy":"post_tag","embeddable":true,"href":"https:\/\/lasprimeras.com.do\/index.php\/wp-json\/wp\/v2\/tags?post=84377"}],"curies":[{"name":"wp","href":"https:\/\/api.w.org\/{rel}","templated":true}]}}