{"id":84407,"date":"2024-06-07T13:56:51","date_gmt":"2024-06-07T17:56:51","guid":{"rendered":"https:\/\/lasprimeras.com.do\/?p=84407"},"modified":"2024-06-07T13:56:53","modified_gmt":"2024-06-07T17:56:53","slug":"se-entrega-jorge-luis-estrella-acusado-de-robo-en-el-banco-popular-confirma-la-policia","status":"publish","type":"post","link":"https:\/\/lasprimeras.com.do\/index.php\/2024\/06\/07\/se-entrega-jorge-luis-estrella-acusado-de-robo-en-el-banco-popular-confirma-la-policia\/","title":{"rendered":"Se entrega Jorge Luis Estrella, acusado de robo en el Banco Popular, confirma la Polic\u00eda"},"content":{"rendered":"\n<p>Jorge Luis Estrella, de 36 a\u00f1os, acusado de ser el l\u00edder del robo a la sucursal del Banco Popular,&nbsp;<strong>se entreg\u00f3 a las autoridades policiales en Punta Cana.&nbsp;<\/strong><\/p>\n\n\n\n<p>Seg\u00fan confirm\u00f3 el vocero policial, Diego Pesqueira, Jorge Luis Estrella&nbsp;<strong>se entreg\u00f3 a trav\u00e9s de un comunicador.<\/strong><\/p>\n\n\n\n<p>En Punta Cana, al momento de su detenci\u00f3n, el coronel Dicl\u00f3 de la Polic\u00eda garantiz\u00f3 los derechos del ciudadano e inform\u00f3 que ser\u00eda trasladado a la capital.<\/p>\n\n\n\n<p>En una rueda de prensa realizada la ma\u00f1ana de este viernes,&nbsp;<strong>Pesqueira identific\u00f3 a los cuatro acusados vinculados al robo ocurrido la tarde del pasado lunes<\/strong>&nbsp;en una sucursal del Banco Popular en la avenida Luper\u00f3n.<\/p>\n","protected":false},"excerpt":{"rendered":"<p>Jorge Luis Estrella, de 36 a\u00f1os, acusado de ser el l\u00edder del robo a la sucursal del Banco Popular,&nbsp;se entreg\u00f3 a las autoridades policiales en Punta Cana.&nbsp; Seg\u00fan confirm\u00f3 el&hellip;<\/p>\n","protected":false},"author":2,"featured_media":84408,"comment_status":"open","ping_status":"open","sticky":false,"template":"","format":"standard","meta":{"content-type":"","jetpack_post_was_ever_published":false,"_jetpack_newsletter_access":"","_jetpack_dont_email_post_to_subs":false,"_jetpack_newsletter_tier_id":0,"_jetpack_memberships_contains_paywalled_content":false,"_jetpack_memberships_contains_paid_content":false,"footnotes":""},"categories":[35],"tags":[],"class_list":["post-84407","post","type-post","status-publish","format-standard","has-post-thumbnail","hentry","category-nacionales"],"jetpack_featured_media_url":"https:\/\/lasprimeras.com.do\/wp-content\/uploads\/2024\/06\/666332b031925.r_d.613-596.jpeg","jetpack-related-posts":[{"id":84452,"url":"https:\/\/lasprimeras.com.do\/index.php\/2024\/06\/08\/dicrim-traslada-a-la-pn-hombre-participo-en-asalto-sucursal-banco-popular\/","url_meta":{"origin":84407,"position":0},"title":"DICRIM traslada a la PN hombre particip\u00f3 en asalto sucursal Banco Popular","author":"Nelson Feliz","date":"8 de junio de 2024","format":false,"excerpt":"-Se entreg\u00f3 en centro comercial de Punta Cana a trav\u00e9s de comunicador. Agentes de la Direcci\u00f3n Central de Investigaci\u00f3n (DICRIM), trasladaron a la sede de la Polic\u00eda Nacional Jorge Luis Estrella Arias, de 36 a\u00f1os, tras haberse entregado en un centro comercial de Punta Cana, provincia La Altagracia. Estrella Arias\u2026","rel":"","context":"En \u00abNACIONALES\u00bb","block_context":{"text":"NACIONALES","link":"https:\/\/lasprimeras.com.do\/index.php\/category\/nacionales\/"},"img":{"alt_text":"Jorge Luis Estrella Arias","src":"https:\/\/i0.wp.com\/lasprimeras.com.do\/wp-content\/uploads\/2024\/06\/Jorge-Luis-Estrella-Arias.jpg?resize=350%2C200&ssl=1","width":350,"height":200},"classes":[]},{"id":84413,"url":"https:\/\/lasprimeras.com.do\/index.php\/2024\/06\/07\/jorge-luis-estrella-se-disculpa-con-el-pais-por-asalto-a-banco\/","url_meta":{"origin":84407,"position":1},"title":"Jorge Luis Estrella se disculpa con el pa\u00eds por asalto a banco","author":"Nelson Feliz","date":"7 de junio de 2024","format":false,"excerpt":"Al entregarse a la Polic\u00eda Nacional, Jorge Luis Estrella, quien ha sido como uno de los cabecillas de la banda que a inicios de esta semana asalt\u00f3 una sucursal bancaria en el Distrito Nacional,\u00a0pidi\u00f3 disculpas al pa\u00eds por el hecho delictivo. \u201cAl pa\u00eds entero que me disculpe\u201d dijo al agradecer\u2026","rel":"","context":"En \u00abNACIONALES\u00bb","block_context":{"text":"NACIONALES","link":"https:\/\/lasprimeras.com.do\/index.php\/category\/nacionales\/"},"img":{"alt_text":"","src":"https:\/\/i0.wp.com\/lasprimeras.com.do\/wp-content\/uploads\/2024\/06\/Collage-2.png?resize=350%2C200&ssl=1","width":350,"height":200,"srcset":"https:\/\/i0.wp.com\/lasprimeras.com.do\/wp-content\/uploads\/2024\/06\/Collage-2.png?resize=350%2C200&ssl=1 1x, https:\/\/i0.wp.com\/lasprimeras.com.do\/wp-content\/uploads\/2024\/06\/Collage-2.png?resize=525%2C300&ssl=1 1.5x, https:\/\/i0.wp.com\/lasprimeras.com.do\/wp-content\/uploads\/2024\/06\/Collage-2.png?resize=700%2C400&ssl=1 2x, https:\/\/i0.wp.com\/lasprimeras.com.do\/wp-content\/uploads\/2024\/06\/Collage-2.png?resize=1050%2C600&ssl=1 3x"},"classes":[]},{"id":84589,"url":"https:\/\/lasprimeras.com.do\/index.php\/2024\/06\/11\/alberto-ezequiel-estrella-arias-se-entrega-a-autoridades-tras-senalamiento-de-la-pn\/","url_meta":{"origin":84407,"position":2},"title":"Alberto Ezequiel Estrella Arias se entrega a autoridades tras se\u00f1alamiento de la PN","author":"Nelson Feliz","date":"11 de junio de 2024","format":false,"excerpt":"Alberto Ezequiel Estrella Arias, de 28 a\u00f1os de edad, a quien las autoridades se\u00f1alan como la persona que alquil\u00f3 el veh\u00edculo utilizado para el asalto a la sucursal del Banco Popular el pasado 3 de junio, se entreg\u00f3 a la Polic\u00eda Nacional este lunes. La informaci\u00f3n fue confirmada a este\u2026","rel":"","context":"En \u00abNACIONALES\u00bb","block_context":{"text":"NACIONALES","link":"https:\/\/lasprimeras.com.do\/index.php\/category\/nacionales\/"},"img":{"alt_text":"Alberto Ezequiel Estrella Arias","src":"https:\/\/i0.wp.com\/lasprimeras.com.do\/wp-content\/uploads\/2024\/06\/Alberto-Ezequiel-Estrella-Arias.jpeg?resize=350%2C200&ssl=1","width":350,"height":200,"srcset":"https:\/\/i0.wp.com\/lasprimeras.com.do\/wp-content\/uploads\/2024\/06\/Alberto-Ezequiel-Estrella-Arias.jpeg?resize=350%2C200&ssl=1 1x, https:\/\/i0.wp.com\/lasprimeras.com.do\/wp-content\/uploads\/2024\/06\/Alberto-Ezequiel-Estrella-Arias.jpeg?resize=525%2C300&ssl=1 1.5x, https:\/\/i0.wp.com\/lasprimeras.com.do\/wp-content\/uploads\/2024\/06\/Alberto-Ezequiel-Estrella-Arias.jpeg?resize=700%2C400&ssl=1 2x"},"classes":[]},{"id":84388,"url":"https:\/\/lasprimeras.com.do\/index.php\/2024\/06\/07\/pn-da-respuesta-a-asalto-banco-popular\/","url_meta":{"origin":84407,"position":3},"title":"PN da respuesta a asalto Banco Popular","author":"Nelson Feliz","date":"7 de junio de 2024","format":false,"excerpt":"Un detenido, dos abatidos y uno identificado. La Polic\u00eda Nacional ha dado respuesta al asalto perpetrado el pasado lunes contra una sucursal del Banco Popular, ubicada en la avenida Luper\u00f3n esquina Olof Palme, del Distrito Nacional. En dichas intervenciones secuenciales apresaron a uno de los autores, ultimaron a dos en\u2026","rel":"","context":"En \u00abMILITARES\u00bb","block_context":{"text":"MILITARES","link":"https:\/\/lasprimeras.com.do\/index.php\/category\/militares\/"},"img":{"alt_text":"PN","src":"https:\/\/i0.wp.com\/lasprimeras.com.do\/wp-content\/uploads\/2024\/02\/PN.jpg?resize=350%2C200&ssl=1","width":350,"height":200,"srcset":"https:\/\/i0.wp.com\/lasprimeras.com.do\/wp-content\/uploads\/2024\/02\/PN.jpg?resize=350%2C200&ssl=1 1x, https:\/\/i0.wp.com\/lasprimeras.com.do\/wp-content\/uploads\/2024\/02\/PN.jpg?resize=525%2C300&ssl=1 1.5x, https:\/\/i0.wp.com\/lasprimeras.com.do\/wp-content\/uploads\/2024\/02\/PN.jpg?resize=700%2C400&ssl=1 2x"},"classes":[]},{"id":84381,"url":"https:\/\/lasprimeras.com.do\/index.php\/2024\/06\/07\/acribillan-dos-delincuentes-de-los-que-asaltaron-el-banco-popular\/","url_meta":{"origin":84407,"position":4},"title":"Acribillan dos delincuentes de los que asaltaron el Banco Popular","author":"Nelson Feliz","date":"7 de junio de 2024","format":false,"excerpt":"Miembros de la Polic\u00eda Nacional asesinaron dos, uno se entreg\u00f3 y otro est\u00e1 pr\u00f3fugo en supuesto intercambio de disparos en los sectores de Herrera y Manoguayabo en Santo Domingo Oeste de los que asaltaron la sucursal del Banco Popular en La Avenida Luper\u00f3n. Los asaltantes se mov\u00edan en ese entorno\u2026","rel":"","context":"En \u00abMILITARES\u00bb","block_context":{"text":"MILITARES","link":"https:\/\/lasprimeras.com.do\/index.php\/category\/militares\/"},"img":{"alt_text":"asalto","src":"https:\/\/i0.wp.com\/lasprimeras.com.do\/wp-content\/uploads\/2024\/06\/asalto.jpg?resize=350%2C200&ssl=1","width":350,"height":200,"srcset":"https:\/\/i0.wp.com\/lasprimeras.com.do\/wp-content\/uploads\/2024\/06\/asalto.jpg?resize=350%2C200&ssl=1 1x, https:\/\/i0.wp.com\/lasprimeras.com.do\/wp-content\/uploads\/2024\/06\/asalto.jpg?resize=525%2C300&ssl=1 1.5x, https:\/\/i0.wp.com\/lasprimeras.com.do\/wp-content\/uploads\/2024\/06\/asalto.jpg?resize=700%2C400&ssl=1 2x"},"classes":[]},{"id":84227,"url":"https:\/\/lasprimeras.com.do\/index.php\/2024\/06\/03\/policia-interroga-a-testigos-del-asalto-a-sucursal-del-banco-popular-en-avenida-luperon\/","url_meta":{"origin":84407,"position":5},"title":"Polic\u00eda interroga a testigos del asalto a sucursal del Banco Popular en avenida Luper\u00f3n","author":"Nelson Feliz","date":"3 de junio de 2024","format":false,"excerpt":"La instituci\u00f3n tambi\u00e9n est\u00e1 revisando las c\u00e1maras de seguridad de la zona y de la entidad bancaria. La Polic\u00eda Nacional inform\u00f3 este lunes que est\u00e1n entrevistando a testigos del asalto a una sucursal del Banco Popular ubicada en la avenida Luper\u00f3n esquina Olof \u00a0Palme, en el Distrito Nacional. \"Estamos realizando\u2026","rel":"","context":"En \u00abNACIONALES\u00bb","block_context":{"text":"NACIONALES","link":"https:\/\/lasprimeras.com.do\/index.php\/category\/nacionales\/"},"img":{"alt_text":"Banco Popular","src":"https:\/\/i0.wp.com\/lasprimeras.com.do\/wp-content\/uploads\/2024\/06\/Banco-Popular.jpg?resize=350%2C200&ssl=1","width":350,"height":200,"srcset":"https:\/\/i0.wp.com\/lasprimeras.com.do\/wp-content\/uploads\/2024\/06\/Banco-Popular.jpg?resize=350%2C200&ssl=1 1x, https:\/\/i0.wp.com\/lasprimeras.com.do\/wp-content\/uploads\/2024\/06\/Banco-Popular.jpg?resize=525%2C300&ssl=1 1.5x"},"classes":[]}],"jetpack_sharing_enabled":true,"_links":{"self":[{"href":"https:\/\/lasprimeras.com.do\/index.php\/wp-json\/wp\/v2\/posts\/84407","targetHints":{"allow":["GET"]}}],"collection":[{"href":"https:\/\/lasprimeras.com.do\/index.php\/wp-json\/wp\/v2\/posts"}],"about":[{"href":"https:\/\/lasprimeras.com.do\/index.php\/wp-json\/wp\/v2\/types\/post"}],"author":[{"embeddable":true,"href":"https:\/\/lasprimeras.com.do\/index.php\/wp-json\/wp\/v2\/users\/2"}],"replies":[{"embeddable":true,"href":"https:\/\/lasprimeras.com.do\/index.php\/wp-json\/wp\/v2\/comments?post=84407"}],"version-history":[{"count":1,"href":"https:\/\/lasprimeras.com.do\/index.php\/wp-json\/wp\/v2\/posts\/84407\/revisions"}],"predecessor-version":[{"id":84409,"href":"https:\/\/lasprimeras.com.do\/index.php\/wp-json\/wp\/v2\/posts\/84407\/revisions\/84409"}],"wp:featuredmedia":[{"embeddable":true,"href":"https:\/\/lasprimeras.com.do\/index.php\/wp-json\/wp\/v2\/media\/84408"}],"wp:attachment":[{"href":"https:\/\/lasprimeras.com.do\/index.php\/wp-json\/wp\/v2\/media?parent=84407"}],"wp:term":[{"taxonomy":"category","embeddable":true,"href":"https:\/\/lasprimeras.com.do\/index.php\/wp-json\/wp\/v2\/categories?post=84407"},{"taxonomy":"post_tag","embeddable":true,"href":"https:\/\/lasprimeras.com.do\/index.php\/wp-json\/wp\/v2\/tags?post=84407"}],"curies":[{"name":"wp","href":"https:\/\/api.w.org\/{rel}","templated":true}]}}