{"id":84413,"date":"2024-06-07T15:20:57","date_gmt":"2024-06-07T19:20:57","guid":{"rendered":"https:\/\/lasprimeras.com.do\/?p=84413"},"modified":"2024-06-07T15:20:59","modified_gmt":"2024-06-07T19:20:59","slug":"jorge-luis-estrella-se-disculpa-con-el-pais-por-asalto-a-banco","status":"publish","type":"post","link":"https:\/\/lasprimeras.com.do\/index.php\/2024\/06\/07\/jorge-luis-estrella-se-disculpa-con-el-pais-por-asalto-a-banco\/","title":{"rendered":"Jorge Luis Estrella se disculpa con el pa\u00eds por asalto a banco"},"content":{"rendered":"\n<p>Al entregarse a la Polic\u00eda Nacional, Jorge Luis Estrella, quien ha sido como uno de los cabecillas de la banda que a inicios de esta semana asalt\u00f3 una sucursal bancaria en el Distrito Nacional,&nbsp;<strong>pidi\u00f3 disculpas al pa\u00eds por el hecho delictivo.<\/strong><\/p>\n\n\n\n<p>\u201cAl pa\u00eds entero que me disculpe\u201d dijo al agradecer la&nbsp;<strong>decencia con que ha sido tratado por la Polic\u00eda Nacional.<\/strong><\/p>\n\n\n\n<p>Mientras,&nbsp;<strong>un agente policial que le acompa\u00f1aba le garantiz\u00f3<\/strong>&nbsp;que todos sus derechos le ser\u00e1n respetados, y en lo adelante ser\u00e1 puesto a disposici\u00f3n de la justicia.<\/p>\n\n\n\n<p>La entrega se realiz\u00f3 a trav\u00e9s de la mediaci\u00f3n del comunicador&nbsp;<strong>Fernando Placeres, vinculado a la plataforma informativa de Roberto Cavada.<\/strong><\/p>\n\n\n\n<p>Mas temprano, el director de la Polic\u00eda Nacional,&nbsp;<strong>mayor general Ram\u00f3n Antonio Guzm\u00e1n Peralta<\/strong>&nbsp;habia garantizado en Estrella tiene antecedentes penales y se estaban tras las pistas para su r\u00e1pido apresamiento.<\/p>\n\n\n\n<p>En la madrugada de este viernes la uniformada, a trav\u00e9s de la Direcci\u00f3n de Investigaciones Criminales (DICRIM), mat\u00f3 a dos presuntos vinculados al asalto a la sucursal bancaria en un supuestos intercambios de disparos.<\/p>\n\n\n\n<p>Uno de los abatidos fue identificado como Richard Michel Estrella Arias, de 25 a\u00f1os, hermano de Jorge Luis Estrella.<\/p>\n","protected":false},"excerpt":{"rendered":"<p>Al entregarse a la Polic\u00eda Nacional, Jorge Luis Estrella, quien ha sido como uno de los cabecillas de la banda que a inicios de esta semana asalt\u00f3 una sucursal bancaria&hellip;<\/p>\n","protected":false},"author":2,"featured_media":84414,"comment_status":"open","ping_status":"open","sticky":false,"template":"","format":"standard","meta":{"content-type":"","jetpack_post_was_ever_published":false,"_jetpack_newsletter_access":"","_jetpack_dont_email_post_to_subs":false,"_jetpack_newsletter_tier_id":0,"_jetpack_memberships_contains_paywalled_content":false,"_jetpack_memberships_contains_paid_content":false,"footnotes":""},"categories":[35],"tags":[],"class_list":["post-84413","post","type-post","status-publish","format-standard","has-post-thumbnail","hentry","category-nacionales"],"jetpack_featured_media_url":"https:\/\/lasprimeras.com.do\/wp-content\/uploads\/2024\/06\/Collage-2.png","jetpack-related-posts":[{"id":84452,"url":"https:\/\/lasprimeras.com.do\/index.php\/2024\/06\/08\/dicrim-traslada-a-la-pn-hombre-participo-en-asalto-sucursal-banco-popular\/","url_meta":{"origin":84413,"position":0},"title":"DICRIM traslada a la PN hombre particip\u00f3 en asalto sucursal Banco Popular","author":"Nelson Feliz","date":"8 de junio de 2024","format":false,"excerpt":"-Se entreg\u00f3 en centro comercial de Punta Cana a trav\u00e9s de comunicador. Agentes de la Direcci\u00f3n Central de Investigaci\u00f3n (DICRIM), trasladaron a la sede de la Polic\u00eda Nacional Jorge Luis Estrella Arias, de 36 a\u00f1os, tras haberse entregado en un centro comercial de Punta Cana, provincia La Altagracia. Estrella Arias\u2026","rel":"","context":"En \u00abNACIONALES\u00bb","block_context":{"text":"NACIONALES","link":"https:\/\/lasprimeras.com.do\/index.php\/category\/nacionales\/"},"img":{"alt_text":"Jorge Luis Estrella Arias","src":"https:\/\/i0.wp.com\/lasprimeras.com.do\/wp-content\/uploads\/2024\/06\/Jorge-Luis-Estrella-Arias.jpg?resize=350%2C200&ssl=1","width":350,"height":200},"classes":[]},{"id":84589,"url":"https:\/\/lasprimeras.com.do\/index.php\/2024\/06\/11\/alberto-ezequiel-estrella-arias-se-entrega-a-autoridades-tras-senalamiento-de-la-pn\/","url_meta":{"origin":84413,"position":1},"title":"Alberto Ezequiel Estrella Arias se entrega a autoridades tras se\u00f1alamiento de la PN","author":"Nelson Feliz","date":"11 de junio de 2024","format":false,"excerpt":"Alberto Ezequiel Estrella Arias, de 28 a\u00f1os de edad, a quien las autoridades se\u00f1alan como la persona que alquil\u00f3 el veh\u00edculo utilizado para el asalto a la sucursal del Banco Popular el pasado 3 de junio, se entreg\u00f3 a la Polic\u00eda Nacional este lunes. La informaci\u00f3n fue confirmada a este\u2026","rel":"","context":"En \u00abNACIONALES\u00bb","block_context":{"text":"NACIONALES","link":"https:\/\/lasprimeras.com.do\/index.php\/category\/nacionales\/"},"img":{"alt_text":"Alberto Ezequiel Estrella Arias","src":"https:\/\/i0.wp.com\/lasprimeras.com.do\/wp-content\/uploads\/2024\/06\/Alberto-Ezequiel-Estrella-Arias.jpeg?resize=350%2C200&ssl=1","width":350,"height":200,"srcset":"https:\/\/i0.wp.com\/lasprimeras.com.do\/wp-content\/uploads\/2024\/06\/Alberto-Ezequiel-Estrella-Arias.jpeg?resize=350%2C200&ssl=1 1x, https:\/\/i0.wp.com\/lasprimeras.com.do\/wp-content\/uploads\/2024\/06\/Alberto-Ezequiel-Estrella-Arias.jpeg?resize=525%2C300&ssl=1 1.5x, https:\/\/i0.wp.com\/lasprimeras.com.do\/wp-content\/uploads\/2024\/06\/Alberto-Ezequiel-Estrella-Arias.jpeg?resize=700%2C400&ssl=1 2x"},"classes":[]},{"id":84407,"url":"https:\/\/lasprimeras.com.do\/index.php\/2024\/06\/07\/se-entrega-jorge-luis-estrella-acusado-de-robo-en-el-banco-popular-confirma-la-policia\/","url_meta":{"origin":84413,"position":2},"title":"Se entrega Jorge Luis Estrella, acusado de robo en el Banco Popular, confirma la Polic\u00eda","author":"Nelson Feliz","date":"7 de junio de 2024","format":false,"excerpt":"Jorge Luis Estrella, de 36 a\u00f1os, acusado de ser el l\u00edder del robo a la sucursal del Banco Popular,\u00a0se entreg\u00f3 a las autoridades policiales en Punta Cana.\u00a0 Seg\u00fan confirm\u00f3 el vocero policial, Diego Pesqueira, Jorge Luis Estrella\u00a0se entreg\u00f3 a trav\u00e9s de un comunicador. En Punta Cana, al momento de su\u2026","rel":"","context":"En \u00abNACIONALES\u00bb","block_context":{"text":"NACIONALES","link":"https:\/\/lasprimeras.com.do\/index.php\/category\/nacionales\/"},"img":{"alt_text":"","src":"https:\/\/i0.wp.com\/lasprimeras.com.do\/wp-content\/uploads\/2024\/06\/666332b031925.r_d.613-596.jpeg?resize=350%2C200&ssl=1","width":350,"height":200,"srcset":"https:\/\/i0.wp.com\/lasprimeras.com.do\/wp-content\/uploads\/2024\/06\/666332b031925.r_d.613-596.jpeg?resize=350%2C200&ssl=1 1x, https:\/\/i0.wp.com\/lasprimeras.com.do\/wp-content\/uploads\/2024\/06\/666332b031925.r_d.613-596.jpeg?resize=525%2C300&ssl=1 1.5x, https:\/\/i0.wp.com\/lasprimeras.com.do\/wp-content\/uploads\/2024\/06\/666332b031925.r_d.613-596.jpeg?resize=700%2C400&ssl=1 2x"},"classes":[]},{"id":72843,"url":"https:\/\/lasprimeras.com.do\/index.php\/2024\/01\/03\/se-entrega-presunto-responsable-del-asalto-a-crazy-design\/","url_meta":{"origin":84413,"position":3},"title":"Se entrega presunto responsable del asalto a Crazy Design","author":"BIMARY DE JES\u00daS Matos","date":"3 de enero de 2024","format":false,"excerpt":"SANTIAGO.- Se entreg\u00f3 ante las autoridades Jordanis De La Cruz, quien es se\u00f1alado como uno de los responsables del asalto al artista urbano Jos\u00e9 Rafael Col\u00f3n, mejor conocido como Crazy Design. El joven indic\u00f3 que decidi\u00f3 entregarse por temor a que la polic\u00eda lo mate y que quiere que se\u2026","rel":"","context":"En \u00abENTRETENIMIENTO\u00bb","block_context":{"text":"ENTRETENIMIENTO","link":"https:\/\/lasprimeras.com.do\/index.php\/category\/entretenimiento\/"},"img":{"alt_text":"","src":"https:\/\/i0.wp.com\/lasprimeras.com.do\/wp-content\/uploads\/2024\/01\/Noticias-de-energia-2024-01-03T105402.336-2.webp?resize=350%2C200&ssl=1","width":350,"height":200,"srcset":"https:\/\/i0.wp.com\/lasprimeras.com.do\/wp-content\/uploads\/2024\/01\/Noticias-de-energia-2024-01-03T105402.336-2.webp?resize=350%2C200&ssl=1 1x, https:\/\/i0.wp.com\/lasprimeras.com.do\/wp-content\/uploads\/2024\/01\/Noticias-de-energia-2024-01-03T105402.336-2.webp?resize=525%2C300&ssl=1 1.5x"},"classes":[]},{"id":84388,"url":"https:\/\/lasprimeras.com.do\/index.php\/2024\/06\/07\/pn-da-respuesta-a-asalto-banco-popular\/","url_meta":{"origin":84413,"position":4},"title":"PN da respuesta a asalto Banco Popular","author":"Nelson Feliz","date":"7 de junio de 2024","format":false,"excerpt":"Un detenido, dos abatidos y uno identificado. La Polic\u00eda Nacional ha dado respuesta al asalto perpetrado el pasado lunes contra una sucursal del Banco Popular, ubicada en la avenida Luper\u00f3n esquina Olof Palme, del Distrito Nacional. En dichas intervenciones secuenciales apresaron a uno de los autores, ultimaron a dos en\u2026","rel":"","context":"En \u00abMILITARES\u00bb","block_context":{"text":"MILITARES","link":"https:\/\/lasprimeras.com.do\/index.php\/category\/militares\/"},"img":{"alt_text":"PN","src":"https:\/\/i0.wp.com\/lasprimeras.com.do\/wp-content\/uploads\/2024\/02\/PN.jpg?resize=350%2C200&ssl=1","width":350,"height":200,"srcset":"https:\/\/i0.wp.com\/lasprimeras.com.do\/wp-content\/uploads\/2024\/02\/PN.jpg?resize=350%2C200&ssl=1 1x, https:\/\/i0.wp.com\/lasprimeras.com.do\/wp-content\/uploads\/2024\/02\/PN.jpg?resize=525%2C300&ssl=1 1.5x, https:\/\/i0.wp.com\/lasprimeras.com.do\/wp-content\/uploads\/2024\/02\/PN.jpg?resize=700%2C400&ssl=1 2x"},"classes":[]},{"id":99369,"url":"https:\/\/lasprimeras.com.do\/index.php\/2025\/05\/20\/claudia-perez-la-tora-pide-disculpa-a-faride-y-milagros-german-por-su-hija\/","url_meta":{"origin":84413,"position":5},"title":"Claudia P\u00e9rez (La Tora) pide disculpa a Faride y Milagros Germ\u00e1n por su hija","author":"Nelson Feliz","date":"20 de mayo de 2025","format":false,"excerpt":"La comunicadora Claudia P\u00e9rez (La Tora) se disculp\u00f3 con la ministra de Interior y Polic\u00eda, Faride Raful, y la exministra de Cultura, Milagros Germ\u00e1n, por recientes rumores emitidos por su hija Ingrid Jorge. Lo hizo en una entrevista en el programa El Control de la Noche, en la que reconoci\u00f3\u2026","rel":"","context":"En \u00abNACIONALES\u00bb","block_context":{"text":"NACIONALES","link":"https:\/\/lasprimeras.com.do\/index.php\/category\/nacionales\/"},"img":{"alt_text":"","src":"https:\/\/i0.wp.com\/img.youtube.com\/vi\/iL1tcCZucyY\/0.jpg?resize=350%2C200","width":350,"height":200},"classes":[]}],"jetpack_sharing_enabled":true,"_links":{"self":[{"href":"https:\/\/lasprimeras.com.do\/index.php\/wp-json\/wp\/v2\/posts\/84413","targetHints":{"allow":["GET"]}}],"collection":[{"href":"https:\/\/lasprimeras.com.do\/index.php\/wp-json\/wp\/v2\/posts"}],"about":[{"href":"https:\/\/lasprimeras.com.do\/index.php\/wp-json\/wp\/v2\/types\/post"}],"author":[{"embeddable":true,"href":"https:\/\/lasprimeras.com.do\/index.php\/wp-json\/wp\/v2\/users\/2"}],"replies":[{"embeddable":true,"href":"https:\/\/lasprimeras.com.do\/index.php\/wp-json\/wp\/v2\/comments?post=84413"}],"version-history":[{"count":1,"href":"https:\/\/lasprimeras.com.do\/index.php\/wp-json\/wp\/v2\/posts\/84413\/revisions"}],"predecessor-version":[{"id":84415,"href":"https:\/\/lasprimeras.com.do\/index.php\/wp-json\/wp\/v2\/posts\/84413\/revisions\/84415"}],"wp:featuredmedia":[{"embeddable":true,"href":"https:\/\/lasprimeras.com.do\/index.php\/wp-json\/wp\/v2\/media\/84414"}],"wp:attachment":[{"href":"https:\/\/lasprimeras.com.do\/index.php\/wp-json\/wp\/v2\/media?parent=84413"}],"wp:term":[{"taxonomy":"category","embeddable":true,"href":"https:\/\/lasprimeras.com.do\/index.php\/wp-json\/wp\/v2\/categories?post=84413"},{"taxonomy":"post_tag","embeddable":true,"href":"https:\/\/lasprimeras.com.do\/index.php\/wp-json\/wp\/v2\/tags?post=84413"}],"curies":[{"name":"wp","href":"https:\/\/api.w.org\/{rel}","templated":true}]}}