{"id":84419,"date":"2024-06-08T00:18:45","date_gmt":"2024-06-08T04:18:45","guid":{"rendered":"https:\/\/lasprimeras.com.do\/?p=84419"},"modified":"2024-06-08T00:18:46","modified_gmt":"2024-06-08T04:18:46","slug":"vicepresidenta-da-inicio-a-expo-provisiones-2024-la-gran-fiesta-del-comercio","status":"publish","type":"post","link":"https:\/\/lasprimeras.com.do\/index.php\/2024\/06\/08\/vicepresidenta-da-inicio-a-expo-provisiones-2024-la-gran-fiesta-del-comercio\/","title":{"rendered":"Vicepresidenta da inicio a Expo Provisiones 2024: \u201cLa Gran Fiesta del Comercio\u201d"},"content":{"rendered":"\n<p><strong>En su quinta versi\u00f3n, dedicada al Grupo Linda, en la persona de su presidente se\u00f1or F\u00e9lix Garc\u00eda, tiene como pa\u00eds invitado a la Rep\u00fablica de Honduras, bajo el lema \u201cJuntos por la estabilidad del Comercio\u201d.<\/strong><\/p>\n\n\n\n<p>El Consejo Nacional del Comercio en Provisiones (CNCP) dej\u00f3 inaugurada la quinta versi\u00f3n de la feria Expo Provisiones 2024, el principal evento vinculado con la actividad comercial de productos de consumo masivo que se realiza en el pa\u00eds, en una ceremonia que encabez\u00f3 la vicepresidenta Raquel Pe\u00f1a.<\/p>\n\n\n\n<p>Esta quinta versi\u00f3n, que se efectuar\u00e1 desde este jueves y hasta el domingo 9 desde las 10:00 de la ma\u00f1ana a 10:00 de la noche en el sal\u00f3n de eventos Sambil y que tiene como pa\u00eds invitado a Honduras, contar\u00e1 con la participaci\u00f3n de m\u00e1s de cien empresas nacionales dedicadas a las provisiones de primera necesidad, y, adem\u00e1s, tiene entre sus puntos de agenda dar prioridad a los desaf\u00edos que preocupan al sector, en busca de definir el futuro del comercio en Rep\u00fablica Dominicana.<\/p>\n\n\n\n<p>Este a\u00f1o expo provisiones est\u00e1 dedicada a uno de los grupos econ\u00f3micos m\u00e1s influyentes de la Rep\u00fablica Dominicana, reconocidos por su calidad y presencia en todos los hogares dominicanos, pues nos ofrecen diversidad en sus productos a trav\u00e9s de las compa\u00f1\u00edas que lo componen. El reconocimiento que hizo el Consejo Nacional del Comercio en Provisiones (CNCP) en el acto inaugural, fue recibido por su presidente se\u00f1or F\u00e9lix Garc\u00eda, l\u00edder y estratega de este importante grupo empresarial.<\/p>\n\n\n\n<p>De igual manera, la se\u00f1ora Sonia Leticia Cruz en su calidad de embajadora, recibi\u00f3 un reconocimiento en nombre de su pa\u00eds, Honduras, al mismo tiempo que, fue juramentando el grupo \u201cJ\u00f3venes Empresarios de Provisiones\u201d (JOEMPRO), que representan el relevo generacional del CNCP.<\/p>\n\n\n\n<p>La vicepresidenta Raquel Pe\u00f1a precis\u00f3 que Expo Provisiones es un testimonio elocuente de la uni\u00f3n y el compromiso del sector comercial dominicano y que el esp\u00edritu de colaboraci\u00f3n y resiliencia que exhibe el Consejo Nacional del Comercio en Provisiones a aportado significativamente al alcance de la naci\u00f3n de grandes logros econ\u00f3micos y sociales en los \u00faltimos a\u00f1os.<\/p>\n\n\n\n<p>Pe\u00f1a indic\u00f3, adem\u00e1s que el lema del evento, \u201cJuntos por la estabilidad del Comercio\u201d, refleja &#8220;bastante bien las pol\u00edticas y la visi\u00f3n que el presidente Luis Abinader implementa para asegurar la estabilidad econ\u00f3mica, pol\u00edtica y la paz social que estimula a inversionistas locales y extranjeros a depositar su confianza e invertir en la Rep\u00fablica Dominicana&#8221;.<\/p>\n\n\n\n<p>Asimismo, agreg\u00f3 que el Gobierno est\u00e1 comprometido con la transformaci\u00f3n y modernizaci\u00f3n del sector comercial, y para ello desarrolla m\u00faltiples acciones para tener un entorno de negocios m\u00e1s robusto y sostenible.<\/p>\n\n\n\n<p>La vicemandataria felicito a los organizadores, expositores y participantes y les motiv\u00f3 a seguir formando parte de iniciativas que contribuyen con la estabilidad y el crecimiento del pa\u00eds.<\/p>\n\n\n\n<p>El presidente del CNCP, Alberto Leroux, resalt\u00f3 la evoluci\u00f3n que viene teniendo el gremio empresarial y sus aportes al comercio, al mencionar la necesidad de la innovaci\u00f3n, transformaci\u00f3n, actualizaci\u00f3n y regularizaci\u00f3n de todo el sector comercial, lo que conlleva a que solo unidos se pueda lograr la permanencia y sostenibilidad de la parte mayorista.<\/p>\n\n\n\n<p>Enfatiz\u00f3 que, por tercer a\u00f1o seguido, Expo Provisiones abre sus puertas a un pa\u00eds invitado, por lo que le complace darle la bienvenida a la Rep\u00fablica de Honduras, representada por su embajadora Sonia Leticia Cruz.<\/p>\n\n\n\n<p>\u201cCabe destacar que las relaciones comerciales entre ambas naciones se han consolidado, gracias al Tratado de Libre Comercio, lo que ha permitido un intercambio din\u00e1mico de bienes, servicios e inversiones, producto de la eliminaci\u00f3n de aranceles y barreras comerciales, brindado as\u00ed nuevas oportunidades de inversi\u00f3n y colaboraci\u00f3n entre ambos pa\u00edses. Es un honor para nuestra instituci\u00f3n que formen parte de este evento\u201d, expres\u00f3 el empresario.<\/p>\n\n\n\n<p>Felicit\u00f3 a la vicepresidente Raquel Pe\u00f1a por resultar reelecta en las pasadas elecciones presidenciales junto al presidente Luis Abinader, y expres\u00f3 que la oportunidad es adecuada para expresarle que est\u00e1n convencidos de que en el pr\u00f3ximo periodo el gobierno se dar\u00e1 continuidad a los proyectos de colaboraci\u00f3n entre el gobierno central, las industrias, el sector mayorista y el consumidor final, trabajando de la mano en la b\u00fasqueda de alternativas que garanticen precios asequibles y justos para todos.<\/p>\n\n\n\n<p>Enfatiz\u00f3 que hoy, m\u00e1s que nunca, la cooperaci\u00f3n de todos los sectores es fundamental para mantener la estabilidad social y \u201cExpo Provisiones\u201d representa el espacio id\u00f3neo para el di\u00e1logo y la creaci\u00f3n de pol\u00edticas que favorezcan a todos, as\u00ed como la creaci\u00f3n de nuevas oportunidades.<\/p>\n\n\n\n<p>De acuerdo al presidente de la expo, Jorge Jerez, durante los cuatro d\u00edas del evento, los visitantes podr\u00e1n aprovechar diferentes actividades como charlas con profesionales especializados en temas relacionados con el comercio en provisiones, conversatorios, ruedas de negocios con dirigentes del comercio que estar\u00e1n visitando la expo desde diferentes regiones del pa\u00eds, adem\u00e1s noches tem\u00e1ticas, cooking show, con degustaciones y adiestramiento de cocina impartido por reconocidos profesionales en el \u00e1rea.<\/p>\n\n\n\n<p>Al evento inaugural asistieron representantes de sectores empresariales, invitados especiales, personalidades de diferentes sectores de la vida nacional, funcionarios gubernamentales.<\/p>\n","protected":false},"excerpt":{"rendered":"<p>En su quinta versi\u00f3n, dedicada al Grupo Linda, en la persona de su presidente se\u00f1or F\u00e9lix Garc\u00eda, tiene como pa\u00eds invitado a la Rep\u00fablica de Honduras, bajo el lema \u201cJuntos&hellip;<\/p>\n","protected":false},"author":2,"featured_media":84420,"comment_status":"open","ping_status":"open","sticky":false,"template":"","format":"standard","meta":{"content-type":"","jetpack_post_was_ever_published":false,"_jetpack_newsletter_access":"","_jetpack_dont_email_post_to_subs":false,"_jetpack_newsletter_tier_id":0,"_jetpack_memberships_contains_paywalled_content":false,"_jetpack_memberships_contains_paid_content":false,"footnotes":""},"categories":[39],"tags":[13425,13426,2874],"class_list":["post-84419","post","type-post","status-publish","format-standard","has-post-thumbnail","hentry","category-economia","tag-expo-provisiones-2024","tag-la-gran-fiesta-del-comercio","tag-vicepresidenta"],"jetpack_featured_media_url":"https:\/\/lasprimeras.com.do\/wp-content\/uploads\/2024\/06\/comercio.jpg","jetpack-related-posts":[{"id":83233,"url":"https:\/\/lasprimeras.com.do\/index.php\/2024\/05\/13\/juntos-por-la-estabilidad-del-comercio-quinta-feria-expo-provisiones-del-consejo-nacional-del-comercio\/","url_meta":{"origin":84419,"position":0},"title":"\u201cJuntos por la estabilidad del comercio\u201d, quinta feria expo provisiones del Consejo Nacional del Comercio","author":"Nelson Feliz","date":"13 de mayo de 2024","format":false,"excerpt":"El Consejo Nacional del Comercio en Provisiones (CNCP) anunci\u00f3 su feria Expo Provisiones 2024, a celebrarse desde el jueves 06 domingo 9 de junio, de 10:00 a .m a 10:00 p .m en el Sal\u00f3n de Eventos de la Plaza Sambil. Esta quinta edici\u00f3n de la feria se realizar\u00e1 bajo\u2026","rel":"","context":"En \u00abECONOM\u00cdA\u00bb","block_context":{"text":"ECONOM\u00cdA","link":"https:\/\/lasprimeras.com.do\/index.php\/category\/economia\/"},"img":{"alt_text":"Alberto Leroux","src":"https:\/\/i0.wp.com\/lasprimeras.com.do\/wp-content\/uploads\/2024\/05\/Alberto-Leroux-1.jpg?resize=350%2C200&ssl=1","width":350,"height":200,"srcset":"https:\/\/i0.wp.com\/lasprimeras.com.do\/wp-content\/uploads\/2024\/05\/Alberto-Leroux-1.jpg?resize=350%2C200&ssl=1 1x, https:\/\/i0.wp.com\/lasprimeras.com.do\/wp-content\/uploads\/2024\/05\/Alberto-Leroux-1.jpg?resize=525%2C300&ssl=1 1.5x, https:\/\/i0.wp.com\/lasprimeras.com.do\/wp-content\/uploads\/2024\/05\/Alberto-Leroux-1.jpg?resize=700%2C400&ssl=1 2x"},"classes":[]},{"id":49469,"url":"https:\/\/lasprimeras.com.do\/index.php\/2023\/05\/11\/consejo-del-comercio-en-provisiones-anuncia-su-feria-expo-provisiones-2023\/","url_meta":{"origin":84419,"position":1},"title":"Consejo del Comercio en Provisiones anuncia su feria &#8220;Expo Provisiones 2023&#8221;","author":"prenxa100","date":"11 de mayo de 2023","format":false,"excerpt":"Bajo el tema : \u201cAportando valor junto a las Industrias y MiPymes\". Santo Domingo.-. El Consejo Nacional del Comercio en Provisiones (CNCP) anunci\u00f3 su feria Expo Provisiones 2023, a celebrarse desde el jueves 01 al domingo 4 de junio, de 10:00 a .m a 10:00 p .m en el Sal\u00f3n\u2026","rel":"","context":"En \u00abECONOM\u00cdA\u00bb","block_context":{"text":"ECONOM\u00cdA","link":"https:\/\/lasprimeras.com.do\/index.php\/category\/economia\/"},"img":{"alt_text":"","src":"","width":0,"height":0},"classes":[]},{"id":84634,"url":"https:\/\/lasprimeras.com.do\/index.php\/2024\/06\/12\/expo-provisiones-2024-supera-expectativas-en-asistencia-y-transacciones-comerciales\/","url_meta":{"origin":84419,"position":2},"title":"Expo Provisiones 2024 supera Expectativas en Asistencia y Transacciones Comerciales","author":"Nelson Feliz","date":"12 de junio de 2024","format":false,"excerpt":"La quinta edici\u00f3n de la feria Expo Provisiones 2024 concluy\u00f3 con \u00e9xito este domingo, atrayendo a m\u00e1s de 30 mil asistentes y facilitando transacciones econ\u00f3micas entre mayoristas y minoristas por un valor superior a RD$300 millones. Organizada por el Consejo Nacional del Comercio en Provisiones (CNCP), la feria se llev\u00f3\u2026","rel":"","context":"En \u00abECONOM\u00cdA\u00bb","block_context":{"text":"ECONOM\u00cdA","link":"https:\/\/lasprimeras.com.do\/index.php\/category\/economia\/"},"img":{"alt_text":"","src":"https:\/\/i0.wp.com\/lasprimeras.com.do\/wp-content\/uploads\/2024\/06\/Reconocen.jpg?resize=350%2C200&ssl=1","width":350,"height":200,"srcset":"https:\/\/i0.wp.com\/lasprimeras.com.do\/wp-content\/uploads\/2024\/06\/Reconocen.jpg?resize=350%2C200&ssl=1 1x, https:\/\/i0.wp.com\/lasprimeras.com.do\/wp-content\/uploads\/2024\/06\/Reconocen.jpg?resize=525%2C300&ssl=1 1.5x, https:\/\/i0.wp.com\/lasprimeras.com.do\/wp-content\/uploads\/2024\/06\/Reconocen.jpg?resize=700%2C400&ssl=1 2x"},"classes":[]},{"id":51694,"url":"https:\/\/lasprimeras.com.do\/index.php\/2023\/06\/02\/vicepresidenta-de-la-republica-encabeza-inicio-cuarta-version-de-la-feria-expo-provisiones-2023\/","url_meta":{"origin":84419,"position":3},"title":"Vicepresidenta de la Rep\u00fablica encabeza inicio cuarta versi\u00f3n de la feria Expo Provisiones 2023","author":"prenxa100","date":"2 de junio de 2023","format":false,"excerpt":"Santo Domingo-. El Consejo Nacional del Comercio en Provisiones (CNCP), junto a la vicepresidenta de la Rep\u00fablica, Raquel Pe\u00f1a, dejaron iniciada la cuarta edici\u00f3n de la Feria Expo Provisiones 2023, que este a\u00f1o lleva el lema \u201cAportando valor junto a las Industrias y MIPYMES\u201d, y que est\u00e1 dedicada al Grupo\u2026","rel":"","context":"En \u00abECONOM\u00cdA\u00bb","block_context":{"text":"ECONOM\u00cdA","link":"https:\/\/lasprimeras.com.do\/index.php\/category\/economia\/"},"img":{"alt_text":"","src":"","width":0,"height":0},"classes":[]},{"id":52345,"url":"https:\/\/lasprimeras.com.do\/index.php\/2023\/06\/09\/cncp-resalta-expo-provisiones-2023-genero-mas-de-280-millones-de-pesos\/","url_meta":{"origin":84419,"position":4},"title":"CNCP resalta Expo Provisiones 2023 gener\u00f3 m\u00e1s de 280 millones de pesos","author":"prenxa100","date":"9 de junio de 2023","format":false,"excerpt":"El Consejo Nacional del Comercio en Provisiones (CNCP) cerr\u00f3 con gran \u00e9xito la cuarta versi\u00f3n de Expo Provisiones 2023, con operaciones de negocios que registran ventas de alrededor de 280 millones de pesos entre mayoristas y minoristas. El presidente de CNCP, Julio C\u00e9sar P\u00e9rez Mata, inform\u00f3 que la expo que\u2026","rel":"","context":"En \u00abECONOM\u00cdA\u00bb","block_context":{"text":"ECONOM\u00cdA","link":"https:\/\/lasprimeras.com.do\/index.php\/category\/economia\/"},"img":{"alt_text":"","src":"","width":0,"height":0},"classes":[]},{"id":51728,"url":"https:\/\/lasprimeras.com.do\/index.php\/2023\/06\/02\/cncp-asegura-productos-continuaran-bajando-de-precios-y-espera-liberacion-encaje-legal-dinamice-economia\/","url_meta":{"origin":84419,"position":5},"title":"CNCP asegura productos continuar\u00e1n bajando de precios y espera liberaci\u00f3n encaje legal dinamice econom\u00eda","author":"prenxa100","date":"2 de junio de 2023","format":false,"excerpt":"Santo Domingo.-.El Consejo Nacional del Comercio en Provisiones (CNCP) asegur\u00f3 este viernes que varios productos de la canasta b\u00e1sica bajaron de precios y que esperan que en los pr\u00f3ximos 45 d\u00edas otros alimentos tambi\u00e9n empiecen a reflejar rebajas. Al hablar este viernes durante el segundo d\u00eda de la cuarta versi\u00f3n\u2026","rel":"","context":"En \u00abECONOM\u00cdA\u00bb","block_context":{"text":"ECONOM\u00cdA","link":"https:\/\/lasprimeras.com.do\/index.php\/category\/economia\/"},"img":{"alt_text":"","src":"","width":0,"height":0},"classes":[]}],"jetpack_sharing_enabled":true,"_links":{"self":[{"href":"https:\/\/lasprimeras.com.do\/index.php\/wp-json\/wp\/v2\/posts\/84419","targetHints":{"allow":["GET"]}}],"collection":[{"href":"https:\/\/lasprimeras.com.do\/index.php\/wp-json\/wp\/v2\/posts"}],"about":[{"href":"https:\/\/lasprimeras.com.do\/index.php\/wp-json\/wp\/v2\/types\/post"}],"author":[{"embeddable":true,"href":"https:\/\/lasprimeras.com.do\/index.php\/wp-json\/wp\/v2\/users\/2"}],"replies":[{"embeddable":true,"href":"https:\/\/lasprimeras.com.do\/index.php\/wp-json\/wp\/v2\/comments?post=84419"}],"version-history":[{"count":1,"href":"https:\/\/lasprimeras.com.do\/index.php\/wp-json\/wp\/v2\/posts\/84419\/revisions"}],"predecessor-version":[{"id":84421,"href":"https:\/\/lasprimeras.com.do\/index.php\/wp-json\/wp\/v2\/posts\/84419\/revisions\/84421"}],"wp:featuredmedia":[{"embeddable":true,"href":"https:\/\/lasprimeras.com.do\/index.php\/wp-json\/wp\/v2\/media\/84420"}],"wp:attachment":[{"href":"https:\/\/lasprimeras.com.do\/index.php\/wp-json\/wp\/v2\/media?parent=84419"}],"wp:term":[{"taxonomy":"category","embeddable":true,"href":"https:\/\/lasprimeras.com.do\/index.php\/wp-json\/wp\/v2\/categories?post=84419"},{"taxonomy":"post_tag","embeddable":true,"href":"https:\/\/lasprimeras.com.do\/index.php\/wp-json\/wp\/v2\/tags?post=84419"}],"curies":[{"name":"wp","href":"https:\/\/api.w.org\/{rel}","templated":true}]}}