{"id":84425,"date":"2024-06-08T13:10:16","date_gmt":"2024-06-08T17:10:16","guid":{"rendered":"https:\/\/lasprimeras.com.do\/?p=84425"},"modified":"2024-06-08T13:10:17","modified_gmt":"2024-06-08T17:10:17","slug":"tejada-denuncia-conflicto-entre-medio-ambiente-y-acoprovi-sobre-retraso-permisos-ambientales","status":"publish","type":"post","link":"https:\/\/lasprimeras.com.do\/index.php\/2024\/06\/08\/tejada-denuncia-conflicto-entre-medio-ambiente-y-acoprovi-sobre-retraso-permisos-ambientales\/","title":{"rendered":"Tejada denuncia conflicto entre Medio Ambiente y Acoprovi sobre retraso permisos ambientales"},"content":{"rendered":"\n<p>El ex presidente del Colegio Dominicano de Ingenieros, Arquitectos y Agrimensores (CODIA), Ing. Teodoro Tejada declar\u00f3 como \u201cpreocupante y peligroso\u201d el conflicto que se ha generado entre el Ministerio de Medio Ambiente y la Asociaci\u00f3n Dominicana de Constructores y Promotores de Viviendas (Acoprovi), por el retraso en los permisos ambientales que concede este \u00f3rgano del estado a los constructores y promotores de viviendas para emprender sus proyectos.<\/p>\n\n\n\n<p>Tejada puso en dudas que la titular de ACOPROVI de Annerys Mel\u00e9ndez est\u00e9 mintiendo cuando afirma que los permisos de autorizaci\u00f3n de los proyectos se tardan entre seis y hasta 10 meses para salir, lo que \u201cprovoca un cuello\u201d de botella en el sector construcci\u00f3n.<\/p>\n\n\n\n<p>Agreg\u00f3 que de acuerdo a la denuncia de la Ing. Mel\u00e9ndez la lentitud con que se trabaja en el ministerio de Medio Ambiente y Recursos Naturales genera ciertos inconvenientes, no solo por el impacto en el sector construcci\u00f3n de viviendas, sino tambi\u00e9n por la repercusi\u00f3n negativa en la competitividad, inversiones y el clima empresarial.<\/p>\n\n\n\n<p>El tambi\u00e9n empresario de la construcci\u00f3n exhort\u00f3 al presidente Abinader que intervenga para que esta situaci\u00f3n se supere cuanto antes, porque los directivos de Acoprovi se han acercado a las autoridades para buscar una soluci\u00f3n al conflicto, pero hasta ahora no han tenido una respuesta convincente.<\/p>\n\n\n\n<p>Deplor\u00f3 que los obst\u00e1culos burocr\u00e1ticos que se colocan para obtener los permisos ambientales de los proyectos en el sector construcci\u00f3n de viviendas en el pa\u00eds, est\u00e1n generando preocupaci\u00f3n entre los representantes del sector, porque retrasan el inicio de los proyectos.<\/p>\n\n\n\n<p>Teodoro Tejada estim\u00f3 que la evaluaci\u00f3n de factibilidad de esos proyectos no debe exceder de 30 a 45 d\u00edas, porque genera p\u00e9rdidas a los empresarios del sector, ralentiza la generaci\u00f3n de empleos y resta dinamismo al sector comercial, principalmente el ferretero.<\/p>\n\n\n\n<p>La presidenta de Acoprovi asegur\u00f3 que el sector construcci\u00f3n podr\u00eda estar perdiendo cerca de RD$45,000 millones en nuevas inversiones de proyectos residenciales, por los retraso en los permisos ambientales que debe conceder el Ministerio de Medio Ambiente y Recursos Naturales.<\/p>\n","protected":false},"excerpt":{"rendered":"<p>El ex presidente del Colegio Dominicano de Ingenieros, Arquitectos y Agrimensores (CODIA), Ing. Teodoro Tejada declar\u00f3 como \u201cpreocupante y peligroso\u201d el conflicto que se ha generado entre el Ministerio de&hellip;<\/p>\n","protected":false},"author":2,"featured_media":84426,"comment_status":"open","ping_status":"open","sticky":false,"template":"","format":"standard","meta":{"content-type":"","jetpack_post_was_ever_published":false,"_jetpack_newsletter_access":"","_jetpack_dont_email_post_to_subs":false,"_jetpack_newsletter_tier_id":0,"_jetpack_memberships_contains_paywalled_content":false,"_jetpack_memberships_contains_paid_content":false,"footnotes":""},"categories":[35,25],"tags":[920,6901,1501,563,7701,13429,4059],"class_list":["post-84425","post","type-post","status-publish","format-standard","has-post-thumbnail","hentry","category-nacionales","category-portada","tag-acoprovi","tag-ambientales","tag-conflicto","tag-medio-ambiente","tag-permisos","tag-retraso","tag-teodoro-tejada"],"jetpack_featured_media_url":"https:\/\/lasprimeras.com.do\/wp-content\/uploads\/2024\/06\/Teodoro-Tejada.jpg","jetpack-related-posts":[{"id":123896,"url":"https:\/\/lasprimeras.com.do\/index.php\/2026\/03\/06\/ministro-henriquez-aborda-mejoras-en-permisos-ambientales-ante-acoprovi\/","url_meta":{"origin":84425,"position":0},"title":"Ministro Henr\u00edquez aborda mejoras en permisos ambientales ante ACOPROVI","author":"Nelson Feliz","date":"6 de marzo de 2026","format":false,"excerpt":"Durante el encuentro se habilit\u00f3 una mesa de consulta para la atenci\u00f3n de casos de proyectos en vivo y se promovi\u00f3 el di\u00e1logo con el sector construcci\u00f3n. El ministro de Medio Ambiente, Pa\u00edno Henr\u00edquez, particip\u00f3 del almuerzo empresarial organizado por la Asociaci\u00f3n Dominicana de Constructores y Promotores de Viviendas (ACOPROVI),\u2026","rel":"","context":"En \u00abNACIONALES\u00bb","block_context":{"text":"NACIONALES","link":"https:\/\/lasprimeras.com.do\/index.php\/category\/nacionales\/"},"img":{"alt_text":"Pa\u00edno Henr\u00edquez","src":"https:\/\/i0.wp.com\/lasprimeras.com.do\/wp-content\/uploads\/2026\/03\/Paino-Henriquez-1.jpg?resize=350%2C200&ssl=1","width":350,"height":200,"srcset":"https:\/\/i0.wp.com\/lasprimeras.com.do\/wp-content\/uploads\/2026\/03\/Paino-Henriquez-1.jpg?resize=350%2C200&ssl=1 1x, https:\/\/i0.wp.com\/lasprimeras.com.do\/wp-content\/uploads\/2026\/03\/Paino-Henriquez-1.jpg?resize=525%2C300&ssl=1 1.5x, https:\/\/i0.wp.com\/lasprimeras.com.do\/wp-content\/uploads\/2026\/03\/Paino-Henriquez-1.jpg?resize=700%2C400&ssl=1 2x"},"classes":[]},{"id":63512,"url":"https:\/\/lasprimeras.com.do\/index.php\/2023\/10\/12\/acoprovi-declara-a-luis-abinader-como-un-presidente-viviendista\/","url_meta":{"origin":84425,"position":1},"title":"ACOPROVI declara a Luis Abinader como un presidente viviendista","author":"Nelson Feliz","date":"12 de octubre de 2023","format":false,"excerpt":"La presidenta de la Asociaci\u00f3n Dominicana de Constructores y Promotores de Viviendas (ACOPROVI), Annerys Mel\u00e9ndez, declar\u00f3 a Luis Abinader como un presidente viviendista, por propiciar un crecimiento importante al sector. Dijo que el sector que representa tiene un alto impacto en la econom\u00eda al considerar que m\u00e1s del 80 por\u2026","rel":"","context":"En \u00abECONOM\u00cdA\u00bb","block_context":{"text":"ECONOM\u00cdA","link":"https:\/\/lasprimeras.com.do\/index.php\/category\/economia\/"},"img":{"alt_text":"Annerys Mel\u00e9ndez","src":"https:\/\/i0.wp.com\/lasprimeras.com.do\/wp-content\/uploads\/2023\/10\/Annerys-Melendez.jpg?resize=350%2C200&ssl=1","width":350,"height":200,"srcset":"https:\/\/i0.wp.com\/lasprimeras.com.do\/wp-content\/uploads\/2023\/10\/Annerys-Melendez.jpg?resize=350%2C200&ssl=1 1x, https:\/\/i0.wp.com\/lasprimeras.com.do\/wp-content\/uploads\/2023\/10\/Annerys-Melendez.jpg?resize=525%2C300&ssl=1 1.5x, https:\/\/i0.wp.com\/lasprimeras.com.do\/wp-content\/uploads\/2023\/10\/Annerys-Melendez.jpg?resize=700%2C400&ssl=1 2x"},"classes":[]},{"id":49234,"url":"https:\/\/lasprimeras.com.do\/index.php\/2023\/05\/09\/ecaasd-y-acoprovi-firman-acuerdo-para-mejorar-redes-distribucion-de-agua-en-gsd\/","url_meta":{"origin":84425,"position":2},"title":"ECAASD y ACOPROVI firman acuerdo para mejorar redes distribuci\u00f3n de agua en GSD","author":"prenxa100","date":"9 de mayo de 2023","format":false,"excerpt":"El convenio tambi\u00e9n contempla optimizar el sistema de alcantarillado sanitario en los proyectos inmobiliarios privados del Distrito Nacional y la provincia Santo Domingo. \u2013 La Corporaci\u00f3n del Acueducto y Alcantarillado de Santo Domingo (CAASD) y la Asociaci\u00f3n Dominicana de Constructores y Promotores de Vivienda (ACOPROVI) firmaron un acuerdo interinstitucional, que\u2026","rel":"","context":"En \u00abNACIONALES\u00bb","block_context":{"text":"NACIONALES","link":"https:\/\/lasprimeras.com.do\/index.php\/category\/nacionales\/"},"img":{"alt_text":"","src":"","width":0,"height":0},"classes":[]},{"id":111916,"url":"https:\/\/lasprimeras.com.do\/index.php\/2025\/10\/15\/raquel-pena-junto-a-acoprovi-reafirma-el-compromiso-del-gobierno-con-el-sector-construccion\/","url_meta":{"origin":84425,"position":3},"title":"Raquel Pe\u00f1a junto a ACOPROVI reafirma el compromiso del Gobierno con el sector construcci\u00f3n","author":"Nelson Feliz","date":"15 de octubre de 2025","format":false,"excerpt":"La vicepresidenta destac\u00f3 que la colaboraci\u00f3n p\u00fablico-privada es clave para garantizar viviendas dignas, fortalecer el empleo y dinamizar la econom\u00eda nacional. La vicepresidenta de la Rep\u00fablica, Raquel Pe\u00f1a, encabez\u00f3 este martes la 9na Mesa Nacional de la Vivienda, organizada por la Asociaci\u00f3n Dominicana de Constructores y Promotores de la Vivienda\u2026","rel":"","context":"En \u00abECONOM\u00cdA\u00bb","block_context":{"text":"ECONOM\u00cdA","link":"https:\/\/lasprimeras.com.do\/index.php\/category\/economia\/"},"img":{"alt_text":"","src":"https:\/\/i0.wp.com\/lasprimeras.com.do\/wp-content\/uploads\/2025\/10\/acoprovi.jpg?resize=350%2C200&ssl=1","width":350,"height":200,"srcset":"https:\/\/i0.wp.com\/lasprimeras.com.do\/wp-content\/uploads\/2025\/10\/acoprovi.jpg?resize=350%2C200&ssl=1 1x, https:\/\/i0.wp.com\/lasprimeras.com.do\/wp-content\/uploads\/2025\/10\/acoprovi.jpg?resize=525%2C300&ssl=1 1.5x, https:\/\/i0.wp.com\/lasprimeras.com.do\/wp-content\/uploads\/2025\/10\/acoprovi.jpg?resize=700%2C400&ssl=1 2x"},"classes":[]},{"id":82881,"url":"https:\/\/lasprimeras.com.do\/index.php\/2024\/05\/08\/abel-a-acoprovi-desde-el-gobierno-seremos-los-principales-aliados-del-sector-construccion-video\/","url_meta":{"origin":84425,"position":4},"title":"Abel a ACOPROVI: \u00abDesde el Gobierno seremos los principales aliados del sector construcci\u00f3n\u00bb | Video","author":"Nelson Feliz","date":"8 de mayo de 2024","format":false,"excerpt":"El candidato presidencial del Partido de la Liberaci\u00f3n Dominicana (PLD), Abel Mart\u00ednez, garantiz\u00f3 a los desarrolladores de viviendas en el pa\u00eds que, desde el Gobierno, ser\u00e1 su principal aliado. Durante un encuentro con directivos de la Asociaci\u00f3n Dominicana de Constructores y Promotores de Viviendas (Acoprovi), Abel Mart\u00ednez present\u00f3 las pol\u00edticas\u2026","rel":"","context":"En \u00abPORTADA\u00bb","block_context":{"text":"PORTADA","link":"https:\/\/lasprimeras.com.do\/index.php\/category\/portada\/"},"img":{"alt_text":"Abel Mart\u00ednez","src":"https:\/\/i0.wp.com\/lasprimeras.com.do\/wp-content\/uploads\/2024\/05\/Abel-Martinez-2.jpeg?resize=350%2C200&ssl=1","width":350,"height":200,"srcset":"https:\/\/i0.wp.com\/lasprimeras.com.do\/wp-content\/uploads\/2024\/05\/Abel-Martinez-2.jpeg?resize=350%2C200&ssl=1 1x, https:\/\/i0.wp.com\/lasprimeras.com.do\/wp-content\/uploads\/2024\/05\/Abel-Martinez-2.jpeg?resize=525%2C300&ssl=1 1.5x, https:\/\/i0.wp.com\/lasprimeras.com.do\/wp-content\/uploads\/2024\/05\/Abel-Martinez-2.jpeg?resize=700%2C400&ssl=1 2x, https:\/\/i0.wp.com\/lasprimeras.com.do\/wp-content\/uploads\/2024\/05\/Abel-Martinez-2.jpeg?resize=1050%2C600&ssl=1 3x, https:\/\/i0.wp.com\/lasprimeras.com.do\/wp-content\/uploads\/2024\/05\/Abel-Martinez-2.jpeg?resize=1400%2C800&ssl=1 4x"},"classes":[]},{"id":85354,"url":"https:\/\/lasprimeras.com.do\/index.php\/2024\/06\/28\/acoprovi-denuncia-que-el-cemento-aumento-un-14-en-lo-que-va-de-ano\/","url_meta":{"origin":84425,"position":5},"title":"ACOPROVI denuncia que el cemento aumento un 14 % en lo que va de a\u00f1o","author":"Nelson Feliz","date":"28 de junio de 2024","format":false,"excerpt":"Advierte el incremento de precio cemento amenaza acceso a viviendas a bajo costo; pide a productores ser cautelosos. La presidenta de la Asociaci\u00f3n Dominicana de Constructores y Promotores de la Vivienda (ACOPROVI), Annerys Mel\u00e9ndez se\u00f1al\u00f3 este jueves que en lo que va de a\u00f1o, el precio del cemento ha aumentado\u2026","rel":"","context":"En \u00abECONOM\u00cdA\u00bb","block_context":{"text":"ECONOM\u00cdA","link":"https:\/\/lasprimeras.com.do\/index.php\/category\/economia\/"},"img":{"alt_text":"Annerys Mel\u00e9ndez","src":"https:\/\/i0.wp.com\/lasprimeras.com.do\/wp-content\/uploads\/2024\/06\/Annerys-Melendez.jpg?resize=350%2C200&ssl=1","width":350,"height":200,"srcset":"https:\/\/i0.wp.com\/lasprimeras.com.do\/wp-content\/uploads\/2024\/06\/Annerys-Melendez.jpg?resize=350%2C200&ssl=1 1x, https:\/\/i0.wp.com\/lasprimeras.com.do\/wp-content\/uploads\/2024\/06\/Annerys-Melendez.jpg?resize=525%2C300&ssl=1 1.5x"},"classes":[]}],"jetpack_sharing_enabled":true,"_links":{"self":[{"href":"https:\/\/lasprimeras.com.do\/index.php\/wp-json\/wp\/v2\/posts\/84425","targetHints":{"allow":["GET"]}}],"collection":[{"href":"https:\/\/lasprimeras.com.do\/index.php\/wp-json\/wp\/v2\/posts"}],"about":[{"href":"https:\/\/lasprimeras.com.do\/index.php\/wp-json\/wp\/v2\/types\/post"}],"author":[{"embeddable":true,"href":"https:\/\/lasprimeras.com.do\/index.php\/wp-json\/wp\/v2\/users\/2"}],"replies":[{"embeddable":true,"href":"https:\/\/lasprimeras.com.do\/index.php\/wp-json\/wp\/v2\/comments?post=84425"}],"version-history":[{"count":1,"href":"https:\/\/lasprimeras.com.do\/index.php\/wp-json\/wp\/v2\/posts\/84425\/revisions"}],"predecessor-version":[{"id":84427,"href":"https:\/\/lasprimeras.com.do\/index.php\/wp-json\/wp\/v2\/posts\/84425\/revisions\/84427"}],"wp:featuredmedia":[{"embeddable":true,"href":"https:\/\/lasprimeras.com.do\/index.php\/wp-json\/wp\/v2\/media\/84426"}],"wp:attachment":[{"href":"https:\/\/lasprimeras.com.do\/index.php\/wp-json\/wp\/v2\/media?parent=84425"}],"wp:term":[{"taxonomy":"category","embeddable":true,"href":"https:\/\/lasprimeras.com.do\/index.php\/wp-json\/wp\/v2\/categories?post=84425"},{"taxonomy":"post_tag","embeddable":true,"href":"https:\/\/lasprimeras.com.do\/index.php\/wp-json\/wp\/v2\/tags?post=84425"}],"curies":[{"name":"wp","href":"https:\/\/api.w.org\/{rel}","templated":true}]}}