{"id":84432,"date":"2024-06-08T14:04:34","date_gmt":"2024-06-08T18:04:34","guid":{"rendered":"https:\/\/lasprimeras.com.do\/?p=84432"},"modified":"2024-06-08T14:04:35","modified_gmt":"2024-06-08T18:04:35","slug":"vicepresidenta-raquel-pena-encabeza-entrega-de-104-apartamentos-del-plan-familia-feliz-en-la-romana","status":"publish","type":"post","link":"https:\/\/lasprimeras.com.do\/index.php\/2024\/06\/08\/vicepresidenta-raquel-pena-encabeza-entrega-de-104-apartamentos-del-plan-familia-feliz-en-la-romana\/","title":{"rendered":"Vicepresidenta Raquel Pe\u00f1a encabeza entrega de 104 apartamentos del Plan Familia Feliz, en La Romana"},"content":{"rendered":"\n<p><strong>El 64% de las familias beneficiadas est\u00e1 encabezada por mujeres; un 22% ha sido favorecida con el Bono Mujer\u00a0<\/strong><\/p>\n\n\n\n<p>La vicepresidenta de la Rep\u00fablica, Raquel Pe\u00f1a, encabez\u00f3 este s\u00e1bado la entrega de 104 apartamentos del Plan Nacional de Viviendas Familia Feliz, en el Residencial Riberas de Cumayasa, en La Romana.&nbsp;&nbsp;&nbsp;&nbsp;&nbsp;&nbsp;&nbsp;&nbsp;&nbsp;&nbsp;&nbsp;&nbsp;&nbsp;<\/p>\n\n\n\n<p>Las nuevas viviendas,&nbsp; desarrolladas por el Grupo Rabiensa, corresponden a la primera etapa del complejo, que constar\u00e1&nbsp; de 400 soluciones habitacionales. El residencial est\u00e1 ubicado en el sector Villa Hermosa.<\/p>\n\n\n\n<p>Durante la entrega de las viviendas, la vicepresidenta destac\u00f3&nbsp; que la mayor\u00eda de las familias que reciben hoy su apartamento, tienen a mujeres como como cabezas de hogar, lo que&nbsp; evidencia el valor que le da el Gobierno&nbsp; al esfuerzo que hacen las mujeres y madres solteras para sacar a sus hijos adelante.<\/p>\n\n\n\n<p>&nbsp;\u201cMe gustar\u00eda resaltar un dato muy importante, el 64% de las familias beneficiadas por el Plan tiene a una mujer como cabeza de familia, y un 22% ha sido favorecida con el Bono Mujer&#8221;,&nbsp; dijo&nbsp; Pe\u00f1a al dirigirse a los beneficiarios.<\/p>\n\n\n\n<p>La vicepresidenta resalt\u00f3 que el proyecto residencial Riberas de Cumayasa es una nueva muestra de c\u00f3mo las alianzas p\u00fablico-privadas est\u00e1n llevando desarrollo y bienestar a la sociedad dominicana.<\/p>\n\n\n\n<p>&#8220;El Plan Nacional de Viviendas Familia Feliz contin\u00faa llenando de alegr\u00eda los corazones de miles de dominicanos y dominicanas que han sido beneficiados con una vivienda que dispone de los servicios b\u00e1sicos y de \u00e1reas comunes dise\u00f1adas para el desarrollo pleno de toda la familia&#8221;, precis\u00f3. &nbsp;<\/p>\n\n\n\n<p>Entre tanto que, el&nbsp; Ministro de la Presidencia, Joel Santos Echavarr\u00eda, inform\u00f3 que para hacer realidad el Residencia Riberas de Cumayasa, el Gobierno aport\u00f3 m\u00e1s de RD$90 millones, a trav\u00e9s de los distintos bonos que brinda el Plan y que el desarrollador destin\u00f3 m\u00e1s de RD$600 millones.&nbsp;&nbsp;&nbsp;&nbsp;&nbsp;&nbsp;&nbsp;&nbsp;&nbsp; &nbsp;&nbsp;&nbsp;&nbsp;&nbsp;&nbsp;&nbsp;&nbsp;&nbsp;&nbsp;&nbsp;&nbsp;&nbsp;&nbsp;&nbsp;<\/p>\n\n\n\n<p>&#8220;Uno de los aspectos m\u00e1s destacados de este proyecto son los bonos que hemos implementado para garantizar que estas viviendas sean accesibles para todos. El Bono Inicial es una ayuda esencial que facilita el acceso a una vivienda propia, reduciendo la carga financiera inicial que muchas veces es una barrera insuperable&#8221;, resalt\u00f3&nbsp; Santos Echavarr\u00eda.<\/p>\n\n\n\n<p>El ministro indic\u00f3 que, el&nbsp; Bono Itbis, es otra pieza fundamental del Plan, cubriendo el costo del Impuesto a la Transferencia de Bienes Industrializados y Servicios. Este bono elimina un gasto adicional que puede ser significativo, haciendo que el sue\u00f1o de una vivienda propia sea m\u00e1s alcanzable para todos.<\/p>\n\n\n\n<p>&#8220;Adem\u00e1s, hemos implementado el Bono Tasa para los primeros siete a\u00f1os, que garantiza una tasa de inter\u00e9s baja y fija durante los a\u00f1os iniciales del pr\u00e9stamo hipotecario, brindando estabilidad y previsibilidad financiera a las familias mientras se asientan en sus nuevos hogares. Es un respiro econ\u00f3mico que permite a las familias planificar su futuro con mayor seguridad y tranquilidad&#8221;, indic\u00f3.&nbsp;&nbsp;&nbsp;&nbsp;&nbsp;&nbsp;&nbsp;&nbsp;&nbsp;&nbsp;&nbsp;&nbsp;<\/p>\n\n\n\n<p>Mientras que, el desarrollador del proyecto, Rafael Bienvenido Santana, expres\u00f3 la satisfacci\u00f3n que siente la empresa desarrolladora al ver la alegr\u00eda de las familias que han adquirido los apartamentos, que se construyeron con los m\u00e1s altos est\u00e1ndares de calidad y pensados para que quienes los habiten tengan un espacio con todas las comodidades que se requieren.&nbsp;&nbsp;&nbsp;&nbsp;&nbsp;&nbsp;<\/p>\n\n\n\n<p>\u201cNos sentimos extremadamente feliz de ver que hemos concluido esta primera etapa que hace propietarios a 104 familias, que est\u00e1n cumpliendo con uno de los principales sue\u00f1os de todo ser humano: tener casa propia&#8221;,&nbsp; expres\u00f3 Santana.&nbsp;&nbsp;&nbsp;&nbsp;&nbsp;&nbsp;&nbsp;&nbsp;&nbsp;&nbsp;&nbsp;&nbsp;&nbsp;&nbsp;&nbsp;&nbsp;&nbsp;&nbsp;&nbsp;&nbsp;&nbsp;&nbsp;&nbsp;&nbsp;&nbsp;<\/p>\n\n\n\n<p>Sobre Riberas de Cumayasa&nbsp;&nbsp;<\/p>\n\n\n\n<p>El Residencial Riberas de&nbsp; Cumayasa, en su primera etapa, consta de 104 apartamentos de tres y dos habitaciones, con todos los servicios b\u00e1sicos, parqueos, un \u00e1rea de recreaci\u00f3n con&nbsp; una cancha de baloncesto, dispone de una plaza comercial con seis locales.<\/p>\n","protected":false},"excerpt":{"rendered":"<p>El 64% de las familias beneficiadas est\u00e1 encabezada por mujeres; un 22% ha sido favorecida con el Bono Mujer\u00a0 La vicepresidenta de la Rep\u00fablica, Raquel Pe\u00f1a, encabez\u00f3 este s\u00e1bado la&hellip;<\/p>\n","protected":false},"author":2,"featured_media":84433,"comment_status":"open","ping_status":"open","sticky":false,"template":"","format":"standard","meta":{"content-type":"","jetpack_post_was_ever_published":false,"_jetpack_newsletter_access":"","_jetpack_dont_email_post_to_subs":false,"_jetpack_newsletter_tier_id":0,"_jetpack_memberships_contains_paywalled_content":false,"_jetpack_memberships_contains_paid_content":false,"footnotes":""},"categories":[35,25],"tags":[3879,965,13434,2873,2874],"class_list":["post-84432","post","type-post","status-publish","format-standard","has-post-thumbnail","hentry","category-nacionales","category-portada","tag-apartamentos","tag-la-romana","tag-plan-familia-feliz","tag-raquel-pena","tag-vicepresidenta"],"jetpack_featured_media_url":"https:\/\/lasprimeras.com.do\/wp-content\/uploads\/2024\/06\/Raquel-Pena-4.jpg","jetpack-related-posts":[{"id":84393,"url":"https:\/\/lasprimeras.com.do\/index.php\/2024\/06\/07\/abinader-retoma-este-fin-de-semana-inauguraciones-de-obras\/","url_meta":{"origin":84432,"position":0},"title":"Abinader retoma este fin de semana inauguraciones de obras","author":"Nelson Feliz","date":"7 de junio de 2024","format":false,"excerpt":"Mandatario inaugurar\u00e1 seis obras en Hato Mayor y El Seibo. El presidente Luis Abinader retomar\u00e1 este fin de semana su agenda de inauguraciones con seis obras en las provincias de Hato Mayor y El Seibo. Las obras que inaugurar\u00e1 el mandatario incluyen la reconstrucci\u00f3n carretera La Candelaria \u2013 Bejucal Magar\u00edn\u2026","rel":"","context":"En \u00abNACIONALES\u00bb","block_context":{"text":"NACIONALES","link":"https:\/\/lasprimeras.com.do\/index.php\/category\/nacionales\/"},"img":{"alt_text":"Luis Abinader","src":"https:\/\/i0.wp.com\/lasprimeras.com.do\/wp-content\/uploads\/2024\/06\/Luis-Abinader-7.jpg?resize=350%2C200&ssl=1","width":350,"height":200,"srcset":"https:\/\/i0.wp.com\/lasprimeras.com.do\/wp-content\/uploads\/2024\/06\/Luis-Abinader-7.jpg?resize=350%2C200&ssl=1 1x, https:\/\/i0.wp.com\/lasprimeras.com.do\/wp-content\/uploads\/2024\/06\/Luis-Abinader-7.jpg?resize=525%2C300&ssl=1 1.5x, https:\/\/i0.wp.com\/lasprimeras.com.do\/wp-content\/uploads\/2024\/06\/Luis-Abinader-7.jpg?resize=700%2C400&ssl=1 2x"},"classes":[]},{"id":56164,"url":"https:\/\/lasprimeras.com.do\/index.php\/2023\/07\/28\/gobierno-de-luis-abinader-ha-entregado-1100-apartamentos-en-san-luis-en-sde\/","url_meta":{"origin":84432,"position":1},"title":"Gobierno de Luis Abinader ha entregado 1,100 apartamentos en San Luis, en SDE","author":"Nelson Feliz","date":"28 de julio de 2023","format":false,"excerpt":"Vicepresidenta Raquel Pe\u00f1a dice que trabajar para garantizar de forma efectiva el derecho constitucional de los dominicanos a tener a una vivienda digna es uno de los m\u00e1s grandes retos que ha asumido este Gobierno. La vicepresidenta Raquel Pe\u00f1a encabez\u00f3 este viernes la entrega de 600 nuevos apartamentos del proyecto\u2026","rel":"","context":"En \u00abECONOM\u00cdA\u00bb","block_context":{"text":"ECONOM\u00cdA","link":"https:\/\/lasprimeras.com.do\/index.php\/category\/economia\/"},"img":{"alt_text":"Raquel Pe\u00f1a","src":"https:\/\/i0.wp.com\/lasprimeras.com.do\/wp-content\/uploads\/2023\/07\/Raquel-Pena.jpg?resize=350%2C200&ssl=1","width":350,"height":200,"srcset":"https:\/\/i0.wp.com\/lasprimeras.com.do\/wp-content\/uploads\/2023\/07\/Raquel-Pena.jpg?resize=350%2C200&ssl=1 1x, https:\/\/i0.wp.com\/lasprimeras.com.do\/wp-content\/uploads\/2023\/07\/Raquel-Pena.jpg?resize=525%2C300&ssl=1 1.5x, https:\/\/i0.wp.com\/lasprimeras.com.do\/wp-content\/uploads\/2023\/07\/Raquel-Pena.jpg?resize=700%2C400&ssl=1 2x"},"classes":[]},{"id":88638,"url":"https:\/\/lasprimeras.com.do\/index.php\/2024\/09\/01\/raquel-pena-inaugura-obras-en-pedro-brand-y-villa-altagracia\/","url_meta":{"origin":84432,"position":2},"title":"Raquel Pe\u00f1a inaugura obras en Pedro Brand y Villa Altagracia","author":"Nelson Feliz","date":"1 de septiembre de 2024","format":false,"excerpt":"La vicepresidenta de la Rep\u00fablica, Raquel Pe\u00f1a, entreg\u00f3 este domingo cuatro obras valoradas en RD$ 320,220,050 que impactaran a varias comunidades de Pedro Brand y Villa Altagracia en materia deportiva, de salud, educaci\u00f3n y vivienda. Se trata de la remodelaci\u00f3n de un complejo deportivo en La Cuaba, la entrega de\u2026","rel":"","context":"En \u00abECONOM\u00cdA\u00bb","block_context":{"text":"ECONOM\u00cdA","link":"https:\/\/lasprimeras.com.do\/index.php\/category\/economia\/"},"img":{"alt_text":"Raquel Pe\u00f1a","src":"https:\/\/i0.wp.com\/lasprimeras.com.do\/wp-content\/uploads\/2024\/09\/Raquel-Pena.jpg?resize=350%2C200&ssl=1","width":350,"height":200,"srcset":"https:\/\/i0.wp.com\/lasprimeras.com.do\/wp-content\/uploads\/2024\/09\/Raquel-Pena.jpg?resize=350%2C200&ssl=1 1x, https:\/\/i0.wp.com\/lasprimeras.com.do\/wp-content\/uploads\/2024\/09\/Raquel-Pena.jpg?resize=525%2C300&ssl=1 1.5x, https:\/\/i0.wp.com\/lasprimeras.com.do\/wp-content\/uploads\/2024\/09\/Raquel-Pena.jpg?resize=700%2C400&ssl=1 2x"},"classes":[]},{"id":54216,"url":"https:\/\/lasprimeras.com.do\/index.php\/2023\/07\/08\/gobierno-entrega-120-viviendas-de-bajo-costo-en-san-cristobal-y-bani\/","url_meta":{"origin":84432,"position":3},"title":"Gobierno entrega 120 viviendas de bajo costo en San Crist\u00f3bal y Ban\u00ed","author":"Nelson Feliz","date":"8 de julio de 2023","format":false,"excerpt":"Dando continuidad al amplio programa de inauguraciones del Gobierno la vicepresidenta Raquel Pe\u00f1a entreg\u00f3 este s\u00e1bado 120 apartamentos de bajo costo, 31 de los cuales pertenecen al Plan Nacional de Viviendas Familia F\u00e9liz, del Ministerio de la Presidencia, siendo \u00e9sta la novena entrega de proyectos. Pe\u00f1a tambi\u00e9n, inaugur\u00f3 cuatro proyectos\u2026","rel":"","context":"En \u00abECONOM\u00cdA\u00bb","block_context":{"text":"ECONOM\u00cdA","link":"https:\/\/lasprimeras.com.do\/index.php\/category\/economia\/"},"img":{"alt_text":"Raquel Pe\u00f1a","src":"https:\/\/i0.wp.com\/lasprimeras.com.do\/wp-content\/uploads\/2023\/07\/Raquel-Pena-3.jpg?resize=350%2C200&ssl=1","width":350,"height":200,"srcset":"https:\/\/i0.wp.com\/lasprimeras.com.do\/wp-content\/uploads\/2023\/07\/Raquel-Pena-3.jpg?resize=350%2C200&ssl=1 1x, https:\/\/i0.wp.com\/lasprimeras.com.do\/wp-content\/uploads\/2023\/07\/Raquel-Pena-3.jpg?resize=525%2C300&ssl=1 1.5x, https:\/\/i0.wp.com\/lasprimeras.com.do\/wp-content\/uploads\/2023\/07\/Raquel-Pena-3.jpg?resize=700%2C400&ssl=1 2x"},"classes":[]},{"id":58612,"url":"https:\/\/lasprimeras.com.do\/index.php\/2023\/08\/25\/gobierno-inaugurara-14-obras-y-entregara-nuevos-apartamentos-en-seis-provincias\/","url_meta":{"origin":84432,"position":4},"title":"Gobierno inaugurar\u00e1 14 obras y entregar\u00e1 nuevos apartamentos en seis provincias","author":"Nelson Feliz","date":"25 de agosto de 2023","format":false,"excerpt":"Abinader estar\u00e1 en el Cibao; la vicepresidenta en el Este y San Crist\u00f3bal; mandatario participar\u00e1 en la misa por el 7mo aniversario del fallecimiento de Hatuey D'Camps El presidente Luis Abinader y la vicepresidenta Raquel Pe\u00f1a agotar\u00e1n este fin de semana una agenda de trabajo en seis provincias donde dejar\u00e1n\u2026","rel":"","context":"En \u00abPORTADA\u00bb","block_context":{"text":"PORTADA","link":"https:\/\/lasprimeras.com.do\/index.php\/category\/portada\/"},"img":{"alt_text":"Luis Abinader","src":"https:\/\/i0.wp.com\/lasprimeras.com.do\/wp-content\/uploads\/2023\/08\/Luis-Abinader-2-3.jpg?resize=350%2C200&ssl=1","width":350,"height":200,"srcset":"https:\/\/i0.wp.com\/lasprimeras.com.do\/wp-content\/uploads\/2023\/08\/Luis-Abinader-2-3.jpg?resize=350%2C200&ssl=1 1x, https:\/\/i0.wp.com\/lasprimeras.com.do\/wp-content\/uploads\/2023\/08\/Luis-Abinader-2-3.jpg?resize=525%2C300&ssl=1 1.5x, https:\/\/i0.wp.com\/lasprimeras.com.do\/wp-content\/uploads\/2023\/08\/Luis-Abinader-2-3.jpg?resize=700%2C400&ssl=1 2x"},"classes":[]},{"id":57502,"url":"https:\/\/lasprimeras.com.do\/index.php\/2023\/08\/13\/luis-abinader-encabeza-entrega-viviendas-en-estados-unidos\/","url_meta":{"origin":84432,"position":5},"title":"Luis Abinader encabeza entrega viviendas en Estados Unidos","author":"Nelson Feliz","date":"13 de agosto de 2023","format":false,"excerpt":"El presidente Abinader encabez\u00f3 la entrega de decenas de apartamentos a familias de la comunidad dominicana en Estados Unidos. Abinader anunci\u00f3 que dar\u00e1 instrucciones al Ministerio de la Presidencia, para el lanzamiento en los pr\u00f3ximos meses de un programa especial del \u201cPlan Nacional de Viviendas Familia Feliz\u201d, para la comunidad\u2026","rel":"","context":"En \u00abNACIONALES\u00bb","block_context":{"text":"NACIONALES","link":"https:\/\/lasprimeras.com.do\/index.php\/category\/nacionales\/"},"img":{"alt_text":"Luis Abinader","src":"https:\/\/i0.wp.com\/lasprimeras.com.do\/wp-content\/uploads\/2023\/08\/Luis-Abinader-NY.jpg?resize=350%2C200&ssl=1","width":350,"height":200,"srcset":"https:\/\/i0.wp.com\/lasprimeras.com.do\/wp-content\/uploads\/2023\/08\/Luis-Abinader-NY.jpg?resize=350%2C200&ssl=1 1x, https:\/\/i0.wp.com\/lasprimeras.com.do\/wp-content\/uploads\/2023\/08\/Luis-Abinader-NY.jpg?resize=525%2C300&ssl=1 1.5x, https:\/\/i0.wp.com\/lasprimeras.com.do\/wp-content\/uploads\/2023\/08\/Luis-Abinader-NY.jpg?resize=700%2C400&ssl=1 2x"},"classes":[]}],"jetpack_sharing_enabled":true,"_links":{"self":[{"href":"https:\/\/lasprimeras.com.do\/index.php\/wp-json\/wp\/v2\/posts\/84432","targetHints":{"allow":["GET"]}}],"collection":[{"href":"https:\/\/lasprimeras.com.do\/index.php\/wp-json\/wp\/v2\/posts"}],"about":[{"href":"https:\/\/lasprimeras.com.do\/index.php\/wp-json\/wp\/v2\/types\/post"}],"author":[{"embeddable":true,"href":"https:\/\/lasprimeras.com.do\/index.php\/wp-json\/wp\/v2\/users\/2"}],"replies":[{"embeddable":true,"href":"https:\/\/lasprimeras.com.do\/index.php\/wp-json\/wp\/v2\/comments?post=84432"}],"version-history":[{"count":1,"href":"https:\/\/lasprimeras.com.do\/index.php\/wp-json\/wp\/v2\/posts\/84432\/revisions"}],"predecessor-version":[{"id":84434,"href":"https:\/\/lasprimeras.com.do\/index.php\/wp-json\/wp\/v2\/posts\/84432\/revisions\/84434"}],"wp:featuredmedia":[{"embeddable":true,"href":"https:\/\/lasprimeras.com.do\/index.php\/wp-json\/wp\/v2\/media\/84433"}],"wp:attachment":[{"href":"https:\/\/lasprimeras.com.do\/index.php\/wp-json\/wp\/v2\/media?parent=84432"}],"wp:term":[{"taxonomy":"category","embeddable":true,"href":"https:\/\/lasprimeras.com.do\/index.php\/wp-json\/wp\/v2\/categories?post=84432"},{"taxonomy":"post_tag","embeddable":true,"href":"https:\/\/lasprimeras.com.do\/index.php\/wp-json\/wp\/v2\/tags?post=84432"}],"curies":[{"name":"wp","href":"https:\/\/api.w.org\/{rel}","templated":true}]}}