{"id":84435,"date":"2024-06-08T21:44:20","date_gmt":"2024-06-09T01:44:20","guid":{"rendered":"https:\/\/lasprimeras.com.do\/?p=84435"},"modified":"2024-06-08T21:44:22","modified_gmt":"2024-06-09T01:44:22","slug":"el-gobierno-destina-mas-de-3-mil-millones-de-pesos-en-subsidios-sociales","status":"publish","type":"post","link":"https:\/\/lasprimeras.com.do\/index.php\/2024\/06\/08\/el-gobierno-destina-mas-de-3-mil-millones-de-pesos-en-subsidios-sociales\/","title":{"rendered":"El Gobierno destina m\u00e1s de 3 mil millones de pesos en subsidios sociales"},"content":{"rendered":"\n<p><strong>Grupo Linda destaca trabajos en comunidades y llama apoyar lo local.<\/strong><\/p>\n\n\n\n<p>El Estado dominicano est\u00e1 destinando 3 mil 700 millones de pesos mensualmente para ayudar a las familias que m\u00e1s lo necesitan de la poblaci\u00f3n a trav\u00e9s de sus diversos programas de subsidios sociales.<\/p>\n\n\n\n<p>As\u00ed lo inform\u00f3&nbsp; el director de la Administradora de Subsidios Sociales (Adess), Catalino Correa Hiciano, durante un conversatorio en la feria Expo Provisiones 2024, organizada por el Consejo Nacional del Comercio en Provisiones (CNCP) en la plaza Sambil.<\/p>\n\n\n\n<p>El funcionario manifest\u00f3 que tras su llegada al Estado el gobierno del presidente Luis Abinader duplic\u00f3 la ayuda social a trav\u00e9s del programa Alim\u00e9ntate, tanto en la cantidad de dinero mensual como en el n\u00famero de beneficiarios.<\/p>\n\n\n\n<p>Indic\u00f3 que en 2019, el programa Alim\u00e9ntate contaba con 780 mil beneficiarios que recib\u00edan cada uno 825 pesos, por lo que se estaba destinando en ese plan un total de 683 millones de pesos mensuales.<\/p>\n\n\n\n<p>Destac\u00f3 que el actual gobierno lo duplic\u00f3 a 1 mill\u00f3n 560 mil beneficiarios, los cuales reciben 1,650 pesos, por lo que ahora se est\u00e1n destinando 2,574 millones de pesos para el programa Alim\u00e9ntate mensualmente.<\/p>\n\n\n\n<p>Correa Hiciano indic\u00f3 que adem\u00e1s de Alim\u00e9ntate, est\u00e1n los programas Bono Luz y Bono Gas. Dijo que en ayuda energ\u00e9tica se est\u00e1n aportando 574 millones de pesos mensuales y en Bono Gas 630 millones de pesos mensuales.<\/p>\n\n\n\n<p><strong>Llama a cuidar programas sociales<\/strong><\/p>\n\n\n\n<p>El funcionario hizo un llamado a los comerciantes a cuidar los programas sociales, ya que adem\u00e1s de la ayuda a la poblaci\u00f3n estos representan un aporte econ\u00f3mico dirigido hacia el sector comercio.<\/p>\n\n\n\n<p>\u201cQue los comerciantes identifiquen el impacto econ\u00f3mico que han tenido las ayudas sociales en el sector comercio\u201d, dijo.<\/p>\n\n\n\n<p>Record\u00f3 a los comerciantes que tienen un papel fundamental en el cuidado de los programas sociales.<\/p>\n\n\n\n<p>\u201cPara poder defraudar los programas sociales tiene que ser a trav\u00e9s de un verifone y ah\u00ed el papel fundamental de los comerciantes porque los verifones solamente los tienen los comerciantes y si un comerciante no presta su verifone no hace un acuerdo con los clonadores de tarjeta es imposible que la clonaci\u00f3n de tarjeta tenga resultado. En ese sentido ten\u00edan los comerciantes que saber que los principales responsables de que una familia no recibiera beneficios ca\u00eda sobre ellos y con una gran amenaza\u201d, indic\u00f3.<\/p>\n\n\n\n<p>Agreg\u00f3 que por ello las autoridades fueron recorriendo el pa\u00eds completo reuni\u00e9ndose con los comerciantes para que ellos fueran tan compromisarios como los ejecutivos de los programas sociales.<\/p>\n\n\n\n<p><strong>Apoyar la producci\u00f3n local<\/strong><\/p>\n\n\n\n<p>Esta quinta versi\u00f3n de la feria est\u00e1 dedicada al Grupo Linda y su presidente, se\u00f1or F\u00e9lix Garc\u00eda y tiene como pa\u00eds invitado a Honduras, bajo el lema \u201cJuntos por la estabilidad del Comercio\u201d.<\/p>\n\n\n\n<p>Durante un conversatorio, Miguel&nbsp; Blasco, representante del Grupo Linda, destac\u00f3 la importancia de la producci\u00f3n nacional y de apoyar lo que genera de forma local.<\/p>\n\n\n\n<p>Puso como ejemplo, la pandemia del coronavirus durante la cual en la Rep\u00fablica Dominicana no hubo escasez de productos y los comerciantes pudieron suplir las demandas de consumo.<\/p>\n\n\n\n<p>\u201cEso deber\u00edamos tenerlo como ejemplo las autoridades, las empresas y los consumidores de que debemos darle importancia y creer en la producci\u00f3n nacional, de no depender de las importaciones&#8221;, dijo.<\/p>\n\n\n\n<p>Agreg\u00f3 que \u201clo b\u00e1sico, la producci\u00f3n nacional para el consumo de nuestra poblaci\u00f3n tiene que estar aqu\u00ed y nosotros como consumidores tenemos que estar conscientes de eso y apoyar lo dominicano, lo que se produce aqu\u00ed\u201d.<\/p>\n\n\n\n<p>Dijo que en el caso del Grupo Linda su empresa Trans Agr\u00edcola, toda su producci\u00f3n es local y el Grupo Linda tiene actualmente unos 3 mil empleos directos en sus cinco empresas; adem\u00e1s el grupo implementa programas de asistencia en las diversas comunidades.<\/p>\n","protected":false},"excerpt":{"rendered":"<p>Grupo Linda destaca trabajos en comunidades y llama apoyar lo local. El Estado dominicano est\u00e1 destinando 3 mil 700 millones de pesos mensualmente para ayudar a las familias que m\u00e1s&hellip;<\/p>\n","protected":false},"author":2,"featured_media":84436,"comment_status":"open","ping_status":"open","sticky":false,"template":"","format":"standard","meta":{"content-type":"","jetpack_post_was_ever_published":false,"_jetpack_newsletter_access":"","_jetpack_dont_email_post_to_subs":false,"_jetpack_newsletter_tier_id":0,"_jetpack_memberships_contains_paywalled_content":false,"_jetpack_memberships_contains_paid_content":false,"footnotes":""},"categories":[39,25],"tags":[1795,1449,13435,171,2802,5945],"class_list":["post-84435","post","type-post","status-publish","format-standard","has-post-thumbnail","hentry","category-economia","category-portada","tag-adess","tag-comerciantes","tag-cuidar-programas","tag-gobierno","tag-sociales","tag-subsidios"],"jetpack_featured_media_url":"https:\/\/lasprimeras.com.do\/wp-content\/uploads\/2024\/06\/comerciantes.jpg","jetpack-related-posts":[{"id":81269,"url":"https:\/\/lasprimeras.com.do\/index.php\/2024\/04\/18\/director-de-la-adess-87-de-las-tarjetas-con-banda-magnetica-han-sido-migradas-a-chip\/","url_meta":{"origin":84435,"position":0},"title":"Director de la ADESS: 87% de las tarjetas con banda magn\u00e9tica han sido migradas a chip","author":"Nelson Feliz","date":"18 de abril de 2024","format":false,"excerpt":"Catalino Correa comunic\u00f3, adem\u00e1s, que han sido sometidos 85 casos de personas acusadas de participar en el fraude de los fondos a los subsidios sociales. El director general de la Administradora de Subsidios Sociales (ADESS), Catalino (Freddy) Correa Hiciano, inform\u00f3 que el 87% de las tarjetas con bandas magn\u00e9ticas fueron\u2026","rel":"","context":"En \u00abECONOM\u00cdA\u00bb","block_context":{"text":"ECONOM\u00cdA","link":"https:\/\/lasprimeras.com.do\/index.php\/category\/economia\/"},"img":{"alt_text":"Catalino (Freddy) Correa Hiciano","src":"https:\/\/i0.wp.com\/lasprimeras.com.do\/wp-content\/uploads\/2024\/04\/Catalino-Correa-Hiciano.jpg?resize=350%2C200&ssl=1","width":350,"height":200,"srcset":"https:\/\/i0.wp.com\/lasprimeras.com.do\/wp-content\/uploads\/2024\/04\/Catalino-Correa-Hiciano.jpg?resize=350%2C200&ssl=1 1x, https:\/\/i0.wp.com\/lasprimeras.com.do\/wp-content\/uploads\/2024\/04\/Catalino-Correa-Hiciano.jpg?resize=525%2C300&ssl=1 1.5x, https:\/\/i0.wp.com\/lasprimeras.com.do\/wp-content\/uploads\/2024\/04\/Catalino-Correa-Hiciano.jpg?resize=700%2C400&ssl=1 2x"},"classes":[]},{"id":50205,"url":"https:\/\/lasprimeras.com.do\/index.php\/2023\/05\/17\/adess-y-superate-anuncian-pago-de-mas-de-rd-106-millones-a-beneficiarios\/","url_meta":{"origin":84435,"position":1},"title":"ADESS y Sup\u00e9rate anuncian pago de m\u00e1s de RD$ 106 millones a beneficiarios","author":"prenxa100","date":"17 de mayo de 2023","format":false,"excerpt":"Santo Domingo.-. La Administradora de Subsidios Sociales (ADESS) y el programa social Sup\u00e9rate informaron a las familias con subsidios sociales y a toda la ciudadan\u00eda, el pago de m\u00e1s de RD$ 106 millones a alrededor de 32 mil familias, afectadas por el retraso causado por el reemplazo de las tarjetas\u2026","rel":"","context":"En \u00abECONOM\u00cdA\u00bb","block_context":{"text":"ECONOM\u00cdA","link":"https:\/\/lasprimeras.com.do\/index.php\/category\/economia\/"},"img":{"alt_text":"","src":"","width":0,"height":0},"classes":[]},{"id":77929,"url":"https:\/\/lasprimeras.com.do\/index.php\/2024\/02\/27\/abinader-gobierno-ha-destinado-147-mm-para-asistir-vulnerables-y-comercio-en-la-frontera\/","url_meta":{"origin":84435,"position":2},"title":"Abinader : Gobierno ha destinado 147 MM para asistir vulnerables y comercio en la frontera","author":"Nelson Feliz","date":"27 de febrero de 2024","format":false,"excerpt":"Resalta esfuerzo para proteger presupuesto familiar. Los indicadores macroecon\u00f3micos actuales, afirm\u00f3 el presidente Luis Abinader ser\u00edan solo n\u00fameros, pero para que se reflejen en la vida diaria de los dominicano y dominicanos el Gobierno ha destinado m\u00e1s de RD$147 mil millones para proteger a los grupos sociales m\u00e1s expuestos. Siempre,\u2026","rel":"","context":"En \u00abECONOM\u00cdA\u00bb","block_context":{"text":"ECONOM\u00cdA","link":"https:\/\/lasprimeras.com.do\/index.php\/category\/economia\/"},"img":{"alt_text":"Luis Rodolfo Abinader","src":"https:\/\/i0.wp.com\/lasprimeras.com.do\/wp-content\/uploads\/2024\/02\/Luis-Rodolfo-Abinader-2.jpg?resize=350%2C200&ssl=1","width":350,"height":200,"srcset":"https:\/\/i0.wp.com\/lasprimeras.com.do\/wp-content\/uploads\/2024\/02\/Luis-Rodolfo-Abinader-2.jpg?resize=350%2C200&ssl=1 1x, https:\/\/i0.wp.com\/lasprimeras.com.do\/wp-content\/uploads\/2024\/02\/Luis-Rodolfo-Abinader-2.jpg?resize=525%2C300&ssl=1 1.5x, https:\/\/i0.wp.com\/lasprimeras.com.do\/wp-content\/uploads\/2024\/02\/Luis-Rodolfo-Abinader-2.jpg?resize=700%2C400&ssl=1 2x"},"classes":[]},{"id":72266,"url":"https:\/\/lasprimeras.com.do\/index.php\/2023\/12\/28\/el-gasto-en-subsidios-para-mitigar-la-inflacion-aumento-un-112-5\/","url_meta":{"origin":84435,"position":3},"title":"El gasto en subsidios para mitigar la inflaci\u00f3n aument\u00f3 un 112.5 %","author":"Nelson Feliz","date":"28 de diciembre de 2023","format":false,"excerpt":"Los recursos del Estado otorgados para programas subsidiarios, como medida para mitigar el impacto de la inflaci\u00f3n, aumentaron 112.5 % en este a\u00f1o, siendo el sector el\u00e9ctrico el que m\u00e1s dinero ha agotado. De enero al 9 de diciembre del 2022, el balance destinado a los programas de ayuda a\u2026","rel":"","context":"En \u00abECONOM\u00cdA\u00bb","block_context":{"text":"ECONOM\u00cdA","link":"https:\/\/lasprimeras.com.do\/index.php\/category\/economia\/"},"img":{"alt_text":"Sector el\u00e9ctrico absorbe 53.9 % de los subsidios","src":"https:\/\/i0.wp.com\/lasprimeras.com.do\/wp-content\/uploads\/2023\/12\/Sector-electrico-absorbe-53.9-de-los-subsidios.jpg?resize=350%2C200&ssl=1","width":350,"height":200,"srcset":"https:\/\/i0.wp.com\/lasprimeras.com.do\/wp-content\/uploads\/2023\/12\/Sector-electrico-absorbe-53.9-de-los-subsidios.jpg?resize=350%2C200&ssl=1 1x, https:\/\/i0.wp.com\/lasprimeras.com.do\/wp-content\/uploads\/2023\/12\/Sector-electrico-absorbe-53.9-de-los-subsidios.jpg?resize=525%2C300&ssl=1 1.5x, https:\/\/i0.wp.com\/lasprimeras.com.do\/wp-content\/uploads\/2023\/12\/Sector-electrico-absorbe-53.9-de-los-subsidios.jpg?resize=700%2C400&ssl=1 2x"},"classes":[]},{"id":84634,"url":"https:\/\/lasprimeras.com.do\/index.php\/2024\/06\/12\/expo-provisiones-2024-supera-expectativas-en-asistencia-y-transacciones-comerciales\/","url_meta":{"origin":84435,"position":4},"title":"Expo Provisiones 2024 supera Expectativas en Asistencia y Transacciones Comerciales","author":"Nelson Feliz","date":"12 de junio de 2024","format":false,"excerpt":"La quinta edici\u00f3n de la feria Expo Provisiones 2024 concluy\u00f3 con \u00e9xito este domingo, atrayendo a m\u00e1s de 30 mil asistentes y facilitando transacciones econ\u00f3micas entre mayoristas y minoristas por un valor superior a RD$300 millones. Organizada por el Consejo Nacional del Comercio en Provisiones (CNCP), la feria se llev\u00f3\u2026","rel":"","context":"En \u00abECONOM\u00cdA\u00bb","block_context":{"text":"ECONOM\u00cdA","link":"https:\/\/lasprimeras.com.do\/index.php\/category\/economia\/"},"img":{"alt_text":"","src":"https:\/\/i0.wp.com\/lasprimeras.com.do\/wp-content\/uploads\/2024\/06\/Reconocen.jpg?resize=350%2C200&ssl=1","width":350,"height":200,"srcset":"https:\/\/i0.wp.com\/lasprimeras.com.do\/wp-content\/uploads\/2024\/06\/Reconocen.jpg?resize=350%2C200&ssl=1 1x, https:\/\/i0.wp.com\/lasprimeras.com.do\/wp-content\/uploads\/2024\/06\/Reconocen.jpg?resize=525%2C300&ssl=1 1.5x, https:\/\/i0.wp.com\/lasprimeras.com.do\/wp-content\/uploads\/2024\/06\/Reconocen.jpg?resize=700%2C400&ssl=1 2x"},"classes":[]},{"id":85026,"url":"https:\/\/lasprimeras.com.do\/index.php\/2024\/06\/21\/addess-anuncia-judicializacion-para-clonadores-de-tarjetas-de-programas-sociales\/","url_meta":{"origin":84435,"position":5},"title":"ADDESS anuncia judicializaci\u00f3n para clonadores de tarjetas de programas sociales","author":"Nelson Feliz","date":"21 de junio de 2024","format":false,"excerpt":"El director general de la Administradora de Subsidios Sociales (ADESS), Catalino Correa Hiciano, anunci\u00f3 la judicializaci\u00f3n contra clonadores de tarjetas que llev\u00f3 a cabo el Tribunal Colegiado del Distrito Judicial de Santo Domingo, para los clonadores de tarjetas de los programas sociales. Correa se\u00f1al\u00f3 que, desde el mes de abril\u2026","rel":"","context":"En \u00abECONOM\u00cdA\u00bb","block_context":{"text":"ECONOM\u00cdA","link":"https:\/\/lasprimeras.com.do\/index.php\/category\/economia\/"},"img":{"alt_text":"Catalino Correa Hiciano","src":"https:\/\/i0.wp.com\/lasprimeras.com.do\/wp-content\/uploads\/2024\/06\/Catalino-Correa-Hiciano.jpg?resize=350%2C200&ssl=1","width":350,"height":200,"srcset":"https:\/\/i0.wp.com\/lasprimeras.com.do\/wp-content\/uploads\/2024\/06\/Catalino-Correa-Hiciano.jpg?resize=350%2C200&ssl=1 1x, https:\/\/i0.wp.com\/lasprimeras.com.do\/wp-content\/uploads\/2024\/06\/Catalino-Correa-Hiciano.jpg?resize=525%2C300&ssl=1 1.5x, https:\/\/i0.wp.com\/lasprimeras.com.do\/wp-content\/uploads\/2024\/06\/Catalino-Correa-Hiciano.jpg?resize=700%2C400&ssl=1 2x"},"classes":[]}],"jetpack_sharing_enabled":true,"_links":{"self":[{"href":"https:\/\/lasprimeras.com.do\/index.php\/wp-json\/wp\/v2\/posts\/84435","targetHints":{"allow":["GET"]}}],"collection":[{"href":"https:\/\/lasprimeras.com.do\/index.php\/wp-json\/wp\/v2\/posts"}],"about":[{"href":"https:\/\/lasprimeras.com.do\/index.php\/wp-json\/wp\/v2\/types\/post"}],"author":[{"embeddable":true,"href":"https:\/\/lasprimeras.com.do\/index.php\/wp-json\/wp\/v2\/users\/2"}],"replies":[{"embeddable":true,"href":"https:\/\/lasprimeras.com.do\/index.php\/wp-json\/wp\/v2\/comments?post=84435"}],"version-history":[{"count":1,"href":"https:\/\/lasprimeras.com.do\/index.php\/wp-json\/wp\/v2\/posts\/84435\/revisions"}],"predecessor-version":[{"id":84437,"href":"https:\/\/lasprimeras.com.do\/index.php\/wp-json\/wp\/v2\/posts\/84435\/revisions\/84437"}],"wp:featuredmedia":[{"embeddable":true,"href":"https:\/\/lasprimeras.com.do\/index.php\/wp-json\/wp\/v2\/media\/84436"}],"wp:attachment":[{"href":"https:\/\/lasprimeras.com.do\/index.php\/wp-json\/wp\/v2\/media?parent=84435"}],"wp:term":[{"taxonomy":"category","embeddable":true,"href":"https:\/\/lasprimeras.com.do\/index.php\/wp-json\/wp\/v2\/categories?post=84435"},{"taxonomy":"post_tag","embeddable":true,"href":"https:\/\/lasprimeras.com.do\/index.php\/wp-json\/wp\/v2\/tags?post=84435"}],"curies":[{"name":"wp","href":"https:\/\/api.w.org\/{rel}","templated":true}]}}