{"id":84441,"date":"2024-06-08T22:27:27","date_gmt":"2024-06-09T02:27:27","guid":{"rendered":"https:\/\/lasprimeras.com.do\/?p=84441"},"modified":"2024-06-08T22:27:29","modified_gmt":"2024-06-09T02:27:29","slug":"abinader-inaugurara-seis-obras-este-domingo-en-hato-mayor-y-el-seibo","status":"publish","type":"post","link":"https:\/\/lasprimeras.com.do\/index.php\/2024\/06\/08\/abinader-inaugurara-seis-obras-este-domingo-en-hato-mayor-y-el-seibo\/","title":{"rendered":"Abinader inaugurar\u00e1 seis obras este domingo en Hato Mayor y El Seibo"},"content":{"rendered":"\n<p>El presidente Luis Abinader retomar\u00e1 este domingo su agenda de inauguraciones con seis obras en las provincias de Hato Mayor y El Seibo.<\/p>\n\n\n\n<p>Las obras que inaugurar\u00e1 el mandatario incluyen la reconstrucci\u00f3n carretera La Candelaria \u2013 Bejucal Magar\u00edn y un campo de futbol en El Seibo.<\/p>\n\n\n\n<p>Mientras que Hato Mayor Abinader presidir\u00e1 la inauguraci\u00f3n del Pley Paso Cibao, Pley de Palmilla, el Comedor Econ\u00f3mico de Sabana de la Mar.<\/p>\n\n\n\n<p>Adem\u00e1s, dejar\u00e1 en funcionamiento un conjunto de obras pluviales como son la adecuaci\u00f3n de 600 metros del R\u00edo Yab\u00f3n, la construcci\u00f3n de 400 metros de gaviones en tramos discontinuos, la adecuaci\u00f3n de 2,500 metros de la ca\u00f1ada Mar\u00eda Teresa y la construcci\u00f3n de alcantarilla doble de caj\u00f3n en el Cruce Carretera Ca\u00f1o Hondo.<\/p>\n\n\n\n<p><strong>El Seibo&nbsp;<\/strong><\/p>\n\n\n\n<p>La agenda del gobernante inicia a las 10:30 de la ma\u00f1ana con la inauguraci\u00f3n de la reconstrucci\u00f3n de la carretera La Candelaria \u2013 Bejucal Magar\u00edn.<\/p>\n\n\n\n<p>Posteriormente, el mandatario dejar\u00e1 inaugurado un campo de f\u00fatbol en esta provincia de El Seibo.<\/p>\n\n\n\n<p><strong>Hato Mayor&nbsp;<\/strong><\/p>\n\n\n\n<p>En horas de la tarde, el jefe de Estado se trasladar\u00e1 a la provincia de Hato Mayor, donde dejar\u00e1 inaugurado una serie de obras pluviales que incluyen la inauguraci\u00f3n de la adecuaci\u00f3n de 600 metros del R\u00edo Yab\u00f3n; la construcci\u00f3n de 400 metros de gaviones en tramos discontinuos.<\/p>\n\n\n\n<p>De igual forma, la adecuaci\u00f3n en 2,500 metros de la ca\u00f1ada Mar\u00eda Teresa y la construcci\u00f3n de alcantarilla doble de caj\u00f3n en el Cruce Carretera Ca\u00f1o Hondo en Sabana de la Mar.<\/p>\n\n\n\n<p>Continuando con su apoyo y&nbsp; compromiso con el deporte, el gobernante inaugurar\u00e1 de manera simult\u00e1nea el pley Paso Cibao y el pley Palmilla en Hato Mayor del Rey.<\/p>\n\n\n\n<p>La agenda del mandatario culmina este domingo con la inauguraci\u00f3n del Comedor Econ\u00f3mico de Sabana de la Mar.<\/p>\n","protected":false},"excerpt":{"rendered":"<p>El presidente Luis Abinader retomar\u00e1 este domingo su agenda de inauguraciones con seis obras en las provincias de Hato Mayor y El Seibo. Las obras que inaugurar\u00e1 el mandatario incluyen&hellip;<\/p>\n","protected":false},"author":2,"featured_media":84394,"comment_status":"open","ping_status":"open","sticky":false,"template":"","format":"standard","meta":{"content-type":"","jetpack_post_was_ever_published":false,"_jetpack_newsletter_access":"","_jetpack_dont_email_post_to_subs":false,"_jetpack_newsletter_tier_id":0,"_jetpack_memberships_contains_paywalled_content":false,"_jetpack_memberships_contains_paid_content":false,"footnotes":""},"categories":[35,25],"tags":[4783,2619,67,374,935],"class_list":["post-84441","post","type-post","status-publish","format-standard","has-post-thumbnail","hentry","category-nacionales","category-portada","tag-el-seibo","tag-hato-mayor","tag-luis-abinader","tag-obras","tag-presidente"],"jetpack_featured_media_url":"https:\/\/lasprimeras.com.do\/wp-content\/uploads\/2024\/06\/Luis-Abinader-7.jpg","jetpack-related-posts":[{"id":84393,"url":"https:\/\/lasprimeras.com.do\/index.php\/2024\/06\/07\/abinader-retoma-este-fin-de-semana-inauguraciones-de-obras\/","url_meta":{"origin":84441,"position":0},"title":"Abinader retoma este fin de semana inauguraciones de obras","author":"Nelson Feliz","date":"7 de junio de 2024","format":false,"excerpt":"Mandatario inaugurar\u00e1 seis obras en Hato Mayor y El Seibo. El presidente Luis Abinader retomar\u00e1 este fin de semana su agenda de inauguraciones con seis obras en las provincias de Hato Mayor y El Seibo. Las obras que inaugurar\u00e1 el mandatario incluyen la reconstrucci\u00f3n carretera La Candelaria \u2013 Bejucal Magar\u00edn\u2026","rel":"","context":"En \u00abNACIONALES\u00bb","block_context":{"text":"NACIONALES","link":"https:\/\/lasprimeras.com.do\/index.php\/category\/nacionales\/"},"img":{"alt_text":"Luis Abinader","src":"https:\/\/i0.wp.com\/lasprimeras.com.do\/wp-content\/uploads\/2024\/06\/Luis-Abinader-7.jpg?resize=350%2C200&ssl=1","width":350,"height":200,"srcset":"https:\/\/i0.wp.com\/lasprimeras.com.do\/wp-content\/uploads\/2024\/06\/Luis-Abinader-7.jpg?resize=350%2C200&ssl=1 1x, https:\/\/i0.wp.com\/lasprimeras.com.do\/wp-content\/uploads\/2024\/06\/Luis-Abinader-7.jpg?resize=525%2C300&ssl=1 1.5x, https:\/\/i0.wp.com\/lasprimeras.com.do\/wp-content\/uploads\/2024\/06\/Luis-Abinader-7.jpg?resize=700%2C400&ssl=1 2x"},"classes":[]},{"id":84484,"url":"https:\/\/lasprimeras.com.do\/index.php\/2024\/06\/09\/abinader-entrega-carretera-la-candelaria-bejucal-magarin-en-hato-mayor-y-el-seibo\/","url_meta":{"origin":84441,"position":1},"title":"Abinader entrega carretera La Candelaria-Bejucal- Magar\u00edn en Hato Mayor y El Seibo","author":"Nelson Feliz","date":"9 de junio de 2024","format":false,"excerpt":"Tambi\u00e9n inaugura campo de f\u00fatbol en El Seibo, que beneficiar\u00e1 a los j\u00f3venes y ni\u00f1os de la provincia. El presidente Luis Abinader inaugur\u00f3 este domingo la reconstrucci\u00f3n de la Candelaria-Bejucal- Magar\u00edn, la cual contribuye al desarrollo productivo de decenas de agricultores y ganaderos y mejora la calidad de vida de\u2026","rel":"","context":"En \u00abECONOM\u00cdA\u00bb","block_context":{"text":"ECONOM\u00cdA","link":"https:\/\/lasprimeras.com.do\/index.php\/category\/economia\/"},"img":{"alt_text":"","src":"https:\/\/i0.wp.com\/lasprimeras.com.do\/wp-content\/uploads\/2024\/06\/Luis-Abinader-9.jpg?resize=350%2C200&ssl=1","width":350,"height":200,"srcset":"https:\/\/i0.wp.com\/lasprimeras.com.do\/wp-content\/uploads\/2024\/06\/Luis-Abinader-9.jpg?resize=350%2C200&ssl=1 1x, https:\/\/i0.wp.com\/lasprimeras.com.do\/wp-content\/uploads\/2024\/06\/Luis-Abinader-9.jpg?resize=525%2C300&ssl=1 1.5x"},"classes":[]},{"id":84563,"url":"https:\/\/lasprimeras.com.do\/index.php\/2024\/06\/09\/presidente-abinader-inaugura-rehabilitadas-obras-hidraulicas-en-hato-mayor\/","url_meta":{"origin":84441,"position":2},"title":"Presidente Abinader inaugura rehabilitadas obras hidr\u00e1ulicas en Hato Mayor","author":"Nelson Feliz","date":"9 de junio de 2024","format":false,"excerpt":"Ayuntamiento de Sabana de la Mar reconoce al presidente Abinader como \u00fanico mandatario que se ha ocupado de dar soluciones a las diferentes problem\u00e1ticas del municipio, y lo declaran hijo adoptivo. Por Martin Restituyo El presidente Luis Abinader inaugur\u00f3 un conjunto de obras hidr\u00e1ulicas que incluyeron las adecuaciones del R\u00edo\u2026","rel":"","context":"En \u00abECONOM\u00cdA\u00bb","block_context":{"text":"ECONOM\u00cdA","link":"https:\/\/lasprimeras.com.do\/index.php\/category\/economia\/"},"img":{"alt_text":"","src":"https:\/\/i0.wp.com\/lasprimeras.com.do\/wp-content\/uploads\/2024\/06\/Abinader-Obras-HM.jpg?resize=350%2C200&ssl=1","width":350,"height":200,"srcset":"https:\/\/i0.wp.com\/lasprimeras.com.do\/wp-content\/uploads\/2024\/06\/Abinader-Obras-HM.jpg?resize=350%2C200&ssl=1 1x, https:\/\/i0.wp.com\/lasprimeras.com.do\/wp-content\/uploads\/2024\/06\/Abinader-Obras-HM.jpg?resize=525%2C300&ssl=1 1.5x"},"classes":[]},{"id":123250,"url":"https:\/\/lasprimeras.com.do\/index.php\/2026\/02\/27\/presidente-abinader-energico-y-emocionado-pasa-revista-a-proyectos-esto-era-por-si-querian-obras\/","url_meta":{"origin":84441,"position":3},"title":"Presidente Abinader en\u00e9rgico y emocionado pasa revista a proyectos: &#8220;Esto era por si quer\u00edan obras&#8221;","author":"Nelson Feliz","date":"27 de febrero de 2026","format":false,"excerpt":"Durante su discurso ante la Asamblea Nacional, el presidente detall\u00f3 que en 2025 se ejecutaron inversiones por RD$47,290 millones, destacando proyectos en el sur profundo y la zona fronteriza. El presidente Luis Abinader asegur\u00f3 este viernes que durante su gesti\u00f3n se ha realizado la mayor descentralizaci\u00f3n en obras p\u00fablicas de\u2026","rel":"","context":"En \u00abNACIONALES\u00bb","block_context":{"text":"NACIONALES","link":"https:\/\/lasprimeras.com.do\/index.php\/category\/nacionales\/"},"img":{"alt_text":"","src":"https:\/\/i0.wp.com\/lasprimeras.com.do\/wp-content\/uploads\/2026\/02\/Luis-Abinader-c-Obras.jpg?resize=350%2C200&ssl=1","width":350,"height":200,"srcset":"https:\/\/i0.wp.com\/lasprimeras.com.do\/wp-content\/uploads\/2026\/02\/Luis-Abinader-c-Obras.jpg?resize=350%2C200&ssl=1 1x, https:\/\/i0.wp.com\/lasprimeras.com.do\/wp-content\/uploads\/2026\/02\/Luis-Abinader-c-Obras.jpg?resize=525%2C300&ssl=1 1.5x, https:\/\/i0.wp.com\/lasprimeras.com.do\/wp-content\/uploads\/2026\/02\/Luis-Abinader-c-Obras.jpg?resize=700%2C400&ssl=1 2x"},"classes":[]},{"id":69343,"url":"https:\/\/lasprimeras.com.do\/index.php\/2023\/12\/01\/abinader-inaugurara-10-obras-este-fin-de-semana-en-las-provincias-santiago-y-san-jose-de-ocoa\/","url_meta":{"origin":84441,"position":4},"title":"Abinader inaugurar\u00e1 10 obras este fin de semana en las provincias Santiago y San Jos\u00e9 de Ocoa","author":"Nelson Feliz","date":"1 de diciembre de 2023","format":false,"excerpt":"Entre las obras a inaugurar est\u00e1n la nueva entrada de la ciudad de Santiago y la carretera Nizao-Rancho Arriba, San Jos\u00e9 de Ocoa. El presidente Luis Abinader inaugurar\u00e1 10 obras en las provincias Santiago y San Jos\u00e9 de Ocoa durante un recorrido este fin de semana. Cinco de estas obras\u2026","rel":"","context":"En \u00abPORTADA\u00bb","block_context":{"text":"PORTADA","link":"https:\/\/lasprimeras.com.do\/index.php\/category\/portada\/"},"img":{"alt_text":"Luis Abinader","src":"https:\/\/i0.wp.com\/lasprimeras.com.do\/wp-content\/uploads\/2023\/12\/Luis-Abinader-2.jpg?resize=350%2C200&ssl=1","width":350,"height":200,"srcset":"https:\/\/i0.wp.com\/lasprimeras.com.do\/wp-content\/uploads\/2023\/12\/Luis-Abinader-2.jpg?resize=350%2C200&ssl=1 1x, https:\/\/i0.wp.com\/lasprimeras.com.do\/wp-content\/uploads\/2023\/12\/Luis-Abinader-2.jpg?resize=525%2C300&ssl=1 1.5x, https:\/\/i0.wp.com\/lasprimeras.com.do\/wp-content\/uploads\/2023\/12\/Luis-Abinader-2.jpg?resize=700%2C400&ssl=1 2x"},"classes":[]},{"id":58061,"url":"https:\/\/lasprimeras.com.do\/index.php\/2023\/08\/18\/presidente-luis-abinader-inaugurara-4-obras-este-fin-de-semana\/","url_meta":{"origin":84441,"position":5},"title":"Presidente Luis Abinader inaugurar\u00e1 4 obras este fin de semana","author":"Nelson Feliz","date":"18 de agosto de 2023","format":false,"excerpt":"El presidente Luis Abinader continuar\u00e1 este s\u00e1bado 19 y domingo 20 de agosto su agenda de inauguraciones de obras en las provincias La Altagracia, Hato Mayor y Santo Domingo. Las obras a inaugurar por el gobernante incluyen un hospital, dos polideportivos y una escuela de educaci\u00f3n b\u00e1sica. El s\u00e1bado, el\u2026","rel":"","context":"En \u00abNACIONALES\u00bb","block_context":{"text":"NACIONALES","link":"https:\/\/lasprimeras.com.do\/index.php\/category\/nacionales\/"},"img":{"alt_text":"Luis Abinader","src":"https:\/\/i0.wp.com\/lasprimeras.com.do\/wp-content\/uploads\/2023\/08\/Luis-Abinader-8.jpg?resize=350%2C200&ssl=1","width":350,"height":200,"srcset":"https:\/\/i0.wp.com\/lasprimeras.com.do\/wp-content\/uploads\/2023\/08\/Luis-Abinader-8.jpg?resize=350%2C200&ssl=1 1x, https:\/\/i0.wp.com\/lasprimeras.com.do\/wp-content\/uploads\/2023\/08\/Luis-Abinader-8.jpg?resize=525%2C300&ssl=1 1.5x, https:\/\/i0.wp.com\/lasprimeras.com.do\/wp-content\/uploads\/2023\/08\/Luis-Abinader-8.jpg?resize=700%2C400&ssl=1 2x"},"classes":[]}],"jetpack_sharing_enabled":true,"_links":{"self":[{"href":"https:\/\/lasprimeras.com.do\/index.php\/wp-json\/wp\/v2\/posts\/84441","targetHints":{"allow":["GET"]}}],"collection":[{"href":"https:\/\/lasprimeras.com.do\/index.php\/wp-json\/wp\/v2\/posts"}],"about":[{"href":"https:\/\/lasprimeras.com.do\/index.php\/wp-json\/wp\/v2\/types\/post"}],"author":[{"embeddable":true,"href":"https:\/\/lasprimeras.com.do\/index.php\/wp-json\/wp\/v2\/users\/2"}],"replies":[{"embeddable":true,"href":"https:\/\/lasprimeras.com.do\/index.php\/wp-json\/wp\/v2\/comments?post=84441"}],"version-history":[{"count":1,"href":"https:\/\/lasprimeras.com.do\/index.php\/wp-json\/wp\/v2\/posts\/84441\/revisions"}],"predecessor-version":[{"id":84442,"href":"https:\/\/lasprimeras.com.do\/index.php\/wp-json\/wp\/v2\/posts\/84441\/revisions\/84442"}],"wp:featuredmedia":[{"embeddable":true,"href":"https:\/\/lasprimeras.com.do\/index.php\/wp-json\/wp\/v2\/media\/84394"}],"wp:attachment":[{"href":"https:\/\/lasprimeras.com.do\/index.php\/wp-json\/wp\/v2\/media?parent=84441"}],"wp:term":[{"taxonomy":"category","embeddable":true,"href":"https:\/\/lasprimeras.com.do\/index.php\/wp-json\/wp\/v2\/categories?post=84441"},{"taxonomy":"post_tag","embeddable":true,"href":"https:\/\/lasprimeras.com.do\/index.php\/wp-json\/wp\/v2\/tags?post=84441"}],"curies":[{"name":"wp","href":"https:\/\/api.w.org\/{rel}","templated":true}]}}