{"id":84443,"date":"2024-06-08T22:34:25","date_gmt":"2024-06-09T02:34:25","guid":{"rendered":"https:\/\/lasprimeras.com.do\/?p=84443"},"modified":"2024-06-08T22:34:27","modified_gmt":"2024-06-09T02:34:27","slug":"salsero-robin-omar-suena-activamente-con-el-tema-por-una-mentira","status":"publish","type":"post","link":"https:\/\/lasprimeras.com.do\/index.php\/2024\/06\/08\/salsero-robin-omar-suena-activamente-con-el-tema-por-una-mentira\/","title":{"rendered":"Salsero Robin Omar suena activamente con el tema &#8220;Por una Mentira&#8221;"},"content":{"rendered":"\n<p>La nueva propuesta de la salsa, Robin Omar, se abre paso en el g\u00e9nero con su m\u00e1s reciente tema &#8220;Por una Mentira&#8221; el cual se escucha insistentemente en la radio nacional y las distintas plataformas de las redes sociales, lo que evidencia el apoyo y respaldo que est\u00e1 recibiendo del p\u00fablico el joven artista.<\/p>\n\n\n\n<p>Conocido como \u201cla voz dulce de la Salsa Dominicana\u201d Robin Omar es un destacado cantante y compositor Dominicano que promete mucho en la m\u00fasica, de la mano de la empresa disquera &#8220;Creando Estilo Record&#8221; y su representante Papwali, quienes vienen realizando un trabajo impecable en t\u00e9rminos de selecci\u00f3n de los temas, arreglos, producci\u00f3n y promoci\u00f3n, sumado a la calidad interpretativa del artista.<\/p>\n\n\n\n<p>El proyecto es promovido adem\u00e1s por el se\u00f1or Raimy, quienes tienen la responsabilidad de seguir impulsando la carrera art\u00edstica del joven cantante, que adem\u00e1s de su tema promocional &#8220;Por una Mentira&#8221; se escucha tambi\u00e9n con el corte &#8220;Necesito encontrarte&#8221; el cual cuenta ya con su video clic.<\/p>\n\n\n\n<p>Con un toque peculiar, en su estilo suave y melodioso, el int\u00e9rprete logr\u00f3 muy bien adaptar el tema &#8220;Por una Mentira&#8221; que es una bachata del ido a destiempo Yoskar Sarante, considerado uno de los temas m\u00e1s aplaudidos por el p\u00fablico y que ahora en su nueva versi\u00f3n promete quedarse para siempre en el gusto popular.<\/p>\n\n\n\n<p>Robin Omar, quien ha capturado r\u00e1pidamente la atenci\u00f3n de los amantes de la salsa en el pa\u00eds y el extranjero, ha contribuido significativamente con el g\u00e9nero, aportando su talento y contribuyendo as\u00ed a popularizar la salsa dominicana, que ya tiene un sello distintivo en el mercado internacional.<\/p>\n\n\n\n<p>Dijo que la salsa dominicana es una variante de la salsa tradicional que incorpora influencias locales y ritmos aut\u00f3ctonos, lo que la hace \u00fanica dentro del g\u00e9nero, y en ese sentido, Robin Omar, ha logrado calar a su corto tiempo en la industria.<\/p>\n\n\n\n<p>El artista se ha destacado por su interpretaci\u00f3n emotiva y su habilidad para conectar con el p\u00fablico, para contactos est\u00e1n disponibles los n\u00fameros 829-922-0568 en Rep\u00fablica Dominicana y<br>516-234-8796 en Estsdos Unidos.<\/p>\n","protected":false},"excerpt":{"rendered":"<p>La nueva propuesta de la salsa, Robin Omar, se abre paso en el g\u00e9nero con su m\u00e1s reciente tema &#8220;Por una Mentira&#8221; el cual se escucha insistentemente en la radio&hellip;<\/p>\n","protected":false},"author":2,"featured_media":84444,"comment_status":"open","ping_status":"open","sticky":false,"template":"","format":"standard","meta":{"content-type":"","jetpack_post_was_ever_published":false,"_jetpack_newsletter_access":"","_jetpack_dont_email_post_to_subs":false,"_jetpack_newsletter_tier_id":0,"_jetpack_memberships_contains_paywalled_content":false,"_jetpack_memberships_contains_paid_content":false,"footnotes":""},"categories":[84],"tags":[13440,13436,13437,13439,13438,720],"class_list":["post-84443","post","type-post","status-publish","format-standard","has-post-thumbnail","hentry","category-entretenimiento","tag-activamente","tag-radio","tag-robin-omar","tag-salsero","tag-suena","tag-tema"],"jetpack_featured_media_url":"https:\/\/lasprimeras.com.do\/wp-content\/uploads\/2024\/06\/Robin-Omar.jpg","jetpack-related-posts":[{"id":61982,"url":"https:\/\/lasprimeras.com.do\/index.php\/2023\/10\/02\/el-salsero-gilberto-santa-rosa-regresara-a-los-escenarios-en-rd\/","url_meta":{"origin":84443,"position":0},"title":"El salsero Gilberto Santa Rosa regresar\u00e1 a los escenarios en RD","author":"BIMARY DE JES\u00daS Matos","date":"2 de octubre de 2023","format":false,"excerpt":"SANTO DOMINGO, Rep\u00fablica Dominicana.- El afamado artista puertorrique\u00f1o Gilberto Santa Rosa presentar\u00e1 su nuevo espect\u00e1culo \u00abAut\u00e9ntico, Amor y Salsa\u00bb en el Teatro Nacional Eduardo Brito, de esta capital, en noviembre pr\u00f3ximo, se conoci\u00f3 hoy. El salsero se presentar\u00e1 en Santo Domingo los d\u00edas 10 y 11 de ese mes como\u2026","rel":"","context":"En \u00abENTRETENIMIENTO\u00bb","block_context":{"text":"ENTRETENIMIENTO","link":"https:\/\/lasprimeras.com.do\/index.php\/category\/entretenimiento\/"},"img":{"alt_text":"","src":"https:\/\/i0.wp.com\/lasprimeras.com.do\/wp-content\/uploads\/2023\/10\/WhatsApp-Image-2023-09-28-at-11.50.30-PM-1-9.jpeg?resize=350%2C200&ssl=1","width":350,"height":200,"srcset":"https:\/\/i0.wp.com\/lasprimeras.com.do\/wp-content\/uploads\/2023\/10\/WhatsApp-Image-2023-09-28-at-11.50.30-PM-1-9.jpeg?resize=350%2C200&ssl=1 1x, https:\/\/i0.wp.com\/lasprimeras.com.do\/wp-content\/uploads\/2023\/10\/WhatsApp-Image-2023-09-28-at-11.50.30-PM-1-9.jpeg?resize=525%2C300&ssl=1 1.5x, https:\/\/i0.wp.com\/lasprimeras.com.do\/wp-content\/uploads\/2023\/10\/WhatsApp-Image-2023-09-28-at-11.50.30-PM-1-9.jpeg?resize=700%2C400&ssl=1 2x"},"classes":[]},{"id":72313,"url":"https:\/\/lasprimeras.com.do\/index.php\/2023\/12\/28\/lidom-calendario-del-round-robin-en-su-primera-semana\/","url_meta":{"origin":84443,"position":1},"title":"LIDOM: calendario del Round Robin en su primera semana","author":"BIMARY DE JES\u00daS Matos","date":"28 de diciembre de 2023","format":false,"excerpt":"Santo Domingo.-La edici\u00f3n n\u00famero 36 del formato de Round Rob\u00edn para la Semifinal de la LIDOM inici\u00f3 este 27 de diciembre con victorias de los Tigres del Licey y de las Estrellas Orientales. El calendario, de 18 jornadas, tendr\u00e1 cinco fechas libres y est\u00e1 programado para culminar el jueves 18\u2026","rel":"","context":"En \u00abSin categor\u00eda\u00bb","block_context":{"text":"Sin categor\u00eda","link":"https:\/\/lasprimeras.com.do\/index.php\/category\/sin-categoria\/"},"img":{"alt_text":"","src":"https:\/\/i0.wp.com\/lasprimeras.com.do\/wp-content\/uploads\/2023\/12\/Noticias-de-energia-2023-12-28T121501.441-2.jpg?resize=350%2C200&ssl=1","width":350,"height":200,"srcset":"https:\/\/i0.wp.com\/lasprimeras.com.do\/wp-content\/uploads\/2023\/12\/Noticias-de-energia-2023-12-28T121501.441-2.jpg?resize=350%2C200&ssl=1 1x, https:\/\/i0.wp.com\/lasprimeras.com.do\/wp-content\/uploads\/2023\/12\/Noticias-de-energia-2023-12-28T121501.441-2.jpg?resize=525%2C300&ssl=1 1.5x"},"classes":[]},{"id":63695,"url":"https:\/\/lasprimeras.com.do\/index.php\/2023\/10\/15\/el-salsero-jean-bonilla-lanza-su-primer-album-fantasia\/","url_meta":{"origin":84443,"position":2},"title":"El salsero Jean Bonilla lanza su primer \u00e1lbum, &#8220;Fantas\u00eda&#8221;","author":"BIMARY DE JES\u00daS Matos","date":"15 de octubre de 2023","format":false,"excerpt":"Santo Domingo.-El cantante Jean Bonilla entra a la escena musical con el lanzamiento de su \u00e1lbum de estudio titulado \u201cFantas\u00eda\u201d, que consta de nueve temas. \"Fantas\u00eda\" marca su permanencia en el g\u00e9nero salsa que tanto disfruta. Este \u00e1lbum ofrece una variedad de experiencias a trav\u00e9s de sus nueve canciones. \"Sobrio\",\u2026","rel":"","context":"En \u00abENTRETENIMIENTO\u00bb","block_context":{"text":"ENTRETENIMIENTO","link":"https:\/\/lasprimeras.com.do\/index.php\/category\/entretenimiento\/"},"img":{"alt_text":"","src":"https:\/\/i0.wp.com\/lasprimeras.com.do\/wp-content\/uploads\/2023\/10\/WhatsApp-Image-2023-10-14-at-10.00.32-PM-1.jpeg?resize=350%2C200&ssl=1","width":350,"height":200,"srcset":"https:\/\/i0.wp.com\/lasprimeras.com.do\/wp-content\/uploads\/2023\/10\/WhatsApp-Image-2023-10-14-at-10.00.32-PM-1.jpeg?resize=350%2C200&ssl=1 1x, https:\/\/i0.wp.com\/lasprimeras.com.do\/wp-content\/uploads\/2023\/10\/WhatsApp-Image-2023-10-14-at-10.00.32-PM-1.jpeg?resize=525%2C300&ssl=1 1.5x, https:\/\/i0.wp.com\/lasprimeras.com.do\/wp-content\/uploads\/2023\/10\/WhatsApp-Image-2023-10-14-at-10.00.32-PM-1.jpeg?resize=700%2C400&ssl=1 2x"},"classes":[]},{"id":121915,"url":"https:\/\/lasprimeras.com.do\/index.php\/2026\/02\/11\/melany-mercedes-la-dominicana-detras-de-las-coreografias-salseras-del-super-bowl-2026\/","url_meta":{"origin":84443,"position":3},"title":"Melany Mercedes, la dominicana detr\u00e1s de las coreograf\u00edas salseras del Super Bowl 2026","author":"Nelson Feliz","date":"11 de febrero de 2026","format":false,"excerpt":"El segmento salsero del Super Bowl LX 2026, dirigido por Melany Mercedes, fue uno de los momentos m\u00e1s comentados en redes sociales, destacando la participaci\u00f3n de Lady Gaga La joven core\u00f3grafa dominicana Melany Mercedes Skydancer, criada en el Bronx, fue una de las figuras creativas detr\u00e1s del Show de Medio\u2026","rel":"","context":"En \u00abENTRETENIMIENTO\u00bb","block_context":{"text":"ENTRETENIMIENTO","link":"https:\/\/lasprimeras.com.do\/index.php\/category\/entretenimiento\/"},"img":{"alt_text":"Melany Mercedes","src":"https:\/\/i0.wp.com\/lasprimeras.com.do\/wp-content\/uploads\/2026\/02\/Melany-Mercedes.jpg?resize=350%2C200&ssl=1","width":350,"height":200,"srcset":"https:\/\/i0.wp.com\/lasprimeras.com.do\/wp-content\/uploads\/2026\/02\/Melany-Mercedes.jpg?resize=350%2C200&ssl=1 1x, https:\/\/i0.wp.com\/lasprimeras.com.do\/wp-content\/uploads\/2026\/02\/Melany-Mercedes.jpg?resize=525%2C300&ssl=1 1.5x, https:\/\/i0.wp.com\/lasprimeras.com.do\/wp-content\/uploads\/2026\/02\/Melany-Mercedes.jpg?resize=700%2C400&ssl=1 2x"},"classes":[]},{"id":75101,"url":"https:\/\/lasprimeras.com.do\/index.php\/2024\/01\/29\/yiyo-sarante-brilla-en-los-billboards-tropical-airplay-chart-con-que-agonia\/","url_meta":{"origin":84443,"position":4},"title":"Yiyo Sarante brilla en los Billboard\u2019s Tropical Airplay Chart con \u201cQu\u00e9 Agon\u00eda\u201d","author":"BIMARY DE JES\u00daS Matos","date":"29 de enero de 2024","format":false,"excerpt":"Nueva York \u2013El salsero dominicano Yiyo Sarante, disfruta de una privilegiada posici\u00f3n internacional con su sencillo \u201cQu\u00e9 Agon\u00eda\u201d. La canci\u00f3n se encuentra en el puesto n\u00famero 18 en la lista de Airplay Tropical de Billboard esta semana. Este \u00e9xito de Yiyo no solo es un testimonio del talento y trabajo\u2026","rel":"","context":"En \u00abENTRETENIMIENTO\u00bb","block_context":{"text":"ENTRETENIMIENTO","link":"https:\/\/lasprimeras.com.do\/index.php\/category\/entretenimiento\/"},"img":{"alt_text":"","src":"https:\/\/i0.wp.com\/lasprimeras.com.do\/wp-content\/uploads\/2024\/01\/WhatsApp-Image-2024-01-29-at-10.54.55-AM.webp?resize=350%2C200&ssl=1","width":350,"height":200,"srcset":"https:\/\/i0.wp.com\/lasprimeras.com.do\/wp-content\/uploads\/2024\/01\/WhatsApp-Image-2024-01-29-at-10.54.55-AM.webp?resize=350%2C200&ssl=1 1x, https:\/\/i0.wp.com\/lasprimeras.com.do\/wp-content\/uploads\/2024\/01\/WhatsApp-Image-2024-01-29-at-10.54.55-AM.webp?resize=525%2C300&ssl=1 1.5x, https:\/\/i0.wp.com\/lasprimeras.com.do\/wp-content\/uploads\/2024\/01\/WhatsApp-Image-2024-01-29-at-10.54.55-AM.webp?resize=700%2C400&ssl=1 2x, https:\/\/i0.wp.com\/lasprimeras.com.do\/wp-content\/uploads\/2024\/01\/WhatsApp-Image-2024-01-29-at-10.54.55-AM.webp?resize=1050%2C600&ssl=1 3x"},"classes":[]},{"id":88262,"url":"https:\/\/lasprimeras.com.do\/index.php\/2024\/08\/25\/marc-anthony-manuel-medrano-y-manny-cruz-unen-la-salsa-el-pop-y-el-merengue-en-el-estadio-quisqueya\/","url_meta":{"origin":84443,"position":5},"title":"Marc Anthony, Manuel Medrano y Manny Cruz unen la salsa, el pop y el merengue en el Estadio Quisqueya","author":"Nelson Feliz","date":"25 de agosto de 2024","format":false,"excerpt":"Cuatro horas de m\u00fasica a cargo de tres artistas de g\u00e9neros diferentes pusieron a cantar y a bailar a los dominicanos la noche del s\u00e1bado. Al ritmo del cencerro con la contagiosa salsa de Marc Anthony, la g\u00fcira y tambora en el merengue de Manny Cruz y el rasgueo de\u2026","rel":"","context":"En \u00abENTRETENIMIENTO\u00bb","block_context":{"text":"ENTRETENIMIENTO","link":"https:\/\/lasprimeras.com.do\/index.php\/category\/entretenimiento\/"},"img":{"alt_text":"Marc Anthony","src":"https:\/\/i0.wp.com\/lasprimeras.com.do\/wp-content\/uploads\/2024\/08\/Marc-Anthony.jpeg?resize=350%2C200&ssl=1","width":350,"height":200,"srcset":"https:\/\/i0.wp.com\/lasprimeras.com.do\/wp-content\/uploads\/2024\/08\/Marc-Anthony.jpeg?resize=350%2C200&ssl=1 1x, https:\/\/i0.wp.com\/lasprimeras.com.do\/wp-content\/uploads\/2024\/08\/Marc-Anthony.jpeg?resize=525%2C300&ssl=1 1.5x, https:\/\/i0.wp.com\/lasprimeras.com.do\/wp-content\/uploads\/2024\/08\/Marc-Anthony.jpeg?resize=700%2C400&ssl=1 2x"},"classes":[]}],"jetpack_sharing_enabled":true,"_links":{"self":[{"href":"https:\/\/lasprimeras.com.do\/index.php\/wp-json\/wp\/v2\/posts\/84443","targetHints":{"allow":["GET"]}}],"collection":[{"href":"https:\/\/lasprimeras.com.do\/index.php\/wp-json\/wp\/v2\/posts"}],"about":[{"href":"https:\/\/lasprimeras.com.do\/index.php\/wp-json\/wp\/v2\/types\/post"}],"author":[{"embeddable":true,"href":"https:\/\/lasprimeras.com.do\/index.php\/wp-json\/wp\/v2\/users\/2"}],"replies":[{"embeddable":true,"href":"https:\/\/lasprimeras.com.do\/index.php\/wp-json\/wp\/v2\/comments?post=84443"}],"version-history":[{"count":1,"href":"https:\/\/lasprimeras.com.do\/index.php\/wp-json\/wp\/v2\/posts\/84443\/revisions"}],"predecessor-version":[{"id":84445,"href":"https:\/\/lasprimeras.com.do\/index.php\/wp-json\/wp\/v2\/posts\/84443\/revisions\/84445"}],"wp:featuredmedia":[{"embeddable":true,"href":"https:\/\/lasprimeras.com.do\/index.php\/wp-json\/wp\/v2\/media\/84444"}],"wp:attachment":[{"href":"https:\/\/lasprimeras.com.do\/index.php\/wp-json\/wp\/v2\/media?parent=84443"}],"wp:term":[{"taxonomy":"category","embeddable":true,"href":"https:\/\/lasprimeras.com.do\/index.php\/wp-json\/wp\/v2\/categories?post=84443"},{"taxonomy":"post_tag","embeddable":true,"href":"https:\/\/lasprimeras.com.do\/index.php\/wp-json\/wp\/v2\/tags?post=84443"}],"curies":[{"name":"wp","href":"https:\/\/api.w.org\/{rel}","templated":true}]}}