{"id":84456,"date":"2024-06-08T23:53:34","date_gmt":"2024-06-09T03:53:34","guid":{"rendered":"https:\/\/lasprimeras.com.do\/?p=84456"},"modified":"2024-06-08T23:53:36","modified_gmt":"2024-06-09T03:53:36","slug":"coopnama-realiza-campamento-infantil-de-verano-para-hijos-de-socios","status":"publish","type":"post","link":"https:\/\/lasprimeras.com.do\/index.php\/2024\/06\/08\/coopnama-realiza-campamento-infantil-de-verano-para-hijos-de-socios\/","title":{"rendered":"COOPNAMA realiza campamento infantil de verano para hijos de socios"},"content":{"rendered":"\n<p><strong>Durante la actividad&nbsp; que se realiz\u00f3 durante 4 d\u00edas en el hotel Coopmarena, m\u00e1s de 300 ni\u00f1os y ni\u00f1as realizaron una Jornada de Reforestaci\u00f3n con el objetivo de aportar al cuidado del Medioambiente.<\/strong><\/p>\n\n\n\n<p>La Cooperativa Nacional de Servicios M\u00faltiples de los Maestros (COOPNAMA),&nbsp; realiz\u00f3 la edici\u00f3n n\u00famero treinta de su tradicional Campamento Infantil de Verano 2024, dedicado en esta ocasi\u00f3n al medioambiente y la reforestaci\u00f3n.<\/p>\n\n\n\n<p>El \u00e1rea costera del hotel Coopmarena alberg\u00f3 la presencia de m\u00e1s de 300 ni\u00f1os y ni\u00f1as de todo el pa\u00eds, hijos e hijas de los socios y socias de esta cooperativa, quienes sembraron plantas de palma, bajo el lema del campamento: \u201cSi reforestas con amor, nuestro pa\u00eds ser\u00e1 mejor\u201d.<\/p>\n\n\n\n<p>Durante el inicio de la actividad recreativa, el vicepresidente del Consejo de Administraci\u00f3n, Prof. Octavio Brem\u00f3n, enfatiz\u00f3 que este campamento es una celebraci\u00f3n de ense\u00f1anza junto a los ni\u00f1os, quienes con el tiempo defender\u00e1n el medioambiente en cada una de sus comunidades.<\/p>\n\n\n\n<p>En estos 4 d\u00edas de campamento, los ni\u00f1os realizaron diversas actividades recreativas y de deportes. Recibiendo, adem\u00e1s, talleres de teatro, manualidades, clases de canto, de baile y divertidos juegos educativos.<\/p>\n\n\n\n<p>En el acto de clausura, el presidente Prof. Santiago Portes, afirm\u00f3 que, mediante el Consejo de Administraci\u00f3n, estar\u00e1 dando seguimiento a los ni\u00f1os y ni\u00f1as que se destacaron durante su participaci\u00f3n a fin de dar continuidad a su formaci\u00f3n a trav\u00e9s de las distintas Escuelas de Bellas Artes del pa\u00eds.<\/p>\n\n\n\n<p>A ra\u00edz de la participaci\u00f3n de los asistentes que pusieron de manifiesto todo lo aprendido mediante la presentaci\u00f3n de escenificaciones teatrales y musicales durante el acto de clausura.<\/p>\n\n\n\n<p>Con la versatilidad que la caracteriza, la profesora Nelly Bonilla, consejera de la Regi\u00f3n Este, fue la designada por el Consejo de Administraci\u00f3n para supervisar la organizaci\u00f3n y montaje del Campamento Infantil de Verano 2024.<\/p>\n\n\n\n<p>El cual se llev\u00f3 a cabo por la Gerencia de Educaci\u00f3n, que dirige el Prof. Ubaldo Le\u00f3n, bajo la coordinaci\u00f3n de la profesora Teresita Valdez, y todo el equipo que encabeza esta gerencia.<\/p>\n\n\n\n<p>Esta actividad, se realiz\u00f3 del 27 al 30 de mayo, en el Hotel Coopmarena Beach Resort, ubicado en Juan Dolio, San Pedro de Macor\u00eds, con la participaci\u00f3n de los dirigentes nacionales de COOPNAMA.<\/p>\n","protected":false},"excerpt":{"rendered":"<p>Durante la actividad&nbsp; que se realiz\u00f3 durante 4 d\u00edas en el hotel Coopmarena, m\u00e1s de 300 ni\u00f1os y ni\u00f1as realizaron una Jornada de Reforestaci\u00f3n con el objetivo de aportar al&hellip;<\/p>\n","protected":false},"author":2,"featured_media":84457,"comment_status":"open","ping_status":"open","sticky":false,"template":"","format":"standard","meta":{"content-type":"","jetpack_post_was_ever_published":false,"_jetpack_newsletter_access":"","_jetpack_dont_email_post_to_subs":false,"_jetpack_newsletter_tier_id":0,"_jetpack_memberships_contains_paywalled_content":false,"_jetpack_memberships_contains_paid_content":false,"footnotes":""},"categories":[35],"tags":[13448,5716,3187,2116],"class_list":["post-84456","post","type-post","status-publish","format-standard","has-post-thumbnail","hentry","category-nacionales","tag-campamento-infantil","tag-coopnama","tag-hijos","tag-verano"],"jetpack_featured_media_url":"https:\/\/lasprimeras.com.do\/wp-content\/uploads\/2024\/06\/COOPNAMA-1.jpg","jetpack-related-posts":[{"id":86489,"url":"https:\/\/lasprimeras.com.do\/index.php\/2024\/07\/26\/jce-celebra-elecciones-infantiles-durante-campamento-de-verano\/","url_meta":{"origin":84456,"position":0},"title":"JCE celebra elecciones infantiles durante campamento de verano","author":"Nelson Feliz","date":"26 de julio de 2024","format":false,"excerpt":"Gan\u00f3 nueva vez el valor \u201cJusticia\u201d con un 45 % La Junta Central Electoral (JCE) realiz\u00f3 por segunda ocasi\u00f3n las elecciones infantiles durante la celebraci\u00f3n del campamento de verano \"Exploradores de la Democracia 2024\", dirigido a los hijos e hijas de los colaboradores y colaboradoras de la instituci\u00f3n. Estas elecciones\u2026","rel":"","context":"En \u00abNACIONALES\u00bb","block_context":{"text":"NACIONALES","link":"https:\/\/lasprimeras.com.do\/index.php\/category\/nacionales\/"},"img":{"alt_text":"JCE","src":"https:\/\/i0.wp.com\/lasprimeras.com.do\/wp-content\/uploads\/2024\/07\/JCE-1-1.jpg?resize=350%2C200&ssl=1","width":350,"height":200,"srcset":"https:\/\/i0.wp.com\/lasprimeras.com.do\/wp-content\/uploads\/2024\/07\/JCE-1-1.jpg?resize=350%2C200&ssl=1 1x, https:\/\/i0.wp.com\/lasprimeras.com.do\/wp-content\/uploads\/2024\/07\/JCE-1-1.jpg?resize=525%2C300&ssl=1 1.5x, https:\/\/i0.wp.com\/lasprimeras.com.do\/wp-content\/uploads\/2024\/07\/JCE-1-1.jpg?resize=700%2C400&ssl=1 2x"},"classes":[]},{"id":56575,"url":"https:\/\/lasprimeras.com.do\/index.php\/2023\/08\/02\/coopnama-realiza-capacitaciones-para-sus-dirigentes-distritales\/","url_meta":{"origin":84456,"position":1},"title":"COOPNAMA realiza capacitaciones para sus dirigentes distritales","author":"Nelson Feliz","date":"2 de agosto de 2023","format":false,"excerpt":"La Cooperativa Nacional de Servicios M\u00faltiples de los Maestros, (COOPNAMA), realiz\u00f3 sus acostumbrados \u201cCursos de Verano 2023\u201d, con la participaci\u00f3n de m\u00e1s de 1,500 dirigentes de 302 distritos cooperativos de todo el pa\u00eds en el sal\u00f3n de actos del Hotel COOPMARENA, en Juan Dolio, San Pedro de Macor\u00eds. El presidente\u2026","rel":"","context":"En \u00abNACIONALES\u00bb","block_context":{"text":"NACIONALES","link":"https:\/\/lasprimeras.com.do\/index.php\/category\/nacionales\/"},"img":{"alt_text":"Octavio Brem\u00f3n","src":"https:\/\/i0.wp.com\/lasprimeras.com.do\/wp-content\/uploads\/2023\/08\/Octavio-Bremon.jpg?resize=350%2C200&ssl=1","width":350,"height":200,"srcset":"https:\/\/i0.wp.com\/lasprimeras.com.do\/wp-content\/uploads\/2023\/08\/Octavio-Bremon.jpg?resize=350%2C200&ssl=1 1x, https:\/\/i0.wp.com\/lasprimeras.com.do\/wp-content\/uploads\/2023\/08\/Octavio-Bremon.jpg?resize=525%2C300&ssl=1 1.5x, https:\/\/i0.wp.com\/lasprimeras.com.do\/wp-content\/uploads\/2023\/08\/Octavio-Bremon.jpg?resize=700%2C400&ssl=1 2x"},"classes":[]},{"id":88441,"url":"https:\/\/lasprimeras.com.do\/index.php\/2024\/08\/28\/cooperativa-de-maestros-actualiza-politica-de-servicios-a-socios\/","url_meta":{"origin":84456,"position":2},"title":"Cooperativa de maestros actualiza pol\u00edtica de servicios a socios","author":"Nelson Feliz","date":"28 de agosto de 2024","format":false,"excerpt":"La instituci\u00f3n puso en vigencia su nueva Pol\u00edtica de Servicios completamente actualizada, para beneficio de sus asociados. La Cooperativa Nacional de Servicios M\u00faltiples de los Maestros (COOPNAMA), realiz\u00f3 modificaciones en su Pol\u00edtica de Servicios, incluyendo dentro de su nueva gama de servicios: el Certificado de Dep\u00f3sito Cooperativo, Ahorro Infantil, Pr\u00e9stamos\u2026","rel":"","context":"En \u00abECONOM\u00cdA\u00bb","block_context":{"text":"ECONOM\u00cdA","link":"https:\/\/lasprimeras.com.do\/index.php\/category\/economia\/"},"img":{"alt_text":"Santiago Portes","src":"https:\/\/i0.wp.com\/lasprimeras.com.do\/wp-content\/uploads\/2024\/08\/Santiago-Portes.jpeg?resize=350%2C200&ssl=1","width":350,"height":200,"srcset":"https:\/\/i0.wp.com\/lasprimeras.com.do\/wp-content\/uploads\/2024\/08\/Santiago-Portes.jpeg?resize=350%2C200&ssl=1 1x, https:\/\/i0.wp.com\/lasprimeras.com.do\/wp-content\/uploads\/2024\/08\/Santiago-Portes.jpeg?resize=525%2C300&ssl=1 1.5x, https:\/\/i0.wp.com\/lasprimeras.com.do\/wp-content\/uploads\/2024\/08\/Santiago-Portes.jpeg?resize=700%2C400&ssl=1 2x, https:\/\/i0.wp.com\/lasprimeras.com.do\/wp-content\/uploads\/2024\/08\/Santiago-Portes.jpeg?resize=1050%2C600&ssl=1 3x, https:\/\/i0.wp.com\/lasprimeras.com.do\/wp-content\/uploads\/2024\/08\/Santiago-Portes.jpeg?resize=1400%2C800&ssl=1 4x"},"classes":[]},{"id":86478,"url":"https:\/\/lasprimeras.com.do\/index.php\/2024\/07\/26\/coopnama-clausura-cursos-de-verano-2024\/","url_meta":{"origin":84456,"position":3},"title":"COOPNAMA clausura cursos de Verano 2024","author":"Nelson Feliz","date":"26 de julio de 2024","format":false,"excerpt":"La Cooperativa de Maestros contin\u00faa siendo la instituci\u00f3n que m\u00e1s invierte en materia de educaci\u00f3n para sus dirigentes a trav\u00e9s de los Cursos de Verano. La Cooperativa Nacional de Servicios M\u00faltiples de los Maestros sostuvo que m\u00e1s de 1,500 dirigentes de 302 distritos cooperativos de todo el pa\u00eds, recibieron capacitaci\u00f3n\u2026","rel":"","context":"En \u00abNACIONALES\u00bb","block_context":{"text":"NACIONALES","link":"https:\/\/lasprimeras.com.do\/index.php\/category\/nacionales\/"},"img":{"alt_text":"","src":"https:\/\/i0.wp.com\/lasprimeras.com.do\/wp-content\/uploads\/2024\/07\/COOPNAMA.jpg?resize=350%2C200&ssl=1","width":350,"height":200,"srcset":"https:\/\/i0.wp.com\/lasprimeras.com.do\/wp-content\/uploads\/2024\/07\/COOPNAMA.jpg?resize=350%2C200&ssl=1 1x, https:\/\/i0.wp.com\/lasprimeras.com.do\/wp-content\/uploads\/2024\/07\/COOPNAMA.jpg?resize=525%2C300&ssl=1 1.5x"},"classes":[]},{"id":88016,"url":"https:\/\/lasprimeras.com.do\/index.php\/2024\/08\/21\/cooperativa-de-maestros-apertura-servicios-certificado-cooperativo-y-ahorro-infantil\/","url_meta":{"origin":84456,"position":4},"title":"Cooperativa de Maestros apertura servicios: Certificado Cooperativo y Ahorro Infantil","author":"Nelson Feliz","date":"21 de agosto de 2024","format":false,"excerpt":"- Los nuevos servicios: Certificado Cooperativo y Ahorro Infantil, nacen de las modificaciones realizadas a las nuevas pol\u00edticas de servicios puestas en marcha por la Instituci\u00f3n. El presidente del Consejo de Administraci\u00f3n de la Cooperativa Nacional de Servicios M\u00faltiples de los Maestros, Prof. Santiago Portes, apertura los nuevos servicios de\u2026","rel":"","context":"En \u00abECONOM\u00cdA\u00bb","block_context":{"text":"ECONOM\u00cdA","link":"https:\/\/lasprimeras.com.do\/index.php\/category\/economia\/"},"img":{"alt_text":"Coopnama","src":"https:\/\/i0.wp.com\/lasprimeras.com.do\/wp-content\/uploads\/2024\/08\/Coopnama-1.jpg?resize=350%2C200&ssl=1","width":350,"height":200,"srcset":"https:\/\/i0.wp.com\/lasprimeras.com.do\/wp-content\/uploads\/2024\/08\/Coopnama-1.jpg?resize=350%2C200&ssl=1 1x, https:\/\/i0.wp.com\/lasprimeras.com.do\/wp-content\/uploads\/2024\/08\/Coopnama-1.jpg?resize=525%2C300&ssl=1 1.5x"},"classes":[]},{"id":55588,"url":"https:\/\/lasprimeras.com.do\/index.php\/2023\/07\/23\/jce-realiza-primeras-elecciones-infantiles-donde-resulto-ganador-el-valor-justicia\/","url_meta":{"origin":84456,"position":5},"title":"JCE realiza primeras elecciones infantiles donde result\u00f3 ganador el valor &#8220;Justicia&#8221;","author":"Nelson Feliz","date":"23 de julio de 2023","format":false,"excerpt":"La Junta Central Electoral (JCE) realiz\u00f3 las primeras elecciones infantiles en el marco del desarrollo de su primer campamento de verano \"Exploradores de la Democracia\", dirigido a los hijos e hijas de los colaboradores y colaboradoras de la instituci\u00f3n. Este ejercicio se realiz\u00f3 con el objetivo de que los menores,\u2026","rel":"","context":"En \u00abNACIONALES\u00bb","block_context":{"text":"NACIONALES","link":"https:\/\/lasprimeras.com.do\/index.php\/category\/nacionales\/"},"img":{"alt_text":"","src":"https:\/\/i0.wp.com\/lasprimeras.com.do\/wp-content\/uploads\/2023\/07\/Elecciones-Infantiles-1.jpg?resize=350%2C200&ssl=1","width":350,"height":200,"srcset":"https:\/\/i0.wp.com\/lasprimeras.com.do\/wp-content\/uploads\/2023\/07\/Elecciones-Infantiles-1.jpg?resize=350%2C200&ssl=1 1x, https:\/\/i0.wp.com\/lasprimeras.com.do\/wp-content\/uploads\/2023\/07\/Elecciones-Infantiles-1.jpg?resize=525%2C300&ssl=1 1.5x, https:\/\/i0.wp.com\/lasprimeras.com.do\/wp-content\/uploads\/2023\/07\/Elecciones-Infantiles-1.jpg?resize=700%2C400&ssl=1 2x"},"classes":[]}],"jetpack_sharing_enabled":true,"_links":{"self":[{"href":"https:\/\/lasprimeras.com.do\/index.php\/wp-json\/wp\/v2\/posts\/84456","targetHints":{"allow":["GET"]}}],"collection":[{"href":"https:\/\/lasprimeras.com.do\/index.php\/wp-json\/wp\/v2\/posts"}],"about":[{"href":"https:\/\/lasprimeras.com.do\/index.php\/wp-json\/wp\/v2\/types\/post"}],"author":[{"embeddable":true,"href":"https:\/\/lasprimeras.com.do\/index.php\/wp-json\/wp\/v2\/users\/2"}],"replies":[{"embeddable":true,"href":"https:\/\/lasprimeras.com.do\/index.php\/wp-json\/wp\/v2\/comments?post=84456"}],"version-history":[{"count":1,"href":"https:\/\/lasprimeras.com.do\/index.php\/wp-json\/wp\/v2\/posts\/84456\/revisions"}],"predecessor-version":[{"id":84458,"href":"https:\/\/lasprimeras.com.do\/index.php\/wp-json\/wp\/v2\/posts\/84456\/revisions\/84458"}],"wp:featuredmedia":[{"embeddable":true,"href":"https:\/\/lasprimeras.com.do\/index.php\/wp-json\/wp\/v2\/media\/84457"}],"wp:attachment":[{"href":"https:\/\/lasprimeras.com.do\/index.php\/wp-json\/wp\/v2\/media?parent=84456"}],"wp:term":[{"taxonomy":"category","embeddable":true,"href":"https:\/\/lasprimeras.com.do\/index.php\/wp-json\/wp\/v2\/categories?post=84456"},{"taxonomy":"post_tag","embeddable":true,"href":"https:\/\/lasprimeras.com.do\/index.php\/wp-json\/wp\/v2\/tags?post=84456"}],"curies":[{"name":"wp","href":"https:\/\/api.w.org\/{rel}","templated":true}]}}