{"id":84509,"date":"2024-06-10T00:39:00","date_gmt":"2024-06-10T04:39:00","guid":{"rendered":"https:\/\/lasprimeras.com.do\/?p=84509"},"modified":"2024-06-09T20:45:53","modified_gmt":"2024-06-10T00:45:53","slug":"cristina-lizardo-x-congreso-ordinario-del-pld-iniciara-el-30-de-junio","status":"publish","type":"post","link":"https:\/\/lasprimeras.com.do\/index.php\/2024\/06\/10\/cristina-lizardo-x-congreso-ordinario-del-pld-iniciara-el-30-de-junio\/","title":{"rendered":"Cristina Lizardo: X Congreso Ordinario del PLD iniciar\u00e1 el 30 de junio"},"content":{"rendered":"\n<p><strong>Lizardo: Con la celebraci\u00f3n de la reuni\u00f3n de su C.C., el PLD deja demostrado que sigue siendo un Partido comprometido con los mejores intereses de la patria.<\/strong><\/p>\n\n\n\n<p>El Partido de la Liberaci\u00f3n Dominicana aprob\u00f3 la apertura de su X Congreso Ordinario para el 30 de junio de este a\u00f1o; as\u00ed como 14 temas de discusi\u00f3n y el cronograma de actividades que marcar\u00e1n el inicio, desarrollo y clausura del mismo; adem\u00e1s present\u00f3 los integrantes de la Comisi\u00f3n Organizadora de dicho Congreso, tres de los cuales fueron escogidos en la de hoy en Asamblea del Comit\u00e9 Central.<\/p>\n\n\n\n<p>La informaci\u00f3n fue dada a conocer por Cristina Lizardo, miembro del Comit\u00e9 Pol\u00edtico y coordinadora de la Comisi\u00f3n Organizadora del X Congreso Ordinario del Partido de la Liberaci\u00f3n Dominicana, quien encabez\u00f3 la rueda de prensa en la que se dieron a conocer los puntos aprobados por el Comit\u00e9 Central y se present\u00f3 los integrantes de dicha comisi\u00f3n.<\/p>\n\n\n\n<p>\u201cCon esta realizaci\u00f3n de la reuni\u00f3n del Comit\u00e9 Central, el PLD demuestra que es y seguir\u00e1 siendo un partido s\u00f3lido y comprometido con los mejores intereses de la patria; un partido que seguir\u00e1 trabajando para su crecimiento y fortalecimiento en el sentimiento de la gente, porque el PLD es y ser\u00e1 en todo este proceso la garant\u00eda de la esperanza de todos los dominicanos y dominicanas\u201d, precis\u00f3 la dirigente pelede\u00edsta en declaraciones a la representaci\u00f3n de los medios de comunicaci\u00f3n.<\/p>\n\n\n\n<p>Lizardo dijo que de los 1,281 miembros del Comit\u00e9 Central que fueron convocados a la Asamblea de este domingo, 9 de junio de 2024, asistieron 787 (61.04%), quienes determinaron el qu\u00f3rum necesario para las decisiones que se tomaron a partir del inicio de la reuni\u00f3n a las 10:00 de la ma\u00f1ana.<\/p>\n\n\n\n<p>Indic\u00f3 que luego de pronunciar el lema y de entonar el Himno del PLD, se dio a conocer la agenda propuesta por el Comit\u00e9 Pol\u00edtico, para ser sometida a consideraci\u00f3n de los miembros del Comit\u00e9 Central.<\/p>\n\n\n\n<p>Explic\u00f3 que la agenda contemplaba la aprobaci\u00f3n del Inicio de la fecha del Congreso Ordinario; la autorizaci\u00f3n o delegaci\u00f3n a la Comisi\u00f3n Organizadora para gestionar el nombre y el lema del X Congreso Ordinario y solicitar al Comit\u00e9 Central la Comisi\u00f3n Organizadora para elaborar el Reglamento del mismo.<\/p>\n\n\n\n<p>Declar\u00f3 que tambi\u00e9n se someti\u00f3 para el conocimiento y aprobaci\u00f3n del Comit\u00e9 Central un cronograma de actividades para la realizaci\u00f3n del Congreso, el cual fue aprobado.<\/p>\n\n\n\n<p>El cronograma aprobado contempla el inicio del X Congreso Ordinario para el d\u00eda 30 de junio, D\u00eda del Maestro y fecha en que se celebra el nacimiento del Profesor Juan Bosch, l\u00edder y gu\u00eda del PLD, para concluir en el mes de septiembre.<\/p>\n\n\n\n<p>Manifest\u00f3 que la fase preparatoria de la apertura del Congreso, que se contempla para el 30 de junio; la aplicaci\u00f3n del diagn\u00f3stico de evaluaci\u00f3n con un instrumento que permitir\u00e1 asistir a cada una de las provincias en condici\u00f3n de miembros del COMIT\u00c9 CENTRAL o CP para evaluar todos los procesos el PLD desde el 2020 hasta el 2024.<\/p>\n\n\n\n<p>Adem\u00e1s fue aprobado que se someter\u00e1n 14 temas para la Conformaci\u00f3n de las Comisiones, entre los que se encuentran: La Declaraci\u00f3n de Principios, Estatutos, L\u00ednea Organizativa y Electoral; Formaci\u00f3n Pol\u00edtica, Partido y Sociedad, Tecnolog\u00eda, \u00c9tica y Disciplina, Pol\u00edtica internacional, L\u00ednea Pol\u00edtica Internacional, Pol\u00edtica de Igualdad y Equidad de G\u00e9nero, Juventud, Participaci\u00f3n e Inclusi\u00f3n, Gobiernos Locales y Desarrollo Sostenible, Comunicaci\u00f3n Estrat\u00e9gica y Tics, Medioambiente y Cambio Clim\u00e1tico, Poder Congresual e Iniciativas Legislativas, Dominicanos en el Exterior y Codesarrollo.<\/p>\n\n\n\n<p>Cristina Lizardo asegur\u00f3 que esa agenda de trabajo permitir\u00e1 que el PLD escuche y tenga contacto con cada uno de los organismos del partido y la libertad de someter sugerencias, propuestas de cambio en cada una de las \u00e1reas tem\u00e1ticas.<\/p>\n","protected":false},"excerpt":{"rendered":"<p>Lizardo: Con la celebraci\u00f3n de la reuni\u00f3n de su C.C., el PLD deja demostrado que sigue siendo un Partido comprometido con los mejores intereses de la patria. El Partido de&hellip;<\/p>\n","protected":false},"author":2,"featured_media":84510,"comment_status":"open","ping_status":"open","sticky":false,"template":"","format":"standard","meta":{"content-type":"","jetpack_post_was_ever_published":false,"_jetpack_newsletter_access":"","_jetpack_dont_email_post_to_subs":false,"_jetpack_newsletter_tier_id":0,"_jetpack_memberships_contains_paywalled_content":false,"_jetpack_memberships_contains_paid_content":false,"footnotes":""},"categories":[25],"tags":[13173,4846,13476,269,13172],"class_list":["post-84509","post","type-post","status-publish","format-standard","has-post-thumbnail","hentry","category-portada","tag-30-de-junio","tag-cristina-lizardo","tag-ordinario","tag-pld","tag-x-congreso"],"jetpack_featured_media_url":"https:\/\/lasprimeras.com.do\/wp-content\/uploads\/2024\/06\/Cristina-Lizardo.jpg","jetpack-related-posts":[{"id":84066,"url":"https:\/\/lasprimeras.com.do\/index.php\/2024\/05\/30\/comision-del-congreso-del-pld-prepara-agenda-de-reunion-del-c-c\/","url_meta":{"origin":84509,"position":0},"title":"Comisi\u00f3n del Congreso del PLD prepara agenda de reuni\u00f3n del C.C.","author":"Nelson Feliz","date":"30 de mayo de 2024","format":false,"excerpt":"La comisi\u00f3n de X Congreso Ordinario del PLD realiza reuni\u00f3n de inicio de los trabajos. La Comisi\u00f3n Organizadora del D\u00e9cimo Congreso Ordinario del Partido de la Liberaci\u00f3n Dominicana (PLD) en formaci\u00f3n, sostuvo un primer encuentro este mi\u00e9rcoles afinando los detalles sobre las responsabilidades asignadas por el Comit\u00e9 Pol\u00edtico, en sinton\u00eda\u2026","rel":"","context":"En \u00abPORTADA\u00bb","block_context":{"text":"PORTADA","link":"https:\/\/lasprimeras.com.do\/index.php\/category\/portada\/"},"img":{"alt_text":"Comisi\u00f3n del Congreso del PLD","src":"https:\/\/i0.wp.com\/lasprimeras.com.do\/wp-content\/uploads\/2024\/05\/Comision-del-Congreso-del-PLD.jpeg?resize=350%2C200&ssl=1","width":350,"height":200,"srcset":"https:\/\/i0.wp.com\/lasprimeras.com.do\/wp-content\/uploads\/2024\/05\/Comision-del-Congreso-del-PLD.jpeg?resize=350%2C200&ssl=1 1x, https:\/\/i0.wp.com\/lasprimeras.com.do\/wp-content\/uploads\/2024\/05\/Comision-del-Congreso-del-PLD.jpeg?resize=525%2C300&ssl=1 1.5x"},"classes":[]},{"id":84602,"url":"https:\/\/lasprimeras.com.do\/index.php\/2024\/06\/10\/reuniones-de-trabajo-de-la-comision-del-congreso-del-pld\/","url_meta":{"origin":84509,"position":1},"title":"Reuniones de trabajo de la Comisi\u00f3n del Congreso del PLD","author":"Nelson Feliz","date":"10 de junio de 2024","format":false,"excerpt":"Comisi\u00f3n del X Congreso del PLD en los preparativos del acto de apertura, programado para el 30 junio. No bien concluy\u00f3 su juramentaci\u00f3n y presentaci\u00f3n formal a los medios de comunicaci\u00f3n, la Comisi\u00f3n Organizadora del X congreso del Partido de la Liberaci\u00f3n Dominicana (PLD) paut\u00f3 reuniones y la l\u00ednea de\u2026","rel":"","context":"En \u00abPORTADA\u00bb","block_context":{"text":"PORTADA","link":"https:\/\/lasprimeras.com.do\/index.php\/category\/portada\/"},"img":{"alt_text":"Comisi\u00f3n del Congreso del PLD","src":"https:\/\/i0.wp.com\/lasprimeras.com.do\/wp-content\/uploads\/2024\/06\/Comision-del-Congreso-del-PLD.jpg?resize=350%2C200&ssl=1","width":350,"height":200,"srcset":"https:\/\/i0.wp.com\/lasprimeras.com.do\/wp-content\/uploads\/2024\/06\/Comision-del-Congreso-del-PLD.jpg?resize=350%2C200&ssl=1 1x, https:\/\/i0.wp.com\/lasprimeras.com.do\/wp-content\/uploads\/2024\/06\/Comision-del-Congreso-del-PLD.jpg?resize=525%2C300&ssl=1 1.5x, https:\/\/i0.wp.com\/lasprimeras.com.do\/wp-content\/uploads\/2024\/06\/Comision-del-Congreso-del-PLD.jpg?resize=700%2C400&ssl=1 2x"},"classes":[]},{"id":83898,"url":"https:\/\/lasprimeras.com.do\/index.php\/2024\/05\/27\/apertura-del-x-congreso-del-pld-sera-el-30-de-junio\/","url_meta":{"origin":84509,"position":2},"title":"Apertura del X Congreso del PLD ser\u00e1 el 30 de junio","author":"Nelson Feliz","date":"27 de mayo de 2024","format":false,"excerpt":"El Comit\u00e9 Pol\u00edtico del PLD adelanta la convocatoria del X Congreso Ordinario para el mes de junio. Convoca al Comit\u00e9 Central para el 9 de junio. El Comit\u00e9 Pol\u00edtico del Partido de la Liberaci\u00f3n Dominicana decidi\u00f3 adelantar la celebraci\u00f3n de su congreso ordinario, el n\u00famero diez de esos eventos, para\u2026","rel":"","context":"En \u00abPORTADA\u00bb","block_context":{"text":"PORTADA","link":"https:\/\/lasprimeras.com.do\/index.php\/category\/portada\/"},"img":{"alt_text":"Apertura del X Congreso del PLD ser\u00e1 el 30 de junio","src":"https:\/\/i0.wp.com\/lasprimeras.com.do\/wp-content\/uploads\/2024\/05\/Apertura-del-X-Congreso-del-PLD-sera-el-30-de-junio.jpeg?resize=350%2C200&ssl=1","width":350,"height":200,"srcset":"https:\/\/i0.wp.com\/lasprimeras.com.do\/wp-content\/uploads\/2024\/05\/Apertura-del-X-Congreso-del-PLD-sera-el-30-de-junio.jpeg?resize=350%2C200&ssl=1 1x, https:\/\/i0.wp.com\/lasprimeras.com.do\/wp-content\/uploads\/2024\/05\/Apertura-del-X-Congreso-del-PLD-sera-el-30-de-junio.jpeg?resize=525%2C300&ssl=1 1.5x, https:\/\/i0.wp.com\/lasprimeras.com.do\/wp-content\/uploads\/2024\/05\/Apertura-del-X-Congreso-del-PLD-sera-el-30-de-junio.jpeg?resize=700%2C400&ssl=1 2x"},"classes":[]},{"id":92520,"url":"https:\/\/lasprimeras.com.do\/index.php\/2025\/01\/05\/eleccion-de-titulares-de-secretarias-del-pld-es-mandato-de-su-congreso\/","url_meta":{"origin":84509,"position":3},"title":"Elecci\u00f3n de titulares de secretar\u00edas del PLD es mandato de su Congreso","author":"Nelson Feliz","date":"5 de enero de 2025","format":false,"excerpt":"La integrante del Comit\u00e9 Pol\u00edtico del Partido de la Liberaci\u00f3n Dominicana (PLD), Cristina Lizardo, quien viene de coordinar la Comisi\u00f3n Organizadora del X Congreso Ordinario Reinaldo Pared P\u00e9rez, ser\u00e1 la responsable de la coordinaci\u00f3n de la elecci\u00f3n de las y los titulares de las diferentes secretar\u00edas de la organizaci\u00f3n pol\u00edtica.\u2026","rel":"","context":"En \u00abPOLITICA\u00bb","block_context":{"text":"POLITICA","link":"https:\/\/lasprimeras.com.do\/index.php\/category\/politica\/"},"img":{"alt_text":"Cristina Lizardo","src":"https:\/\/i0.wp.com\/lasprimeras.com.do\/wp-content\/uploads\/2025\/01\/Cristina-Lizardo.jpg?resize=350%2C200&ssl=1","width":350,"height":200,"srcset":"https:\/\/i0.wp.com\/lasprimeras.com.do\/wp-content\/uploads\/2025\/01\/Cristina-Lizardo.jpg?resize=350%2C200&ssl=1 1x, https:\/\/i0.wp.com\/lasprimeras.com.do\/wp-content\/uploads\/2025\/01\/Cristina-Lizardo.jpg?resize=525%2C300&ssl=1 1.5x, https:\/\/i0.wp.com\/lasprimeras.com.do\/wp-content\/uploads\/2025\/01\/Cristina-Lizardo.jpg?resize=700%2C400&ssl=1 2x"},"classes":[]},{"id":84817,"url":"https:\/\/lasprimeras.com.do\/index.php\/2024\/06\/16\/pld-presentara-informes-sobre-reunion-del-x-congreso\/","url_meta":{"origin":84509,"position":4},"title":"PLD presentar\u00e1 informes sobre Reuni\u00f3n del X Congreso","author":"Nelson Feliz","date":"16 de junio de 2024","format":false,"excerpt":"El Partido de la Liberaci\u00f3n Dominicana (PLD) presentar\u00e1 los informes sobre los adelantos de los trabajos de su X Congreso Ordinario. Para informar sobre los adelantos en los preparativos del X Congreso Ordinario del Partido de la Liberaci\u00f3n Dominicana, su Comisi\u00f3n Organizadora realizar\u00e1 este lunes una rueda de prensa en\u2026","rel":"","context":"En \u00abPORTADA\u00bb","block_context":{"text":"PORTADA","link":"https:\/\/lasprimeras.com.do\/index.php\/category\/portada\/"},"img":{"alt_text":"Reuni\u00f3n de Comisi\u00f3n del X Congreso del PLD","src":"https:\/\/i0.wp.com\/lasprimeras.com.do\/wp-content\/uploads\/2024\/06\/Reunion-de-Comision-del-X-Congreso-del-PLD.jpg?resize=350%2C200&ssl=1","width":350,"height":200,"srcset":"https:\/\/i0.wp.com\/lasprimeras.com.do\/wp-content\/uploads\/2024\/06\/Reunion-de-Comision-del-X-Congreso-del-PLD.jpg?resize=350%2C200&ssl=1 1x, https:\/\/i0.wp.com\/lasprimeras.com.do\/wp-content\/uploads\/2024\/06\/Reunion-de-Comision-del-X-Congreso-del-PLD.jpg?resize=525%2C300&ssl=1 1.5x, https:\/\/i0.wp.com\/lasprimeras.com.do\/wp-content\/uploads\/2024\/06\/Reunion-de-Comision-del-X-Congreso-del-PLD.jpg?resize=700%2C400&ssl=1 2x"},"classes":[]},{"id":84953,"url":"https:\/\/lasprimeras.com.do\/index.php\/2024\/06\/18\/pld-informa-de-los-avances-en-la-organizacion-de-su-x-congreso\/","url_meta":{"origin":84509,"position":5},"title":"PLD informa de los avances en la organizaci\u00f3n de su X Congreso","author":"Nelson Feliz","date":"18 de junio de 2024","format":false,"excerpt":"PLD anuncia que la apertura del X Congreso Ordinario se realizar\u00e1 el pr\u00f3ximo domingo 7 de Julio. El Partido de la Liberaci\u00f3n Dominicana (PLD) anunci\u00f3 que ha postergado el acto de apertura del X Congreso Ordinario para el domingo 7 julio, confirmando su realizaci\u00f3n en el Pabell\u00f3n de Voleibol del\u2026","rel":"","context":"En \u00abSin categor\u00eda\u00bb","block_context":{"text":"Sin categor\u00eda","link":"https:\/\/lasprimeras.com.do\/index.php\/category\/sin-categoria\/"},"img":{"alt_text":"Congreso Ordinario","src":"https:\/\/i0.wp.com\/lasprimeras.com.do\/wp-content\/uploads\/2024\/06\/Congreso-Ordinario.jpg?resize=350%2C200&ssl=1","width":350,"height":200,"srcset":"https:\/\/i0.wp.com\/lasprimeras.com.do\/wp-content\/uploads\/2024\/06\/Congreso-Ordinario.jpg?resize=350%2C200&ssl=1 1x, https:\/\/i0.wp.com\/lasprimeras.com.do\/wp-content\/uploads\/2024\/06\/Congreso-Ordinario.jpg?resize=525%2C300&ssl=1 1.5x"},"classes":[]}],"jetpack_sharing_enabled":true,"_links":{"self":[{"href":"https:\/\/lasprimeras.com.do\/index.php\/wp-json\/wp\/v2\/posts\/84509","targetHints":{"allow":["GET"]}}],"collection":[{"href":"https:\/\/lasprimeras.com.do\/index.php\/wp-json\/wp\/v2\/posts"}],"about":[{"href":"https:\/\/lasprimeras.com.do\/index.php\/wp-json\/wp\/v2\/types\/post"}],"author":[{"embeddable":true,"href":"https:\/\/lasprimeras.com.do\/index.php\/wp-json\/wp\/v2\/users\/2"}],"replies":[{"embeddable":true,"href":"https:\/\/lasprimeras.com.do\/index.php\/wp-json\/wp\/v2\/comments?post=84509"}],"version-history":[{"count":1,"href":"https:\/\/lasprimeras.com.do\/index.php\/wp-json\/wp\/v2\/posts\/84509\/revisions"}],"predecessor-version":[{"id":84511,"href":"https:\/\/lasprimeras.com.do\/index.php\/wp-json\/wp\/v2\/posts\/84509\/revisions\/84511"}],"wp:featuredmedia":[{"embeddable":true,"href":"https:\/\/lasprimeras.com.do\/index.php\/wp-json\/wp\/v2\/media\/84510"}],"wp:attachment":[{"href":"https:\/\/lasprimeras.com.do\/index.php\/wp-json\/wp\/v2\/media?parent=84509"}],"wp:term":[{"taxonomy":"category","embeddable":true,"href":"https:\/\/lasprimeras.com.do\/index.php\/wp-json\/wp\/v2\/categories?post=84509"},{"taxonomy":"post_tag","embeddable":true,"href":"https:\/\/lasprimeras.com.do\/index.php\/wp-json\/wp\/v2\/tags?post=84509"}],"curies":[{"name":"wp","href":"https:\/\/api.w.org\/{rel}","templated":true}]}}