{"id":84512,"date":"2024-06-08T20:49:00","date_gmt":"2024-06-09T00:49:00","guid":{"rendered":"https:\/\/lasprimeras.com.do\/?p=84512"},"modified":"2024-06-09T20:53:00","modified_gmt":"2024-06-10T00:53:00","slug":"tommy-galan-dice-que-se-idearon-acusaciones-en-procura-de-la-destruccion-del-pld","status":"publish","type":"post","link":"https:\/\/lasprimeras.com.do\/index.php\/2024\/06\/08\/tommy-galan-dice-que-se-idearon-acusaciones-en-procura-de-la-destruccion-del-pld\/","title":{"rendered":"Tommy Gal\u00e1n dice que se idearon acusaciones en procura de la destrucci\u00f3n del PLD"},"content":{"rendered":"\n<p><strong>Las mismas elecciones demostraron que el PLD es un partido con una apreciada valoraci\u00f3n en la sociedad, apunta Tommy Gal\u00e1n miembro del C.P.<\/strong><\/p>\n\n\n\n<p>El miembro del Comit\u00e9 Pol\u00edtico del Partido de la Liberaci\u00f3n Dominicana (PLD) y titular de la Secretar\u00eda de Asuntos Electorales, Tommy Gal\u00e1n, afirm\u00f3 que esa organizaci\u00f3n pol\u00edtica se mantiene firme en la valoraci\u00f3n de la gente y como tal, son punteros en la oposici\u00f3n.<\/p>\n\n\n\n<p>Sostuvo que el PLD como partido supera la votaci\u00f3n del diez por ciento: \u00abEse porcentaje no es el PLD. Yo no puedo salir de unas elecciones dos meses antes municipales y entender que el PLD en un nivel de directores y alcaldes saque un 22.38% a nivel de regidores y vocales saque un 25%\u2026 y un 17.70% casi un 18% a nivel de los senadores que t\u00fa dir\u00e1s bueno no tenemos uno, pero un senador es un voto nominal, un senador se pierde por un voto\u00bb, Explic\u00f3.<\/p>\n\n\n\n<p>Expres\u00f3 que lo mismo ocurri\u00f3 en las elecciones congresuales donde la organizaci\u00f3n obtuvo cerca de un 17%.<\/p>\n\n\n\n<p>Al responder preguntas de los periodistas destac\u00f3 los puntos en los que como partido pudieron haber fallado. \u00abPodr\u00eda decir que fallamos en construir, primero, la cohesi\u00f3n del partido, fallamos en saber que hay que construir la fidelidad del voto\u201d,<\/p>\n\n\n\n<p>Gal\u00e1n defini\u00f3 al PLD como un partido de sacrificio y trabaja para seguir adelante.<\/p>\n\n\n\n<p>\u00abJam\u00e1s osar\u00eda en llamar a un pelede\u00edsta cobarde porque lo que he vivido en mi realidad y lo que yo he visto en el PLD no es un acto de cobard\u00eda sino un acto heroico manifestado en el sacrificio, en el trabajo, en la voluntad de seguir avanzando\u00bb, indic\u00f3.<\/p>\n\n\n\n<p>Gal\u00e1n aclar\u00f3 que nunca estuvo de acuerdo con la forma en que desde el Partido se manejaron las manipulaciones del llamado \u201cMinisterio P\u00fablico independiente\u00bb.<\/p>\n\n\n\n<p>\u00abYo si plantee que hay muchos factores y las estrategias sobre haber enfrentado al gobierno de pretender utilizar el llamado Ministerio P\u00fablico independiente como un instrumento para destruir al PLD y garantizar su reelecci\u00f3n yo pienso que era estrategia y no se estableci\u00f3 correctamente\u00bb, se\u00f1al\u00f3.<\/p>\n\n\n\n<p>El dirigente del PLD produjo sus declaraciones al participar del programa El Sol de la Ma\u00f1ana.<\/p>\n","protected":false},"excerpt":{"rendered":"<p>Las mismas elecciones demostraron que el PLD es un partido con una apreciada valoraci\u00f3n en la sociedad, apunta Tommy Gal\u00e1n miembro del C.P. El miembro del Comit\u00e9 Pol\u00edtico del Partido&hellip;<\/p>\n","protected":false},"author":2,"featured_media":84513,"comment_status":"open","ping_status":"open","sticky":false,"template":"","format":"standard","meta":{"content-type":"","jetpack_post_was_ever_published":false,"_jetpack_newsletter_access":"","_jetpack_dont_email_post_to_subs":false,"_jetpack_newsletter_tier_id":0,"_jetpack_memberships_contains_paywalled_content":false,"_jetpack_memberships_contains_paid_content":false,"footnotes":""},"categories":[25],"tags":[2191,13477,269,10914],"class_list":["post-84512","post","type-post","status-publish","format-standard","has-post-thumbnail","hentry","category-portada","tag-acusaciones","tag-destruccion","tag-pld","tag-tommy-galan"],"jetpack_featured_media_url":"https:\/\/lasprimeras.com.do\/wp-content\/uploads\/2024\/06\/Tommy-Galan.jpg","jetpack-related-posts":[{"id":84063,"url":"https:\/\/lasprimeras.com.do\/index.php\/2024\/05\/30\/tommy-galan-el-pld-es-un-soporte-fundamental-del-sistema-de-partidos\/","url_meta":{"origin":84512,"position":0},"title":"Tommy Gal\u00e1n: &#8220;El PLD es un soporte fundamental del sistema de partidos&#8221;","author":"Nelson Feliz","date":"30 de mayo de 2024","format":false,"excerpt":"El gran reto del PLD es seguir avanzando pese a las adversidades, sostiene Tommy Gal\u00e1n del CP pelede\u00edsta. El Secretario de Asuntos Electorales del Partido de la Liberaci\u00f3n Dominicana (PLD), Tommy Gal\u00e1n, al recurrir a la expresi\u00f3n de que \u201cel \u00e9xito no es definitivo y la derrota no es fatal\u201d,\u2026","rel":"","context":"En \u00abPORTADA\u00bb","block_context":{"text":"PORTADA","link":"https:\/\/lasprimeras.com.do\/index.php\/category\/portada\/"},"img":{"alt_text":"Tommy Gal\u00e1n","src":"https:\/\/i0.wp.com\/lasprimeras.com.do\/wp-content\/uploads\/2024\/05\/Tommy-Galan.jpg?resize=350%2C200&ssl=1","width":350,"height":200,"srcset":"https:\/\/i0.wp.com\/lasprimeras.com.do\/wp-content\/uploads\/2024\/05\/Tommy-Galan.jpg?resize=350%2C200&ssl=1 1x, https:\/\/i0.wp.com\/lasprimeras.com.do\/wp-content\/uploads\/2024\/05\/Tommy-Galan.jpg?resize=525%2C300&ssl=1 1.5x"},"classes":[]},{"id":80626,"url":"https:\/\/lasprimeras.com.do\/index.php\/2024\/04\/10\/tommy-galan-desmiente-rumores-de-renuncia-al-pld-es-una-noticia-falsa\/","url_meta":{"origin":84512,"position":1},"title":"Tommy Gal\u00e1n desmiente rumores de renuncia al PLD: &#8220;Es una noticia falsa&#8221;","author":"BIMARY DE JES\u00daS Matos","date":"10 de abril de 2024","format":false,"excerpt":"SANTO DOMINGO.- El miembro del Comit\u00e9 Pol\u00edtico del Partido de la Liberaci\u00f3n Dominicana (PLD), Tommy Gal\u00e1n, ha salido al paso de los rumores que circularon en redes sociales acerca de su supuesta renuncia a dicha organizaci\u00f3n pol\u00edtica. En declaraciones realizadas este mi\u00e9rcoles, Gal\u00e1n desminti\u00f3 categ\u00f3ricamente tales afirmaciones. \"Yo no acostumbro\u2026","rel":"","context":"En \u00abSin categor\u00eda\u00bb","block_context":{"text":"Sin categor\u00eda","link":"https:\/\/lasprimeras.com.do\/index.php\/category\/sin-categoria\/"},"img":{"alt_text":"","src":"https:\/\/i0.wp.com\/lasprimeras.com.do\/wp-content\/uploads\/2024\/04\/IMG-20240410-WA0017.jpg?resize=350%2C200&ssl=1","width":350,"height":200,"srcset":"https:\/\/i0.wp.com\/lasprimeras.com.do\/wp-content\/uploads\/2024\/04\/IMG-20240410-WA0017.jpg?resize=350%2C200&ssl=1 1x, https:\/\/i0.wp.com\/lasprimeras.com.do\/wp-content\/uploads\/2024\/04\/IMG-20240410-WA0017.jpg?resize=525%2C300&ssl=1 1.5x, https:\/\/i0.wp.com\/lasprimeras.com.do\/wp-content\/uploads\/2024\/04\/IMG-20240410-WA0017.jpg?resize=700%2C400&ssl=1 2x, https:\/\/i0.wp.com\/lasprimeras.com.do\/wp-content\/uploads\/2024\/04\/IMG-20240410-WA0017.jpg?resize=1050%2C600&ssl=1 3x"},"classes":[]},{"id":87962,"url":"https:\/\/lasprimeras.com.do\/index.php\/2024\/08\/20\/tommy-galan-califica-lo-sucedido-en-la-alcaldia-de-la-vega-como-una-chapuceria\/","url_meta":{"origin":84512,"position":2},"title":"Tommy Gal\u00e1n califica lo sucedido en la Alcald\u00eda de La Vega como una \u201cchapucer\u00eda\u201d","author":"Nelson Feliz","date":"20 de agosto de 2024","format":false,"excerpt":"El ex senador y miembro del Comit\u00e9 Pol\u00edtico del Partido de la Liberaci\u00f3n Dominicana (PLD), Tommy Gal\u00e1n, ha lanzado fuertes cr\u00edticas contra la actual gesti\u00f3n del gobierno del PRM, calific\u00e1ndolo de \u201callante y movimiento\u201d. Seg\u00fan Gal\u00e1n, las deficiencias notorias del gobierno han quedado evidenciadas a lo largo de estos cuatro\u2026","rel":"","context":"En \u00abPORTADA\u00bb","block_context":{"text":"PORTADA","link":"https:\/\/lasprimeras.com.do\/index.php\/category\/portada\/"},"img":{"alt_text":"Tommy Gal\u00e1n","src":"https:\/\/i0.wp.com\/lasprimeras.com.do\/wp-content\/uploads\/2024\/08\/Tommy-Galan.jpeg?resize=350%2C200&ssl=1","width":350,"height":200,"srcset":"https:\/\/i0.wp.com\/lasprimeras.com.do\/wp-content\/uploads\/2024\/08\/Tommy-Galan.jpeg?resize=350%2C200&ssl=1 1x, https:\/\/i0.wp.com\/lasprimeras.com.do\/wp-content\/uploads\/2024\/08\/Tommy-Galan.jpeg?resize=525%2C300&ssl=1 1.5x, https:\/\/i0.wp.com\/lasprimeras.com.do\/wp-content\/uploads\/2024\/08\/Tommy-Galan.jpeg?resize=700%2C400&ssl=1 2x, https:\/\/i0.wp.com\/lasprimeras.com.do\/wp-content\/uploads\/2024\/08\/Tommy-Galan.jpeg?resize=1050%2C600&ssl=1 3x"},"classes":[]},{"id":72997,"url":"https:\/\/lasprimeras.com.do\/index.php\/2024\/01\/04\/tommy-galan-exhorta-a-la-jce-a-concentrarse-en-las-elecciones-por-el-reto-que-representan\/","url_meta":{"origin":84512,"position":3},"title":"Tommy Gal\u00e1n exhorta a la JCE a concentrarse en las elecciones por el reto que representan","author":"Nelson Feliz","date":"4 de enero de 2024","format":false,"excerpt":"El Secretario de Asuntos Electorales del Partido de la Liberaci\u00f3n Dominicana (PLD), Tommy Gal\u00e1n, hizo un llamado a la Junta Central Electoral para que se concentre en las elecciones municipales, legislativas y presidenciales que se se llevar\u00e1n a cabo en febrero y mayo del presente a\u00f1o, alegando que las mismas\u2026","rel":"","context":"En \u00abPORTADA\u00bb","block_context":{"text":"PORTADA","link":"https:\/\/lasprimeras.com.do\/index.php\/category\/portada\/"},"img":{"alt_text":"Tommy Gal\u00e1n","src":"https:\/\/i0.wp.com\/lasprimeras.com.do\/wp-content\/uploads\/2024\/01\/Tommy-Galan.jpg?resize=350%2C200&ssl=1","width":350,"height":200,"srcset":"https:\/\/i0.wp.com\/lasprimeras.com.do\/wp-content\/uploads\/2024\/01\/Tommy-Galan.jpg?resize=350%2C200&ssl=1 1x, https:\/\/i0.wp.com\/lasprimeras.com.do\/wp-content\/uploads\/2024\/01\/Tommy-Galan.jpg?resize=525%2C300&ssl=1 1.5x, https:\/\/i0.wp.com\/lasprimeras.com.do\/wp-content\/uploads\/2024\/01\/Tommy-Galan.jpg?resize=700%2C400&ssl=1 2x"},"classes":[]},{"id":89746,"url":"https:\/\/lasprimeras.com.do\/index.php\/2024\/10\/03\/pld-ha-sido-garantia-de-que-rd-cuente-con-un-sistema-de-partidos-activo\/","url_meta":{"origin":84512,"position":4},"title":"PLD ha sido garant\u00eda de que RD cuente con un sistema de partidos activo","author":"Nelson Feliz","date":"3 de octubre de 2024","format":false,"excerpt":"Lo m\u00e1s importante para el Partido de la Liberaci\u00f3n Dominicana (PLD) en estos momentos es el X Congreso Ordinario Reinaldo Pared P\u00e9rez y la trascendencia de lo que se pueda lograr en la profundidad de las discusiones de las ideas. La explicaci\u00f3n fue ofrecida por Tommy Gal\u00e1n, secretario de Asuntos\u2026","rel":"","context":"En \u00abPORTADA\u00bb","block_context":{"text":"PORTADA","link":"https:\/\/lasprimeras.com.do\/index.php\/category\/portada\/"},"img":{"alt_text":"","src":"https:\/\/i0.wp.com\/lasprimeras.com.do\/wp-content\/uploads\/2024\/10\/Tommy-Galan-1.jpg?resize=350%2C200&ssl=1","width":350,"height":200,"srcset":"https:\/\/i0.wp.com\/lasprimeras.com.do\/wp-content\/uploads\/2024\/10\/Tommy-Galan-1.jpg?resize=350%2C200&ssl=1 1x, https:\/\/i0.wp.com\/lasprimeras.com.do\/wp-content\/uploads\/2024\/10\/Tommy-Galan-1.jpg?resize=525%2C300&ssl=1 1.5x, https:\/\/i0.wp.com\/lasprimeras.com.do\/wp-content\/uploads\/2024\/10\/Tommy-Galan-1.jpg?resize=700%2C400&ssl=1 2x"},"classes":[]},{"id":74638,"url":"https:\/\/lasprimeras.com.do\/index.php\/2024\/01\/25\/pld-presenta-informe-sobre-los-preparativos-de-proceso-electoral\/","url_meta":{"origin":84512,"position":5},"title":"PLD presenta informe sobre los preparativos de proceso electoral","author":"BIMARY DE JES\u00daS Matos","date":"25 de enero de 2024","format":false,"excerpt":"SANTO DOMINGO.- El Partido de la Liberaci\u00f3n Dominicana PLD) dice haber detectado debilidades en las pruebas a que fueron sometidos los equipos de escaneo, digitalizaci\u00f3n, impresi\u00f3n y transmisi\u00f3n del c\u00f3mputo electoral. El documento lo entreg\u00f3 a la Junta Central Electoral Jos\u00e9 Ram\u00f3n Fadul, delegado pol\u00edtico del PLD ante esa entidad,\u2026","rel":"","context":"En \u00abSin categor\u00eda\u00bb","block_context":{"text":"Sin categor\u00eda","link":"https:\/\/lasprimeras.com.do\/index.php\/category\/sin-categoria\/"},"img":{"alt_text":"","src":"https:\/\/i0.wp.com\/lasprimeras.com.do\/wp-content\/uploads\/2024\/01\/Diseno-sin-titulo-7-1.jpg?resize=350%2C200&ssl=1","width":350,"height":200,"srcset":"https:\/\/i0.wp.com\/lasprimeras.com.do\/wp-content\/uploads\/2024\/01\/Diseno-sin-titulo-7-1.jpg?resize=350%2C200&ssl=1 1x, https:\/\/i0.wp.com\/lasprimeras.com.do\/wp-content\/uploads\/2024\/01\/Diseno-sin-titulo-7-1.jpg?resize=525%2C300&ssl=1 1.5x"},"classes":[]}],"jetpack_sharing_enabled":true,"_links":{"self":[{"href":"https:\/\/lasprimeras.com.do\/index.php\/wp-json\/wp\/v2\/posts\/84512","targetHints":{"allow":["GET"]}}],"collection":[{"href":"https:\/\/lasprimeras.com.do\/index.php\/wp-json\/wp\/v2\/posts"}],"about":[{"href":"https:\/\/lasprimeras.com.do\/index.php\/wp-json\/wp\/v2\/types\/post"}],"author":[{"embeddable":true,"href":"https:\/\/lasprimeras.com.do\/index.php\/wp-json\/wp\/v2\/users\/2"}],"replies":[{"embeddable":true,"href":"https:\/\/lasprimeras.com.do\/index.php\/wp-json\/wp\/v2\/comments?post=84512"}],"version-history":[{"count":1,"href":"https:\/\/lasprimeras.com.do\/index.php\/wp-json\/wp\/v2\/posts\/84512\/revisions"}],"predecessor-version":[{"id":84514,"href":"https:\/\/lasprimeras.com.do\/index.php\/wp-json\/wp\/v2\/posts\/84512\/revisions\/84514"}],"wp:featuredmedia":[{"embeddable":true,"href":"https:\/\/lasprimeras.com.do\/index.php\/wp-json\/wp\/v2\/media\/84513"}],"wp:attachment":[{"href":"https:\/\/lasprimeras.com.do\/index.php\/wp-json\/wp\/v2\/media?parent=84512"}],"wp:term":[{"taxonomy":"category","embeddable":true,"href":"https:\/\/lasprimeras.com.do\/index.php\/wp-json\/wp\/v2\/categories?post=84512"},{"taxonomy":"post_tag","embeddable":true,"href":"https:\/\/lasprimeras.com.do\/index.php\/wp-json\/wp\/v2\/tags?post=84512"}],"curies":[{"name":"wp","href":"https:\/\/api.w.org\/{rel}","templated":true}]}}