{"id":84519,"date":"2024-06-09T22:33:52","date_gmt":"2024-06-10T02:33:52","guid":{"rendered":"https:\/\/lasprimeras.com.do\/?p=84519"},"modified":"2024-06-09T22:33:52","modified_gmt":"2024-06-10T02:33:52","slug":"impulsaran-proyecto-de-ley-que-declara-san-cristobal-provincia-ecoturistica","status":"publish","type":"post","link":"https:\/\/lasprimeras.com.do\/index.php\/2024\/06\/09\/impulsaran-proyecto-de-ley-que-declara-san-cristobal-provincia-ecoturistica\/","title":{"rendered":"Impulsaran proyecto de Ley que declara San Crist\u00f3bal provincia ecotur\u00edstica"},"content":{"rendered":"\n<p><br>Representantes de la sociedad civil de San Crist\u00f3bal se re\u00fanen y se comprometen a accionar en favor de la aplicaci\u00f3n de la ley que declara a San Crist\u00f3bal Provincia Eco-tur\u00edstica.<\/p>\n\n\n\n<p>En un encuentro celebrado con los representantes de la C\u00e1mara de Comercio y Producci\u00f3n de San Crist\u00f3bal y del Cl\u00faster Tur\u00edstico de San Crist\u00f3bal, se comprometieron aunar esfuerzos para solicitar la juramentaci\u00f3n del Consejo Provincial Eco-tur\u00edstico que establece la Ley 40-23 que declara a San Crist\u00f3bal provincia eco-tur\u00edstica.<\/p>\n\n\n\n<p>Ram\u00f3n Montas, de la C\u00e1mara de Comercio, anunci\u00f3 que se convocar\u00e1 la realizaci\u00f3n de un Taller para seguir socializando la ley nueva ley e integrando a los dem\u00e1s actores de la provincia.<\/p>\n\n\n\n<p>Asimismo se convocar\u00e1 otros encuentros con los nuevos legisladores, tanto del Senador electo Gustavo Lara como los dem\u00e1s diputados para que cohesionemos en la implementaci\u00f3n de la ley.<\/p>\n\n\n\n<p>William Alc\u00e1ntara, del Cl\u00faster Tur\u00edstico, precis\u00f3 que lleg\u00f3 el momento de que todos los sectores cohesionar por el desarrollo del turismo.<\/p>\n\n\n\n<p>El empresario Rom\u00e1n Espinal y V\u00edctor Espinal del restaurante eco-tur\u00edstico agradecieron el encuentro y se comprometieron a seguir promoviendo el turismo sostenible.<\/p>\n","protected":false},"excerpt":{"rendered":"<p>Representantes de la sociedad civil de San Crist\u00f3bal se re\u00fanen y se comprometen a accionar en favor de la aplicaci\u00f3n de la ley que declara a San Crist\u00f3bal Provincia Eco-tur\u00edstica.&hellip;<\/p>\n","protected":false},"author":2,"featured_media":84520,"comment_status":"open","ping_status":"open","sticky":false,"template":"","format":"standard","meta":{"content-type":"","jetpack_post_was_ever_published":false,"_jetpack_newsletter_access":"","_jetpack_dont_email_post_to_subs":false,"_jetpack_newsletter_tier_id":0,"_jetpack_memberships_contains_paywalled_content":false,"_jetpack_memberships_contains_paid_content":false,"footnotes":""},"categories":[376],"tags":[13480,13479,805,1992,651],"class_list":["post-84519","post","type-post","status-publish","format-standard","has-post-thumbnail","hentry","category-turismo","tag-ecoturistica","tag-impulsaran","tag-provincia","tag-proyecto-de-ley","tag-san-cristobal"],"jetpack_featured_media_url":"https:\/\/lasprimeras.com.do\/wp-content\/uploads\/2024\/06\/eco-1.jpg","jetpack-related-posts":[{"id":119711,"url":"https:\/\/lasprimeras.com.do\/index.php\/2026\/01\/16\/senador-gustavo-lara-rinde-cuentas-y-destaca-agenda-legislativa-orientada-al-desarrollo-integral-de-san-cristobal\/","url_meta":{"origin":84519,"position":0},"title":"Senador Gustavo Lara rinde cuentas y destaca agenda legislativa orientada al desarrollo integral de San Crist\u00f3bal","author":"Nelson Feliz","date":"16 de enero de 2026","format":false,"excerpt":"Gustavo Lara","rel":"","context":"En \u00abPOLITICA\u00bb","block_context":{"text":"POLITICA","link":"https:\/\/lasprimeras.com.do\/index.php\/category\/politica\/"},"img":{"alt_text":"","src":"https:\/\/i0.wp.com\/lasprimeras.com.do\/wp-content\/uploads\/2026\/01\/IMG-20260115-WA0344-scaled.jpg?resize=350%2C200&ssl=1","width":350,"height":200,"srcset":"https:\/\/i0.wp.com\/lasprimeras.com.do\/wp-content\/uploads\/2026\/01\/IMG-20260115-WA0344-scaled.jpg?resize=350%2C200&ssl=1 1x, https:\/\/i0.wp.com\/lasprimeras.com.do\/wp-content\/uploads\/2026\/01\/IMG-20260115-WA0344-scaled.jpg?resize=525%2C300&ssl=1 1.5x, https:\/\/i0.wp.com\/lasprimeras.com.do\/wp-content\/uploads\/2026\/01\/IMG-20260115-WA0344-scaled.jpg?resize=700%2C400&ssl=1 2x, https:\/\/i0.wp.com\/lasprimeras.com.do\/wp-content\/uploads\/2026\/01\/IMG-20260115-WA0344-scaled.jpg?resize=1050%2C600&ssl=1 3x, https:\/\/i0.wp.com\/lasprimeras.com.do\/wp-content\/uploads\/2026\/01\/IMG-20260115-WA0344-scaled.jpg?resize=1400%2C800&ssl=1 4x"},"classes":[]},{"id":90213,"url":"https:\/\/lasprimeras.com.do\/index.php\/2024\/10\/15\/senado-aprueba-a-unanimidad-ley-que-declara-la-hermanas-mirabal-como-provincia-ecoturistica\/","url_meta":{"origin":84519,"position":1},"title":"Senado aprueba a unanimidad Ley que declara la Hermanas Mirabal como Provincia Ecotur\u00edstica","author":"Nelson Feliz","date":"15 de octubre de 2024","format":false,"excerpt":"El Senado de la Rep\u00fablica aprob\u00f3 hoy a unanimidad el proyecto de ley que declara la Provincia Hermanas Mirabal como provincia Ecotur\u00edstica, de la autor\u00eda de la senadora Mar\u00eda Mercedes Ortiz. La ley tiene por objeto impulsar el turismo ecol\u00f3gico y cultural en beneficio del desarrollo econ\u00f3mico y social de\u2026","rel":"","context":"En \u00abTURISMO\u00bb","block_context":{"text":"TURISMO","link":"https:\/\/lasprimeras.com.do\/index.php\/category\/turismo\/"},"img":{"alt_text":"Mar\u00eda Mercedes Ortiz","src":"https:\/\/i0.wp.com\/lasprimeras.com.do\/wp-content\/uploads\/2024\/10\/Maria-Mercedes-Ortiz.jpg?resize=350%2C200&ssl=1","width":350,"height":200,"srcset":"https:\/\/i0.wp.com\/lasprimeras.com.do\/wp-content\/uploads\/2024\/10\/Maria-Mercedes-Ortiz.jpg?resize=350%2C200&ssl=1 1x, https:\/\/i0.wp.com\/lasprimeras.com.do\/wp-content\/uploads\/2024\/10\/Maria-Mercedes-Ortiz.jpg?resize=525%2C300&ssl=1 1.5x, https:\/\/i0.wp.com\/lasprimeras.com.do\/wp-content\/uploads\/2024\/10\/Maria-Mercedes-Ortiz.jpg?resize=700%2C400&ssl=1 2x"},"classes":[]},{"id":103185,"url":"https:\/\/lasprimeras.com.do\/index.php\/2025\/07\/13\/santos-badia-encabeza-recorrido-de-supervision-obras-ejecutada-por-el-gobierno-en-san-cristobal\/","url_meta":{"origin":84519,"position":2},"title":"Santos Bad\u00eda encabeza recorrido de supervisi\u00f3n obras ejecutada por el Gobierno en San Crist\u00f3bal","author":"Nelson Feliz","date":"13 de julio de 2025","format":false,"excerpt":"\u00b7 El director INFOTEP, la gobernadora de SC y otras autoridades recorren proyectos en ejecuci\u00f3n que impactar\u00e1n directamente la salud, la educaci\u00f3n y la formaci\u00f3n t\u00e9cnica de la provincia. En el marco del programa \u201cEl Gobierno en las Provincias\u201d, el director general del Instituto Nacional de Formaci\u00f3n T\u00e9cnico Profesional (INFOTEP),\u2026","rel":"","context":"En \u00abNACIONALES\u00bb","block_context":{"text":"NACIONALES","link":"https:\/\/lasprimeras.com.do\/index.php\/category\/nacionales\/"},"img":{"alt_text":"","src":"https:\/\/i0.wp.com\/lasprimeras.com.do\/wp-content\/uploads\/2025\/07\/santos-badia-1.jpg?resize=350%2C200&ssl=1","width":350,"height":200,"srcset":"https:\/\/i0.wp.com\/lasprimeras.com.do\/wp-content\/uploads\/2025\/07\/santos-badia-1.jpg?resize=350%2C200&ssl=1 1x, https:\/\/i0.wp.com\/lasprimeras.com.do\/wp-content\/uploads\/2025\/07\/santos-badia-1.jpg?resize=525%2C300&ssl=1 1.5x, https:\/\/i0.wp.com\/lasprimeras.com.do\/wp-content\/uploads\/2025\/07\/santos-badia-1.jpg?resize=700%2C400&ssl=1 2x"},"classes":[]},{"id":82811,"url":"https:\/\/lasprimeras.com.do\/index.php\/2024\/05\/07\/candidato-a-diputado-por-fp-impulsara-ley-para-agroindustrializar-a-sjm\/","url_meta":{"origin":84519,"position":3},"title":"Candidato a Diputado por FP impulsar\u00e1 Ley para agroindustrializar a SJM","author":"Esteffany Vargas","date":"7 de mayo de 2024","format":false,"excerpt":"Asegura esta iniciativa generar\u00eda m\u00e1s de 5 mil empleos\u00a0 en toda la Provincia. El Candidato a Diputado por la provincia de Sam Juan de la Maguana y el partido Fuerza del Pueblo, Alexander Valenzuela, dijo este Martes , que de ser electo impulsar\u00e1 la creaci\u00f3n de empleos a trav\u00e9s de\u2026","rel":"","context":"En \u00abSin categor\u00eda\u00bb","block_context":{"text":"Sin categor\u00eda","link":"https:\/\/lasprimeras.com.do\/index.php\/category\/sin-categoria\/"},"img":{"alt_text":"Alexander Valenzuela","src":"https:\/\/i0.wp.com\/lasprimeras.com.do\/wp-content\/uploads\/2024\/05\/Alexander-Valenzuela.jpg?resize=350%2C200&ssl=1","width":350,"height":200,"srcset":"https:\/\/i0.wp.com\/lasprimeras.com.do\/wp-content\/uploads\/2024\/05\/Alexander-Valenzuela.jpg?resize=350%2C200&ssl=1 1x, https:\/\/i0.wp.com\/lasprimeras.com.do\/wp-content\/uploads\/2024\/05\/Alexander-Valenzuela.jpg?resize=525%2C300&ssl=1 1.5x, https:\/\/i0.wp.com\/lasprimeras.com.do\/wp-content\/uploads\/2024\/05\/Alexander-Valenzuela.jpg?resize=700%2C400&ssl=1 2x"},"classes":[]},{"id":100037,"url":"https:\/\/lasprimeras.com.do\/index.php\/2025\/05\/30\/abinader-inaugurara-este-domingo-malecon-de-samana\/","url_meta":{"origin":84519,"position":4},"title":"Abinader inaugurar\u00e1 este domingo malec\u00f3n de Saman\u00e1","author":"Nelson Feliz","date":"30 de mayo de 2025","format":false,"excerpt":"En recorrido que har\u00e1 el fin de semana, el mandatario estar\u00e1 el s\u00e1bado en San Crist\u00f3bal, en el marco del programa El Gobierno Contigo. El presidente Luis Abinader continuar\u00e1 este fin de semana su agenda de impulso al desarrollo nacional con visitas a las provincias de San Crist\u00f3bal y Saman\u00e1.\u2026","rel":"","context":"En \u00abECONOM\u00cdA\u00bb","block_context":{"text":"ECONOM\u00cdA","link":"https:\/\/lasprimeras.com.do\/index.php\/category\/economia\/"},"img":{"alt_text":"","src":"https:\/\/i0.wp.com\/lasprimeras.com.do\/wp-content\/uploads\/2025\/05\/Luis-Abinader-8.jpg?resize=350%2C200&ssl=1","width":350,"height":200,"srcset":"https:\/\/i0.wp.com\/lasprimeras.com.do\/wp-content\/uploads\/2025\/05\/Luis-Abinader-8.jpg?resize=350%2C200&ssl=1 1x, https:\/\/i0.wp.com\/lasprimeras.com.do\/wp-content\/uploads\/2025\/05\/Luis-Abinader-8.jpg?resize=525%2C300&ssl=1 1.5x, https:\/\/i0.wp.com\/lasprimeras.com.do\/wp-content\/uploads\/2025\/05\/Luis-Abinader-8.jpg?resize=700%2C400&ssl=1 2x"},"classes":[]},{"id":117992,"url":"https:\/\/lasprimeras.com.do\/index.php\/2025\/12\/18\/senado-aprobo-ley-que-declara-reserva-antropologica-las-cuevas-de-borbon-o-del-pomier\/","url_meta":{"origin":84519,"position":5},"title":"Senado aprob\u00f3 ley que declara reserva antropol\u00f3gica las Cuevas de Borb\u00f3n o del Pomier","author":"Nelson Feliz","date":"18 de diciembre de 2025","format":false,"excerpt":"\u201cCapital Rupestre de la Rep\u00fablica Dominicana\u201d El Senado de la Rep\u00fablica aprob\u00f3 en segunda lectura el proyecto de ley que declara la reserva antropol\u00f3gica las Cuevas de Borb\u00f3n o del Pomier como \u201cCapital Rupestre de la Rep\u00fablica Dominicana\u201d. Esta propuesta legislativa, presentada por el senador de la provincia de San\u2026","rel":"","context":"En \u00abNACIONALES\u00bb","block_context":{"text":"NACIONALES","link":"https:\/\/lasprimeras.com.do\/index.php\/category\/nacionales\/"},"img":{"alt_text":"","src":"https:\/\/i0.wp.com\/lasprimeras.com.do\/wp-content\/uploads\/2025\/12\/Mallete-senado.jpg?resize=350%2C200&ssl=1","width":350,"height":200,"srcset":"https:\/\/i0.wp.com\/lasprimeras.com.do\/wp-content\/uploads\/2025\/12\/Mallete-senado.jpg?resize=350%2C200&ssl=1 1x, https:\/\/i0.wp.com\/lasprimeras.com.do\/wp-content\/uploads\/2025\/12\/Mallete-senado.jpg?resize=525%2C300&ssl=1 1.5x, https:\/\/i0.wp.com\/lasprimeras.com.do\/wp-content\/uploads\/2025\/12\/Mallete-senado.jpg?resize=700%2C400&ssl=1 2x"},"classes":[]}],"jetpack_sharing_enabled":true,"_links":{"self":[{"href":"https:\/\/lasprimeras.com.do\/index.php\/wp-json\/wp\/v2\/posts\/84519","targetHints":{"allow":["GET"]}}],"collection":[{"href":"https:\/\/lasprimeras.com.do\/index.php\/wp-json\/wp\/v2\/posts"}],"about":[{"href":"https:\/\/lasprimeras.com.do\/index.php\/wp-json\/wp\/v2\/types\/post"}],"author":[{"embeddable":true,"href":"https:\/\/lasprimeras.com.do\/index.php\/wp-json\/wp\/v2\/users\/2"}],"replies":[{"embeddable":true,"href":"https:\/\/lasprimeras.com.do\/index.php\/wp-json\/wp\/v2\/comments?post=84519"}],"version-history":[{"count":1,"href":"https:\/\/lasprimeras.com.do\/index.php\/wp-json\/wp\/v2\/posts\/84519\/revisions"}],"predecessor-version":[{"id":84521,"href":"https:\/\/lasprimeras.com.do\/index.php\/wp-json\/wp\/v2\/posts\/84519\/revisions\/84521"}],"wp:featuredmedia":[{"embeddable":true,"href":"https:\/\/lasprimeras.com.do\/index.php\/wp-json\/wp\/v2\/media\/84520"}],"wp:attachment":[{"href":"https:\/\/lasprimeras.com.do\/index.php\/wp-json\/wp\/v2\/media?parent=84519"}],"wp:term":[{"taxonomy":"category","embeddable":true,"href":"https:\/\/lasprimeras.com.do\/index.php\/wp-json\/wp\/v2\/categories?post=84519"},{"taxonomy":"post_tag","embeddable":true,"href":"https:\/\/lasprimeras.com.do\/index.php\/wp-json\/wp\/v2\/tags?post=84519"}],"curies":[{"name":"wp","href":"https:\/\/api.w.org\/{rel}","templated":true}]}}