{"id":84529,"date":"2024-06-09T23:09:26","date_gmt":"2024-06-10T03:09:26","guid":{"rendered":"https:\/\/lasprimeras.com.do\/?p=84529"},"modified":"2024-06-09T23:09:27","modified_gmt":"2024-06-10T03:09:27","slug":"en-expoturismo-firman-acuerdo-por-la-gastronomia-de-santiago","status":"publish","type":"post","link":"https:\/\/lasprimeras.com.do\/index.php\/2024\/06\/09\/en-expoturismo-firman-acuerdo-por-la-gastronomia-de-santiago\/","title":{"rendered":"En Expoturismo firman acuerdo por la Gastronom\u00eda de Santiago"},"content":{"rendered":"\n<p>Los miembros de la Uni\u00f3n Gastron\u00f3mica de Santiago UGASA, la Pontificia Universidad Cat\u00f3lica Madre y Maestra PUCMM, el Cl\u00faster Santiago Destino Tur\u00edstico y la Alcald\u00eda de Santiago firmaron el acuerdo por la Gastronom\u00eda de Santiago.<\/p>\n\n\n\n<p>El reverendo padre Cecilio Espinal rector de la PUCMM, dijo que este acuerdo constituye en una gran oportunidad ya que esta alta casa de estudio fue pionera en turismo y gastronom\u00eda y ha ido diversificando las ofertas incluyendo la licenciatura en gastronom\u00eda, para corresponder con los retos que tiene el pa\u00eds.<\/p>\n\n\n\n<p>\u201cEstamos sumando esfuerzo como universidad para trabajar en dos l\u00edneas una de ellas es la investigaci\u00f3n y la otra es la acad\u00e9mica y formativa y adem\u00e1s de que este acuerdo suma valor a Santiago\u201d<\/p>\n\n\n\n<p>Mientras que Ulises Rodr\u00edguez alcalde de Santiago valor\u00f3 este acuerdo por la ciudad dentro del desarrollo de Expoturismo los cuales junto con UGASA impulsan el turismo local.<\/p>\n\n\n\n<p>Dijo que se est\u00e1 avanzando y creciendo en materia tur\u00edstica y sobre todo el desarrollo con el apoyo gubernamental que ha sido fundamental, y que ha tenido la visi\u00f3n de Luis Abinader, que puso la mira en Santiago, con grandes inversiones.<\/p>\n\n\n\n<p>En tanto, que Ram\u00f3n Paulino presidente del Cl\u00faster Santiago Destino Tur\u00edstico y de Expo turismo agradeci\u00f3 al alcalde, al rector de la PUCMM, a UGASA y dem\u00e1s autoridades por apoyar este acuerdo que en la estrategia de desarrollo del destino Santiago en uno de sus cinco ejes est\u00e1 la gastronom\u00eda, la cual es fundamental.<\/p>\n\n\n\n<p>Mientras, que el presidente de UGASA Dar\u00edo N\u00fa\u00f1ez, expres\u00f3 que este equipo por el bien com\u00fan de impulsar el turismo de la ciudad y capacitar los colaboradores para que cumplan con los est\u00e1ndares internacionales,&nbsp; y hacer la transici\u00f3n de un pueblo dominicano a una ciudad del mundo, por lo que se deben trabajar los niveles de la gastronom\u00eda y exaltar la comida dominicana y sobre todo la tradicional de Santiago.<\/p>\n","protected":false},"excerpt":{"rendered":"<p>Los miembros de la Uni\u00f3n Gastron\u00f3mica de Santiago UGASA, la Pontificia Universidad Cat\u00f3lica Madre y Maestra PUCMM, el Cl\u00faster Santiago Destino Tur\u00edstico y la Alcald\u00eda de Santiago firmaron el acuerdo&hellip;<\/p>\n","protected":false},"author":2,"featured_media":0,"comment_status":"open","ping_status":"open","sticky":false,"template":"","format":"standard","meta":{"content-type":"","jetpack_post_was_ever_published":false,"_jetpack_newsletter_access":"","_jetpack_dont_email_post_to_subs":false,"_jetpack_newsletter_tier_id":0,"_jetpack_memberships_contains_paywalled_content":false,"_jetpack_memberships_contains_paid_content":false,"footnotes":""},"categories":[376],"tags":[521,13483,12563,1049],"class_list":["post-84529","post","type-post","status-publish","format-standard","hentry","category-turismo","tag-acuerdo","tag-expoturismo","tag-gastronomia","tag-santiago"],"jetpack_featured_media_url":"","jetpack-related-posts":[{"id":101241,"url":"https:\/\/lasprimeras.com.do\/index.php\/2025\/06\/17\/joempro-y-camara-de-comercio-de-santiago-firman-acuerdo-para-beneficiar-jovenes-emprendedores\/","url_meta":{"origin":84529,"position":0},"title":"JOEMPRO y C\u00e1mara de Comercio de Santiago firman acuerdo para beneficiar j\u00f3venes emprendedores","author":"Nelson Feliz","date":"17 de junio de 2025","format":false,"excerpt":"Con el acuerdo, j\u00f3venes recibir\u00e1n capacitaciones y participar\u00e1n en actividades de networking. J\u00f3venes Empresarios en Provisiones (JOEMPRO) y el Comit\u00e9 de J\u00f3venes de la C\u00e1mara de Comercio y Producci\u00f3n de Santiago formalizaron una alianza interinstitucional clave, con el objetivo de beneficiar a los j\u00f3venes empresarios de la regi\u00f3n del Cibao.\u2026","rel":"","context":"En \u00abECONOM\u00cdA\u00bb","block_context":{"text":"ECONOM\u00cdA","link":"https:\/\/lasprimeras.com.do\/index.php\/category\/economia\/"},"img":{"alt_text":"","src":"https:\/\/i0.wp.com\/lasprimeras.com.do\/wp-content\/uploads\/2025\/06\/jovenes.jpg?resize=350%2C200&ssl=1","width":350,"height":200,"srcset":"https:\/\/i0.wp.com\/lasprimeras.com.do\/wp-content\/uploads\/2025\/06\/jovenes.jpg?resize=350%2C200&ssl=1 1x, https:\/\/i0.wp.com\/lasprimeras.com.do\/wp-content\/uploads\/2025\/06\/jovenes.jpg?resize=525%2C300&ssl=1 1.5x, https:\/\/i0.wp.com\/lasprimeras.com.do\/wp-content\/uploads\/2025\/06\/jovenes.jpg?resize=700%2C400&ssl=1 2x"},"classes":[]},{"id":117790,"url":"https:\/\/lasprimeras.com.do\/index.php\/2025\/12\/16\/prodominicana-y-la-camara-de-comercio-y-produccion-de-santiago-acuerdan-fortalecer-exportaciones-en-la-region-norte\/","url_meta":{"origin":84529,"position":1},"title":"ProDominicana y la C\u00e1mara de Comercio y Producci\u00f3n de Santiago acuerdan fortalecer exportaciones en la Regi\u00f3n Norte","author":"Nelson Feliz","date":"16 de diciembre de 2025","format":false,"excerpt":"El Centro de Exportaci\u00f3n e Inversi\u00f3n de la Rep\u00fablica Dominicana (ProDominicana) y la C\u00e1mara de Comercio y Producci\u00f3n de Santiago firmaron un acuerdo interinstitucional orientado a fortalecer las capacidades de los sectores productivos y promover nuevas oportunidades en los mercados globales. Durante la firma, la directora ejecutiva de ProDominicana, Biviana\u2026","rel":"","context":"En \u00abECONOM\u00cdA\u00bb","block_context":{"text":"ECONOM\u00cdA","link":"https:\/\/lasprimeras.com.do\/index.php\/category\/economia\/"},"img":{"alt_text":"ProDominicana","src":"https:\/\/i0.wp.com\/lasprimeras.com.do\/wp-content\/uploads\/2025\/12\/ProDominicana.jpg?resize=350%2C200&ssl=1","width":350,"height":200,"srcset":"https:\/\/i0.wp.com\/lasprimeras.com.do\/wp-content\/uploads\/2025\/12\/ProDominicana.jpg?resize=350%2C200&ssl=1 1x, https:\/\/i0.wp.com\/lasprimeras.com.do\/wp-content\/uploads\/2025\/12\/ProDominicana.jpg?resize=525%2C300&ssl=1 1.5x, https:\/\/i0.wp.com\/lasprimeras.com.do\/wp-content\/uploads\/2025\/12\/ProDominicana.jpg?resize=700%2C400&ssl=1 2x, https:\/\/i0.wp.com\/lasprimeras.com.do\/wp-content\/uploads\/2025\/12\/ProDominicana.jpg?resize=1050%2C600&ssl=1 3x"},"classes":[]},{"id":99793,"url":"https:\/\/lasprimeras.com.do\/index.php\/2025\/05\/27\/infotep-y-tvet-council-de-barbados-anuncian-master-class-en-gastronomia-caribena-para-el-sector-hotelero\/","url_meta":{"origin":84529,"position":2},"title":"INFOTEP y TVET Council de Barbados anuncian Master Class en gastronom\u00eda caribe\u00f1a para el sector hotelero","author":"Nelson Feliz","date":"27 de mayo de 2025","format":false,"excerpt":"\u00b7 El reconocido chef internacional Peter Edey impartir\u00e1 el seminario este martes 27 en Hig\u00fcey y el jueves 28 en Santo Domingo El Instituto Nacional de Formaci\u00f3n T\u00e9cnico Profesional (INFOTEP) y el Consejo de Educaci\u00f3n y Formaci\u00f3n T\u00e9cnica y Vocacional de Barbados (TVET Council) anunciaron una Master Class en gastronom\u00eda\u2026","rel":"","context":"En \u00abPORTADA\u00bb","block_context":{"text":"PORTADA","link":"https:\/\/lasprimeras.com.do\/index.php\/category\/portada\/"},"img":{"alt_text":"","src":"https:\/\/i0.wp.com\/lasprimeras.com.do\/wp-content\/uploads\/2025\/05\/Rafael-Santos-Badia-1-1.jpg?resize=350%2C200&ssl=1","width":350,"height":200,"srcset":"https:\/\/i0.wp.com\/lasprimeras.com.do\/wp-content\/uploads\/2025\/05\/Rafael-Santos-Badia-1-1.jpg?resize=350%2C200&ssl=1 1x, https:\/\/i0.wp.com\/lasprimeras.com.do\/wp-content\/uploads\/2025\/05\/Rafael-Santos-Badia-1-1.jpg?resize=525%2C300&ssl=1 1.5x, https:\/\/i0.wp.com\/lasprimeras.com.do\/wp-content\/uploads\/2025\/05\/Rafael-Santos-Badia-1-1.jpg?resize=700%2C400&ssl=1 2x"},"classes":[]},{"id":128064,"url":"https:\/\/lasprimeras.com.do\/index.php\/2026\/04\/17\/leonel-fernandez-encabezara-agenda-de-actividades-este-fin-de-semana-en-santiago-la-romana-y-santo-domingo\/","url_meta":{"origin":84529,"position":3},"title":"Leonel Fern\u00e1ndez encabezar\u00e1 agenda de actividades este fin de semana en Santiago, La Romana y Santo Domingo","author":"Nelson Feliz","date":"17 de abril de 2026","format":false,"excerpt":"El expresidente de la Rep\u00fablica y presidente del partido Fuerza del Pueblo, Leonel Fern\u00e1ndez, desarrollar\u00e1 una agenda de actividades durante este fin de semana en Santiago, La Romana y Santo Domingo, como parte de su din\u00e1mica de trabajo pol\u00edtico y contacto con distintos sectores del pa\u00eds. La jornada del l\u00edder\u2026","rel":"","context":"En \u00abPOLITICA\u00bb","block_context":{"text":"POLITICA","link":"https:\/\/lasprimeras.com.do\/index.php\/category\/politica\/"},"img":{"alt_text":"","src":"https:\/\/i0.wp.com\/lasprimeras.com.do\/wp-content\/uploads\/2025\/05\/Leonel-Fernandez-1.jpg?resize=350%2C200&ssl=1","width":350,"height":200,"srcset":"https:\/\/i0.wp.com\/lasprimeras.com.do\/wp-content\/uploads\/2025\/05\/Leonel-Fernandez-1.jpg?resize=350%2C200&ssl=1 1x, https:\/\/i0.wp.com\/lasprimeras.com.do\/wp-content\/uploads\/2025\/05\/Leonel-Fernandez-1.jpg?resize=525%2C300&ssl=1 1.5x"},"classes":[]},{"id":121995,"url":"https:\/\/lasprimeras.com.do\/index.php\/2026\/02\/12\/luna-tv-firma-acuerdo-de-transmision-del-baloncesto-superior-de-santiago\/","url_meta":{"origin":84529,"position":4},"title":"Luna TV firma acuerdo de transmisi\u00f3n del Baloncesto Superior de Santiago","author":"Nelson Feliz","date":"12 de febrero de 2026","format":false,"excerpt":"Luna TV ampl\u00eda el alcance nacional del torneo m\u00e1s emblem\u00e1tico del Cibao y el pa\u00eds Luna TV, Canal 25 anunci\u00f3 oficialmente a la audiencia nacional la firma de un acuerdo de transmisi\u00f3n del Torneo de Baloncesto Superior de Santiago, organizado por la Asociaci\u00f3n de Baloncesto de Santiago (ABASACA). Mediante este\u2026","rel":"","context":"En \u00abDEPORTES\u00bb","block_context":{"text":"DEPORTES","link":"https:\/\/lasprimeras.com.do\/index.php\/category\/deportes\/"},"img":{"alt_text":"","src":"https:\/\/i0.wp.com\/lasprimeras.com.do\/wp-content\/uploads\/2026\/02\/IMG-20260123-WA0906.jpg?resize=350%2C200&ssl=1","width":350,"height":200,"srcset":"https:\/\/i0.wp.com\/lasprimeras.com.do\/wp-content\/uploads\/2026\/02\/IMG-20260123-WA0906.jpg?resize=350%2C200&ssl=1 1x, https:\/\/i0.wp.com\/lasprimeras.com.do\/wp-content\/uploads\/2026\/02\/IMG-20260123-WA0906.jpg?resize=525%2C300&ssl=1 1.5x, https:\/\/i0.wp.com\/lasprimeras.com.do\/wp-content\/uploads\/2026\/02\/IMG-20260123-WA0906.jpg?resize=700%2C400&ssl=1 2x"},"classes":[]},{"id":109048,"url":"https:\/\/lasprimeras.com.do\/index.php\/2025\/09\/14\/los-peregrinos-convierten-santiago-de-compostela-en-un-nuevo-foco-mundial-de-turismo-excesivo\/","url_meta":{"origin":84529,"position":5},"title":"Los peregrinos convierten Santiago de Compostela en un nuevo foco mundial de turismo excesivo","author":"Nelson Feliz","date":"14 de septiembre de 2025","format":false,"excerpt":"POR TERESA MEDRANO SANTIAGO DE COMPOSTELA, Espa\u00f1a (AP) \u2014 Mientras algunos residentes de Barcelona intentaban repeler un tsunami de turistas con pistolas de agua de pl\u00e1stico, una asociaci\u00f3n de vecinos en Santiago de Compostela opt\u00f3 por un enfoque m\u00e1s cordial: una gu\u00eda de buenos modales para los visitantes de su\u2026","rel":"","context":"En \u00abTURISMO\u00bb","block_context":{"text":"TURISMO","link":"https:\/\/lasprimeras.com.do\/index.php\/category\/turismo\/"},"img":{"alt_text":"","src":"https:\/\/i0.wp.com\/lasprimeras.com.do\/wp-content\/uploads\/2025\/09\/Los-peregrinos-convierten-Santiago-de-Compostela.jpg?resize=350%2C200&ssl=1","width":350,"height":200,"srcset":"https:\/\/i0.wp.com\/lasprimeras.com.do\/wp-content\/uploads\/2025\/09\/Los-peregrinos-convierten-Santiago-de-Compostela.jpg?resize=350%2C200&ssl=1 1x, https:\/\/i0.wp.com\/lasprimeras.com.do\/wp-content\/uploads\/2025\/09\/Los-peregrinos-convierten-Santiago-de-Compostela.jpg?resize=525%2C300&ssl=1 1.5x, https:\/\/i0.wp.com\/lasprimeras.com.do\/wp-content\/uploads\/2025\/09\/Los-peregrinos-convierten-Santiago-de-Compostela.jpg?resize=700%2C400&ssl=1 2x"},"classes":[]}],"jetpack_sharing_enabled":true,"_links":{"self":[{"href":"https:\/\/lasprimeras.com.do\/index.php\/wp-json\/wp\/v2\/posts\/84529","targetHints":{"allow":["GET"]}}],"collection":[{"href":"https:\/\/lasprimeras.com.do\/index.php\/wp-json\/wp\/v2\/posts"}],"about":[{"href":"https:\/\/lasprimeras.com.do\/index.php\/wp-json\/wp\/v2\/types\/post"}],"author":[{"embeddable":true,"href":"https:\/\/lasprimeras.com.do\/index.php\/wp-json\/wp\/v2\/users\/2"}],"replies":[{"embeddable":true,"href":"https:\/\/lasprimeras.com.do\/index.php\/wp-json\/wp\/v2\/comments?post=84529"}],"version-history":[{"count":1,"href":"https:\/\/lasprimeras.com.do\/index.php\/wp-json\/wp\/v2\/posts\/84529\/revisions"}],"predecessor-version":[{"id":84530,"href":"https:\/\/lasprimeras.com.do\/index.php\/wp-json\/wp\/v2\/posts\/84529\/revisions\/84530"}],"wp:attachment":[{"href":"https:\/\/lasprimeras.com.do\/index.php\/wp-json\/wp\/v2\/media?parent=84529"}],"wp:term":[{"taxonomy":"category","embeddable":true,"href":"https:\/\/lasprimeras.com.do\/index.php\/wp-json\/wp\/v2\/categories?post=84529"},{"taxonomy":"post_tag","embeddable":true,"href":"https:\/\/lasprimeras.com.do\/index.php\/wp-json\/wp\/v2\/tags?post=84529"}],"curies":[{"name":"wp","href":"https:\/\/api.w.org\/{rel}","templated":true}]}}