{"id":84551,"date":"2024-06-10T11:39:02","date_gmt":"2024-06-10T15:39:02","guid":{"rendered":"https:\/\/lasprimeras.com.do\/?p=84551"},"modified":"2024-06-10T11:39:03","modified_gmt":"2024-06-10T15:39:03","slug":"texaco-optimiza-procesos-logisticos-y-visibilidad-con-tecnologia-de-punta","status":"publish","type":"post","link":"https:\/\/lasprimeras.com.do\/index.php\/2024\/06\/10\/texaco-optimiza-procesos-logisticos-y-visibilidad-con-tecnologia-de-punta\/","title":{"rendered":"Texaco optimiza procesos log\u00edsticos y visibilidad con tecnolog\u00eda de punta"},"content":{"rendered":"\n<p>Con el inter\u00e9s de brindar m\u00e1s informaci\u00f3n, control y seguridad en tiempo real de sus pedidos de combustible en todo el territorio nacional, Texaco actualiz\u00f3 con tecnolog\u00eda de punta su plataforma de rastreo TEXTRAC.<\/p>\n\n\n\n<p>Con esto los clientes pueden tener acceso a trav\u00e9s de una computadora o tel\u00e9fono inteligente a todos los detalles de sus env\u00edos, viendo la ruta que sigui\u00f3 el veh\u00edculo y el tiempo estimado para completar la entrega, explic\u00f3 Rosanna Grull\u00f3n, Gerente General de GPD.<\/p>\n\n\n\n<p>La plataforma de TEXTRAC representa un beneficio importante para los clientes de Texaco, ya que el mismo es f\u00e1cil de utilizar, y permite acceso inmediato a informaci\u00f3n precisa de sus pedidos las 24 horas, los 7 d\u00edas de la semana, as\u00ed como tambi\u00e9n para la colocaci\u00f3n de sus \u00f3rdenes a trav\u00e9s de las siguientes funciones:<\/p>\n\n\n\n<ul class=\"wp-block-list\">\n<li>Ultima posici\u00f3n.<\/li>\n\n\n\n<li>Seguir cami\u00f3n y mostrar ruta con especificaciones de la orden, unidad y tiempo aproximado de llegada al punto de entrega.<\/li>\n\n\n\n<li>\u00d3rdenes en proceso en el sistema.<\/li>\n\n\n\n<li>Env\u00edo de solicitudes de combustible y recibo de las confirmaciones de las \u00f3rdenes con las observaciones del representante.<\/li>\n\n\n\n<li>Distribuci\u00f3n de nuestras unidades y sus compartimientos.<\/li>\n\n\n\n<li>Opci\u00f3n de recibo de correos y minimensajes de notificaci\u00f3n de pedidos facturados desde las terminales, as\u00ed como tambi\u00e9n correos de confirmaci\u00f3n de la entrega con detalles de hora, tiempo del trayecto y unidad.<\/li>\n\n\n\n<li>Informaciones comerciales en l\u00ednea y descargables.<\/li>\n\n\n\n<li>Cantidad ilimitada de usuarios por cliente.<\/li>\n\n\n\n<li>Diferentes niveles de accesos.<\/li>\n<\/ul>\n\n\n\n<p>El compromiso de GPD, es brindar seguridad e informaci\u00f3n de f\u00e1cil acceso por medio de la tecnolog\u00eda a nuestros clientes en todo el pa\u00eds.<\/p>\n","protected":false},"excerpt":{"rendered":"<p>Con el inter\u00e9s de brindar m\u00e1s informaci\u00f3n, control y seguridad en tiempo real de sus pedidos de combustible en todo el territorio nacional, Texaco actualiz\u00f3 con tecnolog\u00eda de punta su&hellip;<\/p>\n","protected":false},"author":2,"featured_media":84552,"comment_status":"open","ping_status":"open","sticky":false,"template":"","format":"standard","meta":{"content-type":"","jetpack_post_was_ever_published":false,"_jetpack_newsletter_access":"","_jetpack_dont_email_post_to_subs":false,"_jetpack_newsletter_tier_id":0,"_jetpack_memberships_contains_paywalled_content":false,"_jetpack_memberships_contains_paid_content":false,"footnotes":""},"categories":[25],"tags":[13498,13496,916,13497,1275,13495,13500,13499],"class_list":["post-84551","post","type-post","status-publish","format-standard","has-post-thumbnail","hentry","category-portada","tag-logisticos","tag-optimiza","tag-procesos","tag-punta","tag-tecnologia","tag-texaco","tag-textrac","tag-visibilidad"],"jetpack_featured_media_url":"https:\/\/lasprimeras.com.do\/wp-content\/uploads\/2024\/06\/Tecnologia-de-punta-2.jpg","jetpack-related-posts":[{"id":125629,"url":"https:\/\/lasprimeras.com.do\/index.php\/2026\/03\/24\/edeeste-fortalece-servicio-electrico-con-el-sistema-de-medicion-concentrada-en-altura\/","url_meta":{"origin":84551,"position":0},"title":"EDEESTE fortalece servicio el\u00e9ctrico con el Sistema de Medici\u00f3n Concentrada en Altura","author":"Nelson Feliz","date":"24 de marzo de 2026","format":false,"excerpt":"M\u00e1s de 106 mil clientes ya cuentan con medici\u00f3n inteligente en tiempo real. La Empresa Distribuidora de Electricidad del Este (EDEESTE) contin\u00faa avanzando en su proceso de modernizaci\u00f3n tecnol\u00f3gica mediante la implementaci\u00f3n del Sistema de Medici\u00f3n Concentrada en Altura (SMCA), una soluci\u00f3n innovadora orientada a optimizar la gesti\u00f3n del suministro\u2026","rel":"","context":"En \u00abNACIONALES\u00bb","block_context":{"text":"NACIONALES","link":"https:\/\/lasprimeras.com.do\/index.php\/category\/nacionales\/"},"img":{"alt_text":"EDEESTE","src":"https:\/\/i0.wp.com\/lasprimeras.com.do\/wp-content\/uploads\/2026\/03\/EDEESTE-1.jpg?resize=350%2C200&ssl=1","width":350,"height":200,"srcset":"https:\/\/i0.wp.com\/lasprimeras.com.do\/wp-content\/uploads\/2026\/03\/EDEESTE-1.jpg?resize=350%2C200&ssl=1 1x, https:\/\/i0.wp.com\/lasprimeras.com.do\/wp-content\/uploads\/2026\/03\/EDEESTE-1.jpg?resize=525%2C300&ssl=1 1.5x, https:\/\/i0.wp.com\/lasprimeras.com.do\/wp-content\/uploads\/2026\/03\/EDEESTE-1.jpg?resize=700%2C400&ssl=1 2x"},"classes":[]},{"id":80632,"url":"https:\/\/lasprimeras.com.do\/index.php\/2024\/04\/10\/alcalde-manuel-jimenez-informa-proceso-de-transicion-se-cumple-con-el-protocolo-establecido-y-digitalizado\/","url_meta":{"origin":84551,"position":1},"title":"Alcalde Manuel Jim\u00e9nez informa proceso de transici\u00f3n se cumple con el protocolo establecido y digitalizado","author":"BIMARY DE JES\u00daS Matos","date":"10 de abril de 2024","format":false,"excerpt":"SDE.-El alcalde de Santo Domingo Este, Manuel Jim\u00e9nez, inform\u00f3 este mi\u00e9rcoles que la comisi\u00f3n que design\u00f3 para organizar el proceso de transici\u00f3n ha ido cumpliendo en un tiempo r\u00e9cord con todos los elementos que demanda un proceso de esa naturaleza. Al ofrecer detalles sobre los avances que se han ejecutado\u2026","rel":"","context":"En \u00abNACIONALES\u00bb","block_context":{"text":"NACIONALES","link":"https:\/\/lasprimeras.com.do\/index.php\/category\/nacionales\/"},"img":{"alt_text":"","src":"https:\/\/i0.wp.com\/lasprimeras.com.do\/wp-content\/uploads\/2024\/04\/IMG-20240410-WA0020.jpg?resize=350%2C200&ssl=1","width":350,"height":200,"srcset":"https:\/\/i0.wp.com\/lasprimeras.com.do\/wp-content\/uploads\/2024\/04\/IMG-20240410-WA0020.jpg?resize=350%2C200&ssl=1 1x, https:\/\/i0.wp.com\/lasprimeras.com.do\/wp-content\/uploads\/2024\/04\/IMG-20240410-WA0020.jpg?resize=525%2C300&ssl=1 1.5x, https:\/\/i0.wp.com\/lasprimeras.com.do\/wp-content\/uploads\/2024\/04\/IMG-20240410-WA0020.jpg?resize=700%2C400&ssl=1 2x, https:\/\/i0.wp.com\/lasprimeras.com.do\/wp-content\/uploads\/2024\/04\/IMG-20240410-WA0020.jpg?resize=1050%2C600&ssl=1 3x, https:\/\/i0.wp.com\/lasprimeras.com.do\/wp-content\/uploads\/2024\/04\/IMG-20240410-WA0020.jpg?resize=1400%2C800&ssl=1 4x"},"classes":[]},{"id":120284,"url":"https:\/\/lasprimeras.com.do\/index.php\/2026\/01\/22\/google-org-selecciona-plataforma-de-ia-humanitaria-disenada-por-dominicano-entre-mas-de-3000-propuestas\/","url_meta":{"origin":84551,"position":2},"title":"Google.org selecciona plataforma de IA humanitaria dise\u00f1ada por dominicano entre m\u00e1s de 3,000 propuestas","author":"Nelson Feliz","date":"22 de enero de 2026","format":false,"excerpt":"La plataforma de Inteligencia Artificial humanitaria Anticipa, dise\u00f1ada y liderada por el economista y cient\u00edfico de datos dominicano Alberto Castillo Aroca, fue seleccionada por Google.org entre m\u00e1s de 3,000 propuestas globales, posicion\u00e1ndose como una de las 20 iniciativas elegidas a nivel mundial para formar parte de su aceleradora de alto\u2026","rel":"","context":"En \u00abPORTADA\u00bb","block_context":{"text":"PORTADA","link":"https:\/\/lasprimeras.com.do\/index.php\/category\/portada\/"},"img":{"alt_text":"","src":"https:\/\/i0.wp.com\/lasprimeras.com.do\/wp-content\/uploads\/2026\/01\/IMG-20260122-WA02561.jpg?resize=350%2C200&ssl=1","width":350,"height":200,"srcset":"https:\/\/i0.wp.com\/lasprimeras.com.do\/wp-content\/uploads\/2026\/01\/IMG-20260122-WA02561.jpg?resize=350%2C200&ssl=1 1x, https:\/\/i0.wp.com\/lasprimeras.com.do\/wp-content\/uploads\/2026\/01\/IMG-20260122-WA02561.jpg?resize=525%2C300&ssl=1 1.5x, https:\/\/i0.wp.com\/lasprimeras.com.do\/wp-content\/uploads\/2026\/01\/IMG-20260122-WA02561.jpg?resize=700%2C400&ssl=1 2x"},"classes":[]},{"id":51570,"url":"https:\/\/lasprimeras.com.do\/index.php\/2023\/06\/01\/carlos-pena-afirma-no-pactara-con-quienes-han-hecho-dano-al-pais\/","url_meta":{"origin":84551,"position":3},"title":"Carlos Pe\u00f1a afirma no pactar\u00e1 con quienes han hecho da\u00f1o al pa\u00eds","author":"prenxa100","date":"1 de junio de 2023","format":false,"excerpt":"Santo Domingo.- El candidato a la presidencia de la Rep\u00fablica por el Partido Generaci\u00f2n de Servidores (GenS), Carlos Pe\u00f1a, declar\u00f3 de manera contundente que no pactar\u00e1 con los partidos que han da\u00f1ado el pa\u00eds, refiri\u00e8ndose al PLD, Fuerza del Pueblo y el PRM. \"El Partido Generaci\u00f2n de Servidores no va\u2026","rel":"","context":"En \u00abSin categor\u00eda\u00bb","block_context":{"text":"Sin categor\u00eda","link":"https:\/\/lasprimeras.com.do\/index.php\/category\/sin-categoria\/"},"img":{"alt_text":"","src":"","width":0,"height":0},"classes":[]},{"id":101303,"url":"https:\/\/lasprimeras.com.do\/index.php\/2025\/06\/18\/bmi-seguros-presenta-su-nueva-app-y-plataforma-digital\/","url_meta":{"origin":84551,"position":4},"title":"BMI Seguros presenta su nueva app y plataforma digital","author":"Nelson Feliz","date":"18 de junio de 2025","format":false,"excerpt":"La propuesta apuesta por la simplicidad, la eficiencia y una experiencia de seguros completamente renovada. Con la presencia de invitados especiales del sector asegurador, corredores, proveedores, aliados estrat\u00e9gicos y socios comerciales, BMI Seguros present\u00f3 oficialmente su nueva era digital, marcando un hito en su evoluci\u00f3n tecnol\u00f3gica en la Rep\u00fablica Dominicana.\u2026","rel":"","context":"En \u00abNACIONALES\u00bb","block_context":{"text":"NACIONALES","link":"https:\/\/lasprimeras.com.do\/index.php\/category\/nacionales\/"},"img":{"alt_text":"","src":"https:\/\/i0.wp.com\/lasprimeras.com.do\/wp-content\/uploads\/2025\/06\/bmi.jpg?resize=350%2C200&ssl=1","width":350,"height":200,"srcset":"https:\/\/i0.wp.com\/lasprimeras.com.do\/wp-content\/uploads\/2025\/06\/bmi.jpg?resize=350%2C200&ssl=1 1x, https:\/\/i0.wp.com\/lasprimeras.com.do\/wp-content\/uploads\/2025\/06\/bmi.jpg?resize=525%2C300&ssl=1 1.5x, https:\/\/i0.wp.com\/lasprimeras.com.do\/wp-content\/uploads\/2025\/06\/bmi.jpg?resize=700%2C400&ssl=1 2x"},"classes":[]},{"id":126708,"url":"https:\/\/lasprimeras.com.do\/index.php\/2026\/04\/04\/las-aseguradoras-compiten-por-el-cliente-impulsado-por-ia\/","url_meta":{"origin":84551,"position":5},"title":"Las aseguradoras compiten por el cliente impulsado por IA","author":"Nelson Feliz","date":"4 de abril de 2026","format":false,"excerpt":"La industria aseguradora en Am\u00e9rica Latina est\u00e1 entrando en una nueva etapa de competencia impulsada por la inteligencia artificial. En pa\u00edses de Centroam\u00e9rica y el Caribe, donde la digitalizaci\u00f3n financiera contin\u00faa avanzando y los consumidores adoptan cada vez m\u00e1s canales digitales, esta transformaci\u00f3n cobra especial relevancia. Seg\u00fan el estudio \u201cCompeting\u2026","rel":"","context":"En \u00abTECNOL\u00d3GIA\u00bb","block_context":{"text":"TECNOL\u00d3GIA","link":"https:\/\/lasprimeras.com.do\/index.php\/category\/tecnologia\/"},"img":{"alt_text":"","src":"https:\/\/i0.wp.com\/lasprimeras.com.do\/wp-content\/uploads\/2026\/04\/Las-aseguradoras-compiten-por-el-cliente-impulsado-por-IA.jpg?resize=350%2C200&ssl=1","width":350,"height":200,"srcset":"https:\/\/i0.wp.com\/lasprimeras.com.do\/wp-content\/uploads\/2026\/04\/Las-aseguradoras-compiten-por-el-cliente-impulsado-por-IA.jpg?resize=350%2C200&ssl=1 1x, https:\/\/i0.wp.com\/lasprimeras.com.do\/wp-content\/uploads\/2026\/04\/Las-aseguradoras-compiten-por-el-cliente-impulsado-por-IA.jpg?resize=525%2C300&ssl=1 1.5x, https:\/\/i0.wp.com\/lasprimeras.com.do\/wp-content\/uploads\/2026\/04\/Las-aseguradoras-compiten-por-el-cliente-impulsado-por-IA.jpg?resize=700%2C400&ssl=1 2x"},"classes":[]}],"jetpack_sharing_enabled":true,"_links":{"self":[{"href":"https:\/\/lasprimeras.com.do\/index.php\/wp-json\/wp\/v2\/posts\/84551","targetHints":{"allow":["GET"]}}],"collection":[{"href":"https:\/\/lasprimeras.com.do\/index.php\/wp-json\/wp\/v2\/posts"}],"about":[{"href":"https:\/\/lasprimeras.com.do\/index.php\/wp-json\/wp\/v2\/types\/post"}],"author":[{"embeddable":true,"href":"https:\/\/lasprimeras.com.do\/index.php\/wp-json\/wp\/v2\/users\/2"}],"replies":[{"embeddable":true,"href":"https:\/\/lasprimeras.com.do\/index.php\/wp-json\/wp\/v2\/comments?post=84551"}],"version-history":[{"count":1,"href":"https:\/\/lasprimeras.com.do\/index.php\/wp-json\/wp\/v2\/posts\/84551\/revisions"}],"predecessor-version":[{"id":84553,"href":"https:\/\/lasprimeras.com.do\/index.php\/wp-json\/wp\/v2\/posts\/84551\/revisions\/84553"}],"wp:featuredmedia":[{"embeddable":true,"href":"https:\/\/lasprimeras.com.do\/index.php\/wp-json\/wp\/v2\/media\/84552"}],"wp:attachment":[{"href":"https:\/\/lasprimeras.com.do\/index.php\/wp-json\/wp\/v2\/media?parent=84551"}],"wp:term":[{"taxonomy":"category","embeddable":true,"href":"https:\/\/lasprimeras.com.do\/index.php\/wp-json\/wp\/v2\/categories?post=84551"},{"taxonomy":"post_tag","embeddable":true,"href":"https:\/\/lasprimeras.com.do\/index.php\/wp-json\/wp\/v2\/tags?post=84551"}],"curies":[{"name":"wp","href":"https:\/\/api.w.org\/{rel}","templated":true}]}}