{"id":84554,"date":"2024-06-10T11:44:20","date_gmt":"2024-06-10T15:44:20","guid":{"rendered":"https:\/\/lasprimeras.com.do\/?p=84554"},"modified":"2024-06-10T11:44:21","modified_gmt":"2024-06-10T15:44:21","slug":"sobre-un-barril-de-polvora","status":"publish","type":"post","link":"https:\/\/lasprimeras.com.do\/index.php\/2024\/06\/10\/sobre-un-barril-de-polvora\/","title":{"rendered":"Sobre un barril de p\u00f3lvora"},"content":{"rendered":"\n<p>Editorial<\/p>\n\n\n\n<p>El mismo d\u00eda que los medios masivos de comunicaci\u00f3n, incluyendo los denominados canales sociales, daban cuenta del anuncio del Gobierno, como conclusi\u00f3n de un Consejo de Ministros y Directores realizado en el Palacio Nacional, de las reformas pendientes de aprobaci\u00f3n en \u00e1reas como la seguridad social, fiscal, laboral, entre otras, se difund\u00eda la noticia del drama vivido con el enfrentamiento de la polic\u00eda con los j\u00f3venes acusados del asalto a una sucursal bancaria en la capital.<\/p>\n\n\n\n<p>Ese asalto, tipo pel\u00edcula o serie de televisi\u00f3n, se produjo tan solo diez d\u00edas despu\u00e9s de otro asalto bancario en la ciudad de Santiago de los Caballeros.<\/p>\n\n\n\n<p>Para cerrar esos episodios, no bien se daba a conocer la muerte de dos de los implicados en el caso del Distrito Nacional se reportaba otro asalto en una casa de cambio en el municipio Santo Domingo Este.<\/p>\n\n\n\n<p>Sin duda, una ola de violencia que incluye robos y atracos atemoriza a la sociedad, que vive una situaci\u00f3n de p\u00e1nico colectivo.<\/p>\n\n\n\n<p>Hechos preocupantes que desde el Gobierno se tratan con frialdad porque lo que le preocupa es el dise\u00f1o de la estrategia de comunicaci\u00f3n para consensuar las amplias reformas que se proponen ejecutar al amparo del dominio de todas las instancias del Estado.<\/p>\n\n\n\n<p>Concluidas las elecciones, la cruda realidad nos da en la cara: violencia callejera, alzas en la tarifa el\u00e9ctrica, en los precios de las medicinas, la comida, el transporte de pasajeros y de carga, deterioro de los servicios, que el gobierno apuesta a minimizar con anuncios de planes y de reformas.<\/p>\n\n\n\n<p>La distracci\u00f3n de la cruda realidad que se expresa en reportajes comprados, autocensura, manipulaci\u00f3n noticiosa como producto del mayor presupuesto publicitario para acallar voces y doblegar la oposici\u00f3n pol\u00edtica, est\u00e1 llegando a su fin. Poco a poco se va notando el despertar ciudadano.<\/p>\n\n\n\n<p>La incapacidad del Gobierno para enfrentar los males que afectan la calidad de vida de los dominicanos empeora, y la situaci\u00f3n no se resuelve con anuncios o estrategias mercadol\u00f3gicas del enga\u00f1o.<\/p>\n\n\n\n<p>Junto al p\u00e1nico colectivo, la frustraci\u00f3n se ha apoderado de la sociedad que no ve en lo inmediato una luz al final del t\u00fanel. Ante la indiferencia de un gobierno inclinado al enga\u00f1o publicitario, el pa\u00eds se halla sobre un barril de p\u00f3lvora.<\/p>\n","protected":false},"excerpt":{"rendered":"<p>Editorial El mismo d\u00eda que los medios masivos de comunicaci\u00f3n, incluyendo los denominados canales sociales, daban cuenta del anuncio del Gobierno, como conclusi\u00f3n de un Consejo de Ministros y Directores&hellip;<\/p>\n","protected":false},"author":2,"featured_media":84555,"comment_status":"open","ping_status":"open","sticky":false,"template":"","format":"standard","meta":{"content-type":"","jetpack_post_was_ever_published":false,"_jetpack_newsletter_access":"","_jetpack_dont_email_post_to_subs":false,"_jetpack_newsletter_tier_id":0,"_jetpack_memberships_contains_paywalled_content":false,"_jetpack_memberships_contains_paid_content":false,"footnotes":""},"categories":[95,25],"tags":[13501],"class_list":["post-84554","post","type-post","status-publish","format-standard","has-post-thumbnail","hentry","category-opinion","category-portada","tag-sobre-un-barril-de-polvora"],"jetpack_featured_media_url":"https:\/\/lasprimeras.com.do\/wp-content\/uploads\/2024\/06\/Sobre-un-barril-de-polvora.jpg","jetpack-related-posts":[{"id":84608,"url":"https:\/\/lasprimeras.com.do\/index.php\/2024\/06\/11\/policia-desmiente-supuesto-asalto-a-sucursal-bancaria-en-spm\/","url_meta":{"origin":84554,"position":0},"title":"Polic\u00eda desmiente supuesto asalto a sucursal bancaria en SPM","author":"Nelson Feliz","date":"11 de junio de 2024","format":false,"excerpt":"La Direcci\u00f3n Regional Sureste de la Polic\u00eda Nacional neg\u00f3 que se haya registrado un intento de asalto en una sucursal bancaria ubicada en el sector Placer Bonito de San Pedro de Macor\u00eds, tal y como fue puesto a circular en redes sociales y plataformas digitales.\u00a0\u00a0\u00a0\u00a0\u00a0\u00a0\u00a0\u00a0\u00a0\u00a0\u00a0\u00a0\u00a0\u00a0\u00a0\u00a0\u00a0\u00a0\u00a0 \u00a0\u00a0\u00a0\u00a0\u00a0\u00a0\u00a0\u00a0\u00a0 Dijo que la presencia\u2026","rel":"","context":"En \u00abMILITARES\u00bb","block_context":{"text":"MILITARES","link":"https:\/\/lasprimeras.com.do\/index.php\/category\/militares\/"},"img":{"alt_text":"","src":"https:\/\/i0.wp.com\/lasprimeras.com.do\/wp-content\/uploads\/2024\/06\/preso.jpg?resize=350%2C200&ssl=1","width":350,"height":200,"srcset":"https:\/\/i0.wp.com\/lasprimeras.com.do\/wp-content\/uploads\/2024\/06\/preso.jpg?resize=350%2C200&ssl=1 1x, https:\/\/i0.wp.com\/lasprimeras.com.do\/wp-content\/uploads\/2024\/06\/preso.jpg?resize=525%2C300&ssl=1 1.5x"},"classes":[]},{"id":84227,"url":"https:\/\/lasprimeras.com.do\/index.php\/2024\/06\/03\/policia-interroga-a-testigos-del-asalto-a-sucursal-del-banco-popular-en-avenida-luperon\/","url_meta":{"origin":84554,"position":1},"title":"Polic\u00eda interroga a testigos del asalto a sucursal del Banco Popular en avenida Luper\u00f3n","author":"Nelson Feliz","date":"3 de junio de 2024","format":false,"excerpt":"La instituci\u00f3n tambi\u00e9n est\u00e1 revisando las c\u00e1maras de seguridad de la zona y de la entidad bancaria. La Polic\u00eda Nacional inform\u00f3 este lunes que est\u00e1n entrevistando a testigos del asalto a una sucursal del Banco Popular ubicada en la avenida Luper\u00f3n esquina Olof \u00a0Palme, en el Distrito Nacional. \"Estamos realizando\u2026","rel":"","context":"En \u00abNACIONALES\u00bb","block_context":{"text":"NACIONALES","link":"https:\/\/lasprimeras.com.do\/index.php\/category\/nacionales\/"},"img":{"alt_text":"Banco Popular","src":"https:\/\/i0.wp.com\/lasprimeras.com.do\/wp-content\/uploads\/2024\/06\/Banco-Popular.jpg?resize=350%2C200&ssl=1","width":350,"height":200,"srcset":"https:\/\/i0.wp.com\/lasprimeras.com.do\/wp-content\/uploads\/2024\/06\/Banco-Popular.jpg?resize=350%2C200&ssl=1 1x, https:\/\/i0.wp.com\/lasprimeras.com.do\/wp-content\/uploads\/2024\/06\/Banco-Popular.jpg?resize=525%2C300&ssl=1 1.5x"},"classes":[]},{"id":83765,"url":"https:\/\/lasprimeras.com.do\/index.php\/2024\/05\/24\/asaltan-entidad-bancaria-en-supermercado-de-santiago\/","url_meta":{"origin":84554,"position":2},"title":"Asaltan entidad bancaria en supermercado de Santiago","author":"Nelson Feliz","date":"24 de mayo de 2024","format":false,"excerpt":"Hombres portando armas largas asaltaron la tarde de este viernes una entidad bancaria que opera en un supermercado de Santiago de los Caballeros. De las personas que perpetraron dicho asalto, aproximadamente seis hombres est\u00e1n detenidos por el hecho, entre ellos el due\u00f1o del veh\u00edculo en que se transportaban, el cual\u2026","rel":"","context":"En \u00abNACIONALES\u00bb","block_context":{"text":"NACIONALES","link":"https:\/\/lasprimeras.com.do\/index.php\/category\/nacionales\/"},"img":{"alt_text":"ASALTAN","src":"https:\/\/i0.wp.com\/lasprimeras.com.do\/wp-content\/uploads\/2024\/05\/2.-ASALTAN-BANCO-EN-SANTIAGO-PORTADA.jpg?resize=350%2C200&ssl=1","width":350,"height":200,"srcset":"https:\/\/i0.wp.com\/lasprimeras.com.do\/wp-content\/uploads\/2024\/05\/2.-ASALTAN-BANCO-EN-SANTIAGO-PORTADA.jpg?resize=350%2C200&ssl=1 1x, https:\/\/i0.wp.com\/lasprimeras.com.do\/wp-content\/uploads\/2024\/05\/2.-ASALTAN-BANCO-EN-SANTIAGO-PORTADA.jpg?resize=525%2C300&ssl=1 1.5x"},"classes":[]},{"id":84413,"url":"https:\/\/lasprimeras.com.do\/index.php\/2024\/06\/07\/jorge-luis-estrella-se-disculpa-con-el-pais-por-asalto-a-banco\/","url_meta":{"origin":84554,"position":3},"title":"Jorge Luis Estrella se disculpa con el pa\u00eds por asalto a banco","author":"Nelson Feliz","date":"7 de junio de 2024","format":false,"excerpt":"Al entregarse a la Polic\u00eda Nacional, Jorge Luis Estrella, quien ha sido como uno de los cabecillas de la banda que a inicios de esta semana asalt\u00f3 una sucursal bancaria en el Distrito Nacional,\u00a0pidi\u00f3 disculpas al pa\u00eds por el hecho delictivo. \u201cAl pa\u00eds entero que me disculpe\u201d dijo al agradecer\u2026","rel":"","context":"En \u00abNACIONALES\u00bb","block_context":{"text":"NACIONALES","link":"https:\/\/lasprimeras.com.do\/index.php\/category\/nacionales\/"},"img":{"alt_text":"","src":"https:\/\/i0.wp.com\/lasprimeras.com.do\/wp-content\/uploads\/2024\/06\/Collage-2.png?resize=350%2C200&ssl=1","width":350,"height":200,"srcset":"https:\/\/i0.wp.com\/lasprimeras.com.do\/wp-content\/uploads\/2024\/06\/Collage-2.png?resize=350%2C200&ssl=1 1x, https:\/\/i0.wp.com\/lasprimeras.com.do\/wp-content\/uploads\/2024\/06\/Collage-2.png?resize=525%2C300&ssl=1 1.5x, https:\/\/i0.wp.com\/lasprimeras.com.do\/wp-content\/uploads\/2024\/06\/Collage-2.png?resize=700%2C400&ssl=1 2x, https:\/\/i0.wp.com\/lasprimeras.com.do\/wp-content\/uploads\/2024\/06\/Collage-2.png?resize=1050%2C600&ssl=1 3x"},"classes":[]},{"id":84232,"url":"https:\/\/lasprimeras.com.do\/index.php\/2024\/06\/03\/asaltan-sucursal-del-banco-popular-en-la-avenida-luperon\/","url_meta":{"origin":84554,"position":4},"title":"Asaltan sucursal del Banco Popular en la avenida Luper\u00f3n","author":"Nelson Feliz","date":"3 de junio de 2024","format":false,"excerpt":"No hubo heridos. Los asaltantes se llevaron una cantidad indeterminada de dinero. Desconocidos asaltaron la tarde de este lunes la sucursal del Banco Popular ubicada en la avenida Luper\u00f3n esquina Olof Palme, en el Distrito Nacional. La oficina se encuentra en el recinto de una estaci\u00f3n de combustible. El asalto\u2026","rel":"","context":"En \u00abNACIONALES\u00bb","block_context":{"text":"NACIONALES","link":"https:\/\/lasprimeras.com.do\/index.php\/category\/nacionales\/"},"img":{"alt_text":"","src":"https:\/\/i0.wp.com\/lasprimeras.com.do\/wp-content\/uploads\/2024\/06\/Banco-Popular-1.jpg?resize=350%2C200&ssl=1","width":350,"height":200,"srcset":"https:\/\/i0.wp.com\/lasprimeras.com.do\/wp-content\/uploads\/2024\/06\/Banco-Popular-1.jpg?resize=350%2C200&ssl=1 1x, https:\/\/i0.wp.com\/lasprimeras.com.do\/wp-content\/uploads\/2024\/06\/Banco-Popular-1.jpg?resize=525%2C300&ssl=1 1.5x"},"classes":[]},{"id":84139,"url":"https:\/\/lasprimeras.com.do\/index.php\/2024\/05\/31\/aplazan-coercion-contra-tres-de-los-imputados-en-asalto-a-banreservas-en-santiago\/","url_meta":{"origin":84554,"position":5},"title":"Aplazan coerci\u00f3n contra tres de los imputados en asalto a Banreservas en Santiago","author":"Nelson Feliz","date":"31 de mayo de 2024","format":false,"excerpt":"ASHLEY MART\u00cdNEZ El Tribunal de la Oficina Judicial de Servicios de Atenci\u00f3n Permanente de Santiago aplaz\u00f3 para el pr\u00f3ximo mi\u00e9rcoles el conocimiento de solicitud de medida de coerci\u00f3n contra tres de los implicados en el asalto a mano armada a la sucursal de La Barranquita del Banco de Reservas, a\u2026","rel":"","context":"En \u00abJUSTICIA\u00bb","block_context":{"text":"JUSTICIA","link":"https:\/\/lasprimeras.com.do\/index.php\/category\/justicia\/"},"img":{"alt_text":"","src":"https:\/\/i0.wp.com\/lasprimeras.com.do\/wp-content\/uploads\/2024\/05\/ASALTO.jpeg?resize=350%2C200&ssl=1","width":350,"height":200,"srcset":"https:\/\/i0.wp.com\/lasprimeras.com.do\/wp-content\/uploads\/2024\/05\/ASALTO.jpeg?resize=350%2C200&ssl=1 1x, https:\/\/i0.wp.com\/lasprimeras.com.do\/wp-content\/uploads\/2024\/05\/ASALTO.jpeg?resize=525%2C300&ssl=1 1.5x, https:\/\/i0.wp.com\/lasprimeras.com.do\/wp-content\/uploads\/2024\/05\/ASALTO.jpeg?resize=700%2C400&ssl=1 2x"},"classes":[]}],"jetpack_sharing_enabled":true,"_links":{"self":[{"href":"https:\/\/lasprimeras.com.do\/index.php\/wp-json\/wp\/v2\/posts\/84554","targetHints":{"allow":["GET"]}}],"collection":[{"href":"https:\/\/lasprimeras.com.do\/index.php\/wp-json\/wp\/v2\/posts"}],"about":[{"href":"https:\/\/lasprimeras.com.do\/index.php\/wp-json\/wp\/v2\/types\/post"}],"author":[{"embeddable":true,"href":"https:\/\/lasprimeras.com.do\/index.php\/wp-json\/wp\/v2\/users\/2"}],"replies":[{"embeddable":true,"href":"https:\/\/lasprimeras.com.do\/index.php\/wp-json\/wp\/v2\/comments?post=84554"}],"version-history":[{"count":1,"href":"https:\/\/lasprimeras.com.do\/index.php\/wp-json\/wp\/v2\/posts\/84554\/revisions"}],"predecessor-version":[{"id":84556,"href":"https:\/\/lasprimeras.com.do\/index.php\/wp-json\/wp\/v2\/posts\/84554\/revisions\/84556"}],"wp:featuredmedia":[{"embeddable":true,"href":"https:\/\/lasprimeras.com.do\/index.php\/wp-json\/wp\/v2\/media\/84555"}],"wp:attachment":[{"href":"https:\/\/lasprimeras.com.do\/index.php\/wp-json\/wp\/v2\/media?parent=84554"}],"wp:term":[{"taxonomy":"category","embeddable":true,"href":"https:\/\/lasprimeras.com.do\/index.php\/wp-json\/wp\/v2\/categories?post=84554"},{"taxonomy":"post_tag","embeddable":true,"href":"https:\/\/lasprimeras.com.do\/index.php\/wp-json\/wp\/v2\/tags?post=84554"}],"curies":[{"name":"wp","href":"https:\/\/api.w.org\/{rel}","templated":true}]}}