{"id":84560,"date":"2024-06-10T12:07:05","date_gmt":"2024-06-10T16:07:05","guid":{"rendered":"https:\/\/lasprimeras.com.do\/?p=84560"},"modified":"2024-06-10T12:07:06","modified_gmt":"2024-06-10T16:07:06","slug":"abinader-designa-a-lorenzo-david-ramirez-uribe-como-director-general-de-pasaportes","status":"publish","type":"post","link":"https:\/\/lasprimeras.com.do\/index.php\/2024\/06\/10\/abinader-designa-a-lorenzo-david-ramirez-uribe-como-director-general-de-pasaportes\/","title":{"rendered":"Abinader designa a Lorenzo David Ram\u00edrez Uribe como director general de Pasaportes"},"content":{"rendered":"\n<p><strong>El presidente emiti\u00f3 el decreto 314-24 donde designa a Lorenzo David Ram\u00edrez director general de Pasaportes y Digna Reynoso queda designada como directora ejecutiva del Consejo Nacional de Gesti\u00f3n Presidencial.<\/strong><\/p>\n\n\n\n<p>Por Martin Restituyo<\/p>\n\n\n\n<p>El presidente Luis Abinader emiti\u00f3 el decreto 314-24, mediante el cual designa a Lorenzo David Ram\u00edrez Uribe como director general de la Direcci\u00f3n General de Pasaportes, en sustituci\u00f3n de Digna Reynoso.<\/p>\n\n\n\n<p>El decreto establece, adem\u00e1s que, Digna Reynoso queda designada como directora ejecutiva del Consejo Nacional de Gesti\u00f3n Presidencial.<\/p>\n\n\n\n<p>Con la presente disposici\u00f3n presidencial se deroga el art\u00edculo I del Decreto n\u00fam. 500-20 del 23 de septiembre ele 2020; as\u00ed como el art\u00edculo I del Decreto n\u00fam. 133-23 del 28 de marzo de 2023.<\/p>\n\n\n\n<p>Ram\u00edrez Uribe es ingeniero industrial y se especializ\u00f3 en gerencia de productividad y calidad, en el Instituto Tecnol\u00f3gico de Santo Domingo (Intec). Cuenta con un amplio conocimiento, certificaciones y experiencia en el \u00e1rea de calidad.<\/p>\n\n\n\n<p>Experto en el sistema CAPA acciones Correctivas y Preventivas, es la herramienta m\u00e1s poderosa que puede mejorar un sistema de gesti\u00f3n de calidad, y es experto en Manufactura Esbelta (Lean) filosof\u00eda dirigida a optimizar y mejorar el proceso productivo.<\/p>\n\n\n\n<p>Se ha desempe\u00f1ado como consultor de Pymes para la implementaci\u00f3n del Sistema de Gesti\u00f3n de Calidad y preparaci\u00f3n para la certificaci\u00f3n ISO, posici\u00f3n en la cual evalu\u00f3 los procesos, aplic\u00f3 mejoras y desarroll\u00f3 empresas de Manufactura en toda la cadena de suministro.<\/p>\n\n\n\n<p>Salesiano, Colegio Don Bosco; graduado del Programa Formaci\u00f3n L\u00edderes Juveniles (PROFAJ); coordinador de la Pastoral Salesiana de Adolescentes, Centro Juvenil Don Bosco.<\/p>\n","protected":false},"excerpt":{"rendered":"<p>El presidente emiti\u00f3 el decreto 314-24 donde designa a Lorenzo David Ram\u00edrez director general de Pasaportes y Digna Reynoso queda designada como directora ejecutiva del Consejo Nacional de Gesti\u00f3n Presidencial.&hellip;<\/p>\n","protected":false},"author":2,"featured_media":84561,"comment_status":"open","ping_status":"open","sticky":false,"template":"","format":"standard","meta":{"content-type":"","jetpack_post_was_ever_published":false,"_jetpack_newsletter_access":"","_jetpack_dont_email_post_to_subs":false,"_jetpack_newsletter_tier_id":0,"_jetpack_memberships_contains_paywalled_content":false,"_jetpack_memberships_contains_paid_content":false,"footnotes":""},"categories":[35,25],"tags":[3344,247,1444,13502,67],"class_list":["post-84560","post","type-post","status-publish","format-standard","has-post-thumbnail","hentry","category-nacionales","category-portada","tag-designa","tag-director","tag-general","tag-lorenzo-david-ramirez-uribe","tag-luis-abinader"],"jetpack_featured_media_url":"https:\/\/lasprimeras.com.do\/wp-content\/uploads\/2024\/06\/Lorenzo-David-Ramirez-Uribe-y-Digna-Reynoso.jpg","jetpack-related-posts":[{"id":89275,"url":"https:\/\/lasprimeras.com.do\/index.php\/2024\/09\/20\/abinader-designa-nuevos-consules-embajadores-y-directora-del-despacho-presidencial\/","url_meta":{"origin":84560,"position":0},"title":"Abinader designa nuevos c\u00f3nsules, embajadores y directora del Despacho Presidencial","author":"Nelson Feliz","date":"20 de septiembre de 2024","format":false,"excerpt":"Tambi\u00e9n se nombran nuevos miembros del Consejo de Directores del Banco de Reservas El presidente Luis Abinader emiti\u00f3 los decretos 515-24, 554-24 y 555-24 mediante los cuales se realizan cambios en el Despacho Presidencial, consulados generales de la Rep\u00fablica Dominicana en diversos pa\u00edses, el servicio interno del Ministerio de Relaciones\u2026","rel":"","context":"En \u00abNACIONALES\u00bb","block_context":{"text":"NACIONALES","link":"https:\/\/lasprimeras.com.do\/index.php\/category\/nacionales\/"},"img":{"alt_text":"","src":"https:\/\/i0.wp.com\/lasprimeras.com.do\/wp-content\/uploads\/2024\/09\/ny.jpeg?resize=350%2C200&ssl=1","width":350,"height":200,"srcset":"https:\/\/i0.wp.com\/lasprimeras.com.do\/wp-content\/uploads\/2024\/09\/ny.jpeg?resize=350%2C200&ssl=1 1x, https:\/\/i0.wp.com\/lasprimeras.com.do\/wp-content\/uploads\/2024\/09\/ny.jpeg?resize=525%2C300&ssl=1 1.5x, https:\/\/i0.wp.com\/lasprimeras.com.do\/wp-content\/uploads\/2024\/09\/ny.jpeg?resize=700%2C400&ssl=1 2x, https:\/\/i0.wp.com\/lasprimeras.com.do\/wp-content\/uploads\/2024\/09\/ny.jpeg?resize=1050%2C600&ssl=1 3x"},"classes":[]},{"id":78724,"url":"https:\/\/lasprimeras.com.do\/index.php\/2024\/03\/19\/abinader-emite-decreto-156-24-que-designa-nuevos-miembros-de-incabide\/","url_meta":{"origin":84560,"position":1},"title":"Abinader emite decreto 156-24 que designa nuevos miembros de INCABIDE","author":"Nelson Feliz","date":"19 de marzo de 2024","format":false,"excerpt":"El presidente de la Rep\u00fablica, Luis Abinader, emiti\u00f3 el Decreto n\u00fam. 156-24 que designa a Jes\u00fas Castro Marte y Julio Miguel \u00c1ngel Casta\u00f1os Guzm\u00e1n, miembros del Consejo Directivo del Instituto Nacional de Custodia y Administraci\u00f3n de Bienes Incautados, Decomisados y en Extinci\u00f3n de Dominio (INCABIDE). Este Consejo Directivo fue creado\u2026","rel":"","context":"En \u00abNACIONALES\u00bb","block_context":{"text":"NACIONALES","link":"https:\/\/lasprimeras.com.do\/index.php\/category\/nacionales\/"},"img":{"alt_text":"Gobierno dominicano","src":"https:\/\/i0.wp.com\/lasprimeras.com.do\/wp-content\/uploads\/2023\/08\/Palacio.jpg?resize=350%2C200&ssl=1","width":350,"height":200,"srcset":"https:\/\/i0.wp.com\/lasprimeras.com.do\/wp-content\/uploads\/2023\/08\/Palacio.jpg?resize=350%2C200&ssl=1 1x, https:\/\/i0.wp.com\/lasprimeras.com.do\/wp-content\/uploads\/2023\/08\/Palacio.jpg?resize=525%2C300&ssl=1 1.5x, https:\/\/i0.wp.com\/lasprimeras.com.do\/wp-content\/uploads\/2023\/08\/Palacio.jpg?resize=700%2C400&ssl=1 2x"},"classes":[]},{"id":119239,"url":"https:\/\/lasprimeras.com.do\/index.php\/2026\/01\/08\/decreto-6-26-presidente-designa-a-julio-landron-como-director-del-servicio-nacional-de-salud\/","url_meta":{"origin":84560,"position":2},"title":"Decreto 6-26: Presidente designa a Julio Landr\u00f3n como director del Servicio Nacional de Salud","author":"Nelson Feliz","date":"8 de enero de 2026","format":false,"excerpt":"Julio Landr\u00f3n","rel":"","context":"En \u00abNACIONALES\u00bb","block_context":{"text":"NACIONALES","link":"https:\/\/lasprimeras.com.do\/index.php\/category\/nacionales\/"},"img":{"alt_text":"Julio Landr\u00f3n","src":"https:\/\/i0.wp.com\/lasprimeras.com.do\/wp-content\/uploads\/2026\/01\/Julio-Landron-1.jpg?resize=350%2C200&ssl=1","width":350,"height":200,"srcset":"https:\/\/i0.wp.com\/lasprimeras.com.do\/wp-content\/uploads\/2026\/01\/Julio-Landron-1.jpg?resize=350%2C200&ssl=1 1x, https:\/\/i0.wp.com\/lasprimeras.com.do\/wp-content\/uploads\/2026\/01\/Julio-Landron-1.jpg?resize=525%2C300&ssl=1 1.5x, https:\/\/i0.wp.com\/lasprimeras.com.do\/wp-content\/uploads\/2026\/01\/Julio-Landron-1.jpg?resize=700%2C400&ssl=1 2x"},"classes":[]},{"id":123340,"url":"https:\/\/lasprimeras.com.do\/index.php\/2026\/02\/27\/abinader-designa-nuevo-subdirector-e-inspector-general-de-la-pn-y-dispone-ascensos-y-retiros\/","url_meta":{"origin":84560,"position":3},"title":"Abinader designa nuevo subdirector e inspector general de la PN y dispone ascensos y retiros","author":"Nelson Feliz","date":"27 de febrero de 2026","format":false,"excerpt":"El presidente de la Rep\u00fablica, Luis Abinader, emiti\u00f3 el Decreto n\u00fam. 133-26 mediante el cual designa al general Esteban Figuereo Garc\u00eda como subdirector general de la Polic\u00eda Nacional y al general Ernesto Rafael Rodr\u00edguez Garc\u00eda como inspector general de la instituci\u00f3n, adem\u00e1s de disponer ascensos, retiros y nuevas designaciones en\u2026","rel":"","context":"En \u00abNACIONALES\u00bb","block_context":{"text":"NACIONALES","link":"https:\/\/lasprimeras.com.do\/index.php\/category\/nacionales\/"},"img":{"alt_text":"","src":"https:\/\/i0.wp.com\/lasprimeras.com.do\/wp-content\/uploads\/2025\/10\/Palacio-Nacional.jpg?resize=350%2C200&ssl=1","width":350,"height":200,"srcset":"https:\/\/i0.wp.com\/lasprimeras.com.do\/wp-content\/uploads\/2025\/10\/Palacio-Nacional.jpg?resize=350%2C200&ssl=1 1x, https:\/\/i0.wp.com\/lasprimeras.com.do\/wp-content\/uploads\/2025\/10\/Palacio-Nacional.jpg?resize=525%2C300&ssl=1 1.5x, https:\/\/i0.wp.com\/lasprimeras.com.do\/wp-content\/uploads\/2025\/10\/Palacio-Nacional.jpg?resize=700%2C400&ssl=1 2x"},"classes":[]},{"id":73944,"url":"https:\/\/lasprimeras.com.do\/index.php\/2024\/01\/17\/abinader-designa-a-igor-david-rodriguez-en-sustitucion-de-jose-ignacio-paliza\/","url_meta":{"origin":84560,"position":4},"title":"Abinader designa a Igor David Rodr\u00edguez en sustituci\u00f3n de Jos\u00e9 Ignacio Paliza","author":"Nelson Feliz","date":"17 de enero de 2024","format":false,"excerpt":"El presidente Luis Abinader design\u00f3, mediante el Decreto n\u00fam. 10-24, de fecha 9 de enero de 2024, a Igor David Rodr\u00edguez Dur\u00e1n, de forma interina, ministro Administrativo de la Presidencia, hasta tanto concluya la licencia tomada por el ministro Jos\u00e9 Ignacio Paliza. Como es sabido, mediante el Decreto n\u00fam. 324-20,\u2026","rel":"","context":"En \u00abNACIONALES\u00bb","block_context":{"text":"NACIONALES","link":"https:\/\/lasprimeras.com.do\/index.php\/category\/nacionales\/"},"img":{"alt_text":"Igor David Rodr\u00edguez Dur\u00e1n","src":"https:\/\/i0.wp.com\/lasprimeras.com.do\/wp-content\/uploads\/2024\/01\/Igor-David-Rodriguez-Duran.jpg?resize=350%2C200&ssl=1","width":350,"height":200,"srcset":"https:\/\/i0.wp.com\/lasprimeras.com.do\/wp-content\/uploads\/2024\/01\/Igor-David-Rodriguez-Duran.jpg?resize=350%2C200&ssl=1 1x, https:\/\/i0.wp.com\/lasprimeras.com.do\/wp-content\/uploads\/2024\/01\/Igor-David-Rodriguez-Duran.jpg?resize=525%2C300&ssl=1 1.5x, https:\/\/i0.wp.com\/lasprimeras.com.do\/wp-content\/uploads\/2024\/01\/Igor-David-Rodriguez-Duran.jpg?resize=700%2C400&ssl=1 2x"},"classes":[]},{"id":121184,"url":"https:\/\/lasprimeras.com.do\/index.php\/2026\/02\/01\/abinader-designa-a-cesar-enmanuel-cerda-minaya-como-director-general-de-coramon\/","url_meta":{"origin":84560,"position":5},"title":"Abinader designa a C\u00e9sar Enmanuel Cerda Minaya como director general de CORAMON","author":"Nelson Feliz","date":"1 de febrero de 2026","format":false,"excerpt":"El presidente Luis Abinader, mediante el Decreto n\u00fam. 66-26, design\u00f3 C\u00e9sar Enmanuel Cerda Minaya como director general de la Corporaci\u00f3n del Acueducto y Alcantarillado de Monse\u00f1or Nouel (CORAMON). En el mismo decreto, el mandatario derog\u00f3 el art\u00edculo 4 del Decreto n\u00fam. 514-20, del 29 de septiembre de 2020, y dispuso\u2026","rel":"","context":"En \u00abNACIONALES\u00bb","block_context":{"text":"NACIONALES","link":"https:\/\/lasprimeras.com.do\/index.php\/category\/nacionales\/"},"img":{"alt_text":"","src":"https:\/\/i0.wp.com\/lasprimeras.com.do\/wp-content\/uploads\/2026\/01\/presidencia.jpg?resize=350%2C200&ssl=1","width":350,"height":200,"srcset":"https:\/\/i0.wp.com\/lasprimeras.com.do\/wp-content\/uploads\/2026\/01\/presidencia.jpg?resize=350%2C200&ssl=1 1x, https:\/\/i0.wp.com\/lasprimeras.com.do\/wp-content\/uploads\/2026\/01\/presidencia.jpg?resize=525%2C300&ssl=1 1.5x, https:\/\/i0.wp.com\/lasprimeras.com.do\/wp-content\/uploads\/2026\/01\/presidencia.jpg?resize=700%2C400&ssl=1 2x"},"classes":[]}],"jetpack_sharing_enabled":true,"_links":{"self":[{"href":"https:\/\/lasprimeras.com.do\/index.php\/wp-json\/wp\/v2\/posts\/84560","targetHints":{"allow":["GET"]}}],"collection":[{"href":"https:\/\/lasprimeras.com.do\/index.php\/wp-json\/wp\/v2\/posts"}],"about":[{"href":"https:\/\/lasprimeras.com.do\/index.php\/wp-json\/wp\/v2\/types\/post"}],"author":[{"embeddable":true,"href":"https:\/\/lasprimeras.com.do\/index.php\/wp-json\/wp\/v2\/users\/2"}],"replies":[{"embeddable":true,"href":"https:\/\/lasprimeras.com.do\/index.php\/wp-json\/wp\/v2\/comments?post=84560"}],"version-history":[{"count":1,"href":"https:\/\/lasprimeras.com.do\/index.php\/wp-json\/wp\/v2\/posts\/84560\/revisions"}],"predecessor-version":[{"id":84562,"href":"https:\/\/lasprimeras.com.do\/index.php\/wp-json\/wp\/v2\/posts\/84560\/revisions\/84562"}],"wp:featuredmedia":[{"embeddable":true,"href":"https:\/\/lasprimeras.com.do\/index.php\/wp-json\/wp\/v2\/media\/84561"}],"wp:attachment":[{"href":"https:\/\/lasprimeras.com.do\/index.php\/wp-json\/wp\/v2\/media?parent=84560"}],"wp:term":[{"taxonomy":"category","embeddable":true,"href":"https:\/\/lasprimeras.com.do\/index.php\/wp-json\/wp\/v2\/categories?post=84560"},{"taxonomy":"post_tag","embeddable":true,"href":"https:\/\/lasprimeras.com.do\/index.php\/wp-json\/wp\/v2\/tags?post=84560"}],"curies":[{"name":"wp","href":"https:\/\/api.w.org\/{rel}","templated":true}]}}