{"id":84563,"date":"2024-06-09T12:16:00","date_gmt":"2024-06-09T16:16:00","guid":{"rendered":"https:\/\/lasprimeras.com.do\/?p=84563"},"modified":"2024-06-10T12:24:03","modified_gmt":"2024-06-10T16:24:03","slug":"presidente-abinader-inaugura-rehabilitadas-obras-hidraulicas-en-hato-mayor","status":"publish","type":"post","link":"https:\/\/lasprimeras.com.do\/index.php\/2024\/06\/09\/presidente-abinader-inaugura-rehabilitadas-obras-hidraulicas-en-hato-mayor\/","title":{"rendered":"Presidente Abinader inaugura rehabilitadas obras hidr\u00e1ulicas en Hato Mayor"},"content":{"rendered":"\n<p><strong>Ayuntamiento de Sabana de la Mar reconoce al presidente Abinader como \u00fanico mandatario que se ha ocupado de dar soluciones a las diferentes problem\u00e1ticas del municipio, y lo declaran hijo adoptivo.<\/strong><\/p>\n\n\n\n<p>Por Martin Restituyo<\/p>\n\n\n\n<p>El presidente Luis Abinader inaugur\u00f3 un conjunto de obras hidr\u00e1ulicas que incluyeron las adecuaciones del R\u00edo Yab\u00f3n y la Ca\u00f1ada Mar\u00eda Teresa y la construcci\u00f3n de obras complementarias, en el municipio de Sabana de la Mar., provincia &nbsp;Hato Mayor.<\/p>\n\n\n\n<p>Las obras rehabilitadas por el Instituto Nacional de Recursos Hidr\u00e1ulicos (INDRHI), con una inversi\u00f3n aproximada de RD$165 millones de pesos, hab\u00edan resultado impactadas por el paso del hurac\u00e1n Fiona por la regi\u00f3n Este del pa\u00eds, en el a\u00f1o 2022.<\/p>\n\n\n\n<p>En el acto, el concejo de regidores del Ayuntamiento de Sabana de la Mar reconoci\u00f3 al presidente Abinader por ser el \u00fanico mandatario que se ha ocupado de dar soluciones a las diferentes problem\u00e1ticas del municipio.<\/p>\n\n\n\n<p>El mandatario inauguro la construcci\u00f3n de la carretera Sabana de la Mar-Hato Mayor, los muelles de Sabana de la Mar y el distrito municipal Elupina Cordero, el comedor econ\u00f3mico, el saneamiento de las aguas, entre otras.<\/p>\n\n\n\n<p>Estas obras, dice la resoluci\u00f3n, contribuyen a mejorar significativamente la calidad de vida de los habitantes de Sabana de la Mar y que el presidente Abinader ha hecho un gobierno con rostro humano y ha demostrado tener un gran amor por este municipio.<\/p>\n\n\n\n<p>Adem\u00e1s, el presidente Abinader fue declarado como hijo adoptivo del municipio, en reconocimiento a sus virtudes y aportes.<\/p>\n\n\n\n<p>Tras recibir la distinci\u00f3n, el jefe de Estado expres\u00f3 su agradecimiento y compromiso y dijo que desde el Gobierno est\u00e1n dando seguimiento a las diferentes problem\u00e1ticas de Sabana de la Mar, como el caso del asfaltado de las calles, la construcci\u00f3n de un liceo y tambi\u00e9n acelerar las obras que se ejecutan para el INFOTEP.<\/p>\n\n\n\n<p>Sobre el hospital de Sabana de la Mar, el mandatario inform\u00f3 que est\u00e1 bastante avanzado y que su remodelaci\u00f3n se terminar\u00eda en los pr\u00f3ximos tres meses.<\/p>\n\n\n\n<p>De su lado, el director ejecutivo del INDRHI, Olmedo Caba Romano, inform\u00f3 que los trabajos que hoy ponen en operaci\u00f3n son la adecuaci\u00f3n del R\u00edo Yab\u00f3n en una longitud de 600 metros, aumentando su capacidad de conducci\u00f3n de 753 a 1,100 metros c\u00fabicos por segundo y la construcci\u00f3n de muros en gavi\u00f3n en puntos vulnerables en una longitud de 400 metros no continuos.<\/p>\n\n\n\n<p>Caba Romano indic\u00f3 que tambi\u00e9n adecuaron la ca\u00f1ada Mar\u00eda Teresa en una longitud de 2.5 kil\u00f3metros, aumentando su capacidad de conducci\u00f3n de 29 a 70 metros c\u00fabicos por segundo, y construyeron tres alcantarillas en caminos de acceso y seis pasos.<\/p>\n\n\n\n<p>El funcionario inform\u00f3 que, por instrucciones del presidente Abinader el INDRHI lleva a cabo en el municipio de Sabana de la Mar otras obras tambi\u00e9n en respuesta a da\u00f1os del hurac\u00e1n Fiona, citando el enrocado de 1 kil\u00f3metro de longitud en la playa Acapulco, para protegerla de la erosi\u00f3n que est\u00e1 en 90% de avance, beneficiando directamente a m\u00e1s 3,600 personas en las comunidades San Carlos, T\u00eda Mar\u00eda y Brisa del Mar.<\/p>\n\n\n\n<p>De igual forma, el alcalde de Sabana de la Mar, Solano Hern\u00e1ndez expres\u00f3 su regocijo por la visita del mandatario a esta provincia.<\/p>\n","protected":false},"excerpt":{"rendered":"<p>Ayuntamiento de Sabana de la Mar reconoce al presidente Abinader como \u00fanico mandatario que se ha ocupado de dar soluciones a las diferentes problem\u00e1ticas del municipio, y lo declaran hijo&hellip;<\/p>\n","protected":false},"author":2,"featured_media":84564,"comment_status":"open","ping_status":"open","sticky":false,"template":"","format":"standard","meta":{"content-type":"","jetpack_post_was_ever_published":false,"_jetpack_newsletter_access":"","_jetpack_dont_email_post_to_subs":false,"_jetpack_newsletter_tier_id":0,"_jetpack_memberships_contains_paywalled_content":false,"_jetpack_memberships_contains_paid_content":false,"footnotes":""},"categories":[39,25],"tags":[2619,13504,67,374,13503],"class_list":["post-84563","post","type-post","status-publish","format-standard","has-post-thumbnail","hentry","category-economia","category-portada","tag-hato-mayor","tag-hidraulicas","tag-luis-abinader","tag-obras","tag-rehabilitadas"],"jetpack_featured_media_url":"https:\/\/lasprimeras.com.do\/wp-content\/uploads\/2024\/06\/Abinader-Obras-HM.jpg","jetpack-related-posts":[{"id":104536,"url":"https:\/\/lasprimeras.com.do\/index.php\/2025\/07\/24\/abinader-entregara-obras-hidraulicas-deportivas-energeticas-y-sociales-en-la-provincia-azua-este-sabado\/","url_meta":{"origin":84563,"position":0},"title":"Abinader entregar\u00e1 obras hidr\u00e1ulicas, deportivas, energ\u00e9ticas y sociales en la provincia Azua este s\u00e1bado","author":"Nelson Feliz","date":"24 de julio de 2025","format":false,"excerpt":"Este viernes el mandatario encabezar\u00e1 \"El Gobierno Contigo\", en el municipio de Guerra. El presidente Luis Abinader agotar\u00e1 una agenda de trabajo este s\u00e1bado en la provincia de Azua , donde dejar\u00e1 inauguradas importantes obras de infraestructuras, deportivas, hidr\u00e1ulica, y energ\u00e9tica, adem\u00e1s de encabezar encuentros con j\u00f3venes estudiantes y una\u2026","rel":"","context":"En \u00abNACIONALES\u00bb","block_context":{"text":"NACIONALES","link":"https:\/\/lasprimeras.com.do\/index.php\/category\/nacionales\/"},"img":{"alt_text":"","src":"https:\/\/i0.wp.com\/lasprimeras.com.do\/wp-content\/uploads\/2025\/07\/Luis-Abinader-2-1.jpg?resize=350%2C200&ssl=1","width":350,"height":200,"srcset":"https:\/\/i0.wp.com\/lasprimeras.com.do\/wp-content\/uploads\/2025\/07\/Luis-Abinader-2-1.jpg?resize=350%2C200&ssl=1 1x, https:\/\/i0.wp.com\/lasprimeras.com.do\/wp-content\/uploads\/2025\/07\/Luis-Abinader-2-1.jpg?resize=525%2C300&ssl=1 1.5x, https:\/\/i0.wp.com\/lasprimeras.com.do\/wp-content\/uploads\/2025\/07\/Luis-Abinader-2-1.jpg?resize=700%2C400&ssl=1 2x"},"classes":[]},{"id":84441,"url":"https:\/\/lasprimeras.com.do\/index.php\/2024\/06\/08\/abinader-inaugurara-seis-obras-este-domingo-en-hato-mayor-y-el-seibo\/","url_meta":{"origin":84563,"position":1},"title":"Abinader inaugurar\u00e1 seis obras este domingo en Hato Mayor y El Seibo","author":"Nelson Feliz","date":"8 de junio de 2024","format":false,"excerpt":"El presidente Luis Abinader retomar\u00e1 este domingo su agenda de inauguraciones con seis obras en las provincias de Hato Mayor y El Seibo. Las obras que inaugurar\u00e1 el mandatario incluyen la reconstrucci\u00f3n carretera La Candelaria \u2013 Bejucal Magar\u00edn y un campo de futbol en El Seibo. Mientras que Hato Mayor\u2026","rel":"","context":"En \u00abNACIONALES\u00bb","block_context":{"text":"NACIONALES","link":"https:\/\/lasprimeras.com.do\/index.php\/category\/nacionales\/"},"img":{"alt_text":"Luis Abinader","src":"https:\/\/i0.wp.com\/lasprimeras.com.do\/wp-content\/uploads\/2024\/06\/Luis-Abinader-7.jpg?resize=350%2C200&ssl=1","width":350,"height":200,"srcset":"https:\/\/i0.wp.com\/lasprimeras.com.do\/wp-content\/uploads\/2024\/06\/Luis-Abinader-7.jpg?resize=350%2C200&ssl=1 1x, https:\/\/i0.wp.com\/lasprimeras.com.do\/wp-content\/uploads\/2024\/06\/Luis-Abinader-7.jpg?resize=525%2C300&ssl=1 1.5x, https:\/\/i0.wp.com\/lasprimeras.com.do\/wp-content\/uploads\/2024\/06\/Luis-Abinader-7.jpg?resize=700%2C400&ssl=1 2x"},"classes":[]},{"id":84393,"url":"https:\/\/lasprimeras.com.do\/index.php\/2024\/06\/07\/abinader-retoma-este-fin-de-semana-inauguraciones-de-obras\/","url_meta":{"origin":84563,"position":2},"title":"Abinader retoma este fin de semana inauguraciones de obras","author":"Nelson Feliz","date":"7 de junio de 2024","format":false,"excerpt":"Mandatario inaugurar\u00e1 seis obras en Hato Mayor y El Seibo. El presidente Luis Abinader retomar\u00e1 este fin de semana su agenda de inauguraciones con seis obras en las provincias de Hato Mayor y El Seibo. Las obras que inaugurar\u00e1 el mandatario incluyen la reconstrucci\u00f3n carretera La Candelaria \u2013 Bejucal Magar\u00edn\u2026","rel":"","context":"En \u00abNACIONALES\u00bb","block_context":{"text":"NACIONALES","link":"https:\/\/lasprimeras.com.do\/index.php\/category\/nacionales\/"},"img":{"alt_text":"Luis Abinader","src":"https:\/\/i0.wp.com\/lasprimeras.com.do\/wp-content\/uploads\/2024\/06\/Luis-Abinader-7.jpg?resize=350%2C200&ssl=1","width":350,"height":200,"srcset":"https:\/\/i0.wp.com\/lasprimeras.com.do\/wp-content\/uploads\/2024\/06\/Luis-Abinader-7.jpg?resize=350%2C200&ssl=1 1x, https:\/\/i0.wp.com\/lasprimeras.com.do\/wp-content\/uploads\/2024\/06\/Luis-Abinader-7.jpg?resize=525%2C300&ssl=1 1.5x, https:\/\/i0.wp.com\/lasprimeras.com.do\/wp-content\/uploads\/2024\/06\/Luis-Abinader-7.jpg?resize=700%2C400&ssl=1 2x"},"classes":[]},{"id":58061,"url":"https:\/\/lasprimeras.com.do\/index.php\/2023\/08\/18\/presidente-luis-abinader-inaugurara-4-obras-este-fin-de-semana\/","url_meta":{"origin":84563,"position":3},"title":"Presidente Luis Abinader inaugurar\u00e1 4 obras este fin de semana","author":"Nelson Feliz","date":"18 de agosto de 2023","format":false,"excerpt":"El presidente Luis Abinader continuar\u00e1 este s\u00e1bado 19 y domingo 20 de agosto su agenda de inauguraciones de obras en las provincias La Altagracia, Hato Mayor y Santo Domingo. Las obras a inaugurar por el gobernante incluyen un hospital, dos polideportivos y una escuela de educaci\u00f3n b\u00e1sica. El s\u00e1bado, el\u2026","rel":"","context":"En \u00abNACIONALES\u00bb","block_context":{"text":"NACIONALES","link":"https:\/\/lasprimeras.com.do\/index.php\/category\/nacionales\/"},"img":{"alt_text":"Luis Abinader","src":"https:\/\/i0.wp.com\/lasprimeras.com.do\/wp-content\/uploads\/2023\/08\/Luis-Abinader-8.jpg?resize=350%2C200&ssl=1","width":350,"height":200,"srcset":"https:\/\/i0.wp.com\/lasprimeras.com.do\/wp-content\/uploads\/2023\/08\/Luis-Abinader-8.jpg?resize=350%2C200&ssl=1 1x, https:\/\/i0.wp.com\/lasprimeras.com.do\/wp-content\/uploads\/2023\/08\/Luis-Abinader-8.jpg?resize=525%2C300&ssl=1 1.5x, https:\/\/i0.wp.com\/lasprimeras.com.do\/wp-content\/uploads\/2023\/08\/Luis-Abinader-8.jpg?resize=700%2C400&ssl=1 2x"},"classes":[]},{"id":107183,"url":"https:\/\/lasprimeras.com.do\/index.php\/2025\/08\/24\/abinader-destaca-sus-raices-en-taveras-y-sabana-iglesia\/","url_meta":{"origin":84563,"position":4},"title":"Abinader destaca sus ra\u00edces en Taveras y Sabana Iglesia","author":"Nelson Feliz","date":"24 de agosto de 2025","format":false,"excerpt":"El presidente Luis Abinader inaugur\u00f3 varias carreteras y calles intercomunitarias en Tavera (La Vega), Sabana Iglesia (Santiago) y Las Charcas (Santiago), obras que impactar\u00e1n directamente en la conectividad, la econom\u00eda y la calidad de vida de miles de familias de estas comunidades con una inversi\u00f3n global de RD$ 1,025,073,394.94. Estas\u2026","rel":"","context":"En \u00abECONOM\u00cdA\u00bb","block_context":{"text":"ECONOM\u00cdA","link":"https:\/\/lasprimeras.com.do\/index.php\/category\/economia\/"},"img":{"alt_text":"","src":"https:\/\/i0.wp.com\/lasprimeras.com.do\/wp-content\/uploads\/2025\/08\/abina.jpg?resize=350%2C200&ssl=1","width":350,"height":200,"srcset":"https:\/\/i0.wp.com\/lasprimeras.com.do\/wp-content\/uploads\/2025\/08\/abina.jpg?resize=350%2C200&ssl=1 1x, https:\/\/i0.wp.com\/lasprimeras.com.do\/wp-content\/uploads\/2025\/08\/abina.jpg?resize=525%2C300&ssl=1 1.5x, https:\/\/i0.wp.com\/lasprimeras.com.do\/wp-content\/uploads\/2025\/08\/abina.jpg?resize=700%2C400&ssl=1 2x"},"classes":[]},{"id":84566,"url":"https:\/\/lasprimeras.com.do\/index.php\/2024\/06\/10\/presidente-abinader-inaugura-nuevo-comedor-economico-en-sabana-de-la-mar\/","url_meta":{"origin":84563,"position":5},"title":"Presidente Abinader inaugura nuevo comedor econ\u00f3mico en Sabana de la Mar","author":"Nelson Feliz","date":"10 de junio de 2024","format":false,"excerpt":"Por Martin Restituyo El presidente Luis Abinader culmin\u00f3 su agenda con la inauguraci\u00f3n de una nueva extensi\u00f3n de Comedores Econ\u00f3micos del Estado Dominicano (CEED), en el municipio de Sabana de la Mar, provincia Hato Mayor. Con la inauguraci\u00f3n de este comedor quedaron aperturados, simult\u00e1neamente, los Comedores Econ\u00f3micos de Uvilla, Villa\u2026","rel":"","context":"En \u00abECONOM\u00cdA\u00bb","block_context":{"text":"ECONOM\u00cdA","link":"https:\/\/lasprimeras.com.do\/index.php\/category\/economia\/"},"img":{"alt_text":"","src":"https:\/\/i0.wp.com\/lasprimeras.com.do\/wp-content\/uploads\/2024\/06\/Luis-Abinader-comedores.jpg?resize=350%2C200&ssl=1","width":350,"height":200,"srcset":"https:\/\/i0.wp.com\/lasprimeras.com.do\/wp-content\/uploads\/2024\/06\/Luis-Abinader-comedores.jpg?resize=350%2C200&ssl=1 1x, https:\/\/i0.wp.com\/lasprimeras.com.do\/wp-content\/uploads\/2024\/06\/Luis-Abinader-comedores.jpg?resize=525%2C300&ssl=1 1.5x, https:\/\/i0.wp.com\/lasprimeras.com.do\/wp-content\/uploads\/2024\/06\/Luis-Abinader-comedores.jpg?resize=700%2C400&ssl=1 2x"},"classes":[]}],"jetpack_sharing_enabled":true,"_links":{"self":[{"href":"https:\/\/lasprimeras.com.do\/index.php\/wp-json\/wp\/v2\/posts\/84563","targetHints":{"allow":["GET"]}}],"collection":[{"href":"https:\/\/lasprimeras.com.do\/index.php\/wp-json\/wp\/v2\/posts"}],"about":[{"href":"https:\/\/lasprimeras.com.do\/index.php\/wp-json\/wp\/v2\/types\/post"}],"author":[{"embeddable":true,"href":"https:\/\/lasprimeras.com.do\/index.php\/wp-json\/wp\/v2\/users\/2"}],"replies":[{"embeddable":true,"href":"https:\/\/lasprimeras.com.do\/index.php\/wp-json\/wp\/v2\/comments?post=84563"}],"version-history":[{"count":1,"href":"https:\/\/lasprimeras.com.do\/index.php\/wp-json\/wp\/v2\/posts\/84563\/revisions"}],"predecessor-version":[{"id":84565,"href":"https:\/\/lasprimeras.com.do\/index.php\/wp-json\/wp\/v2\/posts\/84563\/revisions\/84565"}],"wp:featuredmedia":[{"embeddable":true,"href":"https:\/\/lasprimeras.com.do\/index.php\/wp-json\/wp\/v2\/media\/84564"}],"wp:attachment":[{"href":"https:\/\/lasprimeras.com.do\/index.php\/wp-json\/wp\/v2\/media?parent=84563"}],"wp:term":[{"taxonomy":"category","embeddable":true,"href":"https:\/\/lasprimeras.com.do\/index.php\/wp-json\/wp\/v2\/categories?post=84563"},{"taxonomy":"post_tag","embeddable":true,"href":"https:\/\/lasprimeras.com.do\/index.php\/wp-json\/wp\/v2\/tags?post=84563"}],"curies":[{"name":"wp","href":"https:\/\/api.w.org\/{rel}","templated":true}]}}