{"id":84595,"date":"2024-06-11T10:42:33","date_gmt":"2024-06-11T14:42:33","guid":{"rendered":"https:\/\/lasprimeras.com.do\/?p=84595"},"modified":"2024-06-11T10:42:34","modified_gmt":"2024-06-11T14:42:34","slug":"decano-uasd-anuncia-celebracion-del-78-aniversario-de-la-fundacion-de-la-facultad-de-humanidades","status":"publish","type":"post","link":"https:\/\/lasprimeras.com.do\/index.php\/2024\/06\/11\/decano-uasd-anuncia-celebracion-del-78-aniversario-de-la-fundacion-de-la-facultad-de-humanidades\/","title":{"rendered":"Decano UASD anuncia celebraci\u00f3n del 78 aniversario de la fundaci\u00f3n de la Facultad de Humanidades"},"content":{"rendered":"\n<p>El decano de la Facultad de Humanidades de la Universidad Aut\u00f3noma de Santo Domingo (UASD), Dr. Gerardo Roa Ogando, anunci\u00f3 este martes la celebraci\u00f3n del 78 aniversario de la fundaci\u00f3n de dicha facultad con una serie de actividades conmemorativas, art\u00edsticas y acad\u00e9micas.<\/p>\n\n\n\n<p>\u201cTodas las actividades acad\u00e9micas y culturales realizadas durante el mes de junio en nuestra Facultad, incluyendo la graduaci\u00f3n de los 369 j\u00f3venes de los cursos extracurriculares de la Escuela de Idiomas, est\u00e1n dedicadas al 78 aniversario del natalicio del m\u00e1s grande humanista dominicano, el Dr. Pedro Henr\u00edquez Ure\u00f1a\u201d, sostuvo &nbsp;Roa Ogando.<\/p>\n\n\n\n<p>Manifest\u00f3 que una encuesta que hemos aplicado a estudiantes universitarios indica que m\u00e1s del 95% desconoce qui\u00e9n fue y qu\u00e9 hizo Dr. Pedro Henr\u00edquez Ure\u00f1a para llegar a ser el m\u00e1s grande intelectual dominicano del siglo XX; estos, son datos que colocan a nuestro pa\u00eds en una escala muy baja, en \u00e1mbitos culturales.<\/p>\n\n\n\n<p>\u201cNuestra Facultad lleva su nombre y este hecho nos llena de orgullo. Tambi\u00e9n es el mes del gran maestro del cuento latinoamericano, profesor Juan Bosch\u201d, expres\u00f3 el profesor Gerardo Roa Ogando en su alocuci\u00f3n.<\/p>\n\n\n\n<figure class=\"wp-block-image size-full is-resized\"><img decoding=\"async\" width=\"700\" height=\"467\" src=\"https:\/\/lasprimeras.com.do\/wp-content\/uploads\/2024\/06\/Gerardo-Roa-Ogando-1.jpg\" alt=\"\" class=\"wp-image-84597\" style=\"width:840px;height:auto\" srcset=\"https:\/\/lasprimeras.com.do\/wp-content\/uploads\/2024\/06\/Gerardo-Roa-Ogando-1.jpg 700w, https:\/\/lasprimeras.com.do\/wp-content\/uploads\/2024\/06\/Gerardo-Roa-Ogando-1-300x200.jpg 300w\" sizes=\"(max-width: 700px) 100vw, 700px\" \/><\/figure>\n\n\n\n<p>Los actos de celebraci\u00f3n ser\u00e1n realizados el jueves 27 de junio de 2024. Iniciar\u00e1n frente al busto de don PHU, con una ofrenda floral en su memoria, a las 8:30 AM; despu\u00e9s de lo cual proceder\u00e1n las presentaciones art\u00edsticas a cargo del ballet folcl\u00f3rico y la banda de m\u00fasica de la UASD, las cuales tendr\u00e1n lugar en la explanada de dicha facultad, frente a los murales human\u00edsticos.<\/p>\n\n\n\n<p>La ceremonia acad\u00e9mica iniciar\u00e1 a las 9:25 AM, con la conferencia magistral Pedro Henr\u00edquez Ure\u00f1a y la Revoluci\u00f3n Mexicana, a cargo del Diplom\u00e1tico e Historiador, Dr. Fernando P\u00e9rez Mem\u00e9n, Profesor Em\u00e9rito de la UASD.<\/p>\n\n\n\n<p>A las 9:50AM, el Dr. Jos\u00e9 Alejandro Rodr\u00edguez disertar\u00e1 sobre Pensamiento Cr\u00edtico y retos de la inteligencia artificial y concluir\u00e1 el Dr. Gerardo Roa Ogando, con el tema: Utop\u00eda de Am\u00e9rica de Pedro Henr\u00edquez Ure\u00f1a.<\/p>\n\n\n\n<p>Las tres conferencias ser\u00e1n disertadas en el Paraninfo, Dr. Avelino Garc\u00eda, y tambi\u00e9n all\u00ed, a partir de las 10: 40 AM, ser\u00e1n reconocidos los profesores del a\u00f1o de la Facultad de Humanidades, as\u00ed como aquellos que cuentan m\u00e1s de treinta y cinco a\u00f1os de ejercicios docentes, los que han publicado libros&nbsp; y a qui\u00e9nes han alcanzado el nivel de doctorado durante el \u00faltimo a\u00f1o acad\u00e9mico.<\/p>\n\n\n\n<p>Las actividades continuar\u00e1n al d\u00eda siguiente, a las 10: AM, con una ofrenda floral en honor a Rosa Duarte, en la Plazoleta Mujeres de la Patria, de la Facultad de Humanidades, UASD.<\/p>\n\n\n\n<p>Est\u00e1n invitados todos los acad\u00e9micos y estudiantes de la Universidad y del pa\u00eds, en sentido general.<\/p>\n","protected":false},"excerpt":{"rendered":"<p>El decano de la Facultad de Humanidades de la Universidad Aut\u00f3noma de Santo Domingo (UASD), Dr. Gerardo Roa Ogando, anunci\u00f3 este martes la celebraci\u00f3n del 78 aniversario de la fundaci\u00f3n&hellip;<\/p>\n","protected":false},"author":2,"featured_media":84596,"comment_status":"open","ping_status":"open","sticky":false,"template":"","format":"standard","meta":{"content-type":"","jetpack_post_was_ever_published":false,"_jetpack_newsletter_access":"","_jetpack_dont_email_post_to_subs":false,"_jetpack_newsletter_tier_id":0,"_jetpack_memberships_contains_paywalled_content":false,"_jetpack_memberships_contains_paid_content":false,"footnotes":""},"categories":[35,25],"tags":[13513,1326,13512,13514,3461,13515,1765],"class_list":["post-84595","post","type-post","status-publish","format-standard","has-post-thumbnail","hentry","category-nacionales","category-portada","tag-78-aniversario","tag-celebracion","tag-decano","tag-facultad","tag-fundacion","tag-humanidades","tag-uasd"],"jetpack_featured_media_url":"https:\/\/lasprimeras.com.do\/wp-content\/uploads\/2024\/06\/Gerardo-Roa-Ogando-2.jpg","jetpack-related-posts":[{"id":84051,"url":"https:\/\/lasprimeras.com.do\/index.php\/2024\/05\/30\/lanzan-segundo-numero-del-periodico-universitario-academicos-en-marcha\/","url_meta":{"origin":84595,"position":0},"title":"Lanzan segundo n\u00famero del peri\u00f3dico universitario \u201cAcad\u00e9micos en Marcha\u201d","author":"Nelson Feliz","date":"30 de mayo de 2024","format":false,"excerpt":"El Movimiento Universitario Acad\u00e9micos en Marcha puso en circulaci\u00f3n una nueva edici\u00f3n del peri\u00f3dico \u201cEn Marcha\u201d, \u00f3rgano de difusi\u00f3n de las ideas y actividades acad\u00e9micas de dicho movimiento. En un acto que cont\u00f3 con la presencia de decenas de universitarios, el Dr. Gerardo Roa Ogando expres\u00f3 sentirse muy agradecido de\u2026","rel":"","context":"En \u00abNACIONALES\u00bb","block_context":{"text":"NACIONALES","link":"https:\/\/lasprimeras.com.do\/index.php\/category\/nacionales\/"},"img":{"alt_text":"UASD Periodico","src":"https:\/\/i0.wp.com\/lasprimeras.com.do\/wp-content\/uploads\/2024\/05\/UASD-Periodico.jpg?resize=350%2C200&ssl=1","width":350,"height":200,"srcset":"https:\/\/i0.wp.com\/lasprimeras.com.do\/wp-content\/uploads\/2024\/05\/UASD-Periodico.jpg?resize=350%2C200&ssl=1 1x, https:\/\/i0.wp.com\/lasprimeras.com.do\/wp-content\/uploads\/2024\/05\/UASD-Periodico.jpg?resize=525%2C300&ssl=1 1.5x, https:\/\/i0.wp.com\/lasprimeras.com.do\/wp-content\/uploads\/2024\/05\/UASD-Periodico.jpg?resize=700%2C400&ssl=1 2x"},"classes":[]},{"id":75312,"url":"https:\/\/lasprimeras.com.do\/index.php\/2024\/01\/31\/generatio-nova-anuncia-su-candidato-al-decanato-de-la-facultad-de-humanidades-de-la-uasd\/","url_meta":{"origin":84595,"position":1},"title":"Generatio Nova anuncia su candidato al decanato de la Facultad de Humanidades de la UASD","author":"BIMARY DE JES\u00daS Matos","date":"31 de enero de 2024","format":false,"excerpt":"Santo Domingo.-Generatio Nova Univ\u00e9rsitas realiz\u00f3 este domingo 21 de enero su encuentro anual. En esta ocasi\u00f3n, se utiliz\u00f3 como sede el paraninfo Andr\u00e9s Avelino de la Facultad de Humanidades de la Universidad Aut\u00f3noma de Santo Domingo (UASD) y cont\u00f3 con una nutrida cantidad de su matr\u00edcula y de invitados especiales,\u2026","rel":"","context":"En \u00abPORTADA\u00bb","block_context":{"text":"PORTADA","link":"https:\/\/lasprimeras.com.do\/index.php\/category\/portada\/"},"img":{"alt_text":"","src":"https:\/\/i0.wp.com\/lasprimeras.com.do\/wp-content\/uploads\/2024\/01\/1-millon-de-jovenes-votaran-en-las-elecciones-municipales-3-1.jpg?resize=350%2C200&ssl=1","width":350,"height":200,"srcset":"https:\/\/i0.wp.com\/lasprimeras.com.do\/wp-content\/uploads\/2024\/01\/1-millon-de-jovenes-votaran-en-las-elecciones-municipales-3-1.jpg?resize=350%2C200&ssl=1 1x, https:\/\/i0.wp.com\/lasprimeras.com.do\/wp-content\/uploads\/2024\/01\/1-millon-de-jovenes-votaran-en-las-elecciones-municipales-3-1.jpg?resize=525%2C300&ssl=1 1.5x"},"classes":[]},{"id":65524,"url":"https:\/\/lasprimeras.com.do\/index.php\/2023\/10\/28\/uasd-inviste-3547-nuevos-profesionales-durante-celebracion-del-485-aniversario-de-su-fundacion\/","url_meta":{"origin":84595,"position":2},"title":"UASD inviste 3,547 nuevos profesionales durante celebraci\u00f3n del 485 aniversario de su fundaci\u00f3n","author":"Nelson Feliz","date":"28 de octubre de 2023","format":false,"excerpt":"\u201cEl rector de la Academia, maestro Editrudis Beltr\u00e1n Cris\u00f3stomo, destaca el proceso transformador de la instituci\u00f3n\u201d. La Universidad Aut\u00f3noma de Santo Domingo (UASD) invisti\u00f3 a 3 mil 547 profesionales en el nivel de grado, pertenecientes a distintas \u00e1reas del saber, durante una ceremonia enmarcada dentro de la celebraci\u00f3n este 28\u2026","rel":"","context":"En \u00abNACIONALES\u00bb","block_context":{"text":"NACIONALES","link":"https:\/\/lasprimeras.com.do\/index.php\/category\/nacionales\/"},"img":{"alt_text":"Editrudis Beltr\u00e1n Cris\u00f3stomo","src":"https:\/\/i0.wp.com\/lasprimeras.com.do\/wp-content\/uploads\/2023\/10\/Editrudis-Beltran-Crisostomo-1.jpg?resize=350%2C200&ssl=1","width":350,"height":200,"srcset":"https:\/\/i0.wp.com\/lasprimeras.com.do\/wp-content\/uploads\/2023\/10\/Editrudis-Beltran-Crisostomo-1.jpg?resize=350%2C200&ssl=1 1x, https:\/\/i0.wp.com\/lasprimeras.com.do\/wp-content\/uploads\/2023\/10\/Editrudis-Beltran-Crisostomo-1.jpg?resize=525%2C300&ssl=1 1.5x, https:\/\/i0.wp.com\/lasprimeras.com.do\/wp-content\/uploads\/2023\/10\/Editrudis-Beltran-Crisostomo-1.jpg?resize=700%2C400&ssl=1 2x"},"classes":[]},{"id":86064,"url":"https:\/\/lasprimeras.com.do\/index.php\/2024\/07\/16\/facultad-de-artes-de-la-uasd-presenta-nuevas-ofertas-de-postgrado\/","url_meta":{"origin":84595,"position":3},"title":"Facultad de Artes de la UASD presenta nuevas ofertas de postgrado","author":"Nelson Feliz","date":"16 de julio de 2024","format":false,"excerpt":"La Universidad Aut\u00f3noma de Santo Domingo (UASD) y su Facultad de Artes anunciaron el lanzamiento del Instituto de Investigaci\u00f3n de las Artes (INARTES) y presentaron sus nuevas ofertas de postgrado durante un acto que reuni\u00f3 a destacados acad\u00e9micos, estudiantes e investigadores interesados en las artes y la investigaci\u00f3n cultural en\u2026","rel":"","context":"En \u00abNACIONALES\u00bb","block_context":{"text":"NACIONALES","link":"https:\/\/lasprimeras.com.do\/index.php\/category\/nacionales\/"},"img":{"alt_text":"","src":"https:\/\/i0.wp.com\/lasprimeras.com.do\/wp-content\/uploads\/2024\/07\/uasd.jpg?resize=350%2C200&ssl=1","width":350,"height":200,"srcset":"https:\/\/i0.wp.com\/lasprimeras.com.do\/wp-content\/uploads\/2024\/07\/uasd.jpg?resize=350%2C200&ssl=1 1x, https:\/\/i0.wp.com\/lasprimeras.com.do\/wp-content\/uploads\/2024\/07\/uasd.jpg?resize=525%2C300&ssl=1 1.5x, https:\/\/i0.wp.com\/lasprimeras.com.do\/wp-content\/uploads\/2024\/07\/uasd.jpg?resize=700%2C400&ssl=1 2x"},"classes":[]},{"id":82466,"url":"https:\/\/lasprimeras.com.do\/index.php\/2024\/05\/03\/uasd-y-banreservas-anuncian-remozamiento-del-polideportivo-tony-barreiro\/","url_meta":{"origin":84595,"position":4},"title":"UASD y Banreservas anuncian remozamiento del polideportivo Tony Barreiro","author":"BIMARY DE JES\u00daS Matos","date":"3 de mayo de 2024","format":false,"excerpt":"Santo Domingo, Distrito Nacional: El rector de la Universidad Aut\u00f3noma de Santo Domingo (UASD), Editrudis Beltr\u00e1n Cris\u00f3stomo, y el administrador general del Banco de Reservas, licenciado Samuel Pereyra, anunciaron la remodelaci\u00f3n y modernizaci\u00f3n del polideportivo Tony Barreiro de la academia del Estado. Beltr\u00e1n Cris\u00f3stomo se\u00f1al\u00f3 que Pereyra, junto al presidente\u2026","rel":"","context":"En \u00abECONOM\u00cdA\u00bb","block_context":{"text":"ECONOM\u00cdA","link":"https:\/\/lasprimeras.com.do\/index.php\/category\/economia\/"},"img":{"alt_text":"","src":"https:\/\/i0.wp.com\/lasprimeras.com.do\/wp-content\/uploads\/2024\/05\/WhatsApp-Image-2024-05-03-at-5.09.27-PM.jpeg?resize=350%2C200&ssl=1","width":350,"height":200,"srcset":"https:\/\/i0.wp.com\/lasprimeras.com.do\/wp-content\/uploads\/2024\/05\/WhatsApp-Image-2024-05-03-at-5.09.27-PM.jpeg?resize=350%2C200&ssl=1 1x, https:\/\/i0.wp.com\/lasprimeras.com.do\/wp-content\/uploads\/2024\/05\/WhatsApp-Image-2024-05-03-at-5.09.27-PM.jpeg?resize=525%2C300&ssl=1 1.5x, https:\/\/i0.wp.com\/lasprimeras.com.do\/wp-content\/uploads\/2024\/05\/WhatsApp-Image-2024-05-03-at-5.09.27-PM.jpeg?resize=700%2C400&ssl=1 2x, https:\/\/i0.wp.com\/lasprimeras.com.do\/wp-content\/uploads\/2024\/05\/WhatsApp-Image-2024-05-03-at-5.09.27-PM.jpeg?resize=1050%2C600&ssl=1 3x, https:\/\/i0.wp.com\/lasprimeras.com.do\/wp-content\/uploads\/2024\/05\/WhatsApp-Image-2024-05-03-at-5.09.27-PM.jpeg?resize=1400%2C800&ssl=1 4x"},"classes":[]},{"id":90334,"url":"https:\/\/lasprimeras.com.do\/index.php\/2024\/10\/19\/conacerd-y-empresarios-celebran-su-15-aniversario\/","url_meta":{"origin":84595,"position":5},"title":"Conacerd y Empresarios celebran su 15 aniversario","author":"Nelson Feliz","date":"19 de octubre de 2024","format":false,"excerpt":"El Consejo Nacional de Comerciantes y Empresarios de la Rep\u00fablica Dominicana (Conacerd) celebr\u00f3 su 15 aniversario y jurament\u00f3 a Carlos Marcial F\u00e9lix P\u00e9rez como su nuevo presidente. El acto se realiz\u00f3 en el Paraninfo de Ciencias Econ\u00f3micas de la UASD. F\u00e9lix P\u00e9rez sustituye en el cargo a Antonio Cruz Rojas\u2026","rel":"","context":"En \u00abECONOM\u00cdA\u00bb","block_context":{"text":"ECONOM\u00cdA","link":"https:\/\/lasprimeras.com.do\/index.php\/category\/economia\/"},"img":{"alt_text":"","src":"https:\/\/i0.wp.com\/lasprimeras.com.do\/wp-content\/uploads\/2024\/10\/Giselio-Taveras-Nancy-Arias-Ariel-Contreras-y-Javier-Blanco.jpeg?resize=350%2C200&ssl=1","width":350,"height":200,"srcset":"https:\/\/i0.wp.com\/lasprimeras.com.do\/wp-content\/uploads\/2024\/10\/Giselio-Taveras-Nancy-Arias-Ariel-Contreras-y-Javier-Blanco.jpeg?resize=350%2C200&ssl=1 1x, https:\/\/i0.wp.com\/lasprimeras.com.do\/wp-content\/uploads\/2024\/10\/Giselio-Taveras-Nancy-Arias-Ariel-Contreras-y-Javier-Blanco.jpeg?resize=525%2C300&ssl=1 1.5x, https:\/\/i0.wp.com\/lasprimeras.com.do\/wp-content\/uploads\/2024\/10\/Giselio-Taveras-Nancy-Arias-Ariel-Contreras-y-Javier-Blanco.jpeg?resize=700%2C400&ssl=1 2x"},"classes":[]}],"jetpack_sharing_enabled":true,"_links":{"self":[{"href":"https:\/\/lasprimeras.com.do\/index.php\/wp-json\/wp\/v2\/posts\/84595","targetHints":{"allow":["GET"]}}],"collection":[{"href":"https:\/\/lasprimeras.com.do\/index.php\/wp-json\/wp\/v2\/posts"}],"about":[{"href":"https:\/\/lasprimeras.com.do\/index.php\/wp-json\/wp\/v2\/types\/post"}],"author":[{"embeddable":true,"href":"https:\/\/lasprimeras.com.do\/index.php\/wp-json\/wp\/v2\/users\/2"}],"replies":[{"embeddable":true,"href":"https:\/\/lasprimeras.com.do\/index.php\/wp-json\/wp\/v2\/comments?post=84595"}],"version-history":[{"count":1,"href":"https:\/\/lasprimeras.com.do\/index.php\/wp-json\/wp\/v2\/posts\/84595\/revisions"}],"predecessor-version":[{"id":84598,"href":"https:\/\/lasprimeras.com.do\/index.php\/wp-json\/wp\/v2\/posts\/84595\/revisions\/84598"}],"wp:featuredmedia":[{"embeddable":true,"href":"https:\/\/lasprimeras.com.do\/index.php\/wp-json\/wp\/v2\/media\/84596"}],"wp:attachment":[{"href":"https:\/\/lasprimeras.com.do\/index.php\/wp-json\/wp\/v2\/media?parent=84595"}],"wp:term":[{"taxonomy":"category","embeddable":true,"href":"https:\/\/lasprimeras.com.do\/index.php\/wp-json\/wp\/v2\/categories?post=84595"},{"taxonomy":"post_tag","embeddable":true,"href":"https:\/\/lasprimeras.com.do\/index.php\/wp-json\/wp\/v2\/tags?post=84595"}],"curies":[{"name":"wp","href":"https:\/\/api.w.org\/{rel}","templated":true}]}}